{"id":26167,"date":"2018-09-04T23:35:40","date_gmt":"2018-09-05T04:35:40","guid":{"rendered":"http:\/\/www.grieta.org.mx\/?p=26167"},"modified":"2018-09-05T00:29:43","modified_gmt":"2018-09-05T05:29:43","slug":"complicidad-de-autoridades-de-la-unam-en-ataque-porril-provoca-paros-y-movilizacion-estudiantil-cdmx","status":"publish","type":"post","link":"http:\/\/www.grieta.org.mx\/index.php\/2018\/09\/04\/complicidad-de-autoridades-de-la-unam-en-ataque-porril-provoca-paros-y-movilizacion-estudiantil-cdmx\/","title":{"rendered":"Complicidad de autoridades de la UNAM en ataque porril provoca paros y movilizaci\u00f3n estudiantil (CDMX)"},"content":{"rendered":"<p><img loading=\"lazy\" decoding=\"async\" data-attachment-id=\"26169\" data-permalink=\"http:\/\/www.grieta.org.mx\/index.php\/2018\/09\/04\/complicidad-de-autoridades-de-la-unam-en-ataque-porril-provoca-paros-y-movilizacion-estudiantil-cdmx\/diego-uriarte\/\" data-orig-file=\"http:\/\/www.grieta.org.mx\/wp-content\/uploads\/2018\/09\/diego-uriarte.jpg\" data-orig-size=\"960,596\" data-comments-opened=\"0\" data-image-meta=\"{&quot;aperture&quot;:&quot;0&quot;,&quot;credit&quot;:&quot;DIEGO OMAR URIARTE QUEZADA&quot;,&quot;camera&quot;:&quot;&quot;,&quot;caption&quot;:&quot;&quot;,&quot;created_timestamp&quot;:&quot;0&quot;,&quot;copyright&quot;:&quot;&quot;,&quot;focal_length&quot;:&quot;0&quot;,&quot;iso&quot;:&quot;0&quot;,&quot;shutter_speed&quot;:&quot;0&quot;,&quot;title&quot;:&quot;&quot;,&quot;orientation&quot;:&quot;0&quot;}\" data-image-title=\"diego-uriarte\" data-image-description=\"\" data-image-caption=\"\" data-medium-file=\"http:\/\/www.grieta.org.mx\/wp-content\/uploads\/2018\/09\/diego-uriarte-300x186.jpg\" data-large-file=\"http:\/\/www.grieta.org.mx\/wp-content\/uploads\/2018\/09\/diego-uriarte.jpg\" class=\"aligncenter size-full wp-image-26169\" src=\"http:\/\/www.grieta.org.mx\/wp-content\/uploads\/2018\/09\/diego-uriarte.jpg\" alt=\"\" width=\"960\" height=\"596\" srcset=\"http:\/\/www.grieta.org.mx\/wp-content\/uploads\/2018\/09\/diego-uriarte.jpg 960w, http:\/\/www.grieta.org.mx\/wp-content\/uploads\/2018\/09\/diego-uriarte-300x186.jpg 300w, http:\/\/www.grieta.org.mx\/wp-content\/uploads\/2018\/09\/diego-uriarte-768x477.jpg 768w, http:\/\/www.grieta.org.mx\/wp-content\/uploads\/2018\/09\/diego-uriarte-805x500.jpg 805w\" sizes=\"auto, (max-width: 960px) 100vw, 960px\" \/><\/p>\n<p>Ciudad de M\u00e9xico,04,09, 2018.- El d\u00eda de ayer por la tarde, catorce estudiantes que participaban en una manifestaci\u00f3n pacifica fueron agredidos por porros de la Universidad Nacional Aut\u00f3noma de M\u00e9xico; de acuerdo a la Secretaria de Seguridad P\u00fablica de la Ciudad de M\u00e9xico, cuatro de estas personas fueron apu\u00f1aladas y una de ellas se le arranco parcialmente parte de la oreja; las otras personas presentaron lesiones pero ninguna que ameritara hospitalizaci\u00f3n. Los porros son grupos de choque que buscan inhibir la participaci\u00f3n pol\u00edtica de la comunidad estudiantil de la UNAM y de las Escuelas Publicas, patrocinados por partidos pol\u00edticos, autoridades universitarias que sirven principalmente al gobierno en curso.<\/p>\n<p>Los ataques fueron realizados al llegar a Rectoria en el contexto de la marcha que parti\u00f3 del MetroBus la Bombilla a Ciudad Universitaria, en Apoyo al pliego petitorio de las y los alumnos del Colegio de Ciencias y Humanidades Plantel Azcapotzalco que se encuentra en paro desde hace dos semanas, el Repudio al terrible feminicidio de Miranda Mendoza estudiante del CCH Oriente quien fuera secuestrada al salir de la Escuela, para despu\u00e9s ser encontrada en una carretera en el Estado de M\u00e9xico calcinada, Ademas de la violaci\u00f3n en v\u00eda publica que vivi\u00f3 Amelia, la estudiante de FES Acatl\u00e1n, que tuvo que pasar por un proceso de impunidad y violencia para realizar su denuncia ante la Procuradur\u00eda General de Justicia PGJ.<\/p>\n<p>Las y los estudiantes del CCH Azcapotzalco convocaron a una movilizaci\u00f3n el d\u00eda de ayer tres de Septiembre del 2018, frente a la rector\u00eda en Ciudad Universitaria, junto con familiares y estudiantes de los diversos planteles de los Colegios de Ciencias y Humanidades, Facultades, y Escuelas Superiores, moviliz\u00e1ndose pac\u00edficamente sobre la avenida Insurgentes con direcci\u00f3n a Rector\u00eda para manifestar su inconformidad frente a la ineficacia y omisi\u00f3n de las autoridades administrativas del plantel debido a los \u00faltimos hechos del mes de agosto.<\/p>\n<p>Las movilizaciones y los paros continuaron tras la toma de decisiones desde la direcci\u00f3n de ese plantel, a la renuncia de la Directora Mar\u00eda Guadalupe Patricia M\u00e1rquez C\u00e1rdenas y una una serie de acciones que no inclu\u00edan a las y los estudiantes, se recurri\u00f3 a un paro indefinido, que ha durado dos semanas, estas respuestas parciales a las problem\u00e1ticas reales del plantel fueron tomadas por la asamblea estudiantil como una respuesta ineficaz hacia la comunidad.<\/p>\n<p>En redes sociales se continu\u00f3 evidenciando la complicidad de las autoridades de la UNAM sobre todo por la evidente participaci\u00f3n de Te\u00f3filo Licona \u201cel cobra\u201d quien durante d\u00e9cadas ha sido el jefe de \u201cseguridad\u201d de Auxilio UNAM; de acuerdo a varios se\u00f1alamientos de ex estudiantes y estudiantes est\u00e1 al frente de la polic\u00eda pol\u00edtica de la M\u00e1xima casa de estudios. Se le Acusa de haber orquestado acciones represivas contra las luchas estudiantiles. En varias fotos difundidas en redes sociales se aprecia que interact\u00faa con los porros en el momento del ataque de hoy.<\/p>\n<p><iframe loading=\"lazy\" style=\"border: none; overflow: hidden;\" src=\"https:\/\/www.facebook.com\/plugins\/post.php?href=https%3A%2F%2Fwww.facebook.com%2Fram.vg.1%2Fposts%2F1661606697282793&amp;width=500\" width=\"500\" height=\"764\" frameborder=\"0\" scrolling=\"no\"><\/iframe><\/p>\n<p>\u00bfQue exigen las y los estudiantes?<br \/>\n1.- El esclarecimiento del presupuesto escolar, ante la sospecha de desv\u00edo de recursos.<br \/>\n2.- La restauraci\u00f3n del mural del colegio y otorgamiento de permisos a los alumnos para que creen nuevos murales.<br \/>\n3. Castigo a profesores y administrativos abusivos y deficientes.<br \/>\n4.- El esclarecimiento de la exigencia de cuotas de inscripci\u00f3n a alumnos de todos los grados escolares.<br \/>\n5.- Que haya suficientes maestros y grupos puesto que los salones est\u00e1n saturados.<br \/>\n6.- Se garantice la asignaci\u00f3n de matr\u00edcula para los cursos proped\u00e9uticos, sabatinos y de \u00faltimos esfuerzos, as\u00ed como recursamientos.<br \/>\n7.- Que se eliminen y expulsen de la universidad los grupos porriles.<\/p>\n<p>Escuelas y facultades en Paro: Facultad de Filosof\u00eda Y letras, Facultad de Ciencias Pol\u00edticas y Sociales, Facultad de Psicologia, Prepa 5, CCH Oriente, CCH Azcapotzalco.<\/p>\n<p><a href=\"http:\/\/radiozapote.org\/2018\/09\/04\/complicidad-de-autoridades-de-la-unam-en-ataque-porril-provoca-paros-y-movilizacion-estudiantil\/\">http:\/\/radiozapote.org\/2018\/09\/04\/complicidad-de-autoridades-de-la-unam-en-ataque-porril-provoca-paros-y-movilizacion-estudiantil\/<\/a><\/p>\n","protected":false},"excerpt":{"rendered":"<p>Ciudad de M\u00e9xico,04,09, 2018.- El d\u00eda de ayer por la tarde, catorce estudiantes que participaban en una manifestaci\u00f3n pacifica fueron agredidos por porros de la Universidad Nacional Aut\u00f3noma de M\u00e9xico; &hellip; <a href=\"http:\/\/www.grieta.org.mx\/index.php\/2018\/09\/04\/complicidad-de-autoridades-de-la-unam-en-ataque-porril-provoca-paros-y-movilizacion-estudiantil-cdmx\/\" class=\"more-link\">Leer m\u00e1s<\/a><\/p>\n","protected":false},"author":2,"featured_media":26169,"comment_status":"closed","ping_status":"closed","sticky":false,"template":"","format":"standard","meta":{"ngg_post_thumbnail":0,"_jetpack_newsletter_access":"","_jetpack_dont_email_post_to_subs":false,"_jetpack_newsletter_tier_id":0,"_jetpack_memberships_contains_paywalled_content":false,"_jetpack_memberships_contains_paid_content":false,"footnotes":""},"categories":[80,14,1670,2,1699],"tags":[1696,238,1695,180],"class_list":["post-26167","post","type-post","status-publish","format-standard","has-post-thumbnail","hentry","category-cintillo","category-ciudad-de-mexico","category-movilizaciones-y-protestas-de-estudiantes-de-la-ciudad-de-mexico","category-noticias-nacionales","category-represion-a-estudiantes-en-la-ciudad-de-mexico","tag-cch","tag-estudiantes","tag-porros","tag-protesta","entry"],"jetpack_featured_media_url":"http:\/\/www.grieta.org.mx\/wp-content\/uploads\/2018\/09\/diego-uriarte.jpg","jetpack_sharing_enabled":true,"jetpack_shortlink":"https:\/\/wp.me\/p7ZJR4-6O3","jetpack_likes_enabled":false,"jetpack-related-posts":[{"id":40137,"url":"http:\/\/www.grieta.org.mx\/index.php\/2019\/10\/11\/alumnos-de-la-unam-marchan-contra-violencia-de-genero-y-porros-ciudad-de-mexico\/","url_meta":{"origin":26167,"position":0},"title":"Alumnos de la UNAM marchan contra violencia de g\u00e9nero y porros (Ciudad de M\u00e9xico)","author":"grieta","date":"11 octubre, 2019","format":false,"excerpt":"El Heraldo de M\u00e9xico La movilizaci\u00f3n de estudiantes recorri\u00f3 algunas de las facultades de la Universidad Nacional, para posteriormente desplazarse sobre avenida Insurgentes Sur Estudiantes de la Facultad de Ciencias Pol\u00edticas y Sociales de la Universidad Nacional Aut\u00f3noma de M\u00e9xico (UNAM) realizaron este viernes una marcha en contra de la\u2026","rel":"","context":"En &quot;CINTILLO&quot;","block_context":{"text":"CINTILLO","link":"http:\/\/www.grieta.org.mx\/index.php\/category\/cintillo\/"},"img":{"alt_text":"","src":"https:\/\/i0.wp.com\/www.grieta.org.mx\/wp-content\/uploads\/2019\/10\/Alumnos-de-la-UNAM-marchan-contra-violencia-de-g%C3%A9nero-y-porros-oct-cdmx.jpg?resize=350%2C200","width":350,"height":200,"srcset":"https:\/\/i0.wp.com\/www.grieta.org.mx\/wp-content\/uploads\/2019\/10\/Alumnos-de-la-UNAM-marchan-contra-violencia-de-g%C3%A9nero-y-porros-oct-cdmx.jpg?resize=350%2C200 1x, https:\/\/i0.wp.com\/www.grieta.org.mx\/wp-content\/uploads\/2019\/10\/Alumnos-de-la-UNAM-marchan-contra-violencia-de-g%C3%A9nero-y-porros-oct-cdmx.jpg?resize=525%2C300 1.5x"},"classes":[]},{"id":26237,"url":"http:\/\/www.grieta.org.mx\/index.php\/2018\/09\/06\/se-movilizan-miles-en-solidaridad-con-los-estudiantes-del-cch-azcapotzalco-y-contra-la-violencia-generalizada-dentro-de-la-unam\/","url_meta":{"origin":26167,"position":1},"title":"Se movilizan miles en solidaridad con los estudiantes del CCH Azcapotzalco y contra la violencia generalizada dentro de la UNAM","author":"grieta","date":"6 septiembre, 2018","format":false,"excerpt":"COLECTIVO GRIETA El 5 de septiembre marcharon dentro del campus de Ciudad Universitaria miles de estudiantes para demandar la desaparici\u00f3n de los cuerpos porriles que operan al interior de la universidad. Esta marcha se suma a un paro generalizado en 39 escuelas y facultades de la UNAM y en otras\u2026","rel":"","context":"En &quot;CINTILLO&quot;","block_context":{"text":"CINTILLO","link":"http:\/\/www.grieta.org.mx\/index.php\/category\/cintillo\/"},"img":{"alt_text":"","src":"https:\/\/i0.wp.com\/www.grieta.org.mx\/wp-content\/uploads\/2018\/09\/MARCHA-11.jpg?resize=350%2C200","width":350,"height":200},"classes":[]},{"id":26429,"url":"http:\/\/www.grieta.org.mx\/index.php\/2018\/09\/13\/estudiantes-de-universidad-de-sonora-lanzan-video-en-apoyo-a-movimiento-unam\/","url_meta":{"origin":26167,"position":2},"title":"Estudiantes de Universidad de Sonora lanzan video en apoyo a movimiento UNAM","author":"grieta","date":"13 septiembre, 2018","format":false,"excerpt":"La Silla Rota\/ e-Consulta Hermosillo, Sonora.- En apoyo a estudiantes de la Universidad Nacional Aut\u00f3noma de M\u00e9xico (UNAM) agredidos por un grupo de \"porros\" cuando protestaban para exigir la presentaci\u00f3n de maestros en la instituci\u00f3n, alumnos de distintas universidades de Sonora enviaron su solidaridad a trav\u00e9s de un video circulado\u2026","rel":"","context":"En &quot;CINTILLO&quot;","block_context":{"text":"CINTILLO","link":"http:\/\/www.grieta.org.mx\/index.php\/category\/cintillo\/"},"img":{"alt_text":"","src":"https:\/\/i0.wp.com\/www.grieta.org.mx\/wp-content\/uploads\/2018\/09\/unisonunam-focus-0.04-0.23-480-345.jpg?resize=350%2C200","width":350,"height":200},"classes":[]},{"id":52062,"url":"http:\/\/www.grieta.org.mx\/index.php\/2020\/07\/22\/estudiantes-de-la-prepa-3-de-la-unam-levantan-paro-luego-de-6-meses-y-entregan-las-instalaciones-ciudad-de-mexico\/","url_meta":{"origin":26167,"position":3},"title":"Estudiantes de la Prepa 3 de la UNAM levantan paro luego de 6 meses y entregan las instalaciones (Ciudad de M\u00e9xico)","author":"grieta","date":"22 julio, 2020","format":false,"excerpt":"Estudiantes de la Escuela Nacional Preparatoria 3 \"Justo Sierra\" de la UNAM. Foto: Armando Monroy, Cuartoscuro. Sin Embargo Las exigencias de las y los estudiantes fueron la mejora en el servicio m\u00e9dico, denunciaron el cobro de calificaciones por parte de los profesores y el acoso sexual. Ciudad de M\u00e9xico, 22\u2026","rel":"","context":"En &quot;CINTILLO&quot;","block_context":{"text":"CINTILLO","link":"http:\/\/www.grieta.org.mx\/index.php\/category\/cintillo\/"},"img":{"alt_text":"","src":"https:\/\/i0.wp.com\/www.grieta.org.mx\/wp-content\/uploads\/2020\/07\/Estudiantes-de-la-Prepa-3-de-la-UNAM-levantan-paro-luego-de-6-meses-y-entregan-las-instalaciones-cdmx-jul.jpg?resize=350%2C200","width":350,"height":200,"srcset":"https:\/\/i0.wp.com\/www.grieta.org.mx\/wp-content\/uploads\/2020\/07\/Estudiantes-de-la-Prepa-3-de-la-UNAM-levantan-paro-luego-de-6-meses-y-entregan-las-instalaciones-cdmx-jul.jpg?resize=350%2C200 1x, https:\/\/i0.wp.com\/www.grieta.org.mx\/wp-content\/uploads\/2020\/07\/Estudiantes-de-la-Prepa-3-de-la-UNAM-levantan-paro-luego-de-6-meses-y-entregan-las-instalaciones-cdmx-jul.jpg?resize=525%2C300 1.5x, https:\/\/i0.wp.com\/www.grieta.org.mx\/wp-content\/uploads\/2020\/07\/Estudiantes-de-la-Prepa-3-de-la-UNAM-levantan-paro-luego-de-6-meses-y-entregan-las-instalaciones-cdmx-jul.jpg?resize=700%2C400 2x, https:\/\/i0.wp.com\/www.grieta.org.mx\/wp-content\/uploads\/2020\/07\/Estudiantes-de-la-Prepa-3-de-la-UNAM-levantan-paro-luego-de-6-meses-y-entregan-las-instalaciones-cdmx-jul.jpg?resize=1050%2C600 3x"},"classes":[]},{"id":43673,"url":"http:\/\/www.grieta.org.mx\/index.php\/2020\/01\/27\/detienen-de-forma-arbitraria-a-activista-feminista-por-mediar-conflicto-en-prepa-9-de-la-unam-ciudad-de-mexico\/","url_meta":{"origin":26167,"position":4},"title":"Detienen de forma arbitraria a activista feminista por mediar conflicto en prepa 9 de la UNAM (Ciudad de M\u00e9xico)","author":"grieta","date":"27 enero, 2020","format":false,"excerpt":"FOTO: ROGELIO MORALES\/CUARTOSCURO.COM Daniel Moncada \/ Diario Basta Elementos de la Secretar\u00eda de Seguridad Ciudadana de la capital, detuvieron de manera arbitraria, a la activista feminista Rosa Salazar, despu\u00e9s de que logr\u00f3 evitar que las agresiones que sufrieron activistas en la Escuela Nacional Preparatoria 9 Pedro de Alba, por parte\u2026","rel":"","context":"En &quot;Abuso policiaco y tortura en la Ciudad de M\u00e9xico&quot;","block_context":{"text":"Abuso policiaco y tortura en la Ciudad de M\u00e9xico","link":"http:\/\/www.grieta.org.mx\/index.php\/category\/noticias-nacionales\/ciudad-de-mexico\/abuso-policiaco-y-tortura-en-la-ciudad-de-mexico\/"},"img":{"alt_text":"","src":"https:\/\/i0.wp.com\/www.grieta.org.mx\/wp-content\/uploads\/2020\/01\/Detienen-de-forma-arbitraria-a-activista-feminista-por-mediar-conflicto-en-prepa-9-de-la-UNAM-cdmx-ene.jpeg?resize=350%2C200","width":350,"height":200,"srcset":"https:\/\/i0.wp.com\/www.grieta.org.mx\/wp-content\/uploads\/2020\/01\/Detienen-de-forma-arbitraria-a-activista-feminista-por-mediar-conflicto-en-prepa-9-de-la-UNAM-cdmx-ene.jpeg?resize=350%2C200 1x, https:\/\/i0.wp.com\/www.grieta.org.mx\/wp-content\/uploads\/2020\/01\/Detienen-de-forma-arbitraria-a-activista-feminista-por-mediar-conflicto-en-prepa-9-de-la-UNAM-cdmx-ene.jpeg?resize=525%2C300 1.5x"},"classes":[]},{"id":43990,"url":"http:\/\/www.grieta.org.mx\/index.php\/2020\/02\/06\/alumnos-de-la-prepa-4-de-la-unam-se-van-a-paro-de-48-horas-ciudad-de-mexico\/","url_meta":{"origin":26167,"position":5},"title":"Alumnos de la Prepa 4 de la UNAM se van a paro de 48 horas (Ciudad de M\u00e9xico)","author":"grieta","date":"6 febrero, 2020","format":false,"excerpt":"Foto: @ANDYGARCIA_13 Diario de M\u00e9xico La Secretar\u00eda de Asuntos Escolares del recinto educativo detall\u00f3 que la decisi\u00f3n se tom\u00f3 tras una votaci\u00f3n entre la comunidad estudiantil Ciudad de M\u00e9xico.- Estudiantes de la Escuela Nacional Preparatoria n\u00famero 4 'Vidal Casta\u00f1eda y N\u00e1jera' anunci\u00f3 este jueves un paro de 48 horas. A\u2026","rel":"","context":"En &quot;CINTILLO&quot;","block_context":{"text":"CINTILLO","link":"http:\/\/www.grieta.org.mx\/index.php\/category\/cintillo\/"},"img":{"alt_text":"","src":"https:\/\/i0.wp.com\/www.grieta.org.mx\/wp-content\/uploads\/2020\/02\/Alumnos-de-la-Prepa-4-de-la-UNAM-se-van-a-paro-de-48-horas-cdmx-feb.jpg?resize=350%2C200","width":350,"height":200,"srcset":"https:\/\/i0.wp.com\/www.grieta.org.mx\/wp-content\/uploads\/2020\/02\/Alumnos-de-la-Prepa-4-de-la-UNAM-se-van-a-paro-de-48-horas-cdmx-feb.jpg?resize=350%2C200 1x, https:\/\/i0.wp.com\/www.grieta.org.mx\/wp-content\/uploads\/2020\/02\/Alumnos-de-la-Prepa-4-de-la-UNAM-se-van-a-paro-de-48-horas-cdmx-feb.jpg?resize=525%2C300 1.5x, https:\/\/i0.wp.com\/www.grieta.org.mx\/wp-content\/uploads\/2020\/02\/Alumnos-de-la-Prepa-4-de-la-UNAM-se-van-a-paro-de-48-horas-cdmx-feb.jpg?resize=700%2C400 2x, https:\/\/i0.wp.com\/www.grieta.org.mx\/wp-content\/uploads\/2020\/02\/Alumnos-de-la-Prepa-4-de-la-UNAM-se-van-a-paro-de-48-horas-cdmx-feb.jpg?resize=1050%2C600 3x"},"classes":[]}],"_links":{"self":[{"href":"http:\/\/www.grieta.org.mx\/index.php\/wp-json\/wp\/v2\/posts\/26167","targetHints":{"allow":["GET"]}}],"collection":[{"href":"http:\/\/www.grieta.org.mx\/index.php\/wp-json\/wp\/v2\/posts"}],"about":[{"href":"http:\/\/www.grieta.org.mx\/index.php\/wp-json\/wp\/v2\/types\/post"}],"author":[{"embeddable":true,"href":"http:\/\/www.grieta.org.mx\/index.php\/wp-json\/wp\/v2\/users\/2"}],"replies":[{"embeddable":true,"href":"http:\/\/www.grieta.org.mx\/index.php\/wp-json\/wp\/v2\/comments?post=26167"}],"version-history":[{"count":1,"href":"http:\/\/www.grieta.org.mx\/index.php\/wp-json\/wp\/v2\/posts\/26167\/revisions"}],"predecessor-version":[{"id":26204,"href":"http:\/\/www.grieta.org.mx\/index.php\/wp-json\/wp\/v2\/posts\/26167\/revisions\/26204"}],"wp:featuredmedia":[{"embeddable":true,"href":"http:\/\/www.grieta.org.mx\/index.php\/wp-json\/wp\/v2\/media\/26169"}],"wp:attachment":[{"href":"http:\/\/www.grieta.org.mx\/index.php\/wp-json\/wp\/v2\/media?parent=26167"}],"wp:term":[{"taxonomy":"category","embeddable":true,"href":"http:\/\/www.grieta.org.mx\/index.php\/wp-json\/wp\/v2\/categories?post=26167"},{"taxonomy":"post_tag","embeddable":true,"href":"http:\/\/www.grieta.org.mx\/index.php\/wp-json\/wp\/v2\/tags?post=26167"}],"curies":[{"name":"wp","href":"https:\/\/api.w.org\/{rel}","templated":true}]}}