{"id":26129,"date":"2018-08-31T18:03:05","date_gmt":"2018-08-31T23:03:05","guid":{"rendered":"http:\/\/www.grieta.org.mx\/?p=26129"},"modified":"2018-09-03T18:11:13","modified_gmt":"2018-09-03T23:11:13","slug":"toman-7-escuelas-federales-de-la-seccion-27-en-ahome-sinaloa","status":"publish","type":"post","link":"http:\/\/www.grieta.org.mx\/index.php\/2018\/08\/31\/toman-7-escuelas-federales-de-la-seccion-27-en-ahome-sinaloa\/","title":{"rendered":"Toman 7 escuelas federales de la secci\u00f3n 27 en Ahome (Sinaloa)"},"content":{"rendered":"<p><img loading=\"lazy\" decoding=\"async\" data-attachment-id=\"26130\" data-permalink=\"http:\/\/www.grieta.org.mx\/index.php\/2018\/08\/31\/toman-7-escuelas-federales-de-la-seccion-27-en-ahome-sinaloa\/77e74208-1b72-4e43-a50a-b64845621daf-jpg_539665225\/\" data-orig-file=\"http:\/\/www.grieta.org.mx\/wp-content\/uploads\/2018\/09\/77e74208-1b72-4e43-a50a-b64845621daf.jpg_539665225.jpg\" data-orig-size=\"695,521\" data-comments-opened=\"0\" data-image-meta=\"{&quot;aperture&quot;:&quot;0&quot;,&quot;credit&quot;:&quot;&quot;,&quot;camera&quot;:&quot;&quot;,&quot;caption&quot;:&quot;&quot;,&quot;created_timestamp&quot;:&quot;0&quot;,&quot;copyright&quot;:&quot;&quot;,&quot;focal_length&quot;:&quot;0&quot;,&quot;iso&quot;:&quot;0&quot;,&quot;shutter_speed&quot;:&quot;0&quot;,&quot;title&quot;:&quot;&quot;,&quot;orientation&quot;:&quot;0&quot;}\" data-image-title=\"77e74208-1b72-4e43-a50a-b64845621daf.jpg_539665225\" data-image-description=\"\" data-image-caption=\"\" data-medium-file=\"http:\/\/www.grieta.org.mx\/wp-content\/uploads\/2018\/09\/77e74208-1b72-4e43-a50a-b64845621daf.jpg_539665225-300x225.jpg\" data-large-file=\"http:\/\/www.grieta.org.mx\/wp-content\/uploads\/2018\/09\/77e74208-1b72-4e43-a50a-b64845621daf.jpg_539665225.jpg\" src=\"http:\/\/www.grieta.org.mx\/wp-content\/uploads\/2018\/09\/77e74208-1b72-4e43-a50a-b64845621daf.jpg_539665225.jpg\" alt=\"\" width=\"695\" height=\"521\" class=\"aligncenter size-full wp-image-26130\" srcset=\"http:\/\/www.grieta.org.mx\/wp-content\/uploads\/2018\/09\/77e74208-1b72-4e43-a50a-b64845621daf.jpg_539665225.jpg 695w, http:\/\/www.grieta.org.mx\/wp-content\/uploads\/2018\/09\/77e74208-1b72-4e43-a50a-b64845621daf.jpg_539665225-300x225.jpg 300w, http:\/\/www.grieta.org.mx\/wp-content\/uploads\/2018\/09\/77e74208-1b72-4e43-a50a-b64845621daf.jpg_539665225-667x500.jpg 667w\" sizes=\"auto, (max-width: 695px) 100vw, 695px\" \/><br \/>\nToman 7 escuelas federales de la secci\u00f3n 27 en Ahome | EL DEBATE<\/p>\n<blockquote><p>Los inconformes exigen basificaci\u00f3n y m\u00e1s docentes <\/p><\/blockquote>\n<p>Hugo Mora<\/p>\n<p>Los Mochis, Sinaloa.- Maestros de las 7 escuelas secundarias federales de la secci\u00f3n 27 en el municipio de Ahome pararon labores en exigencias de basificaci\u00f3n de docentes y que se cubran mas de 200 horas faltantes en estos planteles. <\/p>\n<p>&#8220;Estamos unidas todas las escuelas generales para tratar un asunto de basificaci\u00f3n de horas de tutor\u00edas, tecnolog\u00edas y ayudant\u00edas de laboratorio as\u00ed como tratando de recuperar el 70 y 30 para que se usen los recursos en las escuelas&#8221;, se\u00f1al\u00f3 la represente sindical, Marta Toledo Garc\u00eda. <\/p>\n<p>Asimismo, el secretario general de la delegaci\u00f3n 2 del SNTE 27, se\u00f1al\u00f3 que los maestros necesitan una certeza laboral para poder laboral y asegurar tambi\u00e9n que los alumnos obtengan una educaci\u00f3n digna y justa, la cual se les ha negado por faltas de maestros. <\/p>\n<p><img loading=\"lazy\" decoding=\"async\" data-attachment-id=\"26131\" data-permalink=\"http:\/\/www.grieta.org.mx\/index.php\/2018\/08\/31\/toman-7-escuelas-federales-de-la-seccion-27-en-ahome-sinaloa\/50946b27-75c8-4b74-a0ad-c886233e488b-jpg_1452630931\/\" data-orig-file=\"http:\/\/www.grieta.org.mx\/wp-content\/uploads\/2018\/09\/50946b27-75c8-4b74-a0ad-c886233e488b.jpg_1452630931.jpg\" data-orig-size=\"726,544\" data-comments-opened=\"0\" data-image-meta=\"{&quot;aperture&quot;:&quot;0&quot;,&quot;credit&quot;:&quot;&quot;,&quot;camera&quot;:&quot;&quot;,&quot;caption&quot;:&quot;&quot;,&quot;created_timestamp&quot;:&quot;0&quot;,&quot;copyright&quot;:&quot;&quot;,&quot;focal_length&quot;:&quot;0&quot;,&quot;iso&quot;:&quot;0&quot;,&quot;shutter_speed&quot;:&quot;0&quot;,&quot;title&quot;:&quot;&quot;,&quot;orientation&quot;:&quot;0&quot;}\" data-image-title=\"50946b27-75c8-4b74-a0ad-c886233e488b.jpg_1452630931\" data-image-description=\"\" data-image-caption=\"\" data-medium-file=\"http:\/\/www.grieta.org.mx\/wp-content\/uploads\/2018\/09\/50946b27-75c8-4b74-a0ad-c886233e488b.jpg_1452630931-300x225.jpg\" data-large-file=\"http:\/\/www.grieta.org.mx\/wp-content\/uploads\/2018\/09\/50946b27-75c8-4b74-a0ad-c886233e488b.jpg_1452630931.jpg\" src=\"http:\/\/www.grieta.org.mx\/wp-content\/uploads\/2018\/09\/50946b27-75c8-4b74-a0ad-c886233e488b.jpg_1452630931.jpg\" alt=\"\" width=\"726\" height=\"544\" class=\"aligncenter size-full wp-image-26131\" srcset=\"http:\/\/www.grieta.org.mx\/wp-content\/uploads\/2018\/09\/50946b27-75c8-4b74-a0ad-c886233e488b.jpg_1452630931.jpg 726w, http:\/\/www.grieta.org.mx\/wp-content\/uploads\/2018\/09\/50946b27-75c8-4b74-a0ad-c886233e488b.jpg_1452630931-300x225.jpg 300w, http:\/\/www.grieta.org.mx\/wp-content\/uploads\/2018\/09\/50946b27-75c8-4b74-a0ad-c886233e488b.jpg_1452630931-667x500.jpg 667w\" sizes=\"auto, (max-width: 726px) 100vw, 726px\" \/><br \/>\nFoto: EL DEBATE<\/p>\n<p>&#8220;Tenemos faltantes de maestros desde el ciclo escolar, nos faltan 135 horas frente al aula. Detenemos labores para que nuestros compa\u00f1eros tengan su basificaci\u00f3n, esos compa\u00f1eros tienen entre 3 y 4 a\u00f1os y no se les ha dado una base&#8221;, se\u00f1al\u00f3 el secretario general de la delegaci\u00f3n 2, Mauricio Blanchet.<\/p>\n<p>El paro laboral se registrar\u00e1 solo este viernes, sin embargo si no se tiene una respuesta por parte de las autoridades de la Secretar\u00eda de Educaci\u00f3n Publica y Cultura, se podr\u00e1n ir a paro tambi\u00e9n este lunes.<\/p>\n<p>Las escuelas con paro laboral se ubican en Los Mochis en las Secundarias General #1 Ignacio  Manuel Altamirano, #2 Jaime Torres Bodet, #3 Manuel Romero Camacho, #4 Jos\u00e9 Mar\u00eda Rodr\u00edguez; en Compuertas, Mart\u00edn Gonz\u00e1lez Escalera, Ernesto G\u00e1mez Garc\u00eda, de Ahome, y en la secundaria Ignacio Zaragoza en  Higuera de Zaragoza, Ahome.<\/p>\n<p><a href=\"https:\/\/www.debate.com.mx\/losmochis\/paro-laboral-maestros-escuelas-federales-snte-seccion-27-ahome-20180831-0073.html\" rel=\"noopener\" target=\"_blank\">https:\/\/www.debate.com.mx\/losmochis\/paro-laboral-maestros-escuelas-federales-snte-seccion-27-ahome-20180831-0073.html<\/a><\/p>\n","protected":false},"excerpt":{"rendered":"<p>Toman 7 escuelas federales de la secci\u00f3n 27 en Ahome | EL DEBATE Los inconformes exigen basificaci\u00f3n y m\u00e1s docentes Hugo Mora Los Mochis, Sinaloa.- Maestros de las 7 escuelas &hellip; <a href=\"http:\/\/www.grieta.org.mx\/index.php\/2018\/08\/31\/toman-7-escuelas-federales-de-la-seccion-27-en-ahome-sinaloa\/\" class=\"more-link\">Leer m\u00e1s<\/a><\/p>\n","protected":false},"author":2,"featured_media":26130,"comment_status":"closed","ping_status":"closed","sticky":false,"template":"","format":"standard","meta":{"ngg_post_thumbnail":0,"_jetpack_newsletter_access":"","_jetpack_dont_email_post_to_subs":false,"_jetpack_newsletter_tier_id":0,"_jetpack_memberships_contains_paywalled_content":false,"_jetpack_memberships_contains_paid_content":false,"footnotes":""},"categories":[80,2,1344,30],"tags":[1691,1679],"class_list":["post-26129","post","type-post","status-publish","format-standard","has-post-thumbnail","hentry","category-cintillo","category-noticias-nacionales","category-protestas-del-magisterio-en-sinaloa","category-sinaloa","tag-maestros-son-base-laboral","tag-protestas-magisteriales","entry"],"jetpack_featured_media_url":"http:\/\/www.grieta.org.mx\/wp-content\/uploads\/2018\/09\/77e74208-1b72-4e43-a50a-b64845621daf.jpg_539665225.jpg","jetpack_sharing_enabled":true,"jetpack_shortlink":"https:\/\/wp.me\/p7ZJR4-6Nr","jetpack_likes_enabled":false,"jetpack-related-posts":[{"id":19658,"url":"http:\/\/www.grieta.org.mx\/index.php\/2016\/05\/18\/docentes-toman-escuelas-en-sinaloa-exigen-ser-recontratados\/","url_meta":{"origin":26129,"position":0},"title":"Docentes toman escuelas en Sinaloa; exigen ser recontratados","author":"grieta","date":"18 mayo, 2016","format":false,"excerpt":"Jes\u00fas Bustamante Se trata de tres planteles ubicados en el municipio de Ahome, Culiac\u00e1n y El Rosarito, en los que maestros y padres de familia impiden el acceso a las aulas La Secretaria de Educaci\u00f3n P\u00fablica y Cultura del Estado de Sinaloa inform\u00f3 que tres planteles del nivel b\u00e1sico en\u2026","rel":"","context":"En &quot;CINTILLO&quot;","block_context":{"text":"CINTILLO","link":"http:\/\/www.grieta.org.mx\/index.php\/category\/cintillo\/"},"img":{"alt_text":"","src":"https:\/\/i0.wp.com\/www.grieta.org.mx\/wp-content\/uploads\/2018\/03\/14524434_1106112876131411_958039263622046936_o.jpg?resize=350%2C200","width":350,"height":200,"srcset":"https:\/\/i0.wp.com\/www.grieta.org.mx\/wp-content\/uploads\/2018\/03\/14524434_1106112876131411_958039263622046936_o.jpg?resize=350%2C200 1x, https:\/\/i0.wp.com\/www.grieta.org.mx\/wp-content\/uploads\/2018\/03\/14524434_1106112876131411_958039263622046936_o.jpg?resize=525%2C300 1.5x, https:\/\/i0.wp.com\/www.grieta.org.mx\/wp-content\/uploads\/2018\/03\/14524434_1106112876131411_958039263622046936_o.jpg?resize=700%2C400 2x"},"classes":[]},{"id":26078,"url":"http:\/\/www.grieta.org.mx\/index.php\/2018\/09\/01\/alumnos-se-quedan-sin-clases-por-protesta-sinaloa\/","url_meta":{"origin":26129,"position":1},"title":"Alumnos se quedan sin clases por protesta (Sinaloa)","author":"grieta","date":"1 septiembre, 2018","format":false,"excerpt":"Los alumnos del turno vespertino van llegando al plantel. Foto: V\u00edctor Hugo Olivas\/EL DEBATE En la regi\u00f3n paran las secundarias generales 4 y 5 de Mazatl\u00e1n, 7 de Villa Uni\u00f3n y la de Escuinapa; entre todas son m\u00e1s de 3 mil estudiantes afectados Blanca Regalado Mazatl\u00e1n, Sinaloa.- Mil alumnos de\u2026","rel":"","context":"En &quot;CINTILLO&quot;","block_context":{"text":"CINTILLO","link":"http:\/\/www.grieta.org.mx\/index.php\/category\/cintillo\/"},"img":{"alt_text":"","src":"https:\/\/i0.wp.com\/www.grieta.org.mx\/wp-content\/uploads\/2018\/09\/alumnos4.jpg_539665225.jpg?resize=350%2C200","width":350,"height":200,"srcset":"https:\/\/i0.wp.com\/www.grieta.org.mx\/wp-content\/uploads\/2018\/09\/alumnos4.jpg_539665225.jpg?resize=350%2C200 1x, https:\/\/i0.wp.com\/www.grieta.org.mx\/wp-content\/uploads\/2018\/09\/alumnos4.jpg_539665225.jpg?resize=525%2C300 1.5x"},"classes":[]},{"id":54556,"url":"http:\/\/www.grieta.org.mx\/index.php\/2020\/08\/31\/cnte-protesta-frente-a-secretaria-de-finanzas-de-michoacan\/","url_meta":{"origin":26129,"position":2},"title":"CNTE protesta frente a Secretar\u00eda de Finanzas de Michoac\u00e1n","author":"grieta","date":"31 agosto, 2020","format":false,"excerpt":"Demandan basificaci\u00f3n de todos los egresados de 8 escuelas normales que hay en el Estado. Eje Central, 31 de agosto de 2020 Con la exigencia de plazas para egresados, miembros de la Secci\u00f3n XVIII de la Coordinadora Nacional de Trabajadores de la Educaci\u00f3n (CNTE) y egresados normalistas, protestaron frente a\u2026","rel":"","context":"En &quot;CINTILLO&quot;","block_context":{"text":"CINTILLO","link":"http:\/\/www.grieta.org.mx\/index.php\/category\/cintillo\/"},"img":{"alt_text":"","src":"https:\/\/i0.wp.com\/www.grieta.org.mx\/wp-content\/uploads\/2018\/03\/14524434_1106112876131411_958039263622046936_o.jpg?resize=350%2C200","width":350,"height":200,"srcset":"https:\/\/i0.wp.com\/www.grieta.org.mx\/wp-content\/uploads\/2018\/03\/14524434_1106112876131411_958039263622046936_o.jpg?resize=350%2C200 1x, https:\/\/i0.wp.com\/www.grieta.org.mx\/wp-content\/uploads\/2018\/03\/14524434_1106112876131411_958039263622046936_o.jpg?resize=525%2C300 1.5x, https:\/\/i0.wp.com\/www.grieta.org.mx\/wp-content\/uploads\/2018\/03\/14524434_1106112876131411_958039263622046936_o.jpg?resize=700%2C400 2x"},"classes":[]},{"id":14336,"url":"http:\/\/www.grieta.org.mx\/index.php\/2016\/06\/14\/maestros-continuan-con-protesta-contra-reforma-educativa-sinaloa\/","url_meta":{"origin":26129,"position":3},"title":"Maestros contin\u00faan con protesta contra Reforma Educativa (Sinaloa)","author":"grieta","date":"14 junio, 2016","format":false,"excerpt":"Adriana Ochoa, Sinaloa. Los Mochis, Sinaloa.- Una vez m\u00e1s el grupo de profesores del Movimiento Magisterial Sinaloense se manifest\u00f3 de manera pac\u00edfica, en esta ocasi\u00f3n en las instalaciones de Servicios Regionales de la SEPyC, en exigencia a que se decline la Reforma Educativa. Desde temprana hora y con pancartas en\u2026","rel":"","context":"En &quot;CINTILLO&quot;","block_context":{"text":"CINTILLO","link":"http:\/\/www.grieta.org.mx\/index.php\/category\/cintillo\/"},"img":{"alt_text":"","src":"https:\/\/i0.wp.com\/www.grieta.org.mx\/wp-content\/uploads\/2018\/03\/14524434_1106112876131411_958039263622046936_o.jpg?resize=350%2C200","width":350,"height":200,"srcset":"https:\/\/i0.wp.com\/www.grieta.org.mx\/wp-content\/uploads\/2018\/03\/14524434_1106112876131411_958039263622046936_o.jpg?resize=350%2C200 1x, https:\/\/i0.wp.com\/www.grieta.org.mx\/wp-content\/uploads\/2018\/03\/14524434_1106112876131411_958039263622046936_o.jpg?resize=525%2C300 1.5x, https:\/\/i0.wp.com\/www.grieta.org.mx\/wp-content\/uploads\/2018\/03\/14524434_1106112876131411_958039263622046936_o.jpg?resize=700%2C400 2x"},"classes":[]},{"id":6903,"url":"http:\/\/www.grieta.org.mx\/index.php\/2016\/09\/13\/reforma-educativa-y-evaluacion-al-desempeno-en-sinaloa\/","url_meta":{"origin":26129,"position":4},"title":"Movilizaciones contra la Reforma educativa y evaluaci\u00f3n magisterial en Sinaloa","author":"grieta","date":"13 septiembre, 2016","format":false,"excerpt":"13\/09\/16. Mantienen lucha maestros cesados (Sinaloa) Noroeste 08\/09\/16. Maestros bloquean oficinas de la SNTE 27 (Sinaloa) El Debate 02\/09\/16. Maestros protestan en glorieta tur\u00edstica (Sinaloa) El Debate 29\/08\/16. \u201c\u00a1Un burro con le\u00f1a sabe m\u00e1s que Pe\u00f1a!\u201d, corean maestros en Sinaloa Proceso 20\/08\/16. Los maestros no se dan por vencidos (Sinaloa)\u2026","rel":"","context":"En &quot;NOTICIAS NACIONALES&quot;","block_context":{"text":"NOTICIAS NACIONALES","link":"http:\/\/www.grieta.org.mx\/index.php\/category\/noticias-nacionales\/"},"img":{"alt_text":"","src":"https:\/\/i0.wp.com\/www.grieta.org.mx\/wp-content\/uploads\/2018\/03\/14524434_1106112876131411_958039263622046936_o.jpg?resize=350%2C200","width":350,"height":200,"srcset":"https:\/\/i0.wp.com\/www.grieta.org.mx\/wp-content\/uploads\/2018\/03\/14524434_1106112876131411_958039263622046936_o.jpg?resize=350%2C200 1x, https:\/\/i0.wp.com\/www.grieta.org.mx\/wp-content\/uploads\/2018\/03\/14524434_1106112876131411_958039263622046936_o.jpg?resize=525%2C300 1.5x, https:\/\/i0.wp.com\/www.grieta.org.mx\/wp-content\/uploads\/2018\/03\/14524434_1106112876131411_958039263622046936_o.jpg?resize=700%2C400 2x"},"classes":[]},{"id":26109,"url":"http:\/\/www.grieta.org.mx\/index.php\/2018\/09\/01\/el-lunes-reanudaran-clases-en-las-escuelas-con-paro-sinaloa\/","url_meta":{"origin":26129,"position":5},"title":"El lunes reanudar\u00e1n clases en las escuelas con paro (Sinaloa)","author":"grieta","date":"1 septiembre, 2018","format":false,"excerpt":"Foto ilustrativa El Debate Directores de los planteles piden que les den la base a los maestros para que tengan seguridad laboral Angelina Corral Culiac\u00e1n, Sinaloa.- Este lunes se reanudar\u00e1n las clases en las escuelas secundarias generales que realizaron plant\u00f3n el pasado jueves y ayer, ante la falta de respuesta\u2026","rel":"","context":"En &quot;CINTILLO&quot;","block_context":{"text":"CINTILLO","link":"http:\/\/www.grieta.org.mx\/index.php\/category\/cintillo\/"},"img":{"alt_text":"","src":"https:\/\/i0.wp.com\/www.grieta.org.mx\/wp-content\/uploads\/2018\/09\/paro_laboral.jpeg_539665225.jpeg?resize=350%2C200","width":350,"height":200,"srcset":"https:\/\/i0.wp.com\/www.grieta.org.mx\/wp-content\/uploads\/2018\/09\/paro_laboral.jpeg_539665225.jpeg?resize=350%2C200 1x, https:\/\/i0.wp.com\/www.grieta.org.mx\/wp-content\/uploads\/2018\/09\/paro_laboral.jpeg_539665225.jpeg?resize=525%2C300 1.5x"},"classes":[]}],"_links":{"self":[{"href":"http:\/\/www.grieta.org.mx\/index.php\/wp-json\/wp\/v2\/posts\/26129","targetHints":{"allow":["GET"]}}],"collection":[{"href":"http:\/\/www.grieta.org.mx\/index.php\/wp-json\/wp\/v2\/posts"}],"about":[{"href":"http:\/\/www.grieta.org.mx\/index.php\/wp-json\/wp\/v2\/types\/post"}],"author":[{"embeddable":true,"href":"http:\/\/www.grieta.org.mx\/index.php\/wp-json\/wp\/v2\/users\/2"}],"replies":[{"embeddable":true,"href":"http:\/\/www.grieta.org.mx\/index.php\/wp-json\/wp\/v2\/comments?post=26129"}],"version-history":[{"count":1,"href":"http:\/\/www.grieta.org.mx\/index.php\/wp-json\/wp\/v2\/posts\/26129\/revisions"}],"predecessor-version":[{"id":26132,"href":"http:\/\/www.grieta.org.mx\/index.php\/wp-json\/wp\/v2\/posts\/26129\/revisions\/26132"}],"wp:featuredmedia":[{"embeddable":true,"href":"http:\/\/www.grieta.org.mx\/index.php\/wp-json\/wp\/v2\/media\/26130"}],"wp:attachment":[{"href":"http:\/\/www.grieta.org.mx\/index.php\/wp-json\/wp\/v2\/media?parent=26129"}],"wp:term":[{"taxonomy":"category","embeddable":true,"href":"http:\/\/www.grieta.org.mx\/index.php\/wp-json\/wp\/v2\/categories?post=26129"},{"taxonomy":"post_tag","embeddable":true,"href":"http:\/\/www.grieta.org.mx\/index.php\/wp-json\/wp\/v2\/tags?post=26129"}],"curies":[{"name":"wp","href":"https:\/\/api.w.org\/{rel}","templated":true}]}}