{"id":260,"date":"2015-02-22T05:11:03","date_gmt":"2015-02-22T05:11:03","guid":{"rendered":"http:\/\/50.22.11.12\/~grietaor\/?p=260"},"modified":"2016-03-01T02:01:36","modified_gmt":"2016-03-01T02:01:36","slug":"hostigan-a-directora-de-escuela-de-bellas-artes-en-papalotla","status":"publish","type":"post","link":"http:\/\/www.grieta.org.mx\/index.php\/2015\/02\/22\/hostigan-a-directora-de-escuela-de-bellas-artes-en-papalotla\/","title":{"rendered":"Hostigan a directora de escuela de bellas artes en Papalotla"},"content":{"rendered":"<p>Por apoyar la causa de Ayotzinapa, Isaac Mendarozqueta Buenfil, alcalde de Papalotla, orden\u00f3 cerrar la Escuela de Bellas Artes de la localidad, y condiciona su apertura a la renuncia inmediata de su directora \u00darsula Jim\u00e9nez D\u00edaz, porque la escuela particip\u00f3 en diciembre pasado con un grupo de teatro en un acto cultural en apoyo a los 43 normalistas desaparecidos, en Chicoloapan de Ju\u00e1rez, M\u00e9xico.<\/p>\n<p>El viernes pasado por la tarde unas 30 mujeres llegaron a las instalaciones del DIF municipal, donde funciona Bellas Artes, para exigir la \u201csalida de la directora\u201d, quien se mantuvo a prudente distancia hasta donde \u201cllegaron las enviadas del presidente con pancartas y con sus bravatas para insultarnos e intimidarnos y orillarnos a que yo y los maestros claudiquemos y la escuela de Bellas Artes desaparezca, pero no lo lograr\u00e1n, porque nuestro instituto no est\u00e1 solo, contamos con el apoyo y la simpat\u00eda de la comunidad artistica y cultural de todo el pa\u00eds; esto que ocurre en Papalotla es el ejemplo de gobernantes autoritarios e intolerantes que padecemos, todo porque asistimos a un acto de apoyo a los 43 normalistas desaparecidos\u201d, expres\u00f3 Jim\u00e9nez D\u00edaz.<\/p>\n<p>Mendarozqueta, despu\u00e9s de negarle la firma del pr\u00e9stamo de instalaciones a la Escuela de Bellas Artes de Papalotla, organiz\u00f3 un grupo de choque, disfrazado de \u2018madres de familia\u2019 para que \u00e9stas exigieran la \u2018desaparici\u00f3n\u2019 del instituto. Antes dio \u00f3rdenes de cerrar el plantel \u201cy no dejar entrar a nuestra directora, quien recibi\u00f3 m\u00faltiples ataques verbales, amenazas y advertencias de lincharla si no dejaba la escuela, a lo cual nosotros, los maestros y los alumnos, que nos encontr\u00e1bamos fuera del recinto, nos dirigimos a la plaza principal para tomar clases\u201d, denunci\u00f3 la maestra de m\u00fasica Jessica \u00c1ngeles Gil.<\/p>\n<p>Hasta all\u00e1 los siguieron las vociferantes priistas que acusaban a la directora de la escuela de \u201cladrona\u201d, defraudadora y antorchista \u201cen un c\u00ednico intento de provocaci\u00f3n por parte del presidente municipal a quien ya s\u00f3lo le falta quemar libros para manifestar su odio a la cultura y a las artes despu\u00e9s de cerrarnos hoy la escuela, nosotros tenemos las pruebas, las firmas de la comunidad escolar de que nuestras acciones las tomamos por consenso y no hay autoritarismo alguno de mi parte ni de la comunidad de maestros\u201d, expres\u00f3 Jim\u00e9nez D\u00edaz.<\/p>\n<p>La causa real de las amenazas de desalojo a los alumnos y maestros de la escuela de Bellas artes de Papalotla, por la presidencia municipal, \u201ces su odio a la educaci\u00f3n libertaria, ya que por apoyar a los 43 normalistas desaparecidos, se desat\u00f3 una cacer\u00eda de brujas contra nosotros, a m\u00ed que soy la directora, me han calumniado, se han metido en mi vida personal, dicen que he defraudado a los estudiantes, y nosotros con hechos les hemos demostrado todo lo contrario, la verdadera raz\u00f3n es quieren que nos sujetemos a la pol\u00edtica oficial, quieren ni\u00f1os obedientes no concientes, este presidente deber\u00eda estar orgulloso de que Papalotla brinde a la regi\u00f3n una educaci\u00f3n de alta calidad\u201d, concluy\u00f3 la directora.<\/p>\n<p><a href=\"http:\/\/reporterosenmovimiento.wordpress.com\/2015\/02\/23\/hostigan-a-directora-de-escuela-de-bellas-artes-en-papalotla\/\" target=\"_blank\">reporterosenmovimiento.wordpress.com\/2015\/02\/23\/hostigan-a-directora-de-escuela-de-bellas-artes-en-papalotla\/<\/a><\/p>\n","protected":false},"excerpt":{"rendered":"<p>Por apoyar la causa de Ayotzinapa, Isaac Mendarozqueta Buenfil, alcalde de Papalotla, orden\u00f3 cerrar la Escuela de Bellas Artes de la localidad, y condiciona su apertura a la renuncia inmediata &hellip; <a href=\"http:\/\/www.grieta.org.mx\/index.php\/2015\/02\/22\/hostigan-a-directora-de-escuela-de-bellas-artes-en-papalotla\/\" class=\"more-link\">Leer m\u00e1s<\/a><\/p>\n","protected":false},"author":2,"featured_media":21928,"comment_status":"closed","ping_status":"open","sticky":false,"template":"","format":"standard","meta":{"ngg_post_thumbnail":0,"_jetpack_newsletter_access":"","_jetpack_dont_email_post_to_subs":false,"_jetpack_newsletter_tier_id":0,"_jetpack_memberships_contains_paywalled_content":false,"_jetpack_memberships_contains_paid_content":false,"footnotes":""},"categories":[80],"tags":[119,92,130],"class_list":["post-260","post","type-post","status-publish","format-standard","has-post-thumbnail","hentry","category-cintillo","tag-ayotzinapa","tag-estado-de-mexico","tag-represion","entry"],"jetpack_featured_media_url":"http:\/\/www.grieta.org.mx\/wp-content\/uploads\/2018\/03\/14524434_1106112876131411_958039263622046936_o.jpg","jetpack_sharing_enabled":true,"jetpack_shortlink":"https:\/\/wp.me\/p7ZJR4-4c","jetpack_likes_enabled":false,"jetpack-related-posts":[{"id":268,"url":"http:\/\/www.grieta.org.mx\/index.php\/2015\/02\/22\/amenazan-con-cerrar-escuela-de-bellas-artes-por-solidarizarse-con-ayotzinapa\/","url_meta":{"origin":260,"position":0},"title":"Amenazan con cerrar escuela de bellas artes por solidarizarse con Ayotzinapa","author":"grieta","date":"22 febrero, 2015","format":false,"excerpt":"22\/02\/15. Hostigan a directora de escuela de bellas artes en PapalotlaReporteros en Movimiento 05\/02\/15. Amenazan con sacar a profesora y alumnos de la escuela de bellas artes de Papalotla.Reporteros en Movimiento 02\/02\/15. Papalotla, castigo por solidaridad con Ayotzinapa: Alumnos a la intemperie y salones para pol\u00edticosCentro de Medios Libres M\u00e9xico","rel":"","context":"En &quot;Estado de M\u00e9xico&quot;","block_context":{"text":"Estado de M\u00e9xico","link":"http:\/\/www.grieta.org.mx\/index.php\/category\/noticias-nacionales\/estado-de-mexico\/"},"img":{"alt_text":"","src":"https:\/\/i0.wp.com\/www.grieta.org.mx\/wp-content\/uploads\/2018\/03\/14524434_1106112876131411_958039263622046936_o.jpg?resize=350%2C200","width":350,"height":200,"srcset":"https:\/\/i0.wp.com\/www.grieta.org.mx\/wp-content\/uploads\/2018\/03\/14524434_1106112876131411_958039263622046936_o.jpg?resize=350%2C200 1x, https:\/\/i0.wp.com\/www.grieta.org.mx\/wp-content\/uploads\/2018\/03\/14524434_1106112876131411_958039263622046936_o.jpg?resize=525%2C300 1.5x, https:\/\/i0.wp.com\/www.grieta.org.mx\/wp-content\/uploads\/2018\/03\/14524434_1106112876131411_958039263622046936_o.jpg?resize=700%2C400 2x"},"classes":[]},{"id":263,"url":"http:\/\/www.grieta.org.mx\/index.php\/2015\/02\/05\/amenazan-con-sacar-a-profesora-y-alumnos-de-la-escuela-de-bellas-artes-de-papalotla\/","url_meta":{"origin":260,"position":1},"title":"Amenazan con sacar a profesora y alumnos de la escuela de bellas artes de Papalotla","author":"grieta","date":"5 febrero, 2015","format":false,"excerpt":"El 18 de enero debieron renovarle el contrato de comodato pero no lo han hecho. * Alcalde de Papalotal manda a regidores y funcionarios para sacar a profesora y alumnos del DIF municipal. PAPALOTLA, M\u00e9x.- Regidores y funcionarios publicos del ayuntamiento de Papalotla, realizaron una reuni\u00f3n en la escuela de\u2026","rel":"","context":"En &quot;CINTILLO&quot;","block_context":{"text":"CINTILLO","link":"http:\/\/www.grieta.org.mx\/index.php\/category\/cintillo\/"},"img":{"alt_text":"","src":"https:\/\/i0.wp.com\/www.grieta.org.mx\/wp-content\/uploads\/2018\/03\/14524434_1106112876131411_958039263622046936_o.jpg?resize=350%2C200","width":350,"height":200,"srcset":"https:\/\/i0.wp.com\/www.grieta.org.mx\/wp-content\/uploads\/2018\/03\/14524434_1106112876131411_958039263622046936_o.jpg?resize=350%2C200 1x, https:\/\/i0.wp.com\/www.grieta.org.mx\/wp-content\/uploads\/2018\/03\/14524434_1106112876131411_958039263622046936_o.jpg?resize=525%2C300 1.5x, https:\/\/i0.wp.com\/www.grieta.org.mx\/wp-content\/uploads\/2018\/03\/14524434_1106112876131411_958039263622046936_o.jpg?resize=700%2C400 2x"},"classes":[]},{"id":266,"url":"http:\/\/www.grieta.org.mx\/index.php\/2015\/02\/06\/iniciosin-categoria-papalotla-castigo-por-solidaridad-con-ayotzinapa-alumnos-a-la-intemperie-y-salones-para-politicos\/","url_meta":{"origin":260,"position":2},"title":"Papalotla, castigo por solidaridad con Ayotzinapa: Alumnos a la intemperie y salones para pol\u00edticos","author":"grieta","date":"6 febrero, 2015","format":false,"excerpt":"Por Salvador D\u00edaz S\u00e1nchez Papalotla con Ayotzinapa* Los alumnos toman clase en el rayo del sol o en el fr\u00edo y las aulas convertidas en bodegas para actividades partidarias * POR APOYAR LA CAUSA DE LOS 43 NORMALISTAS DE AYOTZINAPA, EL PRESIDENTE DE PAPALOTLA PRETENDE DESAPARECER ESCUELA DE BELLAS ARTES\u2026","rel":"","context":"En &quot;CINTILLO&quot;","block_context":{"text":"CINTILLO","link":"http:\/\/www.grieta.org.mx\/index.php\/category\/cintillo\/"},"img":{"alt_text":"","src":"https:\/\/i0.wp.com\/www.grieta.org.mx\/wp-content\/uploads\/2018\/03\/14524434_1106112876131411_958039263622046936_o.jpg?resize=350%2C200","width":350,"height":200,"srcset":"https:\/\/i0.wp.com\/www.grieta.org.mx\/wp-content\/uploads\/2018\/03\/14524434_1106112876131411_958039263622046936_o.jpg?resize=350%2C200 1x, https:\/\/i0.wp.com\/www.grieta.org.mx\/wp-content\/uploads\/2018\/03\/14524434_1106112876131411_958039263622046936_o.jpg?resize=525%2C300 1.5x, https:\/\/i0.wp.com\/www.grieta.org.mx\/wp-content\/uploads\/2018\/03\/14524434_1106112876131411_958039263622046936_o.jpg?resize=700%2C400 2x"},"classes":[]},{"id":34356,"url":"http:\/\/www.grieta.org.mx\/index.php\/2019\/06\/05\/exigen-destitucion-de-la-directora-del-cedart-queretaro\/","url_meta":{"origin":260,"position":3},"title":"Exigen destituci\u00f3n de la directora del CEDART (Quer\u00e9taro)","author":"grieta","date":"5 junio, 2019","format":false,"excerpt":"Denuncian maestros y personal agresiones f\u00edsicas, verbales y amenazas Cecilia Conde \/Diario de Quer\u00e9taro Desde hace cinco a\u00f1os maestros y personal del Centro de Educaci\u00f3n Artista (Cedart) Ignacio Mariano de las Casas que dependen de la secretar\u00eda de Cultura, han sido presuntamente v\u00edctimas de agresiones f\u00edsicas, verbales y amenazas que\u2026","rel":"","context":"En &quot;CINTILLO&quot;","block_context":{"text":"CINTILLO","link":"http:\/\/www.grieta.org.mx\/index.php\/category\/cintillo\/"},"img":{"alt_text":"","src":"https:\/\/i0.wp.com\/www.grieta.org.mx\/wp-content\/uploads\/2019\/06\/Cedart.jpg?resize=350%2C200","width":350,"height":200,"srcset":"https:\/\/i0.wp.com\/www.grieta.org.mx\/wp-content\/uploads\/2019\/06\/Cedart.jpg?resize=350%2C200 1x, https:\/\/i0.wp.com\/www.grieta.org.mx\/wp-content\/uploads\/2019\/06\/Cedart.jpg?resize=525%2C300 1.5x, https:\/\/i0.wp.com\/www.grieta.org.mx\/wp-content\/uploads\/2019\/06\/Cedart.jpg?resize=700%2C400 2x"},"classes":[]},{"id":4121,"url":"http:\/\/www.grieta.org.mx\/index.php\/2015\/06\/15\/familiares-de-normalistas-de-ayotiznapa-recorreran-6-estados-de-la-republica-inicia-en-oaxaca\/","url_meta":{"origin":260,"position":4},"title":"Familiares de normalistas de Ayotiznapa recorrer\u00e1n 6 estados de la Rep\u00fablica; inicia en Oaxaca","author":"grieta","date":"15 junio, 2015","format":false,"excerpt":"Jazm\u00edn G\u00f3mez, Oaxaca Oaxaca, Oax. (pagina3.mx).- Una comisi\u00f3n de cuatro personas, familiares de normalistas desaparecidos de la escuela Ra\u00fal Isidro Burgos de Ayotiznapa recorrer\u00e1n 6 estados de la Rep\u00fablica para pedir la solidaridad y continuar la exigencia por la aparici\u00f3n con vida de los 43 estudiantes. El recorrido inici\u00f3 ayer\u2026","rel":"","context":"En &quot;CINTILLO&quot;","block_context":{"text":"CINTILLO","link":"http:\/\/www.grieta.org.mx\/index.php\/category\/cintillo\/"},"img":{"alt_text":"","src":"https:\/\/i0.wp.com\/www.grieta.org.mx\/wp-content\/uploads\/2018\/03\/14524434_1106112876131411_958039263622046936_o.jpg?resize=350%2C200","width":350,"height":200,"srcset":"https:\/\/i0.wp.com\/www.grieta.org.mx\/wp-content\/uploads\/2018\/03\/14524434_1106112876131411_958039263622046936_o.jpg?resize=350%2C200 1x, https:\/\/i0.wp.com\/www.grieta.org.mx\/wp-content\/uploads\/2018\/03\/14524434_1106112876131411_958039263622046936_o.jpg?resize=525%2C300 1.5x, https:\/\/i0.wp.com\/www.grieta.org.mx\/wp-content\/uploads\/2018\/03\/14524434_1106112876131411_958039263622046936_o.jpg?resize=700%2C400 2x"},"classes":[]},{"id":35106,"url":"http:\/\/www.grieta.org.mx\/index.php\/2019\/06\/17\/tras-varios-dias-padres-de-familia-liberan-secundaria-de-peto-yucatan\/","url_meta":{"origin":260,"position":5},"title":"Tras varios d\u00edas, padres de familia liberan secundaria de Peto (Yucat\u00e1n)","author":"grieta","date":"17 junio, 2019","format":false,"excerpt":"Peto, Yucat\u00e1n; (ACOM).- Despu\u00e9s de varios d\u00edas de tomar la escuela secundaria estatal \u201cPilar Victoria y Victoria\u201d, padres de familia abrieron las rejas de la instituci\u00f3n tras llegar a un arreglo con la Secretar\u00eda de Educaci\u00f3n de Yucat\u00e1n (Segey) sobre el tema de la directora Janet Sul\u00fa, acusada de malos\u2026","rel":"","context":"En &quot;CINTILLO&quot;","block_context":{"text":"CINTILLO","link":"http:\/\/www.grieta.org.mx\/index.php\/category\/cintillo\/"},"img":{"alt_text":"","src":"https:\/\/i0.wp.com\/www.grieta.org.mx\/wp-content\/uploads\/2019\/06\/PT-SEC1-768x420.jpg?resize=350%2C200","width":350,"height":200,"srcset":"https:\/\/i0.wp.com\/www.grieta.org.mx\/wp-content\/uploads\/2019\/06\/PT-SEC1-768x420.jpg?resize=350%2C200 1x, https:\/\/i0.wp.com\/www.grieta.org.mx\/wp-content\/uploads\/2019\/06\/PT-SEC1-768x420.jpg?resize=525%2C300 1.5x, https:\/\/i0.wp.com\/www.grieta.org.mx\/wp-content\/uploads\/2019\/06\/PT-SEC1-768x420.jpg?resize=700%2C400 2x"},"classes":[]}],"_links":{"self":[{"href":"http:\/\/www.grieta.org.mx\/index.php\/wp-json\/wp\/v2\/posts\/260","targetHints":{"allow":["GET"]}}],"collection":[{"href":"http:\/\/www.grieta.org.mx\/index.php\/wp-json\/wp\/v2\/posts"}],"about":[{"href":"http:\/\/www.grieta.org.mx\/index.php\/wp-json\/wp\/v2\/types\/post"}],"author":[{"embeddable":true,"href":"http:\/\/www.grieta.org.mx\/index.php\/wp-json\/wp\/v2\/users\/2"}],"replies":[{"embeddable":true,"href":"http:\/\/www.grieta.org.mx\/index.php\/wp-json\/wp\/v2\/comments?post=260"}],"version-history":[{"count":1,"href":"http:\/\/www.grieta.org.mx\/index.php\/wp-json\/wp\/v2\/posts\/260\/revisions"}],"predecessor-version":[{"id":261,"href":"http:\/\/www.grieta.org.mx\/index.php\/wp-json\/wp\/v2\/posts\/260\/revisions\/261"}],"wp:featuredmedia":[{"embeddable":true,"href":"http:\/\/www.grieta.org.mx\/index.php\/wp-json\/wp\/v2\/media\/21928"}],"wp:attachment":[{"href":"http:\/\/www.grieta.org.mx\/index.php\/wp-json\/wp\/v2\/media?parent=260"}],"wp:term":[{"taxonomy":"category","embeddable":true,"href":"http:\/\/www.grieta.org.mx\/index.php\/wp-json\/wp\/v2\/categories?post=260"},{"taxonomy":"post_tag","embeddable":true,"href":"http:\/\/www.grieta.org.mx\/index.php\/wp-json\/wp\/v2\/tags?post=260"}],"curies":[{"name":"wp","href":"https:\/\/api.w.org\/{rel}","templated":true}]}}