{"id":25994,"date":"2018-08-30T20:57:32","date_gmt":"2018-08-31T01:57:32","guid":{"rendered":"http:\/\/www.grieta.org.mx\/?p=25994"},"modified":"2018-08-31T21:05:50","modified_gmt":"2018-09-01T02:05:50","slug":"19s-la-catastrofe-que-exhibio-inoperancia-y-desigualdad-ante-la-emergencia-en-la-cdmx","status":"publish","type":"post","link":"http:\/\/www.grieta.org.mx\/index.php\/2018\/08\/30\/19s-la-catastrofe-que-exhibio-inoperancia-y-desigualdad-ante-la-emergencia-en-la-cdmx\/","title":{"rendered":"19S: La cat\u00e1strofe que exhibi\u00f3 inoperancia y desigualdad ante la emergencia en la CDMX"},"content":{"rendered":"<p><img decoding=\"async\" data-attachment-id=\"25995\" data-permalink=\"http:\/\/www.grieta.org.mx\/index.php\/2018\/08\/30\/19s-la-catastrofe-que-exhibio-inoperancia-y-desigualdad-ante-la-emergencia-en-la-cdmx\/mt15-1\/\" data-orig-file=\"http:\/\/www.grieta.org.mx\/wp-content\/uploads\/2018\/08\/MT15-1.jpg\" data-orig-size=\"1200,800\" data-comments-opened=\"0\" data-image-meta=\"{&quot;aperture&quot;:&quot;0&quot;,&quot;credit&quot;:&quot;Isabel Sangin\\u00e9s Franco&quot;,&quot;camera&quot;:&quot;&quot;,&quot;caption&quot;:&quot;&quot;,&quot;created_timestamp&quot;:&quot;0&quot;,&quot;copyright&quot;:&quot;Isabel Sangin\\u00e9s Franco&quot;,&quot;focal_length&quot;:&quot;0&quot;,&quot;iso&quot;:&quot;0&quot;,&quot;shutter_speed&quot;:&quot;0&quot;,&quot;title&quot;:&quot;&quot;,&quot;orientation&quot;:&quot;0&quot;}\" data-image-title=\"MT15-1\" data-image-description=\"\" data-image-caption=\"\" data-medium-file=\"http:\/\/www.grieta.org.mx\/wp-content\/uploads\/2018\/08\/MT15-1-300x200.jpg\" data-large-file=\"http:\/\/www.grieta.org.mx\/wp-content\/uploads\/2018\/08\/MT15-1-1024x683.jpg\" src=\"http:\/\/www.grieta.org.mx\/wp-content\/uploads\/2018\/08\/MT15-1-1024x683.jpg\" alt=\"\" width=\"100%\" class=\"aligncenter size-large wp-image-25995\" srcset=\"http:\/\/www.grieta.org.mx\/wp-content\/uploads\/2018\/08\/MT15-1-1024x683.jpg 1024w, http:\/\/www.grieta.org.mx\/wp-content\/uploads\/2018\/08\/MT15-1-300x200.jpg 300w, http:\/\/www.grieta.org.mx\/wp-content\/uploads\/2018\/08\/MT15-1-768x512.jpg 768w, http:\/\/www.grieta.org.mx\/wp-content\/uploads\/2018\/08\/MT15-1-750x500.jpg 750w, http:\/\/www.grieta.org.mx\/wp-content\/uploads\/2018\/08\/MT15-1.jpg 1200w\" sizes=\"(max-width: 1024px) 100vw, 1024px\" \/><\/p>\n<p>Carolina Huerta, Jesica Rodr\u00edguez y Fernando Galicia Foto: Isabel Sangin\u00e9s\/somoselmedio<\/p>\n<blockquote><p>\u201cLos damnificados seguimos muriendo por la incertidumbre de no saber en d\u00f3nde vamos a vivir y de no saber hacia d\u00f3nde vamos. Por favor, tengan compasi\u00f3n y cada que uno de ustedes, ciudadanos, pase por alg\u00fan campamento: \u00a1abr\u00e1cenos! Necesitamos ese b\u00e1lsamo para poder resistir\u2026\u201d (18 de febrero de 2018), Teresa Verdejo Pacheco, damnificada de Zapata 252. Delegaci\u00f3n Benito Ju\u00e1rez.<\/p><\/blockquote>\n<p>Las zonas de desastre<br \/>\nEl sismo ocurrido el 19 de septiembre de 2017 (19S) ha dejado una huella imborrable para la sociedad y la historia de M\u00e9xico debido a que un n\u00famero significativo de la poblaci\u00f3n sobre todo en el centro y sur del pa\u00eds, incluyendo la Ciudad de M\u00e9xico, se vio afectada tras experimentar, por una parte la p\u00e9rdida de sus seres queridos y por la otra del da\u00f1o total o parcial de sus hogares. El temblor dej\u00f3 zonas muy devastadas y temporalmente incomunicadas por la ca\u00edda de la red de telecomunicaciones. \u201cPude hacer una llamada como dos horas despu\u00e9s del temblor\u2026\u201d recuerda la param\u00e9dica Ameli Aquino. La se\u00f1al telef\u00f3nica y de internet era err\u00e1tica y fue en ese primer momento, cuando la radio jug\u00f3 un papel crucial para informar sobre la cat\u00e1strofe, seguida por las redes sociales.<\/p>\n<p>Enseguida se cont\u00f3 con la participaci\u00f3n de la sociedad civil mediante grupos de brigadistas que se organizaron para sacar gente de los escombros, repartir v\u00edveres, dar asistencia m\u00e9dica y ayudar a animales extraviados o que se quedaron sin due\u00f1o. La situaci\u00f3n de emergencia que imperaba en varias localidades se dio a conocer de manera casi inmediata gracias a las redes sociales y se logr\u00f3 que el apoyo resultara eficaz. No fue as\u00ed con las autoridades ni con las dependencias gubernamentales.<\/p>\n<p>Ese fat\u00eddico martes, la parte centro y sur de la capital de M\u00e9xico hab\u00eda sufrido un da\u00f1o que no se hab\u00eda visto desde el sismo del 85, muchos lugares tuvieron severos da\u00f1os y a la fecha siguen sin recuperarse. Autoridades y medios de comunicaci\u00f3n decidieron priorizar la informaci\u00f3n y recursos, econ\u00f3micos y humanos, en zonas como Coyoac\u00e1n, Benito Ju\u00e1rez y Tlalpan relegando la situaci\u00f3n de Iztapalapa, Tl\u00e1huac y algunos pueblos de la delegaci\u00f3n Xochimilco como fue el caso de San Gregorio Atlapulco.<\/p>\n<p>A partir de ese momento toda la gente que qued\u00f3 afectada, cuyos inmuebles se colapsaron pasar\u00edan a ser damnificados de la Ciudad de M\u00e9xico, los cuales al principio de la cat\u00e1strofe fueron atendidos por la sociedad civil organizada; para \u00e9sta la experiencia del 85 devino en un aprendizaje colectivo, lo cual se not\u00f3 32 a\u00f1os despu\u00e9s, al hacer frente a la emergencia.<\/p>\n<p>Pues como asegura la binomio canino Jan Ficachi, que atendi\u00f3 junto con su perra Nala, el derrumbe del edificio de Bol\u00edvar y Chimalpopoca de la colonia Obrera, este apoyo, devorado por la sociedad, tambi\u00e9n afect\u00f3 las labores especializadas de los cuerpos de rescate.<\/p>\n<p>\u201c[\u2026] fue muy triste porque de nada nos serv\u00edan estos protocolos que salvan vidas contra la ignorancia de la gente que ten\u00eda mucho coraz\u00f3n [\u2026] no nos escuchaban cuando les dec\u00edamos \u2018\u00a1necesitamos que te retires!\u2019, nos dec\u00edan \u2018\u00a1no es que el gobierno quiere ocultar a las victimas!\u2019, \u00a1no, nadie quiere ocultar nada!. La gente ten\u00eda mucho ese estigma del 85, de mitos, rumores y a lo mejor de cosas que si fueron ciertas [\u2026] pero no nos dejaban trabajar [\u2026] encontramos muchas personas vivas y conforme fue avanzando todo, pues \u00edbamos perdiendo las confirmaciones y el resultado fueron 21 personas rescatadas y s\u00f3lo dos sobrevivientes\u201d, record\u00f3.<\/p>\n<p>Adem\u00e1s del entorpecimiento de las labores de rescate que la propia sociedad civil, sin querer causaba en algunos puntos colapsados del centro de la ciudad, a ello abon\u00f3 la falta de orden y organizaci\u00f3n se dio por parte de algunas instituciones como: la Secretar\u00eda de Marina, Protecci\u00f3n Civil y la propia Cruz Roja Mexicana.<\/p>\n<p>\u201c\u2026Yo realmente comenc\u00e9 la atenci\u00f3n m\u00e9dica hasta el d\u00eda 20 de septiembre [2017] por la tarde, porque me desesper\u00e9 mucho, ya que mi instituci\u00f3n [Cruz Roja Mexicana] no respond\u00eda a la altura de lo que estaba pasando [\u2026] y las instituciones m\u00e9dicas que llegaron a cubrir [zonas de derrumbes] como la Marina y dem\u00e1s, empezaron a exigir pacientes para sus ambulancias, comenzaron a pelear por qui\u00e9n iba a hacer las cosas primero y hab\u00eda discusiones entre ellos, se dificultaba a\u00fan m\u00e1s que se mantuviera el orden. Aparte, comenzaron a dar entrevistas y a hacer fama de la situaci\u00f3n, para decir que estaban ah\u00ed ayudando y cuidando a los pacientes\u2026\u201d coment\u00f3 la param\u00e9dica Ameli Aquino, a qui\u00e9n se le permiti\u00f3 la entrada al derrumbe del edificio 1C del Multifamiliar Tlalpan tres horas despu\u00e9s de su llegada. As\u00ed como ella, muchas otras mujeres capacitadas en atenci\u00f3n de desastres fueron retiradas de los lugares en los que deb\u00edan apoyar, denostando sus habilidades y conocimientos. Fue el caso Neba\u00ed Acosta, integrante de la agrupaci\u00f3n Topos Azteca Birta, qui\u00e9n tambi\u00e9n recuerda c\u00f3mo se le dificult\u00f3 realizar la recuperaci\u00f3n de una v\u00edctima en la delegaci\u00f3n Benito Ju\u00e1rez, pues se le dio acceso a medios de comunicaci\u00f3n, antes que a ella: \u201cFue como si nos dijeran: ustedes rescatistas, no son nada y nosotros vamos a salir en las noticias y nosotros vamos a protagonizar\u2026\u201d<\/p>\n<p>Era evidente que buscaban im\u00e1genes impactantes y morbosas a la vez, con la finalidad de generar notas sensacionalistas. El caso del Colegio R\u00e9bsamen, una escuela privada ubicada en Coapa que impart\u00eda el nivel b\u00e1sico en la delegaci\u00f3n Tlalpan, y en donde perdieron la vida 37 personas, entre docentes y estudiantes, fue convertido en el rescate emblem\u00e1tico por medios y gobierno. Un montaje de historia de \u00e9xito para enaltecer al gobierno en turno lleno de fallos y vac\u00edos.<\/p>\n<p><img decoding=\"async\" data-attachment-id=\"25996\" data-permalink=\"http:\/\/www.grieta.org.mx\/index.php\/2018\/08\/30\/19s-la-catastrofe-que-exhibio-inoperancia-y-desigualdad-ante-la-emergencia-en-la-cdmx\/activista-muestra-labor-voluntaria-durante-el-19s-foto-caro-huerta\/\" data-orig-file=\"http:\/\/www.grieta.org.mx\/wp-content\/uploads\/2018\/08\/activista-muestra-labor-voluntaria-durante-el-19s-foto-caro-huerta.jpg\" data-orig-size=\"1086,724\" data-comments-opened=\"0\" data-image-meta=\"{&quot;aperture&quot;:&quot;0&quot;,&quot;credit&quot;:&quot;&quot;,&quot;camera&quot;:&quot;&quot;,&quot;caption&quot;:&quot;&quot;,&quot;created_timestamp&quot;:&quot;0&quot;,&quot;copyright&quot;:&quot;&quot;,&quot;focal_length&quot;:&quot;0&quot;,&quot;iso&quot;:&quot;0&quot;,&quot;shutter_speed&quot;:&quot;0&quot;,&quot;title&quot;:&quot;&quot;,&quot;orientation&quot;:&quot;0&quot;}\" data-image-title=\"activista-muestra-labor-voluntaria-durante-el-19s-foto-caro-huerta\" data-image-description=\"\" data-image-caption=\"\" data-medium-file=\"http:\/\/www.grieta.org.mx\/wp-content\/uploads\/2018\/08\/activista-muestra-labor-voluntaria-durante-el-19s-foto-caro-huerta-300x200.jpg\" data-large-file=\"http:\/\/www.grieta.org.mx\/wp-content\/uploads\/2018\/08\/activista-muestra-labor-voluntaria-durante-el-19s-foto-caro-huerta-1024x683.jpg\" src=\"http:\/\/www.grieta.org.mx\/wp-content\/uploads\/2018\/08\/activista-muestra-labor-voluntaria-durante-el-19s-foto-caro-huerta-1024x683.jpg\" alt=\"\" width=\"100%\" class=\"aligncenter size-large wp-image-25996\" srcset=\"http:\/\/www.grieta.org.mx\/wp-content\/uploads\/2018\/08\/activista-muestra-labor-voluntaria-durante-el-19s-foto-caro-huerta-1024x683.jpg 1024w, http:\/\/www.grieta.org.mx\/wp-content\/uploads\/2018\/08\/activista-muestra-labor-voluntaria-durante-el-19s-foto-caro-huerta-300x200.jpg 300w, http:\/\/www.grieta.org.mx\/wp-content\/uploads\/2018\/08\/activista-muestra-labor-voluntaria-durante-el-19s-foto-caro-huerta-768x512.jpg 768w, http:\/\/www.grieta.org.mx\/wp-content\/uploads\/2018\/08\/activista-muestra-labor-voluntaria-durante-el-19s-foto-caro-huerta-750x500.jpg 750w, http:\/\/www.grieta.org.mx\/wp-content\/uploads\/2018\/08\/activista-muestra-labor-voluntaria-durante-el-19s-foto-caro-huerta.jpg 1086w\" sizes=\"(max-width: 1024px) 100vw, 1024px\" \/><\/p>\n<p>El gobierno de la CDMX: olvido y desconfianza<br \/>\nLas semanas posteriores al sismo terminaron por separar a la ciudadan\u00eda de las instituciones gubernamentales. Esa grieta, marcada por la tard\u00eda e ineficiente resoluci\u00f3n ante la emergencia que continuaba, tambi\u00e9n se convirti\u00f3 en abismo.<\/p>\n<p>El Secretario de Gobernaci\u00f3n Miguel \u00c1ngel Osorio Chong, visit\u00f3 el derrumbe ocurrido en la calle de Bol\u00edvar y Chimalpopoca en la colonia Obrera, hasta el d\u00eda siguiente de la emergencia, por lo que no fue bien recibido por la ciudadan\u00eda debido a los rumores sobre las supuestas costureras indocumentadas dentro del edificio colapsado, la gente estaba indignada, y as\u00ed sucedi\u00f3 con varios mandatarios del gobierno de los diferentes niveles, que al llegar tarde provocaron el rechazo colectivo.<\/p>\n<p>\u201cNo vi si lleg\u00f3 el secretario de gobierno, yo cuando llegu\u00e9 [\u2026] hab\u00eda como treinta federales, algunos elementos de la secretar\u00eda y elementos de Seguridad P\u00fablica y eso era todo; todo el colapso estaba tomado literal por los voluntarios de la zona [\u2026] las autoridades no permit\u00edan el acceso, el ej\u00e9rcito llego el 20 [de septiembre] en la noche [\u2026] lo que m\u00e1s trat\u00e1bamos de hacer era lidiar con la gente para que no fuera a haber un enfrentamiento entre voluntarios contra funcionarios o servidores p\u00fablicos, porque la gente si estaba muy agresiva\u201d, coment\u00f3 Jan Ficachi, la binomio canino que estuvo en dicho derrumbe.<\/p>\n<p>El caso de San Gregorio Atlapulco no fue la excepci\u00f3n y aunque en la localidad existe un avance considerable en pro de la reconstrucci\u00f3n de las viviendas afectadas, el gobierno local encabezado por Avelino M\u00e9ndez, del partido pol\u00edtico Movimiento Regeneraci\u00f3n Nacional (MORENA), no supo llevar a flote la situaci\u00f3n de emergencia que la demarcaci\u00f3n y sus habitantes requer\u00edan despu\u00e9s de lo ocurrido el 19S. Justamente horas despu\u00e9s del movimiento tel\u00farico, el delegado se atrevi\u00f3 a decir a los medios de comunicaci\u00f3n que Xochimilco no necesitaba ayuda, ya que se encontraba en saldo blanco.<\/p>\n<p>Con eso lo \u00fanico que hizo fue entorpecer la ayuda y la recuperaci\u00f3n de personas en dicho poblado, siendo \u00e9ste el m\u00e1s afectado de toda la delegaci\u00f3n. Al respecto, habitantes de comunidades vecinas y del propio San Gregorio, empezaron con las labores de rescate y ayuda para todos aquellos que lo necesitaban.<\/p>\n<p>Al d\u00eda siguiente de la emergencia a ello se fue sumando m\u00e1s gente procedente de distintas partes de la ciudad e incluso personas que llegaban de otros estados, seg\u00fan cuenta Ernestina Fuenleal, habitante del pueblo: \u201c[\u2026] s\u00ed tuvimos mucha ayuda de distintas partes, despensas, nos tra\u00edan que cobijas, que colchonetas, porque no ten\u00edamos donde dormir\u201d, asegur\u00f3 la damnificada y habitante de San Gregorio. Cabe se\u00f1alar que este apoyo no hubiera sido posible sin la solidaridad que surgi\u00f3 en redes sociales y el impacto que tuvo la visita del delegado, donde la gente mostr\u00f3 su descontento. Dos d\u00edas despu\u00e9s de la tragedia Avelino M\u00e9ndez se apareci\u00f3 en el pueblo, la gente indignada le manifest\u00f3 su rechazo mediante insultos y golpes por lo que tuvo que salir huyendo de la localidad.<\/p>\n<p>Esas manifestaciones de molestia tienen su origen en el conflicto de la inspecci\u00f3n que Avelino orden\u00f3 meses atr\u00e1s, en los mototaxis que operan en el pueblo relacion\u00e1ndolos con el cartel de Tl\u00e1huac. Esto complic\u00f3 que el gobierno local no pudiera emprender acciones semanas despu\u00e9s del 19S, siendo el gobierno de la Ciudad de M\u00e9xico el \u00fanico apoyo que entr\u00f3 durante ese tiempo al poblado.<\/p>\n<p>Los apoyos brindados por el gobierno evidenciaron la desigualdad que hasta la fecha ha marcado la emergencia en el poblado. Los programas sociales y de rehabilitaci\u00f3n para los damnificados han sido gratuitos para algunos en las semanas posteriores al sismo. Sin embargo, para otros ser donatario no ha resultado tan sencillo, aun teniendo la evidente necesidad.<\/p>\n<p>\u201cLo m\u00e1s feo es que no hay nadie que resguarde, vigile o revise qu\u00e9 se lleva a cabo [\u2026] no hay transparencia, de las casas [construidas por grupo Carso y CDMX] no sabemos por qu\u00e9 las autorizaron, cual s\u00ed, cual no, de todo eso el beneficio de unos perjudica a otros, han da\u00f1ado inmuebles, casas, han rayado autos y no hay nadie al que le interese nuestro bienestar\u201d coment\u00f3 Vasty, vecina de San Gregorio.<\/p>\n<p>Tambi\u00e9n la falta e inoperancia de servicios b\u00e1sicos, como el agua, es un problema que enfrenta la delegaci\u00f3n a ra\u00edz del sismo: [\u2026] a nivel organismo p\u00fablico no hay alguien que nos diga, \u2018\u00a1as\u00ed est\u00e1n las cosas, a ustedes les corresponde esto y a nosotros esto!\u2019 [\u2026] es inhumano cu\u00e1nto tiempo nos tuvieron sin agua y sin pipas [\u2026] hasta el d\u00eda del hoy el agua no se restablece por completo, hay fugas por donde quiera, hay casas que tienen y hay casas que no tienen, mencion\u00f3 Vasty para Movilizacion por 19S.<\/p>\n<p><img decoding=\"async\" data-attachment-id=\"25997\" data-permalink=\"http:\/\/www.grieta.org.mx\/index.php\/2018\/08\/30\/19s-la-catastrofe-que-exhibio-inoperancia-y-desigualdad-ante-la-emergencia-en-la-cdmx\/av-insurgentes-en-san-gregorio-atlapulco-dias-despuc3a9s-del-19s-foto-fer-galicia\/\" data-orig-file=\"http:\/\/www.grieta.org.mx\/wp-content\/uploads\/2018\/08\/av-insurgentes-en-san-gregorio-atlapulco-dias-despuc3a9s-del-19s-foto-fer-galicia.jpg\" data-orig-size=\"959,639\" data-comments-opened=\"0\" data-image-meta=\"{&quot;aperture&quot;:&quot;0&quot;,&quot;credit&quot;:&quot;&quot;,&quot;camera&quot;:&quot;&quot;,&quot;caption&quot;:&quot;&quot;,&quot;created_timestamp&quot;:&quot;0&quot;,&quot;copyright&quot;:&quot;&quot;,&quot;focal_length&quot;:&quot;0&quot;,&quot;iso&quot;:&quot;0&quot;,&quot;shutter_speed&quot;:&quot;0&quot;,&quot;title&quot;:&quot;&quot;,&quot;orientation&quot;:&quot;0&quot;}\" data-image-title=\"av-insurgentes-en-san-gregorio-atlapulco-dias-despuc3a9s-del-19s-foto-fer-galicia\" data-image-description=\"\" data-image-caption=\"\" data-medium-file=\"http:\/\/www.grieta.org.mx\/wp-content\/uploads\/2018\/08\/av-insurgentes-en-san-gregorio-atlapulco-dias-despuc3a9s-del-19s-foto-fer-galicia-300x200.jpg\" data-large-file=\"http:\/\/www.grieta.org.mx\/wp-content\/uploads\/2018\/08\/av-insurgentes-en-san-gregorio-atlapulco-dias-despuc3a9s-del-19s-foto-fer-galicia.jpg\" src=\"http:\/\/www.grieta.org.mx\/wp-content\/uploads\/2018\/08\/av-insurgentes-en-san-gregorio-atlapulco-dias-despuc3a9s-del-19s-foto-fer-galicia.jpg\" alt=\"\" width=\"100%\" class=\"aligncenter size-full wp-image-25997\" srcset=\"http:\/\/www.grieta.org.mx\/wp-content\/uploads\/2018\/08\/av-insurgentes-en-san-gregorio-atlapulco-dias-despuc3a9s-del-19s-foto-fer-galicia.jpg 959w, http:\/\/www.grieta.org.mx\/wp-content\/uploads\/2018\/08\/av-insurgentes-en-san-gregorio-atlapulco-dias-despuc3a9s-del-19s-foto-fer-galicia-300x200.jpg 300w, http:\/\/www.grieta.org.mx\/wp-content\/uploads\/2018\/08\/av-insurgentes-en-san-gregorio-atlapulco-dias-despuc3a9s-del-19s-foto-fer-galicia-768x512.jpg 768w, http:\/\/www.grieta.org.mx\/wp-content\/uploads\/2018\/08\/av-insurgentes-en-san-gregorio-atlapulco-dias-despuc3a9s-del-19s-foto-fer-galicia-750x500.jpg 750w\" sizes=\"(max-width: 959px) 100vw, 959px\" \/><\/p>\n<p>Las autoridades del gobierno de la ciudad todo el tiempo le han dado largas a la gente respecto a los recursos para la reconstrucci\u00f3n. Ha sido gracias a la organizaci\u00f3n del grupo Damnificados Unidos de la CDMX que las negociaciones con la autoridad se han sobre la mesa. Pareciera que la presi\u00f3n que han hecho los afectados ha conseguido que el gobierno \u201cceda\u201d ante sus demandas que normalmente no tendr\u00edan por qu\u00e9 poner en duda, ni mucho menos atrasar en caso de una emergencia como la del 19S, pues no van m\u00e1s all\u00e1 de pedir lo que les corresponde: la reconstrucci\u00f3n de sus patrimonios de manera justa.<\/p>\n<p>La falta de eficacia de las autoridades e incluso la desigualdad que se ha generado \u2013 de manera involuntaria- entre las mismas personas afectadas ha sido la marca con la cual se ha desenvuelto el gobierno de la ciudad antes los da\u00f1os que a\u00fan se perciben.<\/p>\n<p>Publicado en: Movilizaci\u00f3n por 19S<\/p>\n<p><a href=\"https:\/\/www.somoselmedio.com\/2018\/08\/30\/19s-la-catastrofe-que-exhibio-inoperancia-y-desigualdad-ante-la-emergencia-en-la-cdmx\/\">https:\/\/www.somoselmedio.com\/2018\/08\/30\/19s-la-catastrofe-que-exhibio-inoperancia-y-desigualdad-ante-la-emergencia-en-la-cdmx\/<\/a><\/p>\n","protected":false},"excerpt":{"rendered":"<p>Carolina Huerta, Jesica Rodr\u00edguez y Fernando Galicia Foto: Isabel Sangin\u00e9s\/somoselmedio \u201cLos damnificados seguimos muriendo por la incertidumbre de no saber en d\u00f3nde vamos a vivir y de no saber hacia &hellip; <a href=\"http:\/\/www.grieta.org.mx\/index.php\/2018\/08\/30\/19s-la-catastrofe-que-exhibio-inoperancia-y-desigualdad-ante-la-emergencia-en-la-cdmx\/\" class=\"more-link\">Leer m\u00e1s<\/a><\/p>\n","protected":false},"author":2,"featured_media":25995,"comment_status":"closed","ping_status":"closed","sticky":false,"template":"","format":"standard","meta":{"ngg_post_thumbnail":0,"_jetpack_newsletter_access":"","_jetpack_dont_email_post_to_subs":false,"_jetpack_newsletter_tier_id":0,"_jetpack_memberships_contains_paywalled_content":false,"_jetpack_memberships_contains_paid_content":false,"footnotes":""},"categories":[80,14,1026],"tags":[1028,1027],"class_list":["post-25994","post","type-post","status-publish","format-standard","has-post-thumbnail","hentry","category-cintillo","category-ciudad-de-mexico","category-damnificados-por-el-sismo-del-19-de-septiembre","tag-damnificados","tag-sismo-19-s","entry"],"jetpack_featured_media_url":"http:\/\/www.grieta.org.mx\/wp-content\/uploads\/2018\/08\/MT15-1.jpg","jetpack_sharing_enabled":true,"jetpack_shortlink":"https:\/\/wp.me\/p7ZJR4-6Lg","jetpack_likes_enabled":false,"jetpack-related-posts":[{"id":27175,"url":"http:\/\/www.grieta.org.mx\/index.php\/2018\/09\/22\/damnificados-del-edificio-centauro-perdieron-sus-escrituras-el-19s-y-no-saben-si-recuperaran-su-hogar\/","url_meta":{"origin":25994,"position":0},"title":"Damnificados del edificio Centauro perdieron sus escrituras el 19S y no saben si recuperar\u00e1n su hogar","author":"grieta","date":"22 septiembre, 2018","format":false,"excerpt":"","rel":"","context":"En &quot;CINTILLO&quot;","block_context":{"text":"CINTILLO","link":"http:\/\/www.grieta.org.mx\/index.php\/category\/cintillo\/"},"img":{"alt_text":"","src":"https:\/\/i0.wp.com\/www.grieta.org.mx\/wp-content\/uploads\/2018\/10\/Demolicion_Edificio_Osa_Mayor-5-e1537582336854-960x500.jpg?resize=350%2C200","width":350,"height":200,"srcset":"https:\/\/i0.wp.com\/www.grieta.org.mx\/wp-content\/uploads\/2018\/10\/Demolicion_Edificio_Osa_Mayor-5-e1537582336854-960x500.jpg?resize=350%2C200 1x, https:\/\/i0.wp.com\/www.grieta.org.mx\/wp-content\/uploads\/2018\/10\/Demolicion_Edificio_Osa_Mayor-5-e1537582336854-960x500.jpg?resize=525%2C300 1.5x, https:\/\/i0.wp.com\/www.grieta.org.mx\/wp-content\/uploads\/2018\/10\/Demolicion_Edificio_Osa_Mayor-5-e1537582336854-960x500.jpg?resize=700%2C400 2x"},"classes":[]},{"id":66778,"url":"http:\/\/www.grieta.org.mx\/index.php\/2023\/04\/10\/damnificados-del-19s-denuncian-caos-en-el-invi-para-la-reconstruccion-de-sus-edificios-cdmx\/","url_meta":{"origin":25994,"position":1},"title":"Damnificados del 19S denuncian caos en el Invi para la reconstrucci\u00f3n de sus edificios (CDMX)","author":"grieta","date":"10 abril, 2023","format":false,"excerpt":"Marcha de Damnificados a un a\u00f1o del sismo 19S, para exigir a las autoridades la reconstrucci\u00f3n de sus viviendas. El 19-09-2018. Foto: Germ\u00e1n Canseco Sara Pantoja \/ Proceso En febrero pasado les confirmaron que sus edificios ya no ser\u00e1n atendidos por la Comisi\u00f3n para la Reconstrucci\u00f3n, sino por el Instituto\u2026","rel":"","context":"En &quot;CINTILLO&quot;","block_context":{"text":"CINTILLO","link":"http:\/\/www.grieta.org.mx\/index.php\/category\/cintillo\/"},"img":{"alt_text":"","src":"","width":0,"height":0},"classes":[]},{"id":22063,"url":"http:\/\/www.grieta.org.mx\/index.php\/2018\/02\/24\/crean-red-nacional-de-damnificados-cdmx\/","url_meta":{"origin":25994,"position":2},"title":"Crean Red Nacional de Damnificados (CDMX)","author":"grieta","date":"24 febrero, 2018","format":false,"excerpt":"Oscar Santill\u00e1n Buscar\u00e1n que los recursos del Fondo de Desastres Naturales (Fonden) llegue a los sitios afectados por el sismo del 19S Ante el olvido en el que han quedado los afectados por el sismo del 19 de septiembre de 2017, este s\u00e1bado, durante el V Encuentro Nacional de Damnificados\u2026","rel":"","context":"En &quot;CINTILLO&quot;","block_context":{"text":"CINTILLO","link":"http:\/\/www.grieta.org.mx\/index.php\/category\/cintillo\/"},"img":{"alt_text":"","src":"https:\/\/i0.wp.com\/www.grieta.org.mx\/wp-content\/uploads\/2018\/03\/dsc0170-53b92c1f0ffe3ab7a8e159cfe822d71b-1200x600.jpg?resize=350%2C200","width":350,"height":200,"srcset":"https:\/\/i0.wp.com\/www.grieta.org.mx\/wp-content\/uploads\/2018\/03\/dsc0170-53b92c1f0ffe3ab7a8e159cfe822d71b-1200x600.jpg?resize=350%2C200 1x, https:\/\/i0.wp.com\/www.grieta.org.mx\/wp-content\/uploads\/2018\/03\/dsc0170-53b92c1f0ffe3ab7a8e159cfe822d71b-1200x600.jpg?resize=525%2C300 1.5x, https:\/\/i0.wp.com\/www.grieta.org.mx\/wp-content\/uploads\/2018\/03\/dsc0170-53b92c1f0ffe3ab7a8e159cfe822d71b-1200x600.jpg?resize=700%2C400 2x, https:\/\/i0.wp.com\/www.grieta.org.mx\/wp-content\/uploads\/2018\/03\/dsc0170-53b92c1f0ffe3ab7a8e159cfe822d71b-1200x600.jpg?resize=1050%2C600 3x"},"classes":[]},{"id":23394,"url":"http:\/\/www.grieta.org.mx\/index.php\/2018\/05\/30\/damnificados-montan-campamento-en-calzada-de-tlalpan-reclaman-que-autoridades-cumplan-con-reconstruccion\/","url_meta":{"origin":25994,"position":3},"title":"Damnificados montan campamento en calzada de Tlalpan; reclaman que autoridades cumplan con reconstrucci\u00f3n","author":"grieta","date":"30 mayo, 2018","format":false,"excerpt":"Redacci\u00f3n Animal Pol\u00edtico Damnificados del Multifamiliar dijeron que mantendr\u00e1n un campamento en calzada de Tlalpan, hasta que las autoridades de la CDMX cumplan con sus exigencias de reconstrucci\u00f3n de viviendas, luego de los da\u00f1os causados por el sismo del 19 de septiembre. Damnificados del Multifamiliar Tlalpan informaron la noche de\u2026","rel":"","context":"En &quot;CINTILLO&quot;","block_context":{"text":"CINTILLO","link":"http:\/\/www.grieta.org.mx\/index.php\/category\/cintillo\/"},"img":{"alt_text":"","src":"https:\/\/i0.wp.com\/www.grieta.org.mx\/wp-content\/uploads\/2018\/06\/tlalpan-960x500.jpg?resize=350%2C200","width":350,"height":200,"srcset":"https:\/\/i0.wp.com\/www.grieta.org.mx\/wp-content\/uploads\/2018\/06\/tlalpan-960x500.jpg?resize=350%2C200 1x, https:\/\/i0.wp.com\/www.grieta.org.mx\/wp-content\/uploads\/2018\/06\/tlalpan-960x500.jpg?resize=525%2C300 1.5x, https:\/\/i0.wp.com\/www.grieta.org.mx\/wp-content\/uploads\/2018\/06\/tlalpan-960x500.jpg?resize=700%2C400 2x"},"classes":[]},{"id":22398,"url":"http:\/\/www.grieta.org.mx\/index.php\/2018\/03\/29\/memorial-por-el-19s-costara-14-mdp-ciudadanos-piden-que-dinero-se-use-en-la-reconstruccion\/","url_meta":{"origin":25994,"position":4},"title":"Memorial por el 19S costar\u00e1 14 mdp; ciudadanos piden que dinero se use en la reconstrucci\u00f3n","author":"grieta","date":"29 marzo, 2018","format":false,"excerpt":"En el espacio habr\u00e1 actividades culturales y exposiciones que mantengan viva la memoria del sismo; usuarios en redes sociales piden que mejor se construya vivienda para los damnificados y apoyen a los que viven en campamentos El gobierno de la Ciudad de M\u00e9xico anunci\u00f3 que construir\u00e1 un memorial a las\u2026","rel":"","context":"En &quot;CINTILLO&quot;","block_context":{"text":"CINTILLO","link":"http:\/\/www.grieta.org.mx\/index.php\/category\/cintillo\/"},"img":{"alt_text":"","src":"https:\/\/i0.wp.com\/www.grieta.org.mx\/wp-content\/uploads\/2018\/04\/286.jpg?resize=350%2C200","width":350,"height":200,"srcset":"https:\/\/i0.wp.com\/www.grieta.org.mx\/wp-content\/uploads\/2018\/04\/286.jpg?resize=350%2C200 1x, https:\/\/i0.wp.com\/www.grieta.org.mx\/wp-content\/uploads\/2018\/04\/286.jpg?resize=525%2C300 1.5x, https:\/\/i0.wp.com\/www.grieta.org.mx\/wp-content\/uploads\/2018\/04\/286.jpg?resize=700%2C400 2x"},"classes":[]},{"id":51887,"url":"http:\/\/www.grieta.org.mx\/index.php\/2020\/06\/24\/por-su-inaccion-colectivo-de-damnificados-termina-relacion-con-el-comisionado-cesar-cravioto-ciudad-de-mexico\/","url_meta":{"origin":25994,"position":5},"title":"Por \u201csu inacci\u00f3n\u201d, colectivo de damnificados termina relaci\u00f3n con el comisionado C\u00e9sar Cravioto (Ciudad de M\u00e9xico)","author":"grieta","date":"24 junio, 2020","format":false,"excerpt":"C\u00e9sar Cravioto, comisionado para la Reconstrucci\u00f3n. Foto: Benjam\u00edn Flores Sara Pantoja \/ Proceso CIUDAD DE M\u00c9XICO (apro).- El colectivo Damnificados Unidos de la Ciudad de M\u00e9xico (DUCDMX) dio a conocer que termin\u00f3 la relaci\u00f3n con C\u00e9sar Cravioto, comisionado para la Reconstrucci\u00f3n, debido a \u201csu inacci\u00f3n, ineficacia y falta de resultados\u201d,\u2026","rel":"","context":"En &quot;CINTILLO&quot;","block_context":{"text":"CINTILLO","link":"http:\/\/www.grieta.org.mx\/index.php\/category\/cintillo\/"},"img":{"alt_text":"","src":"https:\/\/i0.wp.com\/www.grieta.org.mx\/wp-content\/uploads\/2020\/07\/Por-%E2%80%9Csu-inacci%C3%B3n%E2%80%9D-colectivo-de-damnificados-termina-relaci%C3%B3n-con-el-comisionado-C%C3%A9sar-Cravioto-cdmx-jul.jpg?resize=350%2C200","width":350,"height":200,"srcset":"https:\/\/i0.wp.com\/www.grieta.org.mx\/wp-content\/uploads\/2020\/07\/Por-%E2%80%9Csu-inacci%C3%B3n%E2%80%9D-colectivo-de-damnificados-termina-relaci%C3%B3n-con-el-comisionado-C%C3%A9sar-Cravioto-cdmx-jul.jpg?resize=350%2C200 1x, https:\/\/i0.wp.com\/www.grieta.org.mx\/wp-content\/uploads\/2020\/07\/Por-%E2%80%9Csu-inacci%C3%B3n%E2%80%9D-colectivo-de-damnificados-termina-relaci%C3%B3n-con-el-comisionado-C%C3%A9sar-Cravioto-cdmx-jul.jpg?resize=525%2C300 1.5x, https:\/\/i0.wp.com\/www.grieta.org.mx\/wp-content\/uploads\/2020\/07\/Por-%E2%80%9Csu-inacci%C3%B3n%E2%80%9D-colectivo-de-damnificados-termina-relaci%C3%B3n-con-el-comisionado-C%C3%A9sar-Cravioto-cdmx-jul.jpg?resize=700%2C400 2x"},"classes":[]}],"_links":{"self":[{"href":"http:\/\/www.grieta.org.mx\/index.php\/wp-json\/wp\/v2\/posts\/25994","targetHints":{"allow":["GET"]}}],"collection":[{"href":"http:\/\/www.grieta.org.mx\/index.php\/wp-json\/wp\/v2\/posts"}],"about":[{"href":"http:\/\/www.grieta.org.mx\/index.php\/wp-json\/wp\/v2\/types\/post"}],"author":[{"embeddable":true,"href":"http:\/\/www.grieta.org.mx\/index.php\/wp-json\/wp\/v2\/users\/2"}],"replies":[{"embeddable":true,"href":"http:\/\/www.grieta.org.mx\/index.php\/wp-json\/wp\/v2\/comments?post=25994"}],"version-history":[{"count":1,"href":"http:\/\/www.grieta.org.mx\/index.php\/wp-json\/wp\/v2\/posts\/25994\/revisions"}],"predecessor-version":[{"id":25998,"href":"http:\/\/www.grieta.org.mx\/index.php\/wp-json\/wp\/v2\/posts\/25994\/revisions\/25998"}],"wp:featuredmedia":[{"embeddable":true,"href":"http:\/\/www.grieta.org.mx\/index.php\/wp-json\/wp\/v2\/media\/25995"}],"wp:attachment":[{"href":"http:\/\/www.grieta.org.mx\/index.php\/wp-json\/wp\/v2\/media?parent=25994"}],"wp:term":[{"taxonomy":"category","embeddable":true,"href":"http:\/\/www.grieta.org.mx\/index.php\/wp-json\/wp\/v2\/categories?post=25994"},{"taxonomy":"post_tag","embeddable":true,"href":"http:\/\/www.grieta.org.mx\/index.php\/wp-json\/wp\/v2\/tags?post=25994"}],"curies":[{"name":"wp","href":"https:\/\/api.w.org\/{rel}","templated":true}]}}