{"id":25940,"date":"2018-07-31T00:23:04","date_gmt":"2018-07-31T05:23:04","guid":{"rendered":"http:\/\/www.grieta.org.mx\/?p=25940"},"modified":"2018-08-30T00:30:50","modified_gmt":"2018-08-30T05:30:50","slug":"oaxaca-en-el-mapa-de-trata-de-personas","status":"publish","type":"post","link":"http:\/\/www.grieta.org.mx\/index.php\/2018\/07\/31\/oaxaca-en-el-mapa-de-trata-de-personas\/","title":{"rendered":"Oaxaca, en el mapa de trata de personas"},"content":{"rendered":"<p>Noticias.<\/p>\n<p><strong>Oaxaca es &#8220;exportador&#8221; de v\u00edctimas de trata de personas.<\/strong><\/p>\n<p>Miguel Angel,<\/p>\n<p>Oaxaque\u00f1os v\u00edctimas de tratas de personas son trasladados, mediante enga\u00f1os, uso de la fuerza, enamoramiento, falsas promesas de empleo o fraudes  a estados como Baja California, Sonora, Sinaloa, Ciudad de M\u00e9xico o inclusive Estados Unidos.<\/p>\n<p>Lo anterior de acuerdo al estudio trata de personas en M\u00e9xico del organismo Hispanics in Philanthropy (HIP), que se\u00f1ala que existen 19 entidades de la Rep\u00fablica donde hay casos de origen, tr\u00e1nsito y destino de v\u00edctimas de trata de personas.<\/p>\n<p><img loading=\"lazy\" decoding=\"async\" data-attachment-id=\"25941\" data-permalink=\"http:\/\/www.grieta.org.mx\/index.php\/2018\/07\/31\/oaxaca-en-el-mapa-de-trata-de-personas\/trata-n-310718\/\" data-orig-file=\"http:\/\/www.grieta.org.mx\/wp-content\/uploads\/2018\/08\/trata-n-310718.jpg\" data-orig-size=\"1144,645\" data-comments-opened=\"0\" data-image-meta=\"{&quot;aperture&quot;:&quot;0&quot;,&quot;credit&quot;:&quot;&quot;,&quot;camera&quot;:&quot;&quot;,&quot;caption&quot;:&quot;&quot;,&quot;created_timestamp&quot;:&quot;0&quot;,&quot;copyright&quot;:&quot;&quot;,&quot;focal_length&quot;:&quot;0&quot;,&quot;iso&quot;:&quot;0&quot;,&quot;shutter_speed&quot;:&quot;0&quot;,&quot;title&quot;:&quot;&quot;,&quot;orientation&quot;:&quot;0&quot;}\" data-image-title=\"trata n 310718\" data-image-description=\"\" data-image-caption=\"\" data-medium-file=\"http:\/\/www.grieta.org.mx\/wp-content\/uploads\/2018\/08\/trata-n-310718-300x169.jpg\" data-large-file=\"http:\/\/www.grieta.org.mx\/wp-content\/uploads\/2018\/08\/trata-n-310718-1024x577.jpg\" src=\"http:\/\/www.grieta.org.mx\/wp-content\/uploads\/2018\/08\/trata-n-310718-300x169.jpg\" alt=\"\" width=\"300\" height=\"169\" class=\"aligncenter size-medium wp-image-25941\" srcset=\"http:\/\/www.grieta.org.mx\/wp-content\/uploads\/2018\/08\/trata-n-310718-300x169.jpg 300w, http:\/\/www.grieta.org.mx\/wp-content\/uploads\/2018\/08\/trata-n-310718-768x433.jpg 768w, http:\/\/www.grieta.org.mx\/wp-content\/uploads\/2018\/08\/trata-n-310718-1024x577.jpg 1024w, http:\/\/www.grieta.org.mx\/wp-content\/uploads\/2018\/08\/trata-n-310718-887x500.jpg 887w, http:\/\/www.grieta.org.mx\/wp-content\/uploads\/2018\/08\/trata-n-310718.jpg 1144w\" sizes=\"auto, (max-width: 300px) 100vw, 300px\" \/><\/p>\n<p>El an\u00e1lisis destaca que los usos y costumbres de las comunidades ind\u00edgenas, as\u00ed como las pr\u00e1cticas culturales en la regi\u00f3n Sur, donde ubica a Oaxaca, ha naturalizada conductas que no permiten identificar la trata de personas.<\/p>\n<p>Comunidades ind\u00edgenas, indefensas<\/p>\n<p>Las comunidades ind\u00edgenas que trabajan en condiciones laborales abusivas, muchas de ellas sometidas, no logra ser identificadas. La violaci\u00f3n a sus derechos humanos ha sido sistem\u00e1tica desde su nacimiento, por lo que una vez que caen en situaci\u00f3n de trata para trabajo forzoso, no logran identificarlo.<\/p>\n<p>El ejemplo m\u00e1s claro es la explotaci\u00f3n laboral en los campos agr\u00edcolas, personas en servidumbre forzada, as\u00ed como para la venta de productos en zonas tur\u00edsticas, y el servicio dom\u00e9stico.<\/p>\n<p>Cabe resaltar que en una migraci\u00f3n c\u00edclica de per\u00edodos de cada seis meses, un aproximado de  792 mil 605 oaxaque\u00f1os se ven obligadas a migrar, de acuerdo al documento Programa Estatal de Migrantes 2014-2016, estos est\u00e1n propensos a ser v\u00edctimas de la trata de personas.<\/p>\n<p>En estados como Oaxaca, donde la marginaci\u00f3n y la pobreza son marcadas hace que la poblaci\u00f3n sea m\u00e1s proclive a caer en alg\u00fan enga\u00f1o vinculado con la trata de personas, la publicaci\u00f3n se\u00f1ala que en los estados del Sur, al ser tur\u00edsticos, tratan de tener una buena imagen, haciendo que este delito sea invisible.<\/p>\n<p>&#8220;En Yucat\u00e1n, Oaxaca y Chiapas existe una presencia de trata de personas en el \u00e1mbito privado (servicio dom\u00e9stico, construcci\u00f3n, venta de artesan\u00edas, zonas tur\u00edsticas, etc) lo que dificulta la detecci\u00f3n y el oportuno rescate de las v\u00edctimas.<\/p>\n<p><a href=\"https:\/\/www.nvinoticias.com\/nota\/98132\/oaxaca-en-el-mapa-de-trata-de-personas\" rel=\"noopener\" target=\"_blank\">https:\/\/www.nvinoticias.com\/nota\/98132\/oaxaca-en-el-mapa-de-trata-de-personas<\/a><\/p>\n","protected":false},"excerpt":{"rendered":"<p>Noticias. Oaxaca es &#8220;exportador&#8221; de v\u00edctimas de trata de personas. Miguel Angel, Oaxaque\u00f1os v\u00edctimas de tratas de personas son trasladados, mediante enga\u00f1os, uso de la fuerza, enamoramiento, falsas promesas de &hellip; <a href=\"http:\/\/www.grieta.org.mx\/index.php\/2018\/07\/31\/oaxaca-en-el-mapa-de-trata-de-personas\/\" class=\"more-link\">Leer m\u00e1s<\/a><\/p>\n","protected":false},"author":2,"featured_media":25941,"comment_status":"closed","ping_status":"closed","sticky":false,"template":"","format":"standard","meta":{"ngg_post_thumbnail":0,"_jetpack_newsletter_access":"","_jetpack_dont_email_post_to_subs":false,"_jetpack_newsletter_tier_id":0,"_jetpack_memberships_contains_paywalled_content":false,"_jetpack_memberships_contains_paid_content":false,"footnotes":""},"categories":[80,1477,2,25,1664],"tags":[],"class_list":["post-25940","post","type-post","status-publish","format-standard","has-post-thumbnail","hentry","category-cintillo","category-la-ninez-en-la-tormenta-en-oaxaca","category-noticias-nacionales","category-oaxaca","category-trata-de-personas-en-oaxaca","entry"],"jetpack_featured_media_url":"http:\/\/www.grieta.org.mx\/wp-content\/uploads\/2018\/08\/trata-n-310718.jpg","jetpack_sharing_enabled":true,"jetpack_shortlink":"https:\/\/wp.me\/p7ZJR4-6Ko","jetpack_likes_enabled":false,"jetpack-related-posts":[{"id":33975,"url":"http:\/\/www.grieta.org.mx\/index.php\/2019\/05\/28\/oaxaca-un-infierno-por-trata-de-personas\/","url_meta":{"origin":25940,"position":0},"title":"Oaxaca, un infierno por trata de personas","author":"grieta","date":"28 mayo, 2019","format":false,"excerpt":"Noticias. Citlalli Luciana, Explotaci\u00f3n laboral, sexual o semi esclavitud, las variantes. Oaxaca se establece como un infierno para las mujeres debido a la alta incidencia de trata de personas. De acuerdo con datos del Secretariado Ejecutivo del Sistema Nacional de Seguridad P\u00fablica (SESNSP), la entidad se ubica en el tercer\u2026","rel":"","context":"En &quot;CINTILLO&quot;","block_context":{"text":"CINTILLO","link":"http:\/\/www.grieta.org.mx\/index.php\/category\/cintillo\/"},"img":{"alt_text":"","src":"https:\/\/i0.wp.com\/www.grieta.org.mx\/wp-content\/uploads\/2019\/05\/image_33_338.jpg?resize=350%2C200","width":350,"height":200,"srcset":"https:\/\/i0.wp.com\/www.grieta.org.mx\/wp-content\/uploads\/2019\/05\/image_33_338.jpg?resize=350%2C200 1x, https:\/\/i0.wp.com\/www.grieta.org.mx\/wp-content\/uploads\/2019\/05\/image_33_338.jpg?resize=525%2C300 1.5x, https:\/\/i0.wp.com\/www.grieta.org.mx\/wp-content\/uploads\/2019\/05\/image_33_338.jpg?resize=700%2C400 2x, https:\/\/i0.wp.com\/www.grieta.org.mx\/wp-content\/uploads\/2019\/05\/image_33_338.jpg?resize=1050%2C600 3x"},"classes":[]},{"id":41129,"url":"http:\/\/www.grieta.org.mx\/index.php\/2019\/11\/07\/oaxaca-en-los-primeros-lugares-de-trata-de-mujeres-y-ninas\/","url_meta":{"origin":25940,"position":1},"title":"Oaxaca en los primeros lugares de trata de mujeres y ni\u00f1as","author":"grieta","date":"7 noviembre, 2019","format":false,"excerpt":"P\u00e1gina 3 \/ Jaime Guerrero. Las condiciones sociales y econ\u00f3micas que enfrentan las mujeres en el estado de Oaxaca ha hecho que sea uno de los cinco estados del pa\u00eds con mayor \u00edndice de incidencia del delito de trata de personas desde el 2017, junto con Baja California, Chiapas, Ciudad\u2026","rel":"","context":"En &quot;CINTILLO&quot;","block_context":{"text":"CINTILLO","link":"http:\/\/www.grieta.org.mx\/index.php\/category\/cintillo\/"},"img":{"alt_text":"","src":"https:\/\/i0.wp.com\/www.grieta.org.mx\/wp-content\/uploads\/2018\/03\/14524434_1106112876131411_958039263622046936_o.jpg?resize=350%2C200","width":350,"height":200,"srcset":"https:\/\/i0.wp.com\/www.grieta.org.mx\/wp-content\/uploads\/2018\/03\/14524434_1106112876131411_958039263622046936_o.jpg?resize=350%2C200 1x, https:\/\/i0.wp.com\/www.grieta.org.mx\/wp-content\/uploads\/2018\/03\/14524434_1106112876131411_958039263622046936_o.jpg?resize=525%2C300 1.5x, https:\/\/i0.wp.com\/www.grieta.org.mx\/wp-content\/uploads\/2018\/03\/14524434_1106112876131411_958039263622046936_o.jpg?resize=700%2C400 2x"},"classes":[]},{"id":26905,"url":"http:\/\/www.grieta.org.mx\/index.php\/2018\/09\/24\/trata-de-infantes-atrapa-a-oaxaca\/","url_meta":{"origin":25940,"position":2},"title":"Trata de infantes atrapa a Oaxaca","author":"grieta","date":"24 septiembre, 2018","format":false,"excerpt":"Noticias. Citlalli Luciana, Trabajo infantil callejero, una de las variantes de explotaci\u00f3n infantil. El tr\u00e1fico de menores es una realidad en Oaxaca. Informes de la Comisi\u00f3n Nacional de Derechos Humanos (CNDH), cifras del del Sistema Nacional de Seguridad P\u00fablica (SNSP), as\u00ed como investigaciones de organizaciones como la Red de Madres\u2026","rel":"","context":"En &quot;CINTILLO&quot;","block_context":{"text":"CINTILLO","link":"http:\/\/www.grieta.org.mx\/index.php\/category\/cintillo\/"},"img":{"alt_text":"","src":"https:\/\/i0.wp.com\/www.grieta.org.mx\/wp-content\/uploads\/2018\/10\/image_19_285.jpg?resize=350%2C200","width":350,"height":200,"srcset":"https:\/\/i0.wp.com\/www.grieta.org.mx\/wp-content\/uploads\/2018\/10\/image_19_285.jpg?resize=350%2C200 1x, https:\/\/i0.wp.com\/www.grieta.org.mx\/wp-content\/uploads\/2018\/10\/image_19_285.jpg?resize=525%2C300 1.5x, https:\/\/i0.wp.com\/www.grieta.org.mx\/wp-content\/uploads\/2018\/10\/image_19_285.jpg?resize=700%2C400 2x, https:\/\/i0.wp.com\/www.grieta.org.mx\/wp-content\/uploads\/2018\/10\/image_19_285.jpg?resize=1050%2C600 3x"},"classes":[]},{"id":31196,"url":"http:\/\/www.grieta.org.mx\/index.php\/2019\/03\/25\/embosca-la-trata-a-mujeres-a-oaxaca\/","url_meta":{"origin":25940,"position":3},"title":"Embosca la trata a mujeres a Oaxaca","author":"grieta","date":"25 marzo, 2019","format":false,"excerpt":"Noticias. Citallli Luciana, Adem\u00e1s de la trata, la violencia contra las mujeres ha ido en aumento en Oaxaca. La trata de personas en un delito que mantiene una emboscada a las mujeres en el estado de Oaxaca. Junto con la Ciudad de M\u00e9xico, la entidad concentra el mayor n\u00famero de\u2026","rel":"","context":"En &quot;CINTILLO&quot;","block_context":{"text":"CINTILLO","link":"http:\/\/www.grieta.org.mx\/index.php\/category\/cintillo\/"},"img":{"alt_text":"","src":"https:\/\/i0.wp.com\/www.grieta.org.mx\/wp-content\/uploads\/2019\/03\/image_22_356.jpg?resize=350%2C200","width":350,"height":200,"srcset":"https:\/\/i0.wp.com\/www.grieta.org.mx\/wp-content\/uploads\/2019\/03\/image_22_356.jpg?resize=350%2C200 1x, https:\/\/i0.wp.com\/www.grieta.org.mx\/wp-content\/uploads\/2019\/03\/image_22_356.jpg?resize=525%2C300 1.5x, https:\/\/i0.wp.com\/www.grieta.org.mx\/wp-content\/uploads\/2019\/03\/image_22_356.jpg?resize=700%2C400 2x, https:\/\/i0.wp.com\/www.grieta.org.mx\/wp-content\/uploads\/2019\/03\/image_22_356.jpg?resize=1050%2C600 3x"},"classes":[]},{"id":27569,"url":"http:\/\/www.grieta.org.mx\/index.php\/2018\/10\/15\/oaxaca-origen-transito-y-destino-de-la-explotacion-infantil\/","url_meta":{"origin":25940,"position":4},"title":"Oaxaca, origen, tr\u00e1nsito y destino de la explotaci\u00f3n infantil","author":"grieta","date":"15 octubre, 2018","format":false,"excerpt":"Noticias. Miguel Angel, La Fiscal\u00eda General del Estado (FGE) inform\u00f3 el rescate de m\u00e1s de 60 personas v\u00edctimas de trata de personas en su modalidad de explotaci\u00f3n laboral, en el municipio de Santa Mar\u00eda Atzompa, 56 de ellos eran menores de edad. Comercio ambulante, la principal ocupaci\u00f3n de ind\u00edgenas, adolescente\u2026","rel":"","context":"En &quot;CINTILLO&quot;","block_context":{"text":"CINTILLO","link":"http:\/\/www.grieta.org.mx\/index.php\/category\/cintillo\/"},"img":{"alt_text":"","src":"https:\/\/i0.wp.com\/www.grieta.org.mx\/wp-content\/uploads\/2018\/03\/14524434_1106112876131411_958039263622046936_o.jpg?resize=350%2C200","width":350,"height":200,"srcset":"https:\/\/i0.wp.com\/www.grieta.org.mx\/wp-content\/uploads\/2018\/03\/14524434_1106112876131411_958039263622046936_o.jpg?resize=350%2C200 1x, https:\/\/i0.wp.com\/www.grieta.org.mx\/wp-content\/uploads\/2018\/03\/14524434_1106112876131411_958039263622046936_o.jpg?resize=525%2C300 1.5x, https:\/\/i0.wp.com\/www.grieta.org.mx\/wp-content\/uploads\/2018\/03\/14524434_1106112876131411_958039263622046936_o.jpg?resize=700%2C400 2x"},"classes":[]},{"id":20947,"url":"http:\/\/www.grieta.org.mx\/index.php\/2016\/08\/26\/son-poblanos-la-mayoria-de-victimas-de-explotacion-sexual-o-laboral-en-eu\/","url_meta":{"origin":25940,"position":5},"title":"Son poblanos la mayor\u00eda de v\u00edctimas de explotaci\u00f3n sexual o laboral en EU","author":"grieta","date":"26 agosto, 2016","format":false,"excerpt":"Por Mar\u00eda Pineda Al menos el 41.1 por ciento de los 418 casos de trata de personas atendidos en Estados Unidos por la Direcci\u00f3n General de Protecci\u00f3n a Mexicanos en el Exterior (DGPME), de la Secretar\u00eda de Relaciones Exteriores, son originarios de Puebla report\u00f3 la Oficina de las Naciones Unidas\u2026","rel":"","context":"En &quot;CINTILLO&quot;","block_context":{"text":"CINTILLO","link":"http:\/\/www.grieta.org.mx\/index.php\/category\/cintillo\/"},"img":{"alt_text":"","src":"https:\/\/i0.wp.com\/www.grieta.org.mx\/wp-content\/uploads\/2016\/09\/trata-dee-personas-1.jpg?resize=350%2C200","width":350,"height":200,"srcset":"https:\/\/i0.wp.com\/www.grieta.org.mx\/wp-content\/uploads\/2016\/09\/trata-dee-personas-1.jpg?resize=350%2C200 1x, https:\/\/i0.wp.com\/www.grieta.org.mx\/wp-content\/uploads\/2016\/09\/trata-dee-personas-1.jpg?resize=525%2C300 1.5x"},"classes":[]}],"_links":{"self":[{"href":"http:\/\/www.grieta.org.mx\/index.php\/wp-json\/wp\/v2\/posts\/25940","targetHints":{"allow":["GET"]}}],"collection":[{"href":"http:\/\/www.grieta.org.mx\/index.php\/wp-json\/wp\/v2\/posts"}],"about":[{"href":"http:\/\/www.grieta.org.mx\/index.php\/wp-json\/wp\/v2\/types\/post"}],"author":[{"embeddable":true,"href":"http:\/\/www.grieta.org.mx\/index.php\/wp-json\/wp\/v2\/users\/2"}],"replies":[{"embeddable":true,"href":"http:\/\/www.grieta.org.mx\/index.php\/wp-json\/wp\/v2\/comments?post=25940"}],"version-history":[{"count":1,"href":"http:\/\/www.grieta.org.mx\/index.php\/wp-json\/wp\/v2\/posts\/25940\/revisions"}],"predecessor-version":[{"id":25943,"href":"http:\/\/www.grieta.org.mx\/index.php\/wp-json\/wp\/v2\/posts\/25940\/revisions\/25943"}],"wp:featuredmedia":[{"embeddable":true,"href":"http:\/\/www.grieta.org.mx\/index.php\/wp-json\/wp\/v2\/media\/25941"}],"wp:attachment":[{"href":"http:\/\/www.grieta.org.mx\/index.php\/wp-json\/wp\/v2\/media?parent=25940"}],"wp:term":[{"taxonomy":"category","embeddable":true,"href":"http:\/\/www.grieta.org.mx\/index.php\/wp-json\/wp\/v2\/categories?post=25940"},{"taxonomy":"post_tag","embeddable":true,"href":"http:\/\/www.grieta.org.mx\/index.php\/wp-json\/wp\/v2\/tags?post=25940"}],"curies":[{"name":"wp","href":"https:\/\/api.w.org\/{rel}","templated":true}]}}