{"id":25647,"date":"2018-08-18T12:01:03","date_gmt":"2018-08-18T17:01:03","guid":{"rendered":"http:\/\/www.grieta.org.mx\/?p=25647"},"modified":"2018-08-18T12:01:34","modified_gmt":"2018-08-18T17:01:34","slug":"se-maniestan-contra-el-alza-a-las-tarifas-del-transporte-publico-yucatan","status":"publish","type":"post","link":"http:\/\/www.grieta.org.mx\/index.php\/2018\/08\/18\/se-maniestan-contra-el-alza-a-las-tarifas-del-transporte-publico-yucatan\/","title":{"rendered":"Se maniestan contra el alza a las tarifas del transporte p\u00fablico (Yucat\u00e1n)"},"content":{"rendered":"<p><img loading=\"lazy\" decoding=\"async\" data-attachment-id=\"25648\" data-permalink=\"http:\/\/www.grieta.org.mx\/index.php\/2018\/08\/18\/se-maniestan-contra-el-alza-a-las-tarifas-del-transporte-publico-yucatan\/alzatransporteagosto\/\" data-orig-file=\"http:\/\/www.grieta.org.mx\/wp-content\/uploads\/2018\/08\/AlzaTransporteAgosto.png\" data-orig-size=\"705,467\" data-comments-opened=\"0\" data-image-meta=\"{&quot;aperture&quot;:&quot;0&quot;,&quot;credit&quot;:&quot;&quot;,&quot;camera&quot;:&quot;&quot;,&quot;caption&quot;:&quot;&quot;,&quot;created_timestamp&quot;:&quot;0&quot;,&quot;copyright&quot;:&quot;&quot;,&quot;focal_length&quot;:&quot;0&quot;,&quot;iso&quot;:&quot;0&quot;,&quot;shutter_speed&quot;:&quot;0&quot;,&quot;title&quot;:&quot;&quot;,&quot;orientation&quot;:&quot;0&quot;}\" data-image-title=\"AlzaTransporteAgosto\" data-image-description=\"\" data-image-caption=\"\" data-medium-file=\"http:\/\/www.grieta.org.mx\/wp-content\/uploads\/2018\/08\/AlzaTransporteAgosto-300x199.png\" data-large-file=\"http:\/\/www.grieta.org.mx\/wp-content\/uploads\/2018\/08\/AlzaTransporteAgosto.png\" src=\"http:\/\/www.grieta.org.mx\/wp-content\/uploads\/2018\/08\/AlzaTransporteAgosto.png\" alt=\"\" width=\"705\" height=\"467\" class=\"aligncenter size-full wp-image-25648\" srcset=\"http:\/\/www.grieta.org.mx\/wp-content\/uploads\/2018\/08\/AlzaTransporteAgosto.png 705w, http:\/\/www.grieta.org.mx\/wp-content\/uploads\/2018\/08\/AlzaTransporteAgosto-300x199.png 300w\" sizes=\"auto, (max-width: 705px) 100vw, 705px\" \/><\/p>\n<p>David Rico\/Por Esto<br \/>\nEstudiantes, integrantes de agrupaciones sindicales y de la sociedad civil, salieron ayer a las calles de M\u00e9rida para rechazar rotundamente el alza a la tarifa del transporte p\u00fablico, as\u00ed como demandaron una reingenier\u00eda social que mejore el servicio, y tambi\u00e9n que se establezcan mesas de di\u00e1logo entre el gobierno, los concesionarios y los integrantes del Movimiento por la Movilidad de M\u00e9rida.<br \/>\nA pesar de la ligera lluvia que cay\u00f3 por la tarde, un contingente sali\u00f3 del Parque de San Juan rumbo a la Plaza Grande. Alrededor de las 5.45 el grupo de estudiantes, obreros, integrantes de diferentes sindicatos y de agrupaciones de la sociedad civil, empezaron la marcha hacia el Palacio de Gobierno y el Palacio Municipal.<br \/>\n\u201c\u00a1No al alza, al pueblo no le alcanza!\u201d, fue el grito que durante todo el trayecto son\u00f3, seguido de otro que dec\u00eda \u201cLucha, lucha, lucha, no dejes de luchar, por un transporte urbano, eficiente y popular\u201d.<br \/>\nEl contingente realiz\u00f3 una visita a las instalaciones de la Alianza de Camioneros de Yucat\u00e1n (ACY), donde demandaron que el Gobierno y los concesionarios mejoren el servicio que se presta, as\u00ed como que se transparenten las concesiones del transporte p\u00fablico, en cuanto a qui\u00e9nes las tienen y cu\u00e1les son los compromisos que tienen hechos.<br \/>\nDijeron que no se est\u00e1 luchando sin justificaci\u00f3n pues se trata de un transporte caro y que las condiciones de las unidades son malas. Pidieron que tanto el Estado como los municipios transparenten todo lo referente a las concesiones del transporte p\u00fablico, adem\u00e1s de que se sepa cu\u00e1nto reciben del Gobierno del Estado y qu\u00e9 se hace con el dinero.<br \/>\nSe\u00f1alaron que los concesionarios carecen de una visi\u00f3n social y de crecimiento y que todos sus problemas se los achacan al pueblo y los quieren resolver s\u00f3lo subiendo las tarifas y afectando a los usuarios.<br \/>\nRechazaron el alza al transporte que, como se sabe, es de 13 pesos la tarifa que pretenden los concesionarios, adem\u00e1s de que dijeron debe haber nuevas rutas y una visi\u00f3n ecol\u00f3gica en este servicio.<br \/>\nLuego de la parada en las instalaciones de la ACY, el contingente tom\u00f3 por la calle 60 hasta llegar a la Plaza Grande, frente a Palacio de Gobierno. En todo el trayecto invitaron a los espectadores a sumarse al movimiento, algunas veces con la consigna \u201c\u00a1A ti que estas mirando, tambi\u00e9n te est\u00e1n chingando!\u201d.<br \/>\nEl contingente plural que sali\u00f3 a marchar se denomina Movimiento por la Movilidad de M\u00e9rida y dejaron en claro su rotundo no al alza a las tarifas del transporte, porque afectar\u00eda severamente a la gente pues con un aumento se generar\u00eda que la gente gaste alrededor del 65 por ciento de su salario s\u00f3lo en pasajes.<br \/>\nLuego de un breve mitin frente a Palacio de Gobierno y frente al Ayuntamiento, los manifestantes entregaron un pliego de peticiones y dijeron que es producto del Foro por la Movilidad de M\u00e9rida que se llev\u00f3 a cabo en d\u00edas pasados.<br \/>\nEl documento fue recibido tanto en la sede del Ejecutivo como en la Comuna. Demandaron una pronta respuesta y en concreto que no haya alza, pero que se haga una reuni\u00f3n entre el Gobierno del Estado, los concesionarios y los integrantes del Movimiento por la Movilidad de M\u00e9rida, para resolver el problema del transporte que no s\u00f3lo es de tarifas sino de rutas, unidades, y muchos otros temas.<br \/>\nEn el documento entregado se establece que el transporte p\u00fablico es el motor de desarrollo, adem\u00e1s de un derecho p\u00fablico que est\u00e1 concesionado a particulares y que hoy no funciona, pues su funcionamiento es gris y con una visi\u00f3n alejada de las necesidades de la poblaci\u00f3n.<br \/>\nCondenaron que los empresarios del transporte se rasgan las vestiduras porque dicen no les alcanza, pero carecen de sensibilidad.<br \/>\n\u201cSi no cambian, si no se transforman, ser\u00e1n sustituidos por otros que est\u00e9n a la altura de la ciudadan\u00eda. Queremos que se den resultados y que no se deje a un estudiante con la mano alzada o que no se d\u00e9 parada a un adulto mayor\u201d, se\u00f1alaron.<br \/>\nDemandaron adem\u00e1s un transporte inteligente, ecol\u00f3gico, funcional, con horarios amplios, con espacios incluyentes y comprometidos con los estudiantes y con la sociedad en general, rutas transversales, nuevos circuitos interiores y circuitos perif\u00e9ricos. Dejaron en claro que no se trata s\u00f3lo del precio del transporte, aunque reiteraron su rechazo al alza, sino de abrir el tema a debate para una discusi\u00f3n m\u00e1s humana sobre el transporte.<br \/>\nAdem\u00e1s, se\u00f1alaron que no se trata de una confrontaci\u00f3n con los transportistas, pero advirtieron que el movimiento no ser\u00e1 \u201cllamarada de petate\u201d o una v\u00e1lvula de escape del encono social, pero seguir\u00e1 luchando por un cambio verdadero en el sistema de transporte.<br \/>\n\u201cNos han fallado y nos obligan a organizarnos e invitamos a la ciudadan\u00eda a sumarse a la discusi\u00f3n y que se integren mesas de trabajo para tener m\u00e1s propuestas\u201d, se\u00f1alaron.<br \/>\nExigieron a los tres \u00f3rdenes de gobierno que se realice un trabajo integral en el tema de transporte y que se d\u00e9 el servicio que la gente demanda.<\/p>\n<p><a href=\"https:\/\/www.poresto.net\/ver_nota.php?zona=yucatan&#038;idSeccion=1&#038;idTitulo=670646\" rel=\"noopener\" target=\"_blank\">https:\/\/www.poresto.net\/ver_nota.php?zona=yucatan&#038;idSeccion=1&#038;idTitulo=670646<\/a><\/p>\n","protected":false},"excerpt":{"rendered":"<p>David Rico\/Por Esto Estudiantes, integrantes de agrupaciones sindicales y de la sociedad civil, salieron ayer a las calles de M\u00e9rida para rechazar rotundamente el alza a la tarifa del transporte &hellip; <a href=\"http:\/\/www.grieta.org.mx\/index.php\/2018\/08\/18\/se-maniestan-contra-el-alza-a-las-tarifas-del-transporte-publico-yucatan\/\" class=\"more-link\">Leer m\u00e1s<\/a><\/p>\n","protected":false},"author":2,"featured_media":25648,"comment_status":"closed","ping_status":"closed","sticky":false,"template":"","format":"standard","meta":{"ngg_post_thumbnail":0,"_jetpack_newsletter_access":"","_jetpack_dont_email_post_to_subs":false,"_jetpack_newsletter_tier_id":0,"_jetpack_memberships_contains_paywalled_content":false,"_jetpack_memberships_contains_paid_content":false,"footnotes":""},"categories":[80,1621,2,36],"tags":[1595],"class_list":["post-25647","post","type-post","status-publish","format-standard","has-post-thumbnail","hentry","category-cintillo","category-incremento-al-costo-de-la-vida-en-yucatan","category-noticias-nacionales","category-yucatan","tag-tarifa-transporte-publico","entry"],"jetpack_featured_media_url":"http:\/\/www.grieta.org.mx\/wp-content\/uploads\/2018\/08\/AlzaTransporteAgosto.png","jetpack_sharing_enabled":true,"jetpack_shortlink":"https:\/\/wp.me\/p7ZJR4-6FF","jetpack_likes_enabled":false,"jetpack-related-posts":[{"id":5206,"url":"http:\/\/www.grieta.org.mx\/index.php\/2015\/08\/13\/preparan-amparo-vs-alza-al-transporte\/","url_meta":{"origin":25647,"position":0},"title":"Preparan amparo vs alza al transporte","author":"grieta","date":"13 agosto, 2015","format":false,"excerpt":"Arlene Pati\u00f1o\/El Economista Estudiantes de la Facultad de Derecho de la Universidad Aut\u00f3noma de Quer\u00e9taro (UAQ) presentar\u00e1n un amparo colectivo en contra del alza de 30% a 8.5 pesos en la tarifa del transporte p\u00fablico. De acuerdo con la secretaria particular de Rector\u00eda, Blanca Guti\u00e9rrez Grageda, se encuentran en la\u2026","rel":"","context":"En &quot;CINTILLO&quot;","block_context":{"text":"CINTILLO","link":"http:\/\/www.grieta.org.mx\/index.php\/category\/cintillo\/"},"img":{"alt_text":"","src":"https:\/\/i0.wp.com\/www.grieta.org.mx\/wp-content\/uploads\/2018\/03\/14524434_1106112876131411_958039263622046936_o.jpg?resize=350%2C200","width":350,"height":200,"srcset":"https:\/\/i0.wp.com\/www.grieta.org.mx\/wp-content\/uploads\/2018\/03\/14524434_1106112876131411_958039263622046936_o.jpg?resize=350%2C200 1x, https:\/\/i0.wp.com\/www.grieta.org.mx\/wp-content\/uploads\/2018\/03\/14524434_1106112876131411_958039263622046936_o.jpg?resize=525%2C300 1.5x, https:\/\/i0.wp.com\/www.grieta.org.mx\/wp-content\/uploads\/2018\/03\/14524434_1106112876131411_958039263622046936_o.jpg?resize=700%2C400 2x"},"classes":[]},{"id":63612,"url":"http:\/\/www.grieta.org.mx\/index.php\/2022\/03\/03\/estudiantes-protestan-por-pesimo-servicio-de-transporte-yucatan\/","url_meta":{"origin":25647,"position":1},"title":"Estudiantes protestan por p\u00e9simo servicio de transporte (Yucat\u00e1n)","author":"grieta","date":"3 marzo, 2022","format":false,"excerpt":"Haz Ruido Se quejaron de que no hay autobuses suficientes para trasladarlos a los campus, no les respetan sus credenciales de descuento de pasaje y no se garantiza la sana distancia en las unidades. M\u00e9rida, Yucat\u00e1n, 3 de marzo de 2022.- Un grupo de estudiantes protest\u00f3 en las calles del\u2026","rel":"","context":"En &quot;CINTILLO&quot;","block_context":{"text":"CINTILLO","link":"http:\/\/www.grieta.org.mx\/index.php\/category\/cintillo\/"},"img":{"alt_text":"","src":"https:\/\/i0.wp.com\/www.grieta.org.mx\/wp-content\/uploads\/2022\/03\/EstudiantesTransporte-e1646708191258.png?resize=350%2C200","width":350,"height":200,"srcset":"https:\/\/i0.wp.com\/www.grieta.org.mx\/wp-content\/uploads\/2022\/03\/EstudiantesTransporte-e1646708191258.png?resize=350%2C200 1x, https:\/\/i0.wp.com\/www.grieta.org.mx\/wp-content\/uploads\/2022\/03\/EstudiantesTransporte-e1646708191258.png?resize=525%2C300 1.5x, https:\/\/i0.wp.com\/www.grieta.org.mx\/wp-content\/uploads\/2022\/03\/EstudiantesTransporte-e1646708191258.png?resize=700%2C400 2x"},"classes":[]},{"id":42832,"url":"http:\/\/www.grieta.org.mx\/index.php\/2020\/01\/03\/realizan-foro-estatal-en-contra-del-tarifazo-al-transporte-publico-estado-de-mexico\/","url_meta":{"origin":25647,"position":2},"title":"Realizan Foro Estatal en contra del tarifazo al transporte p\u00fablico (Estado de M\u00e9xico)","author":"grieta","date":"3 enero, 2020","format":false,"excerpt":"Foto: Luis Rodr\u00edguez \/ El Sol de Toluca Adriana Garc\u00eda \/ El Sol de Toluca Piden a la ciudadan\u00eda unirse a la movilizaci\u00f3n del 9 de enero Diversos colectivos del Estado de M\u00e9xico llevaron a cabo el Foro estatal contra el tarifazo al transporte p\u00fablico de dos pesos al pasaje\u2026","rel":"","context":"En &quot;CINTILLO&quot;","block_context":{"text":"CINTILLO","link":"http:\/\/www.grieta.org.mx\/index.php\/category\/cintillo\/"},"img":{"alt_text":"","src":"https:\/\/i0.wp.com\/www.grieta.org.mx\/wp-content\/uploads\/2020\/01\/Realizan-Foro-Estatal-en-contra-del-tarifazo-al-transporte-p%C3%BAblico-edomex-ene.jpg?resize=350%2C200","width":350,"height":200,"srcset":"https:\/\/i0.wp.com\/www.grieta.org.mx\/wp-content\/uploads\/2020\/01\/Realizan-Foro-Estatal-en-contra-del-tarifazo-al-transporte-p%C3%BAblico-edomex-ene.jpg?resize=350%2C200 1x, https:\/\/i0.wp.com\/www.grieta.org.mx\/wp-content\/uploads\/2020\/01\/Realizan-Foro-Estatal-en-contra-del-tarifazo-al-transporte-p%C3%BAblico-edomex-ene.jpg?resize=525%2C300 1.5x, https:\/\/i0.wp.com\/www.grieta.org.mx\/wp-content\/uploads\/2020\/01\/Realizan-Foro-Estatal-en-contra-del-tarifazo-al-transporte-p%C3%BAblico-edomex-ene.jpg?resize=700%2C400 2x"},"classes":[]},{"id":32859,"url":"http:\/\/www.grieta.org.mx\/index.php\/2019\/04\/29\/no-al-tarifazo-convoca-sociedad-civil-de-nl-a-paros-intermitentes-nuevo-leon\/","url_meta":{"origin":25647,"position":3},"title":"\u00a1No al tarifazo! Convoca sociedad civil de NL a paros intermitentes (Nuevo Le\u00f3n)","author":"grieta","date":"29 abril, 2019","format":false,"excerpt":"Posta Grupos de ciudadanos invitan a trav\u00e9s de redes sociales a manifestarse en contra del alza al transporte p\u00fablico NUEVO LE\u00d3N.- Con la finalidad de manifestarse en contra del denominado 'tarifazo' miembros de la sociedad civil est\u00e1n convocando a paros intermitentes en las principales vialidades de Monterrey. Se tiene previsto\u2026","rel":"","context":"En &quot;CINTILLO&quot;","block_context":{"text":"CINTILLO","link":"http:\/\/www.grieta.org.mx\/index.php\/category\/cintillo\/"},"img":{"alt_text":"","src":"https:\/\/i0.wp.com\/www.grieta.org.mx\/wp-content\/uploads\/2019\/05\/%C2%A1No-al-tarifazo-Convoca-sociedad-civil-de-NL-a-paros-intermitentes-nl-may.jpg?resize=350%2C200","width":350,"height":200,"srcset":"https:\/\/i0.wp.com\/www.grieta.org.mx\/wp-content\/uploads\/2019\/05\/%C2%A1No-al-tarifazo-Convoca-sociedad-civil-de-NL-a-paros-intermitentes-nl-may.jpg?resize=350%2C200 1x, https:\/\/i0.wp.com\/www.grieta.org.mx\/wp-content\/uploads\/2019\/05\/%C2%A1No-al-tarifazo-Convoca-sociedad-civil-de-NL-a-paros-intermitentes-nl-may.jpg?resize=525%2C300 1.5x"},"classes":[]},{"id":43076,"url":"http:\/\/www.grieta.org.mx\/index.php\/2020\/01\/10\/protestas-contra-alza-a-transporte-afectan-a-edomex\/","url_meta":{"origin":25647,"position":4},"title":"Protestas contra alza a transporte afectan a Edomex","author":"grieta","date":"10 enero, 2020","format":false,"excerpt":"Foto: Jorge Alvarado. El Universal Claudia Gonz\u00e1lez y Rebeca Jim\u00e9nez \/ El Universal Marchas paralizan tr\u00e1nsito en ciudad de Toluca; gobierno analizar\u00e1 tarifa especial a estudiantes Toluca, M\u00e9x.\u2014 La movilizaci\u00f3n de colectivos, estudiantes de la UNAM, UAEM\u00e9x, IPN, FES Cuautitl\u00e1n y ciudadanos contra el tarifazo en el Estado de M\u00e9xico\u2026","rel":"","context":"En &quot;Abuso policiaco y tortura en el Estado de M\u00e9xico&quot;","block_context":{"text":"Abuso policiaco y tortura en el Estado de M\u00e9xico","link":"http:\/\/www.grieta.org.mx\/index.php\/category\/noticias-nacionales\/estado-de-mexico\/abuso-policiaco-y-tortura-en-el-estado-de-mexico\/"},"img":{"alt_text":"","src":"https:\/\/i0.wp.com\/www.grieta.org.mx\/wp-content\/uploads\/2020\/01\/Protestas-contra-alza-a-transporte-afectan-a-Edomex-ene.jpg?resize=350%2C200","width":350,"height":200},"classes":[]},{"id":42592,"url":"http:\/\/www.grieta.org.mx\/index.php\/2019\/12\/23\/edomex-tendra-en-2020-la-tarifa-de-transporte-publico-mas-cara-de-mexico\/","url_meta":{"origin":25647,"position":5},"title":"Edomex tendr\u00e1 en 2020 la tarifa de transporte p\u00fablico m\u00e1s cara de M\u00e9xico","author":"grieta","date":"23 diciembre, 2019","format":false,"excerpt":"Alma R\u00edos \/ El Gr\u00e1fico \u00a0 En 23 estados de la Rep\u00fablica la tarifa est\u00e1 por debajo de los 10.00 pesos. La m\u00e1s barata de 6 pesos y la tiene la Ciudad de M\u00e9xico TOLUCA.- A partir del pr\u00f3ximo primero de enero, el estado de M\u00e9xico tendr\u00e1 la tarifa del\u2026","rel":"","context":"En &quot;CINTILLO&quot;","block_context":{"text":"CINTILLO","link":"http:\/\/www.grieta.org.mx\/index.php\/category\/cintillo\/"},"img":{"alt_text":"","src":"https:\/\/i0.wp.com\/www.grieta.org.mx\/wp-content\/uploads\/2019\/12\/Edomex-tendr%C3%A1-en-2020-la-tarifa-de-transporte-p%C3%BAblico-m%C3%A1s-cara-de-edomex-dic.jpg?resize=350%2C200","width":350,"height":200},"classes":[]}],"_links":{"self":[{"href":"http:\/\/www.grieta.org.mx\/index.php\/wp-json\/wp\/v2\/posts\/25647","targetHints":{"allow":["GET"]}}],"collection":[{"href":"http:\/\/www.grieta.org.mx\/index.php\/wp-json\/wp\/v2\/posts"}],"about":[{"href":"http:\/\/www.grieta.org.mx\/index.php\/wp-json\/wp\/v2\/types\/post"}],"author":[{"embeddable":true,"href":"http:\/\/www.grieta.org.mx\/index.php\/wp-json\/wp\/v2\/users\/2"}],"replies":[{"embeddable":true,"href":"http:\/\/www.grieta.org.mx\/index.php\/wp-json\/wp\/v2\/comments?post=25647"}],"version-history":[{"count":1,"href":"http:\/\/www.grieta.org.mx\/index.php\/wp-json\/wp\/v2\/posts\/25647\/revisions"}],"predecessor-version":[{"id":25649,"href":"http:\/\/www.grieta.org.mx\/index.php\/wp-json\/wp\/v2\/posts\/25647\/revisions\/25649"}],"wp:featuredmedia":[{"embeddable":true,"href":"http:\/\/www.grieta.org.mx\/index.php\/wp-json\/wp\/v2\/media\/25648"}],"wp:attachment":[{"href":"http:\/\/www.grieta.org.mx\/index.php\/wp-json\/wp\/v2\/media?parent=25647"}],"wp:term":[{"taxonomy":"category","embeddable":true,"href":"http:\/\/www.grieta.org.mx\/index.php\/wp-json\/wp\/v2\/categories?post=25647"},{"taxonomy":"post_tag","embeddable":true,"href":"http:\/\/www.grieta.org.mx\/index.php\/wp-json\/wp\/v2\/tags?post=25647"}],"curies":[{"name":"wp","href":"https:\/\/api.w.org\/{rel}","templated":true}]}}