{"id":25572,"date":"2018-08-06T17:50:50","date_gmt":"2018-08-06T22:50:50","guid":{"rendered":"http:\/\/www.grieta.org.mx\/?p=25572"},"modified":"2018-08-16T17:59:48","modified_gmt":"2018-08-16T22:59:48","slug":"extrabajadores-de-oceanografia-denuncian-ante-la-oit-a-pena-naviera-y-sindicatos-charros","status":"publish","type":"post","link":"http:\/\/www.grieta.org.mx\/index.php\/2018\/08\/06\/extrabajadores-de-oceanografia-denuncian-ante-la-oit-a-pena-naviera-y-sindicatos-charros\/","title":{"rendered":"Extrabajadores de Oceanograf\u00eda denuncian ante la OIT a Pe\u00f1a, naviera y sindicatos \u201ccharros\u201d"},"content":{"rendered":"<p><img loading=\"lazy\" decoding=\"async\" data-attachment-id=\"25573\" data-permalink=\"http:\/\/www.grieta.org.mx\/index.php\/2018\/08\/06\/extrabajadores-de-oceanografia-denuncian-ante-la-oit-a-pena-naviera-y-sindicatos-charros\/e1d9403e6fed1db51f-150821_oceonagrafia_yc4-f\/\" data-orig-file=\"http:\/\/www.grieta.org.mx\/wp-content\/uploads\/2018\/08\/e1d9403e6fed1db51f-150821_oceonagrafia_yc4-f.jpg\" data-orig-size=\"1200,797\" data-comments-opened=\"0\" data-image-meta=\"{&quot;aperture&quot;:&quot;0&quot;,&quot;credit&quot;:&quot;&quot;,&quot;camera&quot;:&quot;&quot;,&quot;caption&quot;:&quot;&quot;,&quot;created_timestamp&quot;:&quot;0&quot;,&quot;copyright&quot;:&quot;Fotografia de Yahir Ceballos&quot;,&quot;focal_length&quot;:&quot;0&quot;,&quot;iso&quot;:&quot;0&quot;,&quot;shutter_speed&quot;:&quot;0&quot;,&quot;title&quot;:&quot;&quot;,&quot;orientation&quot;:&quot;0&quot;}\" data-image-title=\"e1d9403e6fed1db51f-150821_oceonagrafia_yc4-f\" data-image-description=\"\" data-image-caption=\"\" data-medium-file=\"http:\/\/www.grieta.org.mx\/wp-content\/uploads\/2018\/08\/e1d9403e6fed1db51f-150821_oceonagrafia_yc4-f-300x199.jpg\" data-large-file=\"http:\/\/www.grieta.org.mx\/wp-content\/uploads\/2018\/08\/e1d9403e6fed1db51f-150821_oceonagrafia_yc4-f-1024x680.jpg\" src=\"http:\/\/www.grieta.org.mx\/wp-content\/uploads\/2018\/08\/e1d9403e6fed1db51f-150821_oceonagrafia_yc4-f-1024x680.jpg\" alt=\"\" width=\"819\" height=\"544\" class=\"aligncenter size-large wp-image-25573\" srcset=\"http:\/\/www.grieta.org.mx\/wp-content\/uploads\/2018\/08\/e1d9403e6fed1db51f-150821_oceonagrafia_yc4-f-1024x680.jpg 1024w, http:\/\/www.grieta.org.mx\/wp-content\/uploads\/2018\/08\/e1d9403e6fed1db51f-150821_oceonagrafia_yc4-f-300x199.jpg 300w, http:\/\/www.grieta.org.mx\/wp-content\/uploads\/2018\/08\/e1d9403e6fed1db51f-150821_oceonagrafia_yc4-f-768x510.jpg 768w, http:\/\/www.grieta.org.mx\/wp-content\/uploads\/2018\/08\/e1d9403e6fed1db51f-150821_oceonagrafia_yc4-f-753x500.jpg 753w, http:\/\/www.grieta.org.mx\/wp-content\/uploads\/2018\/08\/e1d9403e6fed1db51f-150821_oceonagrafia_yc4-f.jpg 1200w\" sizes=\"auto, (max-width: 819px) 100vw, 819px\" \/><\/p>\n<p>Rosa Santana\/Proceso<br \/>\nCIUDAD DEL CARMEN, Cam. (apro).- Extrabajadores de Oceanograf\u00eda, despedidos arbitrariamente en 2014, denunciaron ante la Organizaci\u00f3n Internacional del Trabajo (OIT) a la naviera, a los sindicatos \u201ccharros\u201d y al gobierno mexicano por violaciones a sus derechos laborales.<\/p>\n<p>La denuncia es por la violaci\u00f3n al Convenio Internacional sobre la Libertad Sindical y la Protecci\u00f3n del Derecho de Sindicaci\u00f3n (M\u00e9xico C087), suscrito por el gobierno mexicano.<\/p>\n<p>Las entidades p\u00fablicas denunciadas son el Servicio de Administraci\u00f3n y Enajenaci\u00f3n de Bienes (SAE), organismo dependiente de la Secretar\u00eda de Hacienda y Cr\u00e9dito P\u00fablico (SHCP); el Instituto Federal de Especialistas en Concursos Mercantiles (Ifecom), dependiente del Consejo de la Judicatura Federal (CJF), y sus funcionarios durante la administraci\u00f3n del empleador Oceanograf\u00eda SA. de CV.<\/p>\n<p>La denuncia tambi\u00e9n implica al presidente Enrique Pe\u00f1a Nieto, al exsecretario de Hacienda y actual canciller Luis Videgaray Caso; al secretario de Hacienda, Jos\u00e9 Antonio Gonz\u00e1lez Anaya; al secretario de Gobernaci\u00f3n y exsecretario del Trabajo, Alfonso Navarrete Prida, y a Roberto Campa Cifri\u00e1n, actual secretario del Trabajo, como \u201clos responsables directos del Estado mexicano para la administraci\u00f3n p\u00fablica y el cumplimiento de la Constituci\u00f3n federal, leyes, tratados y convenios suscritos por M\u00e9xico\u201d.<\/p>\n<p>Igual est\u00e1n denunciados los sindicatos Nacional de Trabajadores del Transporte en General, Autopartes Mec\u00e1nicas o El\u00e9ctricas, Construcci\u00f3n, Prestaci\u00f3n de Servicios en General o Profesionales Similares y Conexos de la Rep\u00fablica Mexicana (CTM), y Nacional 29 de Mayo de Trabajadores, Empleados, Terraceros, Excavadores, Constructores de la Industria de la Construcci\u00f3n de la Rep\u00fablica Mexicana.<\/p>\n<p>Adem\u00e1s, los sindicatos de Trabajadores de Hidrocarburos y de la Industria de la Transformaci\u00f3n de la Rep\u00fablica Mexicana, secci\u00f3n 15 CTM Pit\u00e1goras; Joven 15 CTM; Aut\u00f3nomo Nacional de Trabajadores de Seguridad Privada, Vigilancia, Traslado de Valores y Personas, Manufacturas de Equipos de Seguridad, Limpieza, Mantenimiento, Similares y Conexos de la Rep\u00fablica Mexicana, as\u00ed como sus respectivos representantes legales.<\/p>\n<p>De igual manera, al empleador Oceanograf\u00eda SA., su representante legal Humberto Cavazos Chena y su due\u00f1o, Amado Omar Y\u00e1\u00f1ez Osuna.<\/p>\n<p><a href=\"https:\/\/www.proceso.com.mx\/545925\/extrabajadores-de-oceanografia-denuncian-ante-la-oit-a-pena-naviera-y-sindicatos-charros\" rel=\"noopener\" target=\"_blank\">https:\/\/www.proceso.com.mx\/545925\/extrabajadores-de-oceanografia-denuncian-ante-la-oit-a-pena-naviera-y-sindicatos-charros<\/a><\/p>\n","protected":false},"excerpt":{"rendered":"<p>Rosa Santana\/Proceso CIUDAD DEL CARMEN, Cam. (apro).- Extrabajadores de Oceanograf\u00eda, despedidos arbitrariamente en 2014, denunciaron ante la Organizaci\u00f3n Internacional del Trabajo (OIT) a la naviera, a los sindicatos \u201ccharros\u201d y &hellip; <a href=\"http:\/\/www.grieta.org.mx\/index.php\/2018\/08\/06\/extrabajadores-de-oceanografia-denuncian-ante-la-oit-a-pena-naviera-y-sindicatos-charros\/\" class=\"more-link\">Leer m\u00e1s<\/a><\/p>\n","protected":false},"author":2,"featured_media":25573,"comment_status":"closed","ping_status":"closed","sticky":false,"template":"","format":"standard","meta":{"ngg_post_thumbnail":0,"_jetpack_newsletter_access":"","_jetpack_dont_email_post_to_subs":false,"_jetpack_newsletter_tier_id":0,"_jetpack_memberships_contains_paywalled_content":false,"_jetpack_memberships_contains_paid_content":false,"footnotes":""},"categories":[11,80,1040,2,1312],"tags":[1235],"class_list":["post-25572","post","type-post","status-publish","format-standard","has-post-thumbnail","hentry","category-campeche","category-cintillo","category-conflictos-laborales-en-campeche","category-noticias-nacionales","category-oceanografia","tag-oceanografia","entry"],"jetpack_featured_media_url":"http:\/\/www.grieta.org.mx\/wp-content\/uploads\/2018\/08\/e1d9403e6fed1db51f-150821_oceonagrafia_yc4-f.jpg","jetpack_sharing_enabled":true,"jetpack_shortlink":"https:\/\/wp.me\/p7ZJR4-6Es","jetpack_likes_enabled":false,"jetpack-related-posts":[{"id":63058,"url":"http:\/\/www.grieta.org.mx\/index.php\/2021\/05\/21\/acribillan-a-lider-de-extrabajadores-que-mantienen-un-pleito-laboral-con-oceanografia-campeche\/","url_meta":{"origin":25572,"position":0},"title":"Acribillan a l\u00edder de extrabajadores que mantienen un pleito laboral con Oceanograf\u00eda (Campeche)","author":"grieta","date":"21 mayo, 2021","format":false,"excerpt":"Rosa Santana \/ Proceso CD. DEL CARMEN, Cam. (apro).- Homero Ter\u00e1n Vanoye, uno de los l\u00edderes de extrabajadores de Oceanograf\u00eda (OSA), que desde hace m\u00e1s de siete a\u00f1os libran un juicio laboral contra la naviera y su propietario Amado Y\u00e1\u00f1ez Osuna, fue acribillado en la colonia Bur\u00f3cratas de esta ciudad.\u2026","rel":"","context":"En &quot;Campeche&quot;","block_context":{"text":"Campeche","link":"http:\/\/www.grieta.org.mx\/index.php\/category\/noticias-nacionales\/campeche\/"},"img":{"alt_text":"","src":"https:\/\/i0.wp.com\/www.grieta.org.mx\/wp-content\/uploads\/2018\/03\/14524434_1106112876131411_958039263622046936_o.jpg?resize=350%2C200","width":350,"height":200,"srcset":"https:\/\/i0.wp.com\/www.grieta.org.mx\/wp-content\/uploads\/2018\/03\/14524434_1106112876131411_958039263622046936_o.jpg?resize=350%2C200 1x, https:\/\/i0.wp.com\/www.grieta.org.mx\/wp-content\/uploads\/2018\/03\/14524434_1106112876131411_958039263622046936_o.jpg?resize=525%2C300 1.5x, https:\/\/i0.wp.com\/www.grieta.org.mx\/wp-content\/uploads\/2018\/03\/14524434_1106112876131411_958039263622046936_o.jpg?resize=700%2C400 2x"},"classes":[]},{"id":28575,"url":"http:\/\/www.grieta.org.mx\/index.php\/2019\/01\/04\/siguen-los-acosos-y-despidos-laborales-en-oceanografia-campeche\/","url_meta":{"origin":25572,"position":1},"title":"Siguen los acosos y despidos laborales en Oceanograf\u00eda (Campeche)","author":"grieta","date":"4 enero, 2019","format":false,"excerpt":"Redacci\u00f3n\/Campeche Hoy CD DEL CARMEN. Contin\u00faan las denuncias en contra de la empresa petrolera Oceanograf\u00eda por abusos laborales, ahora 21 trabajadores activos fueron dados de baja como derechohabientes del Instituto Mexicano del Seguro Social (IMSS) sin previo aviso y a\u00fan les debe ocho meses de salario, pero Jorge Betancourt M\u00e9ndez\u2026","rel":"","context":"En &quot;Campeche&quot;","block_context":{"text":"Campeche","link":"http:\/\/www.grieta.org.mx\/index.php\/category\/noticias-nacionales\/campeche\/"},"img":{"alt_text":"","src":"https:\/\/i0.wp.com\/www.grieta.org.mx\/wp-content\/uploads\/2019\/01\/FOTO-1-6-640x427.jpg?resize=350%2C200","width":350,"height":200,"srcset":"https:\/\/i0.wp.com\/www.grieta.org.mx\/wp-content\/uploads\/2019\/01\/FOTO-1-6-640x427.jpg?resize=350%2C200 1x, https:\/\/i0.wp.com\/www.grieta.org.mx\/wp-content\/uploads\/2019\/01\/FOTO-1-6-640x427.jpg?resize=525%2C300 1.5x"},"classes":[]},{"id":2909,"url":"http:\/\/www.grieta.org.mx\/index.php\/2016\/08\/16\/trabajadores-de-la-empresa-oceanografia-exigen-su-liquidacion-en-yucatan\/","url_meta":{"origin":25572,"position":2},"title":"Trabajadores de la empresa \u201cOceanograf\u00eda\u201d exigen su liquidaci\u00f3n.","author":"grieta","date":"16 agosto, 2016","format":false,"excerpt":"16\/08\/16. Exobreros de naviera exigen cese de P\u00e9rez (Campeche)Tribuna 11\/08\/16. Afectados 4,500; no los liquid\u00f3 Oceanograf\u00eda (Campeche)Tribuna 25\/09\/15. Campeche: exigen trabajadores de Oceanograf\u00eda pago quincenal.La Jornada 18\/05\/15. Ex empleados de Oceanograf\u00eda exigen el pago de sus salarios en Yucat\u00e1n.El diario de Yucat\u00e1n 29\/01\/15. 32 detenidos en desalojo de ex empleados\u2026","rel":"","context":"En &quot;Campeche&quot;","block_context":{"text":"Campeche","link":"http:\/\/www.grieta.org.mx\/index.php\/category\/noticias-nacionales\/campeche\/"},"img":{"alt_text":"","src":"https:\/\/i0.wp.com\/www.grieta.org.mx\/wp-content\/uploads\/2018\/03\/14524434_1106112876131411_958039263622046936_o.jpg?resize=350%2C200","width":350,"height":200,"srcset":"https:\/\/i0.wp.com\/www.grieta.org.mx\/wp-content\/uploads\/2018\/03\/14524434_1106112876131411_958039263622046936_o.jpg?resize=350%2C200 1x, https:\/\/i0.wp.com\/www.grieta.org.mx\/wp-content\/uploads\/2018\/03\/14524434_1106112876131411_958039263622046936_o.jpg?resize=525%2C300 1.5x, https:\/\/i0.wp.com\/www.grieta.org.mx\/wp-content\/uploads\/2018\/03\/14524434_1106112876131411_958039263622046936_o.jpg?resize=700%2C400 2x"},"classes":[]},{"id":23155,"url":"http:\/\/www.grieta.org.mx\/index.php\/2018\/05\/15\/protestan-extrabajadores-en-contra-de-yanez-osuna-campeche\/","url_meta":{"origin":25572,"position":3},"title":"Protestan extrabajadores en contra de Y\u00e1\u00f1ez Osuna (Campeche)","author":"grieta","date":"15 mayo, 2018","format":false,"excerpt":"Alrededor de 50 extrabajadores de Oceanograf\u00eda se manifestaron con mantas en plena calle 24 de la colonia Centro, para protestar en contra del empresario Amado Y\u00e1\u00f1ez Osuna, quien les niega el pago de sus liquidaciones y de Julio C\u00e9sar \u00c1valos, representante del Sindicato Secci\u00f3n 15 Pit\u00e1goras, quien pretende afiliarlos como\u2026","rel":"","context":"En &quot;Campeche&quot;","block_context":{"text":"Campeche","link":"http:\/\/www.grieta.org.mx\/index.php\/category\/noticias-nacionales\/campeche\/"},"img":{"alt_text":"","src":"https:\/\/i0.wp.com\/www.grieta.org.mx\/wp-content\/uploads\/2018\/05\/Oceanografiamayo18.png?resize=350%2C200","width":350,"height":200,"srcset":"https:\/\/i0.wp.com\/www.grieta.org.mx\/wp-content\/uploads\/2018\/05\/Oceanografiamayo18.png?resize=350%2C200 1x, https:\/\/i0.wp.com\/www.grieta.org.mx\/wp-content\/uploads\/2018\/05\/Oceanografiamayo18.png?resize=525%2C300 1.5x"},"classes":[]},{"id":23158,"url":"http:\/\/www.grieta.org.mx\/index.php\/2018\/05\/15\/en-huelga-de-hambre-obreros-de-barcaza-sin-pagos-desde-2017-campeche\/","url_meta":{"origin":25572,"position":4},"title":"En huelga de hambre obreros de barcaza; sin pagos desde 2017 (Campeche)","author":"grieta","date":"15 mayo, 2018","format":false,"excerpt":"Ante el riesgo de corren sus vidas por la falta de alimentos y agua y el ingreso de agua por el mal estado del casco de la barcaza DLB-801, propiedad de Oceanograf\u00eda, y para exigir el pago de salarios que no perciben desde abril de 2017, cuatro de los nueve\u2026","rel":"","context":"En &quot;Campeche&quot;","block_context":{"text":"Campeche","link":"http:\/\/www.grieta.org.mx\/index.php\/category\/noticias-nacionales\/campeche\/"},"img":{"alt_text":"","src":"https:\/\/i0.wp.com\/www.grieta.org.mx\/wp-content\/uploads\/2018\/05\/HuelgaHambre.png?resize=350%2C200","width":350,"height":200,"srcset":"https:\/\/i0.wp.com\/www.grieta.org.mx\/wp-content\/uploads\/2018\/05\/HuelgaHambre.png?resize=350%2C200 1x, https:\/\/i0.wp.com\/www.grieta.org.mx\/wp-content\/uploads\/2018\/05\/HuelgaHambre.png?resize=525%2C300 1.5x"},"classes":[]},{"id":2919,"url":"http:\/\/www.grieta.org.mx\/index.php\/2015\/05\/18\/ex-empleados-de-oceanografia-exigen-el-pago-de-sus-salarios-en-yucatan\/","url_meta":{"origin":25572,"position":5},"title":"Ex empleados de Oceanograf\u00eda exigen el pago de sus salarios en Yucat\u00e1n","author":"grieta","date":"18 mayo, 2015","format":false,"excerpt":"De nueva cuenta ex obreros de la empresa Oceanograf\u00eda realizaron un plant\u00f3n frente a las oficinas de la empresa para exigir el pago de sus salarios y su liquidaci\u00f3n. Los ex empleados aseguran que el Servicio de Administraci\u00f3n y Enajenaci\u00f3n de Bienes (SAE) no est\u00e1 realizando los dep\u00f3sitos correspondientes alegando\u2026","rel":"","context":"En &quot;Campeche&quot;","block_context":{"text":"Campeche","link":"http:\/\/www.grieta.org.mx\/index.php\/category\/noticias-nacionales\/campeche\/"},"img":{"alt_text":"","src":"https:\/\/i0.wp.com\/www.grieta.org.mx\/wp-content\/uploads\/2018\/03\/14524434_1106112876131411_958039263622046936_o.jpg?resize=350%2C200","width":350,"height":200,"srcset":"https:\/\/i0.wp.com\/www.grieta.org.mx\/wp-content\/uploads\/2018\/03\/14524434_1106112876131411_958039263622046936_o.jpg?resize=350%2C200 1x, https:\/\/i0.wp.com\/www.grieta.org.mx\/wp-content\/uploads\/2018\/03\/14524434_1106112876131411_958039263622046936_o.jpg?resize=525%2C300 1.5x, https:\/\/i0.wp.com\/www.grieta.org.mx\/wp-content\/uploads\/2018\/03\/14524434_1106112876131411_958039263622046936_o.jpg?resize=700%2C400 2x"},"classes":[]}],"_links":{"self":[{"href":"http:\/\/www.grieta.org.mx\/index.php\/wp-json\/wp\/v2\/posts\/25572","targetHints":{"allow":["GET"]}}],"collection":[{"href":"http:\/\/www.grieta.org.mx\/index.php\/wp-json\/wp\/v2\/posts"}],"about":[{"href":"http:\/\/www.grieta.org.mx\/index.php\/wp-json\/wp\/v2\/types\/post"}],"author":[{"embeddable":true,"href":"http:\/\/www.grieta.org.mx\/index.php\/wp-json\/wp\/v2\/users\/2"}],"replies":[{"embeddable":true,"href":"http:\/\/www.grieta.org.mx\/index.php\/wp-json\/wp\/v2\/comments?post=25572"}],"version-history":[{"count":1,"href":"http:\/\/www.grieta.org.mx\/index.php\/wp-json\/wp\/v2\/posts\/25572\/revisions"}],"predecessor-version":[{"id":25574,"href":"http:\/\/www.grieta.org.mx\/index.php\/wp-json\/wp\/v2\/posts\/25572\/revisions\/25574"}],"wp:featuredmedia":[{"embeddable":true,"href":"http:\/\/www.grieta.org.mx\/index.php\/wp-json\/wp\/v2\/media\/25573"}],"wp:attachment":[{"href":"http:\/\/www.grieta.org.mx\/index.php\/wp-json\/wp\/v2\/media?parent=25572"}],"wp:term":[{"taxonomy":"category","embeddable":true,"href":"http:\/\/www.grieta.org.mx\/index.php\/wp-json\/wp\/v2\/categories?post=25572"},{"taxonomy":"post_tag","embeddable":true,"href":"http:\/\/www.grieta.org.mx\/index.php\/wp-json\/wp\/v2\/tags?post=25572"}],"curies":[{"name":"wp","href":"https:\/\/api.w.org\/{rel}","templated":true}]}}