{"id":25542,"date":"2018-08-15T22:32:23","date_gmt":"2018-08-16T03:32:23","guid":{"rendered":"http:\/\/www.grieta.org.mx\/?p=25542"},"modified":"2018-08-15T22:32:23","modified_gmt":"2018-08-16T03:32:23","slug":"despedidos-de-goodyear-denuncian-acoso-por-parte-de-la-empresa-san-luis-potosi","status":"publish","type":"post","link":"http:\/\/www.grieta.org.mx\/index.php\/2018\/08\/15\/despedidos-de-goodyear-denuncian-acoso-por-parte-de-la-empresa-san-luis-potosi\/","title":{"rendered":"Despedidos de Goodyear denuncian acoso por parte de la empresa (San Luis Potos\u00ed)"},"content":{"rendered":"<p><img decoding=\"async\" data-attachment-id=\"25543\" data-permalink=\"http:\/\/www.grieta.org.mx\/index.php\/2018\/08\/15\/despedidos-de-goodyear-denuncian-acoso-por-parte-de-la-empresa-san-luis-potosi\/despedidos-de-goodyear-denuncian-acoso-por-parte-de-la-empresa\/\" data-orig-file=\"http:\/\/www.grieta.org.mx\/wp-content\/uploads\/2018\/08\/Despedidos-de-Goodyear-denuncian-acoso-por-parte-de-la-empresa.jpg\" data-orig-size=\"992,595\" data-comments-opened=\"0\" data-image-meta=\"{&quot;aperture&quot;:&quot;0&quot;,&quot;credit&quot;:&quot;&quot;,&quot;camera&quot;:&quot;&quot;,&quot;caption&quot;:&quot;&quot;,&quot;created_timestamp&quot;:&quot;0&quot;,&quot;copyright&quot;:&quot;&quot;,&quot;focal_length&quot;:&quot;0&quot;,&quot;iso&quot;:&quot;0&quot;,&quot;shutter_speed&quot;:&quot;0&quot;,&quot;title&quot;:&quot;&quot;,&quot;orientation&quot;:&quot;0&quot;}\" data-image-title=\"Despedidos de Goodyear denuncian acoso por parte de la empresa\" data-image-description=\"\" data-image-caption=\"\" data-medium-file=\"http:\/\/www.grieta.org.mx\/wp-content\/uploads\/2018\/08\/Despedidos-de-Goodyear-denuncian-acoso-por-parte-de-la-empresa-300x180.jpg\" data-large-file=\"http:\/\/www.grieta.org.mx\/wp-content\/uploads\/2018\/08\/Despedidos-de-Goodyear-denuncian-acoso-por-parte-de-la-empresa.jpg\" src=\"http:\/\/www.grieta.org.mx\/wp-content\/uploads\/2018\/08\/Despedidos-de-Goodyear-denuncian-acoso-por-parte-de-la-empresa-300x180.jpg\" alt=\"\" width=\"100%\" class=\"aligncenter size-medium wp-image-25543\" srcset=\"http:\/\/www.grieta.org.mx\/wp-content\/uploads\/2018\/08\/Despedidos-de-Goodyear-denuncian-acoso-por-parte-de-la-empresa-300x180.jpg 300w, http:\/\/www.grieta.org.mx\/wp-content\/uploads\/2018\/08\/Despedidos-de-Goodyear-denuncian-acoso-por-parte-de-la-empresa-768x461.jpg 768w, http:\/\/www.grieta.org.mx\/wp-content\/uploads\/2018\/08\/Despedidos-de-Goodyear-denuncian-acoso-por-parte-de-la-empresa-834x500.jpg 834w, http:\/\/www.grieta.org.mx\/wp-content\/uploads\/2018\/08\/Despedidos-de-Goodyear-denuncian-acoso-por-parte-de-la-empresa.jpg 992w\" sizes=\"(max-width: 300px) 100vw, 300px\" \/><\/p>\n<p>Jorge Torres \/ Plano Informativo<\/p>\n<blockquote><p>Organizaciones internacionales est\u00e1n apoyando a los 57 trabajadores.<\/p><\/blockquote>\n<p>San Luis Potos\u00ed, SLP.- Trabajadores del Sindicato de Goodyear informaron en rueda de prensa que la situaci\u00f3n con los despidos injustificados que realiz\u00f3 la empresa contra algunos trabajadores sigue sin resolverse, incluso es deplorable para los trabajadores que est\u00e1n despedidos, pues actualmente el grupo de abogados que maneja la empresa sigue intimidando a los trabajadores, incluso busc\u00e1ndolos esta su domicilio para que firmen su despido voluntario, pero dejaron en claro que no van a ceder y llevar\u00e1n el caso hasta las instancias internacionales hasta que sean reinstalado con mejoras laborales.<\/p>\n<p>&#8220;No estamos dispuestos a ceder en esta lucha que hemos comenzado, estamos muy agradecidos con todas las organizaciones internacionales que nos han apoyado&#8221;, se\u00f1alaron los trabajadores despedidos quienes aseguraron que est\u00e1n dispuestos a colaborar con la empresa pero para volver a sus puestos de trabajo, y que sean bien remunerados, para ello est\u00e1n dispuestos a incrementar la producci\u00f3n y la calidad de la empresa siempre y cuando se les recompense por su trabajo.<\/p>\n<p>Indicaron que buscan un incremento salarial pero m\u00e1s que nada buscan que se respeten las condiciones de trabajo de todos los compa\u00f1eros, actualmente se sabe que al interior de la empresa hay trabajadores administrativos que se dedican \u00fanicamente a intimidar e incomodar a los compa\u00f1eros con la finalidad de que abandonen su puesto de trabajo o buscar una excusa para que sean despedidos.<\/p>\n<p>Cuestionado sobre una inspecci\u00f3n que hizo la Secretar\u00eda del Trabajo y Previsi\u00f3n Social (STPS) a nivel federal a la empresa Goodyear para verificar las condiciones laborales comentaron que para ellos esta fue una inspecci\u00f3n &#8220;a modo&#8221; en donde hubo un acuerdo entre la empresa y la dependencia federal disfrazando todo y donde ellos pr\u00e1cticamente los escondieron cuando las condiciones inseguras que existen las dejaron en el olvido.<\/p>\n<p>Finalmente, se puntualiz\u00f3 que la cifra de trabajadores despedidos son 57, pero por diversas situaciones una cantidad grande si firm\u00f3, pero se sigue con 13 trabajadores en lucha que no van a ceder y van a llevar esta situaci\u00f3n hasta los organismos nacionales e internacionales hasta ser escuchados; actualmente se han demandado a la empresa por la reinstalaci\u00f3n, adem\u00e1s de que las condiciones laborales mejoren pues no tiene caso volver a un trabajo con las condiciones que se viven actualmente.<\/p>\n<p>Cabe destacar que el Centro de Solidaridad como entidad de cooperaci\u00f3n internacional y la Federaci\u00f3n Estadounidense del Trabajo y Congreso de Organizaciones Industriales (AFL CIO) a nombre de los 12 millones de afiliados en 57 sindicatos, externaron su apoyo a los trabajadores de la empresa Goodyear condenado el hostigamiento y amenazas de la empresa contra estos trabajadores; adem\u00e1s el sindicato United Steelworkers de Goodyear en Estados Unidos est\u00e1 llevando este caso directamente a la dirigencia de la corporativa en Ohio en busca de una soluci\u00f3n.<\/p>\n<p><a href=\"http:\/\/planoinformativo.com\/606769\/despedidos-de-goodyear-denuncian-acoso-por-parte-de-la-empresa-slp\" rel=\"noopener\" target=\"_blank\">http:\/\/planoinformativo.com\/606769\/despedidos-de-goodyear-denuncian-acoso-por-parte-de-la-empresa-slp<\/a><\/p>\n","protected":false},"excerpt":{"rendered":"<p>Jorge Torres \/ Plano Informativo Organizaciones internacionales est\u00e1n apoyando a los 57 trabajadores. San Luis Potos\u00ed, SLP.- Trabajadores del Sindicato de Goodyear informaron en rueda de prensa que la situaci\u00f3n &hellip; <a href=\"http:\/\/www.grieta.org.mx\/index.php\/2018\/08\/15\/despedidos-de-goodyear-denuncian-acoso-por-parte-de-la-empresa-san-luis-potosi\/\" class=\"more-link\">Leer m\u00e1s<\/a><\/p>\n","protected":false},"author":2,"featured_media":25543,"comment_status":"closed","ping_status":"closed","sticky":false,"template":"","format":"standard","meta":{"ngg_post_thumbnail":0,"_jetpack_newsletter_access":"","_jetpack_dont_email_post_to_subs":false,"_jetpack_newsletter_tier_id":0,"_jetpack_memberships_contains_paywalled_content":false,"_jetpack_memberships_contains_paid_content":false,"footnotes":""},"categories":[80,910,1273,2,29,83],"tags":[1591,163,1291,1453,778],"class_list":["post-25542","post","type-post","status-publish","format-standard","has-post-thumbnail","hentry","category-cintillo","category-explotacion-y-precariedad-laboral","category-explotacion-y-precariedad-laboral-en-san-luis-potosi","category-noticias-nacionales","category-san-luis-potosi","category-temas-nacionales","tag-despido-voluntario","tag-despidos","tag-explotacion-laboral","tag-goodyear","tag-sindicato","entry"],"jetpack_featured_media_url":"http:\/\/www.grieta.org.mx\/wp-content\/uploads\/2018\/08\/Despedidos-de-Goodyear-denuncian-acoso-por-parte-de-la-empresa.jpg","jetpack_sharing_enabled":true,"jetpack_shortlink":"https:\/\/wp.me\/p7ZJR4-6DY","jetpack_likes_enabled":false,"jetpack-related-posts":[{"id":24506,"url":"http:\/\/www.grieta.org.mx\/index.php\/2018\/07\/11\/goodyear-despide-a-trabajadores-san-luis-potosi\/","url_meta":{"origin":25542,"position":0},"title":"Goodyear despide a trabajadores (San Luis Potos\u00ed)","author":"grieta","date":"11 julio, 2018","format":false,"excerpt":"Emilia Monreal \/ Plano Informativo En meses pasados expresaron su inconformidad con los bajos salarios y la violaci\u00f3n a sus derechos laborales; como represalia los despidieron San Luis Potos\u00ed, SLP.- La llantera Goodyear despidi\u00f3 a trabajadores, pese al acuerdo del pasado 25 de abril de no tomar represalias contra quienes\u2026","rel":"","context":"En &quot;CINTILLO&quot;","block_context":{"text":"CINTILLO","link":"http:\/\/www.grieta.org.mx\/index.php\/category\/cintillo\/"},"img":{"alt_text":"","src":"https:\/\/i0.wp.com\/www.grieta.org.mx\/wp-content\/uploads\/2018\/07\/Goodyear-despide-a-trabajadores-San-Luis-Potos%C3%AD.jpg?resize=350%2C200","width":350,"height":200,"srcset":"https:\/\/i0.wp.com\/www.grieta.org.mx\/wp-content\/uploads\/2018\/07\/Goodyear-despide-a-trabajadores-San-Luis-Potos%C3%AD.jpg?resize=350%2C200 1x, https:\/\/i0.wp.com\/www.grieta.org.mx\/wp-content\/uploads\/2018\/07\/Goodyear-despide-a-trabajadores-San-Luis-Potos%C3%AD.jpg?resize=525%2C300 1.5x, https:\/\/i0.wp.com\/www.grieta.org.mx\/wp-content\/uploads\/2018\/07\/Goodyear-despide-a-trabajadores-San-Luis-Potos%C3%AD.jpg?resize=700%2C400 2x"},"classes":[]},{"id":25208,"url":"http:\/\/www.grieta.org.mx\/index.php\/2018\/07\/31\/se-manifiestan-ex-trabajadores-de-continental-general-tire-san-luis-potosi\/","url_meta":{"origin":25542,"position":1},"title":"Se manifiestan ex trabajadores de Continental- General Tire (San Luis Potos\u00ed)","author":"grieta","date":"31 julio, 2018","format":false,"excerpt":"Samuel Estrada \/ El Universal A varios a\u00f1os de que se dio su despido injustificado, s\u00f3lo se han trabado las resoluciones de la justicia administrativa cuando hay pruebas claras de que se trat\u00f3 de un recorte fuera de la ley. Una treintena de ex trabajadores de Continental-General Tire se manifestaron\u2026","rel":"","context":"En &quot;CINTILLO&quot;","block_context":{"text":"CINTILLO","link":"http:\/\/www.grieta.org.mx\/index.php\/category\/cintillo\/"},"img":{"alt_text":"","src":"https:\/\/i0.wp.com\/www.grieta.org.mx\/wp-content\/uploads\/2018\/07\/Se-manifiestan-ex-trabajadores-de-Continental-General-Tire-1.jpg?resize=350%2C200","width":350,"height":200,"srcset":"https:\/\/i0.wp.com\/www.grieta.org.mx\/wp-content\/uploads\/2018\/07\/Se-manifiestan-ex-trabajadores-de-Continental-General-Tire-1.jpg?resize=350%2C200 1x, https:\/\/i0.wp.com\/www.grieta.org.mx\/wp-content\/uploads\/2018\/07\/Se-manifiestan-ex-trabajadores-de-Continental-General-Tire-1.jpg?resize=525%2C300 1.5x"},"classes":[]},{"id":33118,"url":"http:\/\/www.grieta.org.mx\/index.php\/2019\/05\/07\/reportan-despidos-masivos-en-conafe-san-luis-potosi\/","url_meta":{"origin":25542,"position":2},"title":"Reportan despidos masivos en Conafe (San Luis Potos\u00ed)","author":"grieta","date":"7 mayo, 2019","format":false,"excerpt":"Rub\u00e9n Pacheco \/ Pulso La cuarta transformaci\u00f3n alcanz\u00f3 a 24 trabajadores eventuales en la delegaci\u00f3n de San Luis Potos\u00ed Desde el viernes pasado, 24 trabajadores eventuales fueron despedidos de la delegaci\u00f3n en San Luis Potos\u00ed del Consejo Nacional de Fomento Educativo (Conafe), quienes desarrollaban labores en las cuatro regiones de\u2026","rel":"","context":"En &quot;CINTILLO&quot;","block_context":{"text":"CINTILLO","link":"http:\/\/www.grieta.org.mx\/index.php\/category\/cintillo\/"},"img":{"alt_text":"","src":"https:\/\/i0.wp.com\/www.grieta.org.mx\/wp-content\/uploads\/2019\/05\/Reportan-despidos-masivos-en-Conafe-slp-may.jpg?resize=350%2C200","width":350,"height":200,"srcset":"https:\/\/i0.wp.com\/www.grieta.org.mx\/wp-content\/uploads\/2019\/05\/Reportan-despidos-masivos-en-Conafe-slp-may.jpg?resize=350%2C200 1x, https:\/\/i0.wp.com\/www.grieta.org.mx\/wp-content\/uploads\/2019\/05\/Reportan-despidos-masivos-en-Conafe-slp-may.jpg?resize=525%2C300 1.5x"},"classes":[]},{"id":31993,"url":"http:\/\/www.grieta.org.mx\/index.php\/2019\/04\/09\/privan-de-libertad-a-trabajadores-san-luis-potosi\/","url_meta":{"origin":25542,"position":3},"title":"Privan de libertad a trabajadores (San Luis Potos\u00ed)","author":"grieta","date":"9 abril, 2019","format":false,"excerpt":"Jos\u00e9 Luis Mart\u00ednez Castro \/ El Sol de San Luis Denuncian acoso y violaci\u00f3n a sus derechos laborales y humanos, tras represi\u00f3n por protestas contra empresa ganadera Posterior a que trabajadores de Praderas Huastecas fueron privados de su libertad por parte de la empresa, para obligarlos a firmar una \u201cacta\u2026","rel":"","context":"En &quot;CINTILLO&quot;","block_context":{"text":"CINTILLO","link":"http:\/\/www.grieta.org.mx\/index.php\/category\/cintillo\/"},"img":{"alt_text":"","src":"https:\/\/i0.wp.com\/www.grieta.org.mx\/wp-content\/uploads\/2019\/04\/Privan-de-libertad-a-trabajadores-slp-abr.jpg?resize=350%2C200","width":350,"height":200,"srcset":"https:\/\/i0.wp.com\/www.grieta.org.mx\/wp-content\/uploads\/2019\/04\/Privan-de-libertad-a-trabajadores-slp-abr.jpg?resize=350%2C200 1x, https:\/\/i0.wp.com\/www.grieta.org.mx\/wp-content\/uploads\/2019\/04\/Privan-de-libertad-a-trabajadores-slp-abr.jpg?resize=525%2C300 1.5x, https:\/\/i0.wp.com\/www.grieta.org.mx\/wp-content\/uploads\/2019\/04\/Privan-de-libertad-a-trabajadores-slp-abr.jpg?resize=700%2C400 2x"},"classes":[]},{"id":35758,"url":"http:\/\/www.grieta.org.mx\/index.php\/2019\/07\/01\/trabajadores-agrarios-de-confianza-bajo-amenaza-de-despido-san-luis-potosi\/","url_meta":{"origin":25542,"position":4},"title":"Trabajadores agrarios de confianza bajo amenaza de despido (San Luis Potos\u00ed)","author":"grieta","date":"1 julio, 2019","format":false,"excerpt":"Fotograf\u00eda: Quadrat\u00edn SLP Daniela Bravo \/ Quadrat\u00edn SLP SAN LUIS POTOS\u00cd, SLP., 1 de julio de 2019.- Al menos 11 trabajadores de confianza del Registro Agrario Nacional (RAN), fueron avisados verbalmente que sus puestos como trabajadores de confianza dejar\u00e1n de existir a partir del 30 de junio a causa de\u2026","rel":"","context":"En &quot;CINTILLO&quot;","block_context":{"text":"CINTILLO","link":"http:\/\/www.grieta.org.mx\/index.php\/category\/cintillo\/"},"img":{"alt_text":"","src":"https:\/\/i0.wp.com\/www.grieta.org.mx\/wp-content\/uploads\/2019\/07\/Trabajadores-agrarios-de-confianza-bajo-amenaza-de-despido-slp-jul.png?resize=350%2C200","width":350,"height":200,"srcset":"https:\/\/i0.wp.com\/www.grieta.org.mx\/wp-content\/uploads\/2019\/07\/Trabajadores-agrarios-de-confianza-bajo-amenaza-de-despido-slp-jul.png?resize=350%2C200 1x, https:\/\/i0.wp.com\/www.grieta.org.mx\/wp-content\/uploads\/2019\/07\/Trabajadores-agrarios-de-confianza-bajo-amenaza-de-despido-slp-jul.png?resize=525%2C300 1.5x, https:\/\/i0.wp.com\/www.grieta.org.mx\/wp-content\/uploads\/2019\/07\/Trabajadores-agrarios-de-confianza-bajo-amenaza-de-despido-slp-jul.png?resize=700%2C400 2x, https:\/\/i0.wp.com\/www.grieta.org.mx\/wp-content\/uploads\/2019\/07\/Trabajadores-agrarios-de-confianza-bajo-amenaza-de-despido-slp-jul.png?resize=1050%2C600 3x"},"classes":[]},{"id":23349,"url":"http:\/\/www.grieta.org.mx\/index.php\/2018\/05\/29\/sege-analiza-caso-de-8-profesores-despedidos-de-la-universidad-tecnologica-san-luis-potosi\/","url_meta":{"origin":25542,"position":5},"title":"Sege analiza caso de 8 profesores despedidos de la Universidad Tecnol\u00f3gica (San Luis Potos\u00ed)","author":"grieta","date":"29 mayo, 2018","format":false,"excerpt":"Redaccion El Heraldo SLP Debido a la situaci\u00f3n financiera del sector educativo se est\u00e1n tomando ajustes administrativos, justifica el titular de la dependencia El secretario de Educaci\u00f3n de Gobierno del Estado (SEGE), Joel Ram\u00edrez D\u00edaz se\u00f1al\u00f3 que hay mesas de trabajo con los profesores de la Universidad Tecnol\u00f3gica de San\u2026","rel":"","context":"En &quot;CINTILLO&quot;","block_context":{"text":"CINTILLO","link":"http:\/\/www.grieta.org.mx\/index.php\/category\/cintillo\/"},"img":{"alt_text":"","src":"https:\/\/i0.wp.com\/www.grieta.org.mx\/wp-content\/uploads\/2018\/05\/Sege-analiza-caso-de-8-profesores-despedidos-de-la-Universidad-Tecnol%C3%B3gica.jpg?resize=350%2C200","width":350,"height":200,"srcset":"https:\/\/i0.wp.com\/www.grieta.org.mx\/wp-content\/uploads\/2018\/05\/Sege-analiza-caso-de-8-profesores-despedidos-de-la-Universidad-Tecnol%C3%B3gica.jpg?resize=350%2C200 1x, https:\/\/i0.wp.com\/www.grieta.org.mx\/wp-content\/uploads\/2018\/05\/Sege-analiza-caso-de-8-profesores-despedidos-de-la-Universidad-Tecnol%C3%B3gica.jpg?resize=525%2C300 1.5x"},"classes":[]}],"_links":{"self":[{"href":"http:\/\/www.grieta.org.mx\/index.php\/wp-json\/wp\/v2\/posts\/25542","targetHints":{"allow":["GET"]}}],"collection":[{"href":"http:\/\/www.grieta.org.mx\/index.php\/wp-json\/wp\/v2\/posts"}],"about":[{"href":"http:\/\/www.grieta.org.mx\/index.php\/wp-json\/wp\/v2\/types\/post"}],"author":[{"embeddable":true,"href":"http:\/\/www.grieta.org.mx\/index.php\/wp-json\/wp\/v2\/users\/2"}],"replies":[{"embeddable":true,"href":"http:\/\/www.grieta.org.mx\/index.php\/wp-json\/wp\/v2\/comments?post=25542"}],"version-history":[{"count":1,"href":"http:\/\/www.grieta.org.mx\/index.php\/wp-json\/wp\/v2\/posts\/25542\/revisions"}],"predecessor-version":[{"id":25544,"href":"http:\/\/www.grieta.org.mx\/index.php\/wp-json\/wp\/v2\/posts\/25542\/revisions\/25544"}],"wp:featuredmedia":[{"embeddable":true,"href":"http:\/\/www.grieta.org.mx\/index.php\/wp-json\/wp\/v2\/media\/25543"}],"wp:attachment":[{"href":"http:\/\/www.grieta.org.mx\/index.php\/wp-json\/wp\/v2\/media?parent=25542"}],"wp:term":[{"taxonomy":"category","embeddable":true,"href":"http:\/\/www.grieta.org.mx\/index.php\/wp-json\/wp\/v2\/categories?post=25542"},{"taxonomy":"post_tag","embeddable":true,"href":"http:\/\/www.grieta.org.mx\/index.php\/wp-json\/wp\/v2\/tags?post=25542"}],"curies":[{"name":"wp","href":"https:\/\/api.w.org\/{rel}","templated":true}]}}