{"id":25539,"date":"2018-08-15T21:29:50","date_gmt":"2018-08-16T02:29:50","guid":{"rendered":"http:\/\/www.grieta.org.mx\/?p=25539"},"modified":"2018-08-15T21:29:50","modified_gmt":"2018-08-16T02:29:50","slug":"manifestantes-contra-fracking-critican-a-gobierno-del-estado-san-luis-potosi","status":"publish","type":"post","link":"http:\/\/www.grieta.org.mx\/index.php\/2018\/08\/15\/manifestantes-contra-fracking-critican-a-gobierno-del-estado-san-luis-potosi\/","title":{"rendered":"Manifestantes contra fracking critican a Gobierno del Estado (San Luis Potos\u00ed)"},"content":{"rendered":"<p><img decoding=\"async\" data-attachment-id=\"25540\" data-permalink=\"http:\/\/www.grieta.org.mx\/index.php\/2018\/08\/15\/manifestantes-contra-fracking-critican-a-gobierno-del-estado-san-luis-potosi\/manifestantes-contra-fracking-critican-a-gobierno-del-estado\/\" data-orig-file=\"http:\/\/www.grieta.org.mx\/wp-content\/uploads\/2018\/08\/Manifestantes-contra-fracking-critican-a-Gobierno-del-Estado.jpeg\" data-orig-size=\"1280,720\" data-comments-opened=\"0\" data-image-meta=\"{&quot;aperture&quot;:&quot;0&quot;,&quot;credit&quot;:&quot;&quot;,&quot;camera&quot;:&quot;&quot;,&quot;caption&quot;:&quot;&quot;,&quot;created_timestamp&quot;:&quot;0&quot;,&quot;copyright&quot;:&quot;&quot;,&quot;focal_length&quot;:&quot;0&quot;,&quot;iso&quot;:&quot;0&quot;,&quot;shutter_speed&quot;:&quot;0&quot;,&quot;title&quot;:&quot;&quot;,&quot;orientation&quot;:&quot;0&quot;}\" data-image-title=\"Manifestantes contra fracking critican a Gobierno del Estado\" data-image-description=\"\" data-image-caption=\"&lt;p&gt;Foto: Archivo&lt;\/p&gt;\n\" data-medium-file=\"http:\/\/www.grieta.org.mx\/wp-content\/uploads\/2018\/08\/Manifestantes-contra-fracking-critican-a-Gobierno-del-Estado-300x169.jpeg\" data-large-file=\"http:\/\/www.grieta.org.mx\/wp-content\/uploads\/2018\/08\/Manifestantes-contra-fracking-critican-a-Gobierno-del-Estado-1024x576.jpeg\" src=\"http:\/\/www.grieta.org.mx\/wp-content\/uploads\/2018\/08\/Manifestantes-contra-fracking-critican-a-Gobierno-del-Estado-300x169.jpeg\" alt=\"\" width=\"100%\" class=\"aligncenter size-medium wp-image-25540\" srcset=\"http:\/\/www.grieta.org.mx\/wp-content\/uploads\/2018\/08\/Manifestantes-contra-fracking-critican-a-Gobierno-del-Estado-300x169.jpeg 300w, http:\/\/www.grieta.org.mx\/wp-content\/uploads\/2018\/08\/Manifestantes-contra-fracking-critican-a-Gobierno-del-Estado-768x432.jpeg 768w, http:\/\/www.grieta.org.mx\/wp-content\/uploads\/2018\/08\/Manifestantes-contra-fracking-critican-a-Gobierno-del-Estado-1024x576.jpeg 1024w, http:\/\/www.grieta.org.mx\/wp-content\/uploads\/2018\/08\/Manifestantes-contra-fracking-critican-a-Gobierno-del-Estado-889x500.jpeg 889w, http:\/\/www.grieta.org.mx\/wp-content\/uploads\/2018\/08\/Manifestantes-contra-fracking-critican-a-Gobierno-del-Estado.jpeg 1280w\" sizes=\"(max-width: 300px) 100vw, 300px\" \/><\/p>\n<p>Leticia Vaca \/ Astrolabio<\/p>\n<p>Habitantes de Xilitla, Tampomol\u00f3n Corona, Tanlaj\u00e1s,Tancanhuitz, \u00c9bano, Ciudad Valles y de algunas comunidades de San Luis Potos\u00ed, en el marco del d\u00eda Internacional de los Pueblos Ind\u00edgenas, se manifestaron en contra de la fractura hidr\u00e1ulica o fracking en la Huasteca Potosina.<\/p>\n<p>Cerca de las nueve de la ma\u00f1ana, se dieron cita frente al recinto legislativo \u201cJard\u00edn Hidalgo\u201d, con pancartas en rechazo a esa t\u00e9cnica de perforaci\u00f3n. Buscaban ser escuchados y atendidos por los legisladores, pues se pensaba que los diputados tendr\u00edan sesi\u00f3n.<\/p>\n<p>El asesor de la Coordinadora de Organizaciones Campesinas e Ind\u00edgenas de la Huasteca Potosina,  Rogel del Rosal Valladares, reclam\u00f3 que haya complicidad de parte de Gobierno del Estado y Gobierno Federal. \u201cEl gobierno estatal debio en su momento de haber actuado y meter juicios de inconstirucionalidad y el propio Congreso tambi\u00e9n, pero no, han sido omisos, han permitido que suceda eso\u201d.<\/p>\n<p>De aplicarse este proyecto, dijo, se estar\u00eda atentando en contra de todos los derechos humanos: a la vida, la alimentaci\u00f3n, a la salud al medio ambiente sano, al agua. \u201cExigimos que se tome una postura firme y que Congreso del Estado asuma el compromiso de haber un debate y construir una inciativa de prohibici\u00f3n del fracking en San Luis\u201d.<\/p>\n<p>Si Gobierno del Estado dice que no va haber frackig, coment\u00f3, es porque no ha le\u00eddo el plan quinquenal de de 2015-2019, el plan  para la extracci\u00f3n de hidrocarburos, que empez\u00f3 a aplicarse en julio de 2015. \u201cSe nos hace que nos est\u00e1 mintiendo m\u00e1s bien\u201d.<\/p>\n<p>Luego de casi una hora de manifestar su rechazo e indignaci\u00f3n en Plaza de Armas, se dirigieron al Congreso de Vallejo; poco despu\u00e9s de que llegar\u00e1n se present\u00f3 el diputado Jos\u00e9 Belmarez Herrera  a qui\u00e9n enfrentaron y reprochando la omisi\u00f3n de los diputados, le gritaron que no se escondiera que diera la cara.<\/p>\n<p>Belmarez Herrera al decir que ten\u00eda conocimiento de la afectaci\u00f3m econ\u00f3mica, enardeci\u00f3 los animos de los manifestantes quienes le reprocharon que lo econ\u00f3mico no era lo que estaban defendiendo. Se hicieron presentes los gritos de reclamo. \u201c\u00a1Queremos derecho a la vida, respeto a nuestros derechos, que nuestros hijos tengan agua!\u201d.<\/p>\n<p>Cerca del medio d\u00eda fueron recibidos por los diputados H\u00e9ctor Mendizabal P\u00e9rez y Jes\u00fas Cardona Mireles integrates de la Comisi\u00f3n de Ecolog\u00eda y la diputada Guillermina Morquecho, integrante de la Comisi\u00f3n de Asuntos Ind\u00edgenas.<\/p>\n<p>En el dialogo con los legisladores, los reclamos continuaron: \u00a1Nos duele que Gobierno diga que no tiene informacion!, \u00bfPretenden acabar con la pobreza, matando a los pobres?\u201d. Gritaron algunos de los manifestantes.<\/p>\n<p>Luego de casi hora y media de debate, los diputados presentes se comprometieron a hacer un exhorto para que se prohiba el fracking en San Luis Potos\u00ed; agendar una reuni\u00f3n con los 27 diputados y requerir a la Secretar\u00eda de Ecolog\u00eda y  de Gesti\u00f3n Ambiental (Segam), la publicaci\u00f3n del reglamento de \u00e1reas naturales protegidad a nivel estatal.<\/p>\n<p>En este sentido Mendizabal P\u00e9rez explic\u00f3 que en la reforma de la Ley Ambiental del Estado que se hizo se incomporraron varias figuras de protecci\u00f3n, una de las cuales contempla las \u00e1reas protegidas de caracter voluntario, es decir que los due\u00f1os de los predios aceptan declararlos como areas naturales protegidas, que es lo que se recomienda en el caso del Fracking en la Huasteca.<\/p>\n<p>Lo que queda es insistir a la Segam para que publique el reglamento y los due\u00f1os de los predios puedan inscribir sus terrenos.<\/p>\n<p>Refiri\u00f3 que el d\u00eda de ma\u00f1ana se va a programar una intervenci\u00f3n en la sesi\u00f3n de la diputaci\u00f3n permanente previo al periodo extraordinario para manifestarse en contra de est\u00e1 pr\u00e1ctica.<\/p>\n<p>Sin embargo reconoci\u00f3 que los exhortos tiene poco eco, porque no tienen una vinculaci\u00f3n jur\u00eddica: \u201clas dos v\u00edas jur\u00eddicas que pueden prosperar y que tienen posibilidades de lograr alg\u00fan amparo son el del tema de consulta ind\u00edgena y el tema de \u00e1rea natural protegida\u201d.<\/p>\n<p>Esta reforma, aclar\u00f3 ya tiene m\u00e1s de 180 d\u00edas que se la dieron y ya est\u00e1 vencido el plazo, \u201cya los requerimos en alguna occasi\u00f3n y no hay respuesta\u201d.<\/p>\n<p>Lo que seguir\u00eda podr\u00eda ser buscar un juicio de responsabilidad en contra de la titular de la Segam, \u201cla exigencia tambi\u00e9n hay que hacerla al gobernador, porque si ella es omisa es porque ha de traer alguna l\u00ednea\u201d.<\/p>\n<p><a href=\"http:\/\/www.astrolabio.com.mx\/manifestantes-contra-fracking-critican-a-gobierno-del-estado-galeria\/\" rel=\"noopener\" target=\"_blank\">http:\/\/www.astrolabio.com.mx\/manifestantes-contra-fracking-critican-a-gobierno-del-estado-galeria\/<\/a><\/p>\n","protected":false},"excerpt":{"rendered":"<p>Leticia Vaca \/ Astrolabio Habitantes de Xilitla, Tampomol\u00f3n Corona, Tanlaj\u00e1s,Tancanhuitz, \u00c9bano, Ciudad Valles y de algunas comunidades de San Luis Potos\u00ed, en el marco del d\u00eda Internacional de los Pueblos &hellip; <a href=\"http:\/\/www.grieta.org.mx\/index.php\/2018\/08\/15\/manifestantes-contra-fracking-critican-a-gobierno-del-estado-san-luis-potosi\/\" class=\"more-link\">Leer m\u00e1s<\/a><\/p>\n","protected":false},"author":2,"featured_media":25540,"comment_status":"closed","ping_status":"closed","sticky":false,"template":"","format":"standard","meta":{"ngg_post_thumbnail":0,"_jetpack_newsletter_access":"","_jetpack_dont_email_post_to_subs":false,"_jetpack_newsletter_tier_id":0,"_jetpack_memberships_contains_paywalled_content":false,"_jetpack_memberships_contains_paid_content":false,"footnotes":""},"categories":[80,396,3,922,945,2,1442,29],"tags":[1589,1588,273,1282,266,1481,1590,1555,1518],"class_list":["post-25539","post","type-post","status-publish","format-standard","has-post-thumbnail","hentry","category-cintillo","category-fracking","category-megaproyectos","category-megaproyectos-estados","category-mp-san-luis-potosi","category-noticias-nacionales","category-rechazo-al-fracking-en-san-luis-potosi","category-san-luis-potosi","tag-ciudad-valles","tag-ebano","tag-fracking","tag-fractura-hidraulica","tag-gas-shale","tag-huasteca","tag-tampomolon","tag-tanlajas","tag-xilitla","entry"],"jetpack_featured_media_url":"http:\/\/www.grieta.org.mx\/wp-content\/uploads\/2018\/08\/Manifestantes-contra-fracking-critican-a-Gobierno-del-Estado.jpeg","jetpack_sharing_enabled":true,"jetpack_shortlink":"https:\/\/wp.me\/p7ZJR4-6DV","jetpack_likes_enabled":false,"jetpack-related-posts":[{"id":25212,"url":"http:\/\/www.grieta.org.mx\/index.php\/2018\/07\/31\/mas-de-2-mil-500-personas-en-la-marcha-contra-el-fracking-san-luis-potosi\/","url_meta":{"origin":25539,"position":0},"title":"M\u00e1s de 2 mil 500 personas en la marcha contra el \u201cFracking\u201d (San Luis Potos\u00ed)","author":"grieta","date":"31 julio, 2018","format":false,"excerpt":"Georgina Jaramillo \/ Zunoticia Anuncian un segundo encuentro el pr\u00f3ximo martes en el municipio de San Antonio Xilitla, S.L.P.- M\u00e1s de 2 mil quinientas personas de distintas comunidades ind\u00edgenas que conforman varios municipios de la Huasteca, participaron en la marcha en la localidad del Barranc\u00f3n Municipio de Tanlaj\u00e1s, para continuar\u2026","rel":"","context":"En &quot;CINTILLO&quot;","block_context":{"text":"CINTILLO","link":"http:\/\/www.grieta.org.mx\/index.php\/category\/cintillo\/"},"img":{"alt_text":"","src":"https:\/\/i0.wp.com\/www.grieta.org.mx\/wp-content\/uploads\/2018\/07\/M%C3%A1s-de-2-mil-500-personas-en-la-marcha-contra-el-%E2%80%9CFracking%E2%80%9D-%E2%80%93-Zunoticia.jpg?resize=350%2C200","width":350,"height":200,"srcset":"https:\/\/i0.wp.com\/www.grieta.org.mx\/wp-content\/uploads\/2018\/07\/M%C3%A1s-de-2-mil-500-personas-en-la-marcha-contra-el-%E2%80%9CFracking%E2%80%9D-%E2%80%93-Zunoticia.jpg?resize=350%2C200 1x, https:\/\/i0.wp.com\/www.grieta.org.mx\/wp-content\/uploads\/2018\/07\/M%C3%A1s-de-2-mil-500-personas-en-la-marcha-contra-el-%E2%80%9CFracking%E2%80%9D-%E2%80%93-Zunoticia.jpg?resize=525%2C300 1.5x"},"classes":[]},{"id":25153,"url":"http:\/\/www.grieta.org.mx\/index.php\/2018\/07\/27\/ejercito-custodia-camionetas-con-explosivos-dicen-es-el-fracking-san-luis-potosi\/","url_meta":{"origin":25539,"position":1},"title":"Ej\u00e9rcito custodia camionetas con explosivos, dicen es el Fracking (San Luis Potos\u00ed)","author":"grieta","date":"27 julio, 2018","format":false,"excerpt":"Jos\u00e9 Luis Mart\u00ednez Castro \/ El Sol de San Luis El Ej\u00e9rcito y la polic\u00eda llegaron a la localidad de \u201cSan Pedro\u201d, en San Antonio, custodiando camionetas del PEMEX con explosivos lo que puede ser el inicio del Fracking en la Huasteca o tambi\u00e9n conocida como fractura hidr\u00e1ulica, lo que\u2026","rel":"","context":"En &quot;CINTILLO&quot;","block_context":{"text":"CINTILLO","link":"http:\/\/www.grieta.org.mx\/index.php\/category\/cintillo\/"},"img":{"alt_text":"","src":"https:\/\/i0.wp.com\/www.grieta.org.mx\/wp-content\/uploads\/2018\/07\/Ejercito-custodia-camionetas-con-explosivos-dicen-es-el-Fracking.jpg?resize=350%2C200","width":350,"height":200,"srcset":"https:\/\/i0.wp.com\/www.grieta.org.mx\/wp-content\/uploads\/2018\/07\/Ejercito-custodia-camionetas-con-explosivos-dicen-es-el-Fracking.jpg?resize=350%2C200 1x, https:\/\/i0.wp.com\/www.grieta.org.mx\/wp-content\/uploads\/2018\/07\/Ejercito-custodia-camionetas-con-explosivos-dicen-es-el-Fracking.jpg?resize=525%2C300 1.5x, https:\/\/i0.wp.com\/www.grieta.org.mx\/wp-content\/uploads\/2018\/07\/Ejercito-custodia-camionetas-con-explosivos-dicen-es-el-Fracking.jpg?resize=700%2C400 2x"},"classes":[]},{"id":8732,"url":"http:\/\/www.grieta.org.mx\/index.php\/2016\/09\/10\/rechazo-al-fracking-en-san-luis-potosi\/","url_meta":{"origin":25539,"position":2},"title":"Rechazo al fracking en San Luis Potos\u00ed","author":"grieta","date":"10 septiembre, 2016","format":false,"excerpt":"05\/09\/16. Oposici\u00f3n huasteca a fracking por PemexEl Mexicano 06\/08\/16. Ind\u00edgenas en la Huasteca est\u00e1n alertas: el fracking no tarda en tomar sus patios, tambi\u00e9n su aguaSin Embargo 24\/07\/16. Encuentro contra el fracking en SLPEl Sol de San Luis 15\/07\/16. Definir\u00e1n acciones a emprender contra el fracking en la Huasteca, SLPEl\u2026","rel":"","context":"En &quot;Fracking&quot;","block_context":{"text":"Fracking","link":"http:\/\/www.grieta.org.mx\/index.php\/category\/megaproyectos\/fracking\/"},"img":{"alt_text":"","src":"https:\/\/i0.wp.com\/www.grieta.org.mx\/wp-content\/uploads\/2018\/03\/14524434_1106112876131411_958039263622046936_o.jpg?resize=350%2C200","width":350,"height":200,"srcset":"https:\/\/i0.wp.com\/www.grieta.org.mx\/wp-content\/uploads\/2018\/03\/14524434_1106112876131411_958039263622046936_o.jpg?resize=350%2C200 1x, https:\/\/i0.wp.com\/www.grieta.org.mx\/wp-content\/uploads\/2018\/03\/14524434_1106112876131411_958039263622046936_o.jpg?resize=525%2C300 1.5x, https:\/\/i0.wp.com\/www.grieta.org.mx\/wp-content\/uploads\/2018\/03\/14524434_1106112876131411_958039263622046936_o.jpg?resize=700%2C400 2x"},"classes":[]},{"id":14265,"url":"http:\/\/www.grieta.org.mx\/index.php\/2016\/05\/30\/libre-de-fracking-municipio-de-tanlajas\/","url_meta":{"origin":25539,"position":3},"title":"Libre de fracking: municipio de Tanlaj\u00e1s (San Luis Potos\u00ed)","author":"grieta","date":"30 mayo, 2016","format":false,"excerpt":"Cabildo de Tanlaj\u00e1s aprueba por unanimidad acta de cabildo en rechazo al fracking, al Monterrey VI y otros proyectos extractivos Se suma al municipio de Xilitla: primer municipio de la huasteca potosina en declararse libre de fracking Alianza Mexicana contra el Fracking celebra la declaraci\u00f3n del cabildo El cabildo del\u2026","rel":"","context":"En &quot;CINTILLO&quot;","block_context":{"text":"CINTILLO","link":"http:\/\/www.grieta.org.mx\/index.php\/category\/cintillo\/"},"img":{"alt_text":"","src":"https:\/\/i0.wp.com\/www.grieta.org.mx\/wp-content\/uploads\/2018\/03\/14524434_1106112876131411_958039263622046936_o.jpg?resize=350%2C200","width":350,"height":200,"srcset":"https:\/\/i0.wp.com\/www.grieta.org.mx\/wp-content\/uploads\/2018\/03\/14524434_1106112876131411_958039263622046936_o.jpg?resize=350%2C200 1x, https:\/\/i0.wp.com\/www.grieta.org.mx\/wp-content\/uploads\/2018\/03\/14524434_1106112876131411_958039263622046936_o.jpg?resize=525%2C300 1.5x, https:\/\/i0.wp.com\/www.grieta.org.mx\/wp-content\/uploads\/2018\/03\/14524434_1106112876131411_958039263622046936_o.jpg?resize=700%2C400 2x"},"classes":[]},{"id":8735,"url":"http:\/\/www.grieta.org.mx\/index.php\/2016\/01\/26\/crearan-barricadas-contra-empresas-depredadoras\/","url_meta":{"origin":25539,"position":4},"title":"Crear\u00e1n barricadas contra empresas \u201cdepredadoras\u201d (San Luis Potos\u00ed)","author":"grieta","date":"26 enero, 2016","format":false,"excerpt":"Jos\u00e9 Luis Mart\u00ednez Castro \/ El Sol de San Luis Ciudad Valles, San Luis Potos\u00ed.- Los acuerdos establecidos en el foro llamado \u201cEn defensa del territorio del agua, tierra y vida\u201d que imparti\u00f3 Francisco Graviotto, de la Alianza Nacional contra el Fracking, que recorri\u00f3 varias comunidades y dio a conocer\u2026","rel":"","context":"En &quot;CINTILLO&quot;","block_context":{"text":"CINTILLO","link":"http:\/\/www.grieta.org.mx\/index.php\/category\/cintillo\/"},"img":{"alt_text":"","src":"https:\/\/i0.wp.com\/www.grieta.org.mx\/wp-content\/uploads\/2018\/03\/14524434_1106112876131411_958039263622046936_o.jpg?resize=350%2C200","width":350,"height":200,"srcset":"https:\/\/i0.wp.com\/www.grieta.org.mx\/wp-content\/uploads\/2018\/03\/14524434_1106112876131411_958039263622046936_o.jpg?resize=350%2C200 1x, https:\/\/i0.wp.com\/www.grieta.org.mx\/wp-content\/uploads\/2018\/03\/14524434_1106112876131411_958039263622046936_o.jpg?resize=525%2C300 1.5x, https:\/\/i0.wp.com\/www.grieta.org.mx\/wp-content\/uploads\/2018\/03\/14524434_1106112876131411_958039263622046936_o.jpg?resize=700%2C400 2x"},"classes":[]},{"id":25548,"url":"http:\/\/www.grieta.org.mx\/index.php\/2018\/08\/15\/huasteca-contra-el-fracking-cerraran-paso-a-pemex-san-luis-potosi\/","url_meta":{"origin":25539,"position":5},"title":"Huasteca contra el fracking, cerrar\u00e1n paso a Pemex (San Luis Potos\u00ed)","author":"grieta","date":"15 agosto, 2018","format":false,"excerpt":"Jos\u00e9 Luis Mart\u00ednez Castro \/ El Sol de San Luis \"Huastecos defender\u00e1n los pozos que Pemex quiere explotar\" \"En la zona Tenek se impedir\u00e1 llegue el \u201cfracking\u201d, incluso si es necesario se recurrir\u00e1 al amparo de la justicia federal, ya que esta practica devastara los recursos naturales y contaminara el\u2026","rel":"","context":"En &quot;CINTILLO&quot;","block_context":{"text":"CINTILLO","link":"http:\/\/www.grieta.org.mx\/index.php\/category\/cintillo\/"},"img":{"alt_text":"","src":"https:\/\/i0.wp.com\/www.grieta.org.mx\/wp-content\/uploads\/2018\/08\/Huasteca-contra-el-fracking-cerrar%C3%A1n-paso-a-Pemex.jpg?resize=350%2C200","width":350,"height":200,"srcset":"https:\/\/i0.wp.com\/www.grieta.org.mx\/wp-content\/uploads\/2018\/08\/Huasteca-contra-el-fracking-cerrar%C3%A1n-paso-a-Pemex.jpg?resize=350%2C200 1x, https:\/\/i0.wp.com\/www.grieta.org.mx\/wp-content\/uploads\/2018\/08\/Huasteca-contra-el-fracking-cerrar%C3%A1n-paso-a-Pemex.jpg?resize=525%2C300 1.5x, https:\/\/i0.wp.com\/www.grieta.org.mx\/wp-content\/uploads\/2018\/08\/Huasteca-contra-el-fracking-cerrar%C3%A1n-paso-a-Pemex.jpg?resize=700%2C400 2x"},"classes":[]}],"_links":{"self":[{"href":"http:\/\/www.grieta.org.mx\/index.php\/wp-json\/wp\/v2\/posts\/25539","targetHints":{"allow":["GET"]}}],"collection":[{"href":"http:\/\/www.grieta.org.mx\/index.php\/wp-json\/wp\/v2\/posts"}],"about":[{"href":"http:\/\/www.grieta.org.mx\/index.php\/wp-json\/wp\/v2\/types\/post"}],"author":[{"embeddable":true,"href":"http:\/\/www.grieta.org.mx\/index.php\/wp-json\/wp\/v2\/users\/2"}],"replies":[{"embeddable":true,"href":"http:\/\/www.grieta.org.mx\/index.php\/wp-json\/wp\/v2\/comments?post=25539"}],"version-history":[{"count":1,"href":"http:\/\/www.grieta.org.mx\/index.php\/wp-json\/wp\/v2\/posts\/25539\/revisions"}],"predecessor-version":[{"id":25541,"href":"http:\/\/www.grieta.org.mx\/index.php\/wp-json\/wp\/v2\/posts\/25539\/revisions\/25541"}],"wp:featuredmedia":[{"embeddable":true,"href":"http:\/\/www.grieta.org.mx\/index.php\/wp-json\/wp\/v2\/media\/25540"}],"wp:attachment":[{"href":"http:\/\/www.grieta.org.mx\/index.php\/wp-json\/wp\/v2\/media?parent=25539"}],"wp:term":[{"taxonomy":"category","embeddable":true,"href":"http:\/\/www.grieta.org.mx\/index.php\/wp-json\/wp\/v2\/categories?post=25539"},{"taxonomy":"post_tag","embeddable":true,"href":"http:\/\/www.grieta.org.mx\/index.php\/wp-json\/wp\/v2\/tags?post=25539"}],"curies":[{"name":"wp","href":"https:\/\/api.w.org\/{rel}","templated":true}]}}