{"id":25500,"date":"2018-08-05T18:32:01","date_gmt":"2018-08-05T23:32:01","guid":{"rendered":"http:\/\/www.grieta.org.mx\/?p=25500"},"modified":"2018-08-12T18:52:02","modified_gmt":"2018-08-12T23:52:02","slug":"piden-pobladores-a-conagua-operacion-de-potabilizadoras-en-rio-sonora","status":"publish","type":"post","link":"http:\/\/www.grieta.org.mx\/index.php\/2018\/08\/05\/piden-pobladores-a-conagua-operacion-de-potabilizadoras-en-rio-sonora\/","title":{"rendered":"Piden pobladores a Conagua operaci\u00f3n de potabilizadoras en R\u00edo Sonora"},"content":{"rendered":"<p><img decoding=\"async\" data-attachment-id=\"25501\" data-permalink=\"http:\/\/www.grieta.org.mx\/index.php\/2018\/08\/05\/piden-pobladores-a-conagua-operacion-de-potabilizadoras-en-rio-sonora\/pobladores-rio-sonora\/\" data-orig-file=\"http:\/\/www.grieta.org.mx\/wp-content\/uploads\/2018\/08\/pobladores-rio-sonora.jpg\" data-orig-size=\"800,460\" data-comments-opened=\"0\" data-image-meta=\"{&quot;aperture&quot;:&quot;0&quot;,&quot;credit&quot;:&quot;&quot;,&quot;camera&quot;:&quot;&quot;,&quot;caption&quot;:&quot;&quot;,&quot;created_timestamp&quot;:&quot;0&quot;,&quot;copyright&quot;:&quot;&quot;,&quot;focal_length&quot;:&quot;0&quot;,&quot;iso&quot;:&quot;0&quot;,&quot;shutter_speed&quot;:&quot;0&quot;,&quot;title&quot;:&quot;&quot;,&quot;orientation&quot;:&quot;0&quot;}\" data-image-title=\"pobladores rio sonora\" data-image-description=\"\" data-image-caption=\"\" data-medium-file=\"http:\/\/www.grieta.org.mx\/wp-content\/uploads\/2018\/08\/pobladores-rio-sonora-300x173.jpg\" data-large-file=\"http:\/\/www.grieta.org.mx\/wp-content\/uploads\/2018\/08\/pobladores-rio-sonora.jpg\" src=\"http:\/\/www.grieta.org.mx\/wp-content\/uploads\/2018\/08\/pobladores-rio-sonora-300x173.jpg\" alt=\"\" width=\"100%\" class=\"aligncenter size-medium wp-image-25501\" srcset=\"http:\/\/www.grieta.org.mx\/wp-content\/uploads\/2018\/08\/pobladores-rio-sonora-300x173.jpg 300w, http:\/\/www.grieta.org.mx\/wp-content\/uploads\/2018\/08\/pobladores-rio-sonora-768x442.jpg 768w, http:\/\/www.grieta.org.mx\/wp-content\/uploads\/2018\/08\/pobladores-rio-sonora.jpg 800w\" sizes=\"(max-width: 300px) 100vw, 300px\" \/><\/p>\n<p>Alan Rubio\/ Uniradio Noticias<\/p>\n<p>Hermosillo.- A cuatro a\u00f1os del derrame de t\u00f3xicos en los r\u00edos Bacanuchi y Sonora, s\u00f3lo funcionan cinco de las nueve plantas potabilizadoras de agua, mismas a las que Grupo M\u00e9xico se comprometi\u00f3 a poner en operaci\u00f3n para proveer del l\u00edquido a pueblos y municipios afectados en la zona; lo anterior tras el peor desastre ecol\u00f3gico de su tipo en la historia de M\u00e9xico.<\/p>\n<p>Bacanuchi, Arizpe, Hu\u00e9pac, el ejido La Estancia, que pertenece al Municipio de Aconchi, y el ejido La Aurora, perteneciente al Municipio de Bavi\u00e1cora, cuentan con plantas potabilizadoras que est\u00e1n en operaci\u00f3n. Las faltantes corresponden a Ures, Bavi\u00e1cora, Aconchi y Ban\u00e1michi, existiendo en \u00e9ste \u00faltimo municipio una potabilizadora que se encuentra fuera de operaci\u00f3n desde su construcci\u00f3n hace ya un a\u00f1o.<\/p>\n<p><img decoding=\"async\" data-attachment-id=\"25502\" data-permalink=\"http:\/\/www.grieta.org.mx\/index.php\/2018\/08\/05\/piden-pobladores-a-conagua-operacion-de-potabilizadoras-en-rio-sonora\/planta-1\/\" data-orig-file=\"http:\/\/www.grieta.org.mx\/wp-content\/uploads\/2018\/08\/planta-1.jpg\" data-orig-size=\"800,460\" data-comments-opened=\"0\" data-image-meta=\"{&quot;aperture&quot;:&quot;0&quot;,&quot;credit&quot;:&quot;&quot;,&quot;camera&quot;:&quot;&quot;,&quot;caption&quot;:&quot;&quot;,&quot;created_timestamp&quot;:&quot;0&quot;,&quot;copyright&quot;:&quot;&quot;,&quot;focal_length&quot;:&quot;0&quot;,&quot;iso&quot;:&quot;0&quot;,&quot;shutter_speed&quot;:&quot;0&quot;,&quot;title&quot;:&quot;&quot;,&quot;orientation&quot;:&quot;0&quot;}\" data-image-title=\"planta 1\" data-image-description=\"\" data-image-caption=\"\" data-medium-file=\"http:\/\/www.grieta.org.mx\/wp-content\/uploads\/2018\/08\/planta-1-300x173.jpg\" data-large-file=\"http:\/\/www.grieta.org.mx\/wp-content\/uploads\/2018\/08\/planta-1.jpg\" src=\"http:\/\/www.grieta.org.mx\/wp-content\/uploads\/2018\/08\/planta-1-300x173.jpg\" alt=\"\" width=\"100%\" class=\"aligncenter size-medium wp-image-25502\" srcset=\"http:\/\/www.grieta.org.mx\/wp-content\/uploads\/2018\/08\/planta-1-300x173.jpg 300w, http:\/\/www.grieta.org.mx\/wp-content\/uploads\/2018\/08\/planta-1-768x442.jpg 768w, http:\/\/www.grieta.org.mx\/wp-content\/uploads\/2018\/08\/planta-1.jpg 800w\" sizes=\"(max-width: 300px) 100vw, 300px\" \/><\/p>\n<p>La finalidad de las plantas potabilizadoras de agua, es eliminar metales pesados que se encuentran en el recurso natural proveniente de los pozos, mismos que son alimentados por el r\u00edo y que estuvieron suspendidos durante los dos meses en los que se declar\u00f3 la contingencia ambiental posterior al derrame de t\u00f3xicos en los r\u00edos Bacanuchi y Sonora, el 6 de agosto de 2014 por parte da la mina Buenavista del Cobre, propiedad de Grupo M\u00e9xico.<\/p>\n<p>En septiembre de ese mismo a\u00f1o, Grupo M\u00e9xico proyectaba construir 27 plantas potabilizadoras en la zona del R\u00edo Sonora pero, el 12 de diciembre de 2017, la compa\u00f1\u00eda decidi\u00f3 que se instalar\u00edan nueve (entre instalaciones fijas y maquinarias m\u00f3viles), con el argumento de que los niveles de metales pesados en el cauce de los dos afluentes hab\u00edan disminuido.<\/p>\n<p>Plantas potabilizadoras resguardadas<\/p>\n<p>Dos plantas potabilizadoras m\u00f3viles est\u00e1n guardadas desde hace seis meses; una se encuentra en una propiedad del Alcalde de Aconchi, Jes\u00fas Souffle Enr\u00edquez, y otra se localiza en los patios del Palacio Municipal de Bavi\u00e1cora.<\/p>\n<p>UNIRADIO NOTICIAS tuvo acceso a los lugares en donde se encuentran estas m\u00e1quinas potabilizadoras con la autorizaci\u00f3n de funcionarios de Bavi\u00e1cora as\u00ed como familiares del Alcalde de Aconchi.<\/p>\n<p>Las plantas potabilizadoras no cuentan con protecci\u00f3n alguna que las resguarde de las adversar condiciones climatol\u00f3gicas; est\u00e1n sucias, tienen tierra, ramas secas y telara\u00f1as. Las dos fueron compradas con los recursos del Fideicomiso del R\u00edo Sonora.<\/p>\n<p>Ambas plantas no tienen como funci\u00f3n conectarse a la red de abasto para subministrar el recurso a los domicilios afectados; su operaci\u00f3n consiste en rellenar cualquier recipiente para almacenar el vital l\u00edquido como lo son garrafones, lo cual implica el traslado de la poblaci\u00f3n afectada hasta el lugar en el que se encuentran instaladas las m\u00e1quinas para, despu\u00e9s, tener que regresar a sus casas con los contendores llenos.<\/p>\n<p>En propiedad del Alcalde<\/p>\n<p>A la salida Norte del pueblo de Aconchi, se encuentran una gasolinera y una ferreter\u00eda, mismas que son propiedad del Alcalde de ese municipio; a un lado se ubica un terreno cercado que se utiliza para almacenar objetos y es ah\u00ed donde se localiza la planta potabilizadora m\u00f3vil de agua.<\/p>\n<p>Gladys Souffle Enr\u00edquez, encargada de los negocios de su hermano Jes\u00fas Souffle, el Alcalde, explic\u00f3 que esta m\u00e1quina est\u00e1 resguardada porque le faltan piezas y algunas de ellas cuestan hasta 35 mil pesos. Asever\u00f3 que el Ayuntamiento de Aconchi no tiene los recursos para adquirir las piezas y no hay quien se haya responsabilizado por la compra de las refacciones.<\/p>\n<p><img decoding=\"async\" data-attachment-id=\"25503\" data-permalink=\"http:\/\/www.grieta.org.mx\/index.php\/2018\/08\/05\/piden-pobladores-a-conagua-operacion-de-potabilizadoras-en-rio-sonora\/planta-2\/\" data-orig-file=\"http:\/\/www.grieta.org.mx\/wp-content\/uploads\/2018\/08\/planta-2.jpg\" data-orig-size=\"800,460\" data-comments-opened=\"0\" data-image-meta=\"{&quot;aperture&quot;:&quot;0&quot;,&quot;credit&quot;:&quot;&quot;,&quot;camera&quot;:&quot;&quot;,&quot;caption&quot;:&quot;&quot;,&quot;created_timestamp&quot;:&quot;0&quot;,&quot;copyright&quot;:&quot;&quot;,&quot;focal_length&quot;:&quot;0&quot;,&quot;iso&quot;:&quot;0&quot;,&quot;shutter_speed&quot;:&quot;0&quot;,&quot;title&quot;:&quot;&quot;,&quot;orientation&quot;:&quot;0&quot;}\" data-image-title=\"planta 2\" data-image-description=\"\" data-image-caption=\"\" data-medium-file=\"http:\/\/www.grieta.org.mx\/wp-content\/uploads\/2018\/08\/planta-2-300x173.jpg\" data-large-file=\"http:\/\/www.grieta.org.mx\/wp-content\/uploads\/2018\/08\/planta-2.jpg\" src=\"http:\/\/www.grieta.org.mx\/wp-content\/uploads\/2018\/08\/planta-2-300x173.jpg\" alt=\"\" width=\"100%\" class=\"aligncenter size-medium wp-image-25503\" srcset=\"http:\/\/www.grieta.org.mx\/wp-content\/uploads\/2018\/08\/planta-2-300x173.jpg 300w, http:\/\/www.grieta.org.mx\/wp-content\/uploads\/2018\/08\/planta-2-768x442.jpg 768w, http:\/\/www.grieta.org.mx\/wp-content\/uploads\/2018\/08\/planta-2.jpg 800w\" sizes=\"(max-width: 300px) 100vw, 300px\" \/><\/p>\n<p>La potabilizadora m\u00f3vil, dur\u00f3 tres meses afuera de la gasolinera perteneciente al Ejecutivo Local y, para evitar que fuera vandalizada, adem\u00e1s de que estorbaba, el Mun\u00edcipe decidi\u00f3 resguardarla en dicho terreno, se\u00f1al\u00f3.<\/p>\n<p>\u201cLa guard\u00f3 aqu\u00ed el Presidente Municipal porque le faltan piezas y por eso no se ha instalado. La mandaron de parte del Gobierno del Estado a nombre de la Secretar\u00eda de Gobernaci\u00f3n porque se compr\u00f3 con el Fideicomiso y, como no se pudo instalar, pues se puso afuera de la gasolinera, pero como estorbaba, decidieron guardarla en el predio\u201d, coment\u00f3.<\/p>\n<p>Debido a que falta menos de un mes y medio para que termine la administraci\u00f3n municipal que preside el alcalde Jes\u00fas Souffle Enr\u00edquez, agreg\u00f3, la planta potabilizadora en desuso se entregar\u00e1 a la pr\u00f3xima administraci\u00f3n.<\/p>\n<p>La potabilizadora del Palacio<\/p>\n<p>Roberto Enr\u00edquez, Tesorero del Ayuntamiento de Bavi\u00e1cora, aclar\u00f3 que la planta potabilizadora m\u00f3vil tiene seis meses en los patios del Palacio Municipal ya que no se cuenta con el lugar id\u00f3neo para resguardarla.<\/p>\n<p><img decoding=\"async\" data-attachment-id=\"25504\" data-permalink=\"http:\/\/www.grieta.org.mx\/index.php\/2018\/08\/05\/piden-pobladores-a-conagua-operacion-de-potabilizadoras-en-rio-sonora\/planta-3\/\" data-orig-file=\"http:\/\/www.grieta.org.mx\/wp-content\/uploads\/2018\/08\/planta-3.jpg\" data-orig-size=\"800,460\" data-comments-opened=\"0\" data-image-meta=\"{&quot;aperture&quot;:&quot;0&quot;,&quot;credit&quot;:&quot;&quot;,&quot;camera&quot;:&quot;&quot;,&quot;caption&quot;:&quot;&quot;,&quot;created_timestamp&quot;:&quot;0&quot;,&quot;copyright&quot;:&quot;&quot;,&quot;focal_length&quot;:&quot;0&quot;,&quot;iso&quot;:&quot;0&quot;,&quot;shutter_speed&quot;:&quot;0&quot;,&quot;title&quot;:&quot;&quot;,&quot;orientation&quot;:&quot;0&quot;}\" data-image-title=\"planta 3\" data-image-description=\"\" data-image-caption=\"\" data-medium-file=\"http:\/\/www.grieta.org.mx\/wp-content\/uploads\/2018\/08\/planta-3-300x173.jpg\" data-large-file=\"http:\/\/www.grieta.org.mx\/wp-content\/uploads\/2018\/08\/planta-3.jpg\" src=\"http:\/\/www.grieta.org.mx\/wp-content\/uploads\/2018\/08\/planta-3-300x173.jpg\" alt=\"\" width=\"100%\" class=\"aligncenter size-medium wp-image-25504\" srcset=\"http:\/\/www.grieta.org.mx\/wp-content\/uploads\/2018\/08\/planta-3-300x173.jpg 300w, http:\/\/www.grieta.org.mx\/wp-content\/uploads\/2018\/08\/planta-3-768x442.jpg 768w, http:\/\/www.grieta.org.mx\/wp-content\/uploads\/2018\/08\/planta-3.jpg 800w\" sizes=\"(max-width: 300px) 100vw, 300px\" \/><\/p>\n<p>\u201cQueremos un lugar c\u00e9ntrico en donde todos puedan venir, pero otra de las opciones es que una vez a la semana se visite cada ejido del Municipio de Bavi\u00e1cora con la planta potabilizadora para que las personas se suministren de agua limpia\u201d, indic\u00f3.<\/p>\n<p>El funcionario estim\u00f3 que en diez d\u00edas habr\u00e1 Sesi\u00f3n de Cabildo en donde se someter\u00e1 a votaci\u00f3n el planteamiento antes citado.<\/p>\n<p>Desconfianza y malestares atribuidos al agua potable en Bacanuchi<\/p>\n<p>Los habitantes de Bacanuchi no toman el agua de la llave que proviene de la planta potabilizadora del vital l\u00edquido porque les causa dolores de est\u00f3mago y diarrea, adem\u00e1s de su mal sabor.<\/p>\n<p><img decoding=\"async\" data-attachment-id=\"25505\" data-permalink=\"http:\/\/www.grieta.org.mx\/index.php\/2018\/08\/05\/piden-pobladores-a-conagua-operacion-de-potabilizadoras-en-rio-sonora\/planta-4\/\" data-orig-file=\"http:\/\/www.grieta.org.mx\/wp-content\/uploads\/2018\/08\/planta-4.jpg\" data-orig-size=\"800,460\" data-comments-opened=\"0\" data-image-meta=\"{&quot;aperture&quot;:&quot;0&quot;,&quot;credit&quot;:&quot;&quot;,&quot;camera&quot;:&quot;&quot;,&quot;caption&quot;:&quot;&quot;,&quot;created_timestamp&quot;:&quot;0&quot;,&quot;copyright&quot;:&quot;&quot;,&quot;focal_length&quot;:&quot;0&quot;,&quot;iso&quot;:&quot;0&quot;,&quot;shutter_speed&quot;:&quot;0&quot;,&quot;title&quot;:&quot;&quot;,&quot;orientation&quot;:&quot;0&quot;}\" data-image-title=\"planta 4\" data-image-description=\"\" data-image-caption=\"\" data-medium-file=\"http:\/\/www.grieta.org.mx\/wp-content\/uploads\/2018\/08\/planta-4-300x173.jpg\" data-large-file=\"http:\/\/www.grieta.org.mx\/wp-content\/uploads\/2018\/08\/planta-4.jpg\" src=\"http:\/\/www.grieta.org.mx\/wp-content\/uploads\/2018\/08\/planta-4-300x173.jpg\" alt=\"\" width=\"100%\" class=\"aligncenter size-medium wp-image-25505\" srcset=\"http:\/\/www.grieta.org.mx\/wp-content\/uploads\/2018\/08\/planta-4-300x173.jpg 300w, http:\/\/www.grieta.org.mx\/wp-content\/uploads\/2018\/08\/planta-4-768x442.jpg 768w, http:\/\/www.grieta.org.mx\/wp-content\/uploads\/2018\/08\/planta-4.jpg 800w\" sizes=\"(max-width: 300px) 100vw, 300px\" \/><\/p>\n<p>Bacanuchi, perteneciente al Municipio de Arizpe, es el primer pueblo de la zona del R\u00edo Sonora a la que se le construy\u00f3 este tipo de infraestructura hidr\u00e1ulica y la \u00fanica de las dos existentes que se encuentra en operaci\u00f3n. La edificaci\u00f3n estuvo a cargo de Grupo M\u00e9xico con fondos provenientes del Fideicomiso R\u00edo Sonora.<\/p>\n<p>Sin embargo, los pobladores de Bacanuchi desconf\u00edan que el agua este potabilizada, pues sospechan que todav\u00eda contiene metales pesados, mismos a los que atribuyen su mal sabor, as\u00ed como los dolores estomacales que sufren al consumir el l\u00edquido.<\/p>\n<p>Los habitantes de Bacanuchi, a falta de confianza en el agua tratada, se han visto obligados a comprar garrafones de agua purificada que compran a 25 pesos cada uno, contendores que venden los abarrotes del lugar, o bien, optan por trasladarse a Cananea para adquirir a 15 pesos cada garraf\u00f3n a pesar de que el viaje represente una hora de camino y un gasto de 300 pesos en gasolina.<\/p>\n<p>El vital l\u00edquido purificado lo utilizan para beber y preparar alimentos mientras que el agua de la llave s\u00f3lo es utilizada para los quehaceres dom\u00e9sticos.<\/p>\n<p><img decoding=\"async\" data-attachment-id=\"25506\" data-permalink=\"http:\/\/www.grieta.org.mx\/index.php\/2018\/08\/05\/piden-pobladores-a-conagua-operacion-de-potabilizadoras-en-rio-sonora\/mercedes\/\" data-orig-file=\"http:\/\/www.grieta.org.mx\/wp-content\/uploads\/2018\/08\/Mercedes.jpg\" data-orig-size=\"800,460\" data-comments-opened=\"0\" data-image-meta=\"{&quot;aperture&quot;:&quot;0&quot;,&quot;credit&quot;:&quot;&quot;,&quot;camera&quot;:&quot;&quot;,&quot;caption&quot;:&quot;&quot;,&quot;created_timestamp&quot;:&quot;0&quot;,&quot;copyright&quot;:&quot;&quot;,&quot;focal_length&quot;:&quot;0&quot;,&quot;iso&quot;:&quot;0&quot;,&quot;shutter_speed&quot;:&quot;0&quot;,&quot;title&quot;:&quot;&quot;,&quot;orientation&quot;:&quot;0&quot;}\" data-image-title=\"Mercedes\" data-image-description=\"\" data-image-caption=\"\" data-medium-file=\"http:\/\/www.grieta.org.mx\/wp-content\/uploads\/2018\/08\/Mercedes-300x173.jpg\" data-large-file=\"http:\/\/www.grieta.org.mx\/wp-content\/uploads\/2018\/08\/Mercedes.jpg\" src=\"http:\/\/www.grieta.org.mx\/wp-content\/uploads\/2018\/08\/Mercedes-300x173.jpg\" alt=\"\" width=\"100%\" class=\"aligncenter size-medium wp-image-25506\" srcset=\"http:\/\/www.grieta.org.mx\/wp-content\/uploads\/2018\/08\/Mercedes-300x173.jpg 300w, http:\/\/www.grieta.org.mx\/wp-content\/uploads\/2018\/08\/Mercedes-768x442.jpg 768w, http:\/\/www.grieta.org.mx\/wp-content\/uploads\/2018\/08\/Mercedes.jpg 800w\" sizes=\"(max-width: 300px) 100vw, 300px\" \/><\/p>\n<p>\u201cSiento el est\u00f3mago muy hinchado. A veces me provoca dolor, otras ocasiones tengo diarrea. Desde que empez\u00f3 a salir esta agua potable en las casas me he sentido mal. Como que a veces tambi\u00e9n me estri\u00f1e esta agua\u201d, cont\u00f3 Mercedes \u00c1vila.<\/p>\n<p><img decoding=\"async\" data-attachment-id=\"25507\" data-permalink=\"http:\/\/www.grieta.org.mx\/index.php\/2018\/08\/05\/piden-pobladores-a-conagua-operacion-de-potabilizadoras-en-rio-sonora\/francisco\/\" data-orig-file=\"http:\/\/www.grieta.org.mx\/wp-content\/uploads\/2018\/08\/Francisco.jpg\" data-orig-size=\"800,460\" data-comments-opened=\"0\" data-image-meta=\"{&quot;aperture&quot;:&quot;0&quot;,&quot;credit&quot;:&quot;&quot;,&quot;camera&quot;:&quot;&quot;,&quot;caption&quot;:&quot;&quot;,&quot;created_timestamp&quot;:&quot;0&quot;,&quot;copyright&quot;:&quot;&quot;,&quot;focal_length&quot;:&quot;0&quot;,&quot;iso&quot;:&quot;0&quot;,&quot;shutter_speed&quot;:&quot;0&quot;,&quot;title&quot;:&quot;&quot;,&quot;orientation&quot;:&quot;0&quot;}\" data-image-title=\"Francisco\" data-image-description=\"\" data-image-caption=\"\" data-medium-file=\"http:\/\/www.grieta.org.mx\/wp-content\/uploads\/2018\/08\/Francisco-300x173.jpg\" data-large-file=\"http:\/\/www.grieta.org.mx\/wp-content\/uploads\/2018\/08\/Francisco.jpg\" src=\"http:\/\/www.grieta.org.mx\/wp-content\/uploads\/2018\/08\/Francisco-300x173.jpg\" alt=\"\" width=\"100%\" class=\"aligncenter size-medium wp-image-25507\" srcset=\"http:\/\/www.grieta.org.mx\/wp-content\/uploads\/2018\/08\/Francisco-300x173.jpg 300w, http:\/\/www.grieta.org.mx\/wp-content\/uploads\/2018\/08\/Francisco-768x442.jpg 768w, http:\/\/www.grieta.org.mx\/wp-content\/uploads\/2018\/08\/Francisco.jpg 800w\" sizes=\"(max-width: 300px) 100vw, 300px\" \/><\/p>\n<p>Francisco V\u00e1zquez Escalante expuso: \u201cAqu\u00ed el problema m\u00e1s grave es el agua, nos hace da\u00f1o, estamos comprando agua en garrafones a 25 pesos y a veces no tenemos dinero\u201d, manifest\u00f3.<\/p>\n<p><img decoding=\"async\" data-attachment-id=\"25508\" data-permalink=\"http:\/\/www.grieta.org.mx\/index.php\/2018\/08\/05\/piden-pobladores-a-conagua-operacion-de-potabilizadoras-en-rio-sonora\/arnulfo\/\" data-orig-file=\"http:\/\/www.grieta.org.mx\/wp-content\/uploads\/2018\/08\/arnulfo.jpg\" data-orig-size=\"800,460\" data-comments-opened=\"0\" data-image-meta=\"{&quot;aperture&quot;:&quot;0&quot;,&quot;credit&quot;:&quot;&quot;,&quot;camera&quot;:&quot;&quot;,&quot;caption&quot;:&quot;&quot;,&quot;created_timestamp&quot;:&quot;0&quot;,&quot;copyright&quot;:&quot;&quot;,&quot;focal_length&quot;:&quot;0&quot;,&quot;iso&quot;:&quot;0&quot;,&quot;shutter_speed&quot;:&quot;0&quot;,&quot;title&quot;:&quot;&quot;,&quot;orientation&quot;:&quot;0&quot;}\" data-image-title=\"arnulfo\" data-image-description=\"\" data-image-caption=\"\" data-medium-file=\"http:\/\/www.grieta.org.mx\/wp-content\/uploads\/2018\/08\/arnulfo-300x173.jpg\" data-large-file=\"http:\/\/www.grieta.org.mx\/wp-content\/uploads\/2018\/08\/arnulfo.jpg\" src=\"http:\/\/www.grieta.org.mx\/wp-content\/uploads\/2018\/08\/arnulfo-300x173.jpg\" alt=\"\" width=\"100%\" class=\"aligncenter size-medium wp-image-25508\" srcset=\"http:\/\/www.grieta.org.mx\/wp-content\/uploads\/2018\/08\/arnulfo-300x173.jpg 300w, http:\/\/www.grieta.org.mx\/wp-content\/uploads\/2018\/08\/arnulfo-768x442.jpg 768w, http:\/\/www.grieta.org.mx\/wp-content\/uploads\/2018\/08\/arnulfo.jpg 800w\" sizes=\"(max-width: 300px) 100vw, 300px\" \/><\/p>\n<p>\u201cPues la planta est\u00e1 utilizando el agua con los pozos que se estaban usando antes y creemos que el agua pudiera estar contaminada. A nosotros se nos hace que ya cambi\u00f3 el sabor del agua; esa agua ya no est\u00e1 buena\u201d, expres\u00f3 Arnulfo Carranza.<\/p>\n<p>Los tres ciudadanos entrevistados en la localidad de Bacanuchi, exhortan a las autoridades de la Comisi\u00f3n Nacional del Agua a que perforen un pozo nuevo lejos del R\u00edo Bacanuchi para que se extraiga agua libre de metales pesados.<\/p>\n<p>Sin operar planta potabilizadora en Ban\u00e1michi<\/p>\n<p>Hace un a\u00f1o que fue construida una planta potabilizadora de agua en Ban\u00e1michi, misma que desde que concluy\u00f3 la obra, no ha operado. La infraestructura hidr\u00e1ulica se edific\u00f3 en un cerro ubicado al Noreste de la cabecera municipal.<\/p>\n<p>De acuerdo con informaci\u00f3n proporcionada por funcionarios del Ayuntamiento de Ban\u00e1michi, la planta potabilizara se encuentra fuera de operaci\u00f3n porque no existen recursos para colocar la electrificaci\u00f3n e instalar tuber\u00eda que permita conectar la planta potabilizadora con la red de abasto.<\/p>\n<p><img decoding=\"async\" data-attachment-id=\"25509\" data-permalink=\"http:\/\/www.grieta.org.mx\/index.php\/2018\/08\/05\/piden-pobladores-a-conagua-operacion-de-potabilizadoras-en-rio-sonora\/planta-5\/\" data-orig-file=\"http:\/\/www.grieta.org.mx\/wp-content\/uploads\/2018\/08\/planta-5.jpg\" data-orig-size=\"800,460\" data-comments-opened=\"0\" data-image-meta=\"{&quot;aperture&quot;:&quot;0&quot;,&quot;credit&quot;:&quot;&quot;,&quot;camera&quot;:&quot;&quot;,&quot;caption&quot;:&quot;&quot;,&quot;created_timestamp&quot;:&quot;0&quot;,&quot;copyright&quot;:&quot;&quot;,&quot;focal_length&quot;:&quot;0&quot;,&quot;iso&quot;:&quot;0&quot;,&quot;shutter_speed&quot;:&quot;0&quot;,&quot;title&quot;:&quot;&quot;,&quot;orientation&quot;:&quot;0&quot;}\" data-image-title=\"planta 5\" data-image-description=\"\" data-image-caption=\"\" data-medium-file=\"http:\/\/www.grieta.org.mx\/wp-content\/uploads\/2018\/08\/planta-5-300x173.jpg\" data-large-file=\"http:\/\/www.grieta.org.mx\/wp-content\/uploads\/2018\/08\/planta-5.jpg\" src=\"http:\/\/www.grieta.org.mx\/wp-content\/uploads\/2018\/08\/planta-5-300x173.jpg\" alt=\"\" width=\"100%\" class=\"aligncenter size-medium wp-image-25509\" srcset=\"http:\/\/www.grieta.org.mx\/wp-content\/uploads\/2018\/08\/planta-5-300x173.jpg 300w, http:\/\/www.grieta.org.mx\/wp-content\/uploads\/2018\/08\/planta-5-768x442.jpg 768w, http:\/\/www.grieta.org.mx\/wp-content\/uploads\/2018\/08\/planta-5.jpg 800w\" sizes=\"(max-width: 300px) 100vw, 300px\" \/><\/p>\n<p>Los servidores p\u00fablicos desconocen cu\u00e1nto se necesita invertir en las instalaciones el\u00e9ctricas y tuber\u00eda; sin embargo, la administraci\u00f3n municipal de Ban\u00e1michi dejar\u00e1 como pendiente este tema a la administraci\u00f3n entrante para que sean ellos quienes gestionen los recursos y lograr as\u00ed, por fin, poner a operar la planta potabilizadora.<\/p>\n<p><a href=\"http:\/\/www.uniradionoticias.com\/noticias\/reportajesespeciales\/534814\/piden-pobladores-a-conagua-operacion-de-potabilizadoras-en-rio-sonora.html\" rel=\"noopener\" target=\"_blank\">http:\/\/www.uniradionoticias.com\/noticias\/reportajesespeciales\/534814\/piden-pobladores-a-conagua-operacion-de-potabilizadoras-en-rio-sonora.html<\/a><\/p>\n","protected":false},"excerpt":{"rendered":"<p>Alan Rubio\/ Uniradio Noticias Hermosillo.- A cuatro a\u00f1os del derrame de t\u00f3xicos en los r\u00edos Bacanuchi y Sonora, s\u00f3lo funcionan cinco de las nueve plantas potabilizadoras de agua, mismas a &hellip; <a href=\"http:\/\/www.grieta.org.mx\/index.php\/2018\/08\/05\/piden-pobladores-a-conagua-operacion-de-potabilizadoras-en-rio-sonora\/\" class=\"more-link\">Leer m\u00e1s<\/a><\/p>\n","protected":false},"author":2,"featured_media":25501,"comment_status":"closed","ping_status":"closed","sticky":false,"template":"","format":"standard","meta":{"ngg_post_thumbnail":0,"_jetpack_newsletter_access":"","_jetpack_dont_email_post_to_subs":false,"_jetpack_newsletter_tier_id":0,"_jetpack_memberships_contains_paywalled_content":false,"_jetpack_memberships_contains_paid_content":false,"footnotes":""},"categories":[80,1462,2,31],"tags":[393,485,109,786],"class_list":["post-25500","post","type-post","status-publish","format-standard","has-post-thumbnail","hentry","category-cintillo","category-contaminacion-y-danos-a-la-salud-por-mineria-en-sonora","category-noticias-nacionales","category-sonora","tag-contaminacion-del-agua","tag-grupo-mexico","tag-mineria","tag-rio-sonora","entry"],"jetpack_featured_media_url":"http:\/\/www.grieta.org.mx\/wp-content\/uploads\/2018\/08\/pobladores-rio-sonora.jpg","jetpack_sharing_enabled":true,"jetpack_shortlink":"https:\/\/wp.me\/p7ZJR4-6Di","jetpack_likes_enabled":false,"jetpack-related-posts":[{"id":16706,"url":"http:\/\/www.grieta.org.mx\/index.php\/2016\/07\/09\/grupo-mexico-impune-por-la-mayor-tragedia-ambiental-habitantes-del-rio-sonora\/","url_meta":{"origin":25500,"position":0},"title":"Grupo M\u00e9xico, impune por la mayor tragedia ambiental: habitantes del r\u00edo Sonora","author":"Admin","date":"9 julio, 2016","format":false,"excerpt":"Grupo M\u00e9xico y Germ\u00e1n Larrea contin\u00faan impunes a pesar que reconocieron su responsabilidad por el mayor desastre ambiental en la historia de la miner\u00eda nacional DANIEL S\u00c1NCHEZ D\u00d3RAME Grupo M\u00e9xico y Germ\u00e1n Larrea contin\u00faan impunes a pesar que reconocieron su responsabilidad por el mayor desastre ambiental en la historia de\u2026","rel":"","context":"En &quot;CINTILLO&quot;","block_context":{"text":"CINTILLO","link":"http:\/\/www.grieta.org.mx\/index.php\/category\/cintillo\/"},"img":{"alt_text":"","src":"https:\/\/i0.wp.com\/www.grieta.org.mx\/wp-content\/uploads\/2018\/03\/14524434_1106112876131411_958039263622046936_o.jpg?resize=350%2C200","width":350,"height":200,"srcset":"https:\/\/i0.wp.com\/www.grieta.org.mx\/wp-content\/uploads\/2018\/03\/14524434_1106112876131411_958039263622046936_o.jpg?resize=350%2C200 1x, https:\/\/i0.wp.com\/www.grieta.org.mx\/wp-content\/uploads\/2018\/03\/14524434_1106112876131411_958039263622046936_o.jpg?resize=525%2C300 1.5x, https:\/\/i0.wp.com\/www.grieta.org.mx\/wp-content\/uploads\/2018\/03\/14524434_1106112876131411_958039263622046936_o.jpg?resize=700%2C400 2x"},"classes":[]},{"id":36073,"url":"http:\/\/www.grieta.org.mx\/index.php\/2019\/07\/05\/grupo-mexico-planea-construir-presa-de-jales-en-bacanuchi-ciudadanos-se-oponen-temen-otro-derrame-sonora\/","url_meta":{"origin":25500,"position":1},"title":"Grupo M\u00e9xico planea construir presa de jales en Bacanuchi, ciudadanos se oponen, temen otro derrame (Sonora)","author":"grieta","date":"5 julio, 2019","format":false,"excerpt":"https:\/\/proyectopuente.com.mx\/2019\/07\/05\/grupo-mexico-planea-construir-presa-de-jales-en-bacanuchi-ciudadanos-se-oponen-temen-otro-derrame-2\/","rel":"","context":"En &quot;Contaminaci\u00f3n ambiental por megaproyectos en Sonora&quot;","block_context":{"text":"Contaminaci\u00f3n ambiental por megaproyectos en Sonora","link":"http:\/\/www.grieta.org.mx\/index.php\/category\/noticias-nacionales\/sonora\/contaminacion-y-danos-a-la-naturaleza-por-megaproyectos\/"},"img":{"alt_text":"","src":"https:\/\/i0.wp.com\/www.grieta.org.mx\/wp-content\/uploads\/2018\/03\/14524434_1106112876131411_958039263622046936_o.jpg?resize=350%2C200","width":350,"height":200,"srcset":"https:\/\/i0.wp.com\/www.grieta.org.mx\/wp-content\/uploads\/2018\/03\/14524434_1106112876131411_958039263622046936_o.jpg?resize=350%2C200 1x, https:\/\/i0.wp.com\/www.grieta.org.mx\/wp-content\/uploads\/2018\/03\/14524434_1106112876131411_958039263622046936_o.jpg?resize=525%2C300 1.5x, https:\/\/i0.wp.com\/www.grieta.org.mx\/wp-content\/uploads\/2018\/03\/14524434_1106112876131411_958039263622046936_o.jpg?resize=700%2C400 2x"},"classes":[]},{"id":29497,"url":"http:\/\/www.grieta.org.mx\/index.php\/2018\/08\/06\/sonora-cuatro-anos-de-maldicion-minera\/","url_meta":{"origin":25500,"position":2},"title":"Sonora: cuatro a\u00f1os de maldici\u00f3n minera","author":"grieta","date":"6 agosto, 2018","format":false,"excerpt":"Areli Villalobos\/ PROCESO Este mes se cumplen cuatro a\u00f1os del \u201cpeor desastre\u201d causado por mineras en M\u00e9xico: el envenenamiento de los r\u00edos Bacanuchi y Sonora con millones de litros de sulfato de cobre, que afect\u00f3 gravemente cultivos, ganado y la salud de la poblaci\u00f3n. En todo este tiempo el fideicomiso\u2026","rel":"","context":"En &quot;CINTILLO&quot;","block_context":{"text":"CINTILLO","link":"http:\/\/www.grieta.org.mx\/index.php\/category\/cintillo\/"},"img":{"alt_text":"","src":"https:\/\/i0.wp.com\/www.grieta.org.mx\/wp-content\/uploads\/2019\/02\/Sonora-contaminacion.jpg?resize=350%2C200","width":350,"height":200,"srcset":"https:\/\/i0.wp.com\/www.grieta.org.mx\/wp-content\/uploads\/2019\/02\/Sonora-contaminacion.jpg?resize=350%2C200 1x, https:\/\/i0.wp.com\/www.grieta.org.mx\/wp-content\/uploads\/2019\/02\/Sonora-contaminacion.jpg?resize=525%2C300 1.5x, https:\/\/i0.wp.com\/www.grieta.org.mx\/wp-content\/uploads\/2019\/02\/Sonora-contaminacion.jpg?resize=700%2C400 2x"},"classes":[]},{"id":8276,"url":"http:\/\/www.grieta.org.mx\/index.php\/2015\/03\/17\/sonora-exigen-reparar-danos-por-derrame\/","url_meta":{"origin":25500,"position":3},"title":"Sonora: exigen reparar da\u00f1os por derrame","author":"grieta","date":"17 marzo, 2015","format":false,"excerpt":"Ulises Guti\u00e9rrez Ruelas y Diana Manzo Corresponsales Peri\u00f3dico La Jornada Martes 17 de marzo de 2015, p. 29 M\u00e1s de mil habitantes de los pueblos asentados en los alrededores del r\u00edo Sonora e integrantes de la secci\u00f3n 65 del Sindicato Nacional de Trabajadores Mineros, Metal\u00fargicos y Similares de la Rep\u00fablica\u2026","rel":"","context":"En &quot;CINTILLO&quot;","block_context":{"text":"CINTILLO","link":"http:\/\/www.grieta.org.mx\/index.php\/category\/cintillo\/"},"img":{"alt_text":"","src":"https:\/\/i0.wp.com\/www.grieta.org.mx\/wp-content\/uploads\/2018\/03\/14524434_1106112876131411_958039263622046936_o.jpg?resize=350%2C200","width":350,"height":200,"srcset":"https:\/\/i0.wp.com\/www.grieta.org.mx\/wp-content\/uploads\/2018\/03\/14524434_1106112876131411_958039263622046936_o.jpg?resize=350%2C200 1x, https:\/\/i0.wp.com\/www.grieta.org.mx\/wp-content\/uploads\/2018\/03\/14524434_1106112876131411_958039263622046936_o.jpg?resize=525%2C300 1.5x, https:\/\/i0.wp.com\/www.grieta.org.mx\/wp-content\/uploads\/2018\/03\/14524434_1106112876131411_958039263622046936_o.jpg?resize=700%2C400 2x"},"classes":[]},{"id":37526,"url":"http:\/\/www.grieta.org.mx\/index.php\/2019\/08\/05\/derrame-del-rio-sonora-cinco-anos-de-horror\/","url_meta":{"origin":25500,"position":4},"title":"Derrame del R\u00edo Sonora: cinco a\u00f1os de horror","author":"grieta","date":"5 agosto, 2019","format":false,"excerpt":"Lydiette Carrion \/ Pie de P\u00e1gina Cinco a\u00f1os despu\u00e9s del derrame t\u00f3xico m\u00e1s grave en la historia de la miner\u00eda en M\u00e9xico, las comunidades afectadas contin\u00faan contaminadas y sin agua potable. Todo lo prometido por Grupo M\u00e9xico ha sido hecho a medias. Mientras, Germ\u00e1n Larrea, el presidente de la corporaci\u00f3n,\u2026","rel":"","context":"En &quot;CINTILLO&quot;","block_context":{"text":"CINTILLO","link":"http:\/\/www.grieta.org.mx\/index.php\/category\/cintillo\/"},"img":{"alt_text":"","src":"https:\/\/i0.wp.com\/www.grieta.org.mx\/wp-content\/uploads\/2019\/08\/PdP_RioSonora_LydietteC1-1140x570.jpg?resize=350%2C200","width":350,"height":200,"srcset":"https:\/\/i0.wp.com\/www.grieta.org.mx\/wp-content\/uploads\/2019\/08\/PdP_RioSonora_LydietteC1-1140x570.jpg?resize=350%2C200 1x, https:\/\/i0.wp.com\/www.grieta.org.mx\/wp-content\/uploads\/2019\/08\/PdP_RioSonora_LydietteC1-1140x570.jpg?resize=525%2C300 1.5x, https:\/\/i0.wp.com\/www.grieta.org.mx\/wp-content\/uploads\/2019\/08\/PdP_RioSonora_LydietteC1-1140x570.jpg?resize=700%2C400 2x, https:\/\/i0.wp.com\/www.grieta.org.mx\/wp-content\/uploads\/2019\/08\/PdP_RioSonora_LydietteC1-1140x570.jpg?resize=1050%2C600 3x"},"classes":[]},{"id":61288,"url":"http:\/\/www.grieta.org.mx\/index.php\/2021\/08\/15\/grupo-mexico-se-define-sustentable-y-va-sembrando-tragedias-ambientales-sonora\/","url_meta":{"origin":25500,"position":5},"title":"Grupo M\u00e9xico se define \u201csustentable\u201d. Y va sembrando tragedias ambientales (Sonora)","author":"grieta","date":"15 agosto, 2021","format":false,"excerpt":"SinEmbargo\/Guadalupe Fuentes L\u00f3pez Grupo M\u00e9xico ha ocasionado al menos 14 accidentes ambientales en el pa\u00eds, de acuerdo con lo documentado por la Semarnat hasta 2019. Organizaciones como PODER y v\u00edctimas de comunidades afectadas por los desastres se\u00f1alan que pese a las denuncias, la empresa del segundo hombre m\u00e1s rico de\u2026","rel":"","context":"En &quot;Contaminaci\u00f3n ambiental por megaproyectos en Sonora&quot;","block_context":{"text":"Contaminaci\u00f3n ambiental por megaproyectos en Sonora","link":"http:\/\/www.grieta.org.mx\/index.php\/category\/noticias-nacionales\/sonora\/contaminacion-y-danos-a-la-naturaleza-por-megaproyectos\/"},"img":{"alt_text":"","src":"https:\/\/i0.wp.com\/www.grieta.org.mx\/wp-content\/uploads\/2021\/08\/photo-2021-08-05-15-32-42.jpg?resize=350%2C200","width":350,"height":200,"srcset":"https:\/\/i0.wp.com\/www.grieta.org.mx\/wp-content\/uploads\/2021\/08\/photo-2021-08-05-15-32-42.jpg?resize=350%2C200 1x, https:\/\/i0.wp.com\/www.grieta.org.mx\/wp-content\/uploads\/2021\/08\/photo-2021-08-05-15-32-42.jpg?resize=525%2C300 1.5x, https:\/\/i0.wp.com\/www.grieta.org.mx\/wp-content\/uploads\/2021\/08\/photo-2021-08-05-15-32-42.jpg?resize=700%2C400 2x, https:\/\/i0.wp.com\/www.grieta.org.mx\/wp-content\/uploads\/2021\/08\/photo-2021-08-05-15-32-42.jpg?resize=1050%2C600 3x"},"classes":[]}],"_links":{"self":[{"href":"http:\/\/www.grieta.org.mx\/index.php\/wp-json\/wp\/v2\/posts\/25500","targetHints":{"allow":["GET"]}}],"collection":[{"href":"http:\/\/www.grieta.org.mx\/index.php\/wp-json\/wp\/v2\/posts"}],"about":[{"href":"http:\/\/www.grieta.org.mx\/index.php\/wp-json\/wp\/v2\/types\/post"}],"author":[{"embeddable":true,"href":"http:\/\/www.grieta.org.mx\/index.php\/wp-json\/wp\/v2\/users\/2"}],"replies":[{"embeddable":true,"href":"http:\/\/www.grieta.org.mx\/index.php\/wp-json\/wp\/v2\/comments?post=25500"}],"version-history":[{"count":1,"href":"http:\/\/www.grieta.org.mx\/index.php\/wp-json\/wp\/v2\/posts\/25500\/revisions"}],"predecessor-version":[{"id":25510,"href":"http:\/\/www.grieta.org.mx\/index.php\/wp-json\/wp\/v2\/posts\/25500\/revisions\/25510"}],"wp:featuredmedia":[{"embeddable":true,"href":"http:\/\/www.grieta.org.mx\/index.php\/wp-json\/wp\/v2\/media\/25501"}],"wp:attachment":[{"href":"http:\/\/www.grieta.org.mx\/index.php\/wp-json\/wp\/v2\/media?parent=25500"}],"wp:term":[{"taxonomy":"category","embeddable":true,"href":"http:\/\/www.grieta.org.mx\/index.php\/wp-json\/wp\/v2\/categories?post=25500"},{"taxonomy":"post_tag","embeddable":true,"href":"http:\/\/www.grieta.org.mx\/index.php\/wp-json\/wp\/v2\/tags?post=25500"}],"curies":[{"name":"wp","href":"https:\/\/api.w.org\/{rel}","templated":true}]}}