{"id":255,"date":"2015-03-08T05:04:07","date_gmt":"2015-03-08T05:04:07","guid":{"rendered":"http:\/\/50.22.11.12\/~grietaor\/?p=255"},"modified":"2016-03-01T01:59:04","modified_gmt":"2016-03-01T01:59:04","slug":"ataque-a-defensores-comunitarios-indigenas-de-san-francisco-magu-edomex","status":"publish","type":"post","link":"http:\/\/www.grieta.org.mx\/index.php\/2015\/03\/08\/ataque-a-defensores-comunitarios-indigenas-de-san-francisco-magu-edomex\/","title":{"rendered":"Ataque a defensores comunitarios ind\u00edgenas de San Francisco Mag\u00fa, Edomex"},"content":{"rendered":"<p>Por Centro de Derechos Humanos Zeferino Ladrillero<\/p>\n<p>ACCI\u00d3N URGENTE<\/p>\n<p>ATAQUES A DEFENSORES COMUNITARIOS INDIGENAS DE SAN FRANCISCO MAG\u00da<\/p>\n<p>AU-003-2015-DEFENSORESCOMUNITARIOSDESANFRANCISCOMAG\u00da-EDOMEX<\/p>\n<p>HECHOS<\/p>\n<p>El d\u00eda 8 de marzo del a\u00f1o 2015 a las 12:00 PM, arrib\u00f3 a las oficinas de la Delegaci\u00f3n de la comunidad de San Francisco Magu, en Nicol\u00e1s Romero, Estado de M\u00e9xico, un grupo de choque priista, quienes se distingu\u00edan por portar una camisa blanca con un mo\u00f1o morado en la manga derecha y un logo del kiosco y de la iglesia del pueblo en el centro de ella, encabezados por el Director de Gobierno Municipal de Nicol\u00e1s Romero, Saulo Jim\u00e9nez, Adriana Sobreyra y Teodoro Nava, priistas reconocidos y respaldados por 100 granaderos pertenecientes a la Secretar\u00eda de Seguridad Ciudadana (SSC), quienes golpearon a ind\u00edgenas otom\u00edes del poblado de San Francisco Mag\u00fa, con la intenci\u00f3n de despojarlos de la administraci\u00f3n de agua potable y de la administraci\u00f3n de la delegaci\u00f3n, ambas regidas por usos y costumbres. Lo anterior, en virtud de que la Comisi\u00f3n Local de Agua Potable hab\u00eda convocado por segunda vez a una Asamblea para realizar su informe. En el lugar se encontraban al menos 500 personas, esperando a que se realizar\u00e1 dicha Asamblea, la cual tuvo que ser suspendida por los actos de agresi\u00f3n en contra de la poblaci\u00f3n.<\/p>\n<p>Grupo de choque portaba playera blanca<\/p>\n<p>La agresi\u00f3n dej\u00f3 gravemente lesionados a Francisco N\u00f3nigo, Delegado Ind\u00edgena y a Berenice S\u00e1nchez, Presidente Suplente del Consejo de Participaci\u00f3n Ciudadana, quienes se han caracterizado por defender en\u00e9rgicamente la autonom\u00eda, usos y costumbres del pueblo. Del mismo modo, result\u00f3 lesionado un menor de edad de nombre Cristofer Medina de 8 a\u00f1os, y al menos 10 personas ind\u00edgenas m\u00e1s. Tambi\u00e9n se document\u00f3 que varias mujeres del pueblo sufrieron agresiones sexuales por parte de elementos de la SSC. A la par de estas agresiones, aproximadamente 20 personas del grupo de choque se adentraron en las oficinas de la Delegaci\u00f3n, robando en el acto $18, 360 pesos y documentos pertenecientes a la Delegaci\u00f3n, al Comit\u00e9 de Agua Potable y al Consejo de Participaci\u00f3n Ciudadana (COPACI), entre otros bienes materiales.<\/p>\n<p>Berenice S\u00e1nchez, Presidente Suplente del Consejo de Participaci\u00f3n Ciudadana<\/p>\n<p>Tanto Berenice S\u00e1nchez como Francisco N\u00f3nigo, quienes ya se encontraban seriamente lesionados fueron rescatados por un grupo de pobladores, quienes continuaron enfrent\u00e1ndose con los granaderos y el grupo de choque.<\/p>\n<p>Francisco N\u00f3nigo. Delegado Ind\u00edgena<\/p>\n<p>A las 2 PM, Berenice S\u00e1nchez y Francisco N\u00f3nigo fueron trasladados el Ministerio P\u00fablico de Nicol\u00e1s Romero para denunciar por los delitos de lesiones, despojo y robo con violencia, lo cual qued\u00f3 asentado en la carpeta de investigaci\u00f3n 483360620034215. Las heridas certificadas por el m\u00e9dico legista confirman que estas tardan m\u00e1s de 15 d\u00edas en sanar y que adem\u00e1s es necesario que ambos reciban atenci\u00f3n m\u00e9dica, pues presentan problemas respiratorios debido a los golpes y patadas recibidas en espalda y pecho.<\/p>\n<p>Ataques a defensores comunitarios ind\u00edgenas de San Francisco Mag\u00fa<\/p>\n<p>ANTECEDENTES<\/p>\n<p>El Pueblo Otom\u00ed de San Francisco Mag\u00fa, ubicado en el Municipio de Nicol\u00e1s Romero, Estado de M\u00e9xico es un pueblo ind\u00edgena que hist\u00f3ricamente se ha regido por usos y costumbres conquistando y manteniendo instituciones de administraci\u00f3n, organizaci\u00f3n y toma de decisiones que sustentan su autonom\u00eda pol\u00edtica, econ\u00f3mica y territorial. Su autonom\u00eda est\u00e1 basada fundamentalmente en una exenci\u00f3n de impuestos sobre la tierra que se ha defendido y conservado desde la \u00e9poca virreinal.<\/p>\n<p>Sin embargo, actualmente el Estado Mexicano en sus diferentes niveles de gobierno: municipal, estatal y federal han otorgado una serie de permisos para tratar de imponer el Desarrollo Inmobiliario \u201cBosques del Para\u00edso\u201d en el predio \u201cEl Ocote y Las Carretas\u201d localizado dentro de los l\u00edmites del territorio. Este proyecto, que actualmente se encuentra en su fase de preparaci\u00f3n del sitio lo desarrollar\u00eda la empresa Merket Construcciones S. A. de C. V, quien pretende la construcci\u00f3n de m\u00e1s de 10,000 viviendas en una superficie de 184 hect\u00e1reas. Lo anterior implicar\u00eda un proceso de urbanizaci\u00f3n dentro del pueblo otom\u00ed, lo cual pone seriamente en riesgo su proceso de autonom\u00eda, por lo que gran parte del pueblo se ha opuesto y manifestado contra dicho proyecto inmobiliario.<\/p>\n<p>Por lo anteriormente expuesto, el Centro de Derechos Humanos Zeferino Ladrillero, hace un llamado a todas las organizaciones y personas dignas del Estado de M\u00e9xico y del pa\u00eds en general a manifestar su rechazo a estas acciones. As\u00ed mismo exhortamos a las autoridades competentes en los \u00e1mbitos, federal, local y municipal, para que con fundamento en los art\u00edculos 1, 2, 4, 8, 14, 19, 20, 21, 23 y 27 de la Constituci\u00f3n Pol\u00edtica de los Estados Unidos Mexicanos, la Declaraci\u00f3n Universal de los Derechos Humanos, la Convenci\u00f3n Americana de los Derechos Humanos, el Pacto de Derechos Civiles y Pol\u00edticos, la Convenci\u00f3n contra la Tortura y otros Tratos o Penas Crueles, Inhumanos o Degradantes, el Convenio 169 de la Organizaci\u00f3n Internacional del Trabajo y dem\u00e1s legislaci\u00f3n nacional e internacional aplicable act\u00fae con estricto apego a la legalidad y respeto a los Derechos Humanos para garantizar la integridad f\u00edsica y psicol\u00f3gica de Berenice S\u00e1nchez, Francisco N\u00f3nigo, Cristofer Medina, as\u00ed como de sus familiares y de las y los dem\u00e1s miembros de la comunidad que defienden el Derecho a la Libre Determinaci\u00f3n de los Pueblos y se oponen al proyecto inmobiliario.<\/p>\n<p>Centro de Derechos Humanos Zeferino Ladrillero<\/p>\n<p><a href=\"http:\/\/kaosenlared.net\/mexico-ataque-a-defensores-comunitarios-indigenas-de-san-francisco-magu-edomex\/\" target=\"_blank\">kaosenlared.net\/mexico-ataque-a-defensores-comunitarios-indigenas-de-san-francisco-magu-edomex\/<\/a><\/p>\n","protected":false},"excerpt":{"rendered":"<p>Por Centro de Derechos Humanos Zeferino Ladrillero ACCI\u00d3N URGENTE ATAQUES A DEFENSORES COMUNITARIOS INDIGENAS DE SAN FRANCISCO MAG\u00da AU-003-2015-DEFENSORESCOMUNITARIOSDESANFRANCISCOMAG\u00da-EDOMEX HECHOS El d\u00eda 8 de marzo del a\u00f1o 2015 a las &hellip; <a href=\"http:\/\/www.grieta.org.mx\/index.php\/2015\/03\/08\/ataque-a-defensores-comunitarios-indigenas-de-san-francisco-magu-edomex\/\" class=\"more-link\">Leer m\u00e1s<\/a><\/p>\n","protected":false},"author":2,"featured_media":21928,"comment_status":"closed","ping_status":"open","sticky":false,"template":"","format":"standard","meta":{"ngg_post_thumbnail":0,"_jetpack_newsletter_access":"","_jetpack_dont_email_post_to_subs":false,"_jetpack_newsletter_tier_id":0,"_jetpack_memberships_contains_paywalled_content":false,"_jetpack_memberships_contains_paid_content":false,"footnotes":""},"categories":[80],"tags":[92,130],"class_list":["post-255","post","type-post","status-publish","format-standard","has-post-thumbnail","hentry","category-cintillo","tag-estado-de-mexico","tag-represion","entry"],"jetpack_featured_media_url":"http:\/\/www.grieta.org.mx\/wp-content\/uploads\/2018\/03\/14524434_1106112876131411_958039263622046936_o.jpg","jetpack_sharing_enabled":true,"jetpack_shortlink":"https:\/\/wp.me\/p7ZJR4-47","jetpack_likes_enabled":false,"jetpack-related-posts":[{"id":257,"url":"http:\/\/www.grieta.org.mx\/index.php\/2016\/04\/18\/represion-en-san-francisco-magu-por-defender-la-administracion-de-agua-potable\/","url_meta":{"origin":255,"position":0},"title":"Represi\u00f3n en San Francisco Mag\u00fa por defender la administraci\u00f3n de agua potable","author":"grieta","date":"18 abril, 2016","format":false,"excerpt":"18\/04\/16. San Francisco Mag\u00fa profundiza su camino de autonom\u00eda y rechaza a los pol\u00edticosDesinform\u00e9monos 15\/04\/15. San Francisco Mag\u00fa: otom\u00ed, digno y admirable.Resiste eDHomex 08\/03\/15. Ataque a defensores comunitarios ind\u00edgenas de San Francisco Mag\u00fa, EdomexKaos en la Red","rel":"","context":"En &quot;Estado de M\u00e9xico&quot;","block_context":{"text":"Estado de M\u00e9xico","link":"http:\/\/www.grieta.org.mx\/index.php\/category\/noticias-nacionales\/estado-de-mexico\/"},"img":{"alt_text":"","src":"https:\/\/i0.wp.com\/www.grieta.org.mx\/wp-content\/uploads\/2018\/03\/14524434_1106112876131411_958039263622046936_o.jpg?resize=350%2C200","width":350,"height":200,"srcset":"https:\/\/i0.wp.com\/www.grieta.org.mx\/wp-content\/uploads\/2018\/03\/14524434_1106112876131411_958039263622046936_o.jpg?resize=350%2C200 1x, https:\/\/i0.wp.com\/www.grieta.org.mx\/wp-content\/uploads\/2018\/03\/14524434_1106112876131411_958039263622046936_o.jpg?resize=525%2C300 1.5x, https:\/\/i0.wp.com\/www.grieta.org.mx\/wp-content\/uploads\/2018\/03\/14524434_1106112876131411_958039263622046936_o.jpg?resize=700%2C400 2x"},"classes":[]},{"id":295,"url":"http:\/\/www.grieta.org.mx\/index.php\/2015\/04\/27\/el-fuego-de-la-resistencia-arde-en-san-francisco-magu-no-es-desarrollo-es-despojo\/","url_meta":{"origin":255,"position":1},"title":"El fuego de la resistencia arde en San Francisco Mag\u00fa: no es desarrollo, es despojo","author":"grieta","date":"27 abril, 2015","format":false,"excerpt":"Por: Adri\u00e1n Alvarado (27 de Abril, 2015).- La comunidad de San Francisco Mag\u00fa est\u00e1 ubicada en el municipio de Nicol\u00e1s Romero, en la zona Norponiente del Estado de M\u00e9xico, la explotaci\u00f3n del agua es comunitaria, por usos y costumbres, comunidad hist\u00f3rica con ra\u00edces otom\u00edes. La forma de explotaci\u00f3n del agua\u2026","rel":"","context":"En &quot;CINTILLO&quot;","block_context":{"text":"CINTILLO","link":"http:\/\/www.grieta.org.mx\/index.php\/category\/cintillo\/"},"img":{"alt_text":"","src":"https:\/\/i0.wp.com\/www.grieta.org.mx\/wp-content\/uploads\/2018\/03\/14524434_1106112876131411_958039263622046936_o.jpg?resize=350%2C200","width":350,"height":200,"srcset":"https:\/\/i0.wp.com\/www.grieta.org.mx\/wp-content\/uploads\/2018\/03\/14524434_1106112876131411_958039263622046936_o.jpg?resize=350%2C200 1x, https:\/\/i0.wp.com\/www.grieta.org.mx\/wp-content\/uploads\/2018\/03\/14524434_1106112876131411_958039263622046936_o.jpg?resize=525%2C300 1.5x, https:\/\/i0.wp.com\/www.grieta.org.mx\/wp-content\/uploads\/2018\/03\/14524434_1106112876131411_958039263622046936_o.jpg?resize=700%2C400 2x"},"classes":[]},{"id":12381,"url":"http:\/\/www.grieta.org.mx\/index.php\/2016\/04\/18\/san-francisco-magu-profundiza-su-camino-de-autonomia-y-rechaza-a-los-politicos\/","url_meta":{"origin":255,"position":2},"title":"San Francisco Mag\u00fa profundiza su camino de autonom\u00eda y rechaza a los pol\u00edticos","author":"grieta","date":"18 abril, 2016","format":false,"excerpt":"Eliana Gilet La Asamblea General del pueblo ind\u00edgena de San Francisco Mag\u00fa determin\u00f3 este domingo 17, no permitir que el ayuntamiento, de procedencia priista, les imponga autoridades auxiliares. Estos cargos responden a los mandatos del ayuntamiento y act\u00faan como sus representantes en el territorio de la comunidad. Sin embargo, la\u2026","rel":"","context":"En &quot;CINTILLO&quot;","block_context":{"text":"CINTILLO","link":"http:\/\/www.grieta.org.mx\/index.php\/category\/cintillo\/"},"img":{"alt_text":"","src":"https:\/\/i0.wp.com\/www.grieta.org.mx\/wp-content\/uploads\/2018\/03\/14524434_1106112876131411_958039263622046936_o.jpg?resize=350%2C200","width":350,"height":200,"srcset":"https:\/\/i0.wp.com\/www.grieta.org.mx\/wp-content\/uploads\/2018\/03\/14524434_1106112876131411_958039263622046936_o.jpg?resize=350%2C200 1x, https:\/\/i0.wp.com\/www.grieta.org.mx\/wp-content\/uploads\/2018\/03\/14524434_1106112876131411_958039263622046936_o.jpg?resize=525%2C300 1.5x, https:\/\/i0.wp.com\/www.grieta.org.mx\/wp-content\/uploads\/2018\/03\/14524434_1106112876131411_958039263622046936_o.jpg?resize=700%2C400 2x"},"classes":[]},{"id":251,"url":"http:\/\/www.grieta.org.mx\/index.php\/2015\/04\/15\/san-francisco-magu-otomi-digno-y-admirable\/","url_meta":{"origin":255,"position":3},"title":"San Francisco Mag\u00fa: otom\u00ed, digno y admirable","author":"grieta","date":"15 abril, 2015","format":false,"excerpt":"Jos\u00e9 Antonio Lara Duque El asentamiento humano de San Francisco Mag\u00fa data originalmente del siglo XII, al igual que muchos pueblos Otom\u00edes del Valle de M\u00e9xico. Se encuentra ubicado a 43 kil\u00f3metros al norponiente de la Ciudad de M\u00e9xico, con una poblaci\u00f3n aproximada de 15 mil habitantes. Los vecinos y\u2026","rel":"","context":"En &quot;CINTILLO&quot;","block_context":{"text":"CINTILLO","link":"http:\/\/www.grieta.org.mx\/index.php\/category\/cintillo\/"},"img":{"alt_text":"","src":"https:\/\/i0.wp.com\/www.grieta.org.mx\/wp-content\/uploads\/2018\/03\/14524434_1106112876131411_958039263622046936_o.jpg?resize=350%2C200","width":350,"height":200,"srcset":"https:\/\/i0.wp.com\/www.grieta.org.mx\/wp-content\/uploads\/2018\/03\/14524434_1106112876131411_958039263622046936_o.jpg?resize=350%2C200 1x, https:\/\/i0.wp.com\/www.grieta.org.mx\/wp-content\/uploads\/2018\/03\/14524434_1106112876131411_958039263622046936_o.jpg?resize=525%2C300 1.5x, https:\/\/i0.wp.com\/www.grieta.org.mx\/wp-content\/uploads\/2018\/03\/14524434_1106112876131411_958039263622046936_o.jpg?resize=700%2C400 2x"},"classes":[]},{"id":457,"url":"http:\/\/www.grieta.org.mx\/index.php\/2015\/10\/29\/estado-de-mexico-de-los-mas-represores-del-pais-desde-tiempos-de-epn-pueblos-y-defensores\/","url_meta":{"origin":255,"position":4},"title":"Estado de M\u00e9xico, de los m\u00e1s represores del pa\u00eds desde tiempos de EPN: pueblos y defensores","author":"grieta","date":"29 octubre, 2015","format":false,"excerpt":"ALDABI OLVERA Pueblos originarios y organizaciones sociales mexiquenses denunciaron que los gobiernos de Enrique Pe\u00f1a Nieto (2006-2012) y Eruviel \u00c1vila (2012-a la fecha), as\u00ed como diversos gobiernos municipales, reprimen mediante persecuci\u00f3n, amenazas de \u00f3rdenes de aprehensi\u00f3n, detenciones y hasta asesinatos a quienes se organizan en la entidad para defender su\u2026","rel":"","context":"En &quot;CINTILLO&quot;","block_context":{"text":"CINTILLO","link":"http:\/\/www.grieta.org.mx\/index.php\/category\/cintillo\/"},"img":{"alt_text":"","src":"https:\/\/i0.wp.com\/www.grieta.org.mx\/wp-content\/uploads\/2018\/03\/14524434_1106112876131411_958039263622046936_o.jpg?resize=350%2C200","width":350,"height":200,"srcset":"https:\/\/i0.wp.com\/www.grieta.org.mx\/wp-content\/uploads\/2018\/03\/14524434_1106112876131411_958039263622046936_o.jpg?resize=350%2C200 1x, https:\/\/i0.wp.com\/www.grieta.org.mx\/wp-content\/uploads\/2018\/03\/14524434_1106112876131411_958039263622046936_o.jpg?resize=525%2C300 1.5x, https:\/\/i0.wp.com\/www.grieta.org.mx\/wp-content\/uploads\/2018\/03\/14524434_1106112876131411_958039263622046936_o.jpg?resize=700%2C400 2x"},"classes":[]},{"id":298,"url":"http:\/\/www.grieta.org.mx\/index.php\/2015\/05\/22\/caravana-el-fuego-de-la-digna-resistencia\/","url_meta":{"origin":255,"position":5},"title":"Caravana El fuego de la digna resistencia","author":"grieta","date":"22 mayo, 2015","format":false,"excerpt":"21\/05\/15. Caravana \u201cFuego de la Digna Resistencia\u201d llega a TolucaEl Portal de Chicoloapan 16\/05\/15. \u201cToma simb\u00f3lica\u201d en Toluca por Magisterio Mexiquense y Caravana del Fuego de la Digna ResistenciaRevista Andar-es 13\/05\/15. El Fuego de la Digna Resistencia ha caminado y hermanado el Estado de M\u00e9xico,Resiste eDHomex 10\/05\/15. El fuego de\u2026","rel":"","context":"En &quot;Estado de M\u00e9xico&quot;","block_context":{"text":"Estado de M\u00e9xico","link":"http:\/\/www.grieta.org.mx\/index.php\/category\/noticias-nacionales\/estado-de-mexico\/"},"img":{"alt_text":"","src":"https:\/\/i0.wp.com\/www.grieta.org.mx\/wp-content\/uploads\/2018\/03\/14524434_1106112876131411_958039263622046936_o.jpg?resize=350%2C200","width":350,"height":200,"srcset":"https:\/\/i0.wp.com\/www.grieta.org.mx\/wp-content\/uploads\/2018\/03\/14524434_1106112876131411_958039263622046936_o.jpg?resize=350%2C200 1x, https:\/\/i0.wp.com\/www.grieta.org.mx\/wp-content\/uploads\/2018\/03\/14524434_1106112876131411_958039263622046936_o.jpg?resize=525%2C300 1.5x, https:\/\/i0.wp.com\/www.grieta.org.mx\/wp-content\/uploads\/2018\/03\/14524434_1106112876131411_958039263622046936_o.jpg?resize=700%2C400 2x"},"classes":[]}],"_links":{"self":[{"href":"http:\/\/www.grieta.org.mx\/index.php\/wp-json\/wp\/v2\/posts\/255","targetHints":{"allow":["GET"]}}],"collection":[{"href":"http:\/\/www.grieta.org.mx\/index.php\/wp-json\/wp\/v2\/posts"}],"about":[{"href":"http:\/\/www.grieta.org.mx\/index.php\/wp-json\/wp\/v2\/types\/post"}],"author":[{"embeddable":true,"href":"http:\/\/www.grieta.org.mx\/index.php\/wp-json\/wp\/v2\/users\/2"}],"replies":[{"embeddable":true,"href":"http:\/\/www.grieta.org.mx\/index.php\/wp-json\/wp\/v2\/comments?post=255"}],"version-history":[{"count":1,"href":"http:\/\/www.grieta.org.mx\/index.php\/wp-json\/wp\/v2\/posts\/255\/revisions"}],"predecessor-version":[{"id":256,"href":"http:\/\/www.grieta.org.mx\/index.php\/wp-json\/wp\/v2\/posts\/255\/revisions\/256"}],"wp:featuredmedia":[{"embeddable":true,"href":"http:\/\/www.grieta.org.mx\/index.php\/wp-json\/wp\/v2\/media\/21928"}],"wp:attachment":[{"href":"http:\/\/www.grieta.org.mx\/index.php\/wp-json\/wp\/v2\/media?parent=255"}],"wp:term":[{"taxonomy":"category","embeddable":true,"href":"http:\/\/www.grieta.org.mx\/index.php\/wp-json\/wp\/v2\/categories?post=255"},{"taxonomy":"post_tag","embeddable":true,"href":"http:\/\/www.grieta.org.mx\/index.php\/wp-json\/wp\/v2\/tags?post=255"}],"curies":[{"name":"wp","href":"https:\/\/api.w.org\/{rel}","templated":true}]}}