{"id":25417,"date":"2018-07-31T00:28:11","date_gmt":"2018-07-31T05:28:11","guid":{"rendered":"http:\/\/www.grieta.org.mx\/?p=25417"},"modified":"2018-08-09T00:52:00","modified_gmt":"2018-08-09T05:52:00","slug":"polemizan-por-gastos-de-10-mdp-en-conciertos-de-guelaguetza","status":"publish","type":"post","link":"http:\/\/www.grieta.org.mx\/index.php\/2018\/07\/31\/polemizan-por-gastos-de-10-mdp-en-conciertos-de-guelaguetza\/","title":{"rendered":"Polemizan por gastos de 10 mdp en conciertos de Guelaguetza"},"content":{"rendered":"<p>Oro Radio,<\/p>\n<p>Maira Ric\u00e1rdez,<\/p>\n<p>Oaxaca.- De acuerdo a la informaci\u00f3n difundida por el Instituto de Acceso a la Informaci\u00f3n P\u00fablica y Protecci\u00f3n de Datos Personales del Estado de Oaxaca (IAIPO) fueron casi 10 millones de pesos los que el Gobierno del Estado pag\u00f3 a artistas como Lila Downs, \u00c1ngeles Azules, Fernando de la Mora y el concierto Rock en Tu Idioma, durante las fiestas del mes de julio en Oaxaca, esto sin sumar lo que habr\u00eda costado el concierto de Armando Manzanero.<\/p>\n<p><img loading=\"lazy\" decoding=\"async\" data-attachment-id=\"25418\" data-permalink=\"http:\/\/www.grieta.org.mx\/index.php\/2018\/07\/31\/polemizan-por-gastos-de-10-mdp-en-conciertos-de-guelaguetza\/conciertos-guelaguetza-e1533072497478-696x435\/\" data-orig-file=\"http:\/\/www.grieta.org.mx\/wp-content\/uploads\/2018\/08\/conciertos-Guelaguetza-e1533072497478-696x435.jpg\" data-orig-size=\"696,435\" data-comments-opened=\"0\" data-image-meta=\"{&quot;aperture&quot;:&quot;0&quot;,&quot;credit&quot;:&quot;&quot;,&quot;camera&quot;:&quot;&quot;,&quot;caption&quot;:&quot;&quot;,&quot;created_timestamp&quot;:&quot;0&quot;,&quot;copyright&quot;:&quot;&quot;,&quot;focal_length&quot;:&quot;0&quot;,&quot;iso&quot;:&quot;0&quot;,&quot;shutter_speed&quot;:&quot;0&quot;,&quot;title&quot;:&quot;&quot;,&quot;orientation&quot;:&quot;0&quot;}\" data-image-title=\"conciertos-Guelaguetza-e1533072497478-696&amp;#215;435\" data-image-description=\"\" data-image-caption=\"\" data-medium-file=\"http:\/\/www.grieta.org.mx\/wp-content\/uploads\/2018\/08\/conciertos-Guelaguetza-e1533072497478-696x435-300x188.jpg\" data-large-file=\"http:\/\/www.grieta.org.mx\/wp-content\/uploads\/2018\/08\/conciertos-Guelaguetza-e1533072497478-696x435.jpg\" src=\"http:\/\/www.grieta.org.mx\/wp-content\/uploads\/2018\/08\/conciertos-Guelaguetza-e1533072497478-696x435.jpg\" alt=\"\" width=\"696\" height=\"435\" class=\"aligncenter size-full wp-image-25418\" srcset=\"http:\/\/www.grieta.org.mx\/wp-content\/uploads\/2018\/08\/conciertos-Guelaguetza-e1533072497478-696x435.jpg 696w, http:\/\/www.grieta.org.mx\/wp-content\/uploads\/2018\/08\/conciertos-Guelaguetza-e1533072497478-696x435-300x188.jpg 300w\" sizes=\"auto, (max-width: 696px) 100vw, 696px\" \/><\/p>\n<p>La informaci\u00f3n emana de las preguntas hechas por la ciudadan\u00eda y medios de comunicaci\u00f3n respondidas por la Secretar\u00eda de Cultura y Artes del Estado (Seculta), explic\u00f3 el comisionado del IAIPO, Juan G\u00f3mez P\u00e9rez. \u201c\u00c9sta es la Ley de Acceso a la Informaci\u00f3n P\u00fablica, y la sociedad la ejerci\u00f3\u201d, sentenci\u00f3.<\/p>\n<p>El dato coincidente en los conciertos m\u00e1s demandados son los requerimientos, superiores a 1 mill\u00f3n de pesos, en este se engloban los gastos de traslado de equipo, escenograf\u00eda y dem\u00e1s enseres; mientras que el pago por presentaci\u00f3n, en el caso de Lila Downs fueron 780 mil 800 pesos, en el caso de Los \u00c1ngeles Azules 1 mill\u00f3n 160 mil pesos; Fernando de la Mora cobr\u00f3 812 mil pesos y el elenco de Rock en Tu Idioma, 928 mil pesos.<\/p>\n<p>En todos los referidos conciertos, la empresa que se habr\u00eda encargado de arrendar el equipo audiovisual -de la cual no se menciona el nombre ni apellido, ni mucho menos si su contrataci\u00f3n fue licitada- fue de 560 mil 667 pesos, es decir, m\u00e1s de medio mill\u00f3n de pesos en cada concierto efectuado en Oaxaca.<\/p>\n<p>Las infograf\u00edas difundidas por el IAIPO han generado gran pol\u00e9mica, pues los espectadores tambi\u00e9n pagaron por asistir a la mayor\u00eda de conciertos.<\/p>\n<p>La informaci\u00f3n sobre los costos de estos conciertos fue difundida con los hashtags #GuelaguetzaTransparente y #AccesoEsPoder en las cuentas de facebook y twiter del Instituto de Acceso a la Informaci\u00f3n P\u00fablica y Protecci\u00f3n de Datos Personales del Estado de Oaxaca.<\/p>\n<p>Es el tercer a\u00f1o dijo el Comisionado que el IAIPO da a conocer informaci\u00f3n sobre lo relacionado con la Guelaguetza, esto con el objetivo de continuar el trabajo de transparencia y acceso a la informaci\u00f3n p\u00fablico. \u201cNing\u00fan tema relacionado con el manejo de recursos p\u00fablicos es privado, es posible acceder a todo, basta utilizar las herramientas indicadas\u201d, subray\u00f3.<\/p>\n<p>G\u00f3mez P\u00e9rez inst\u00f3 a la poblaci\u00f3n a hacer uso de estos mecanismos, se trata de herramientas digitales de f\u00e1cil acceso \u2013insisti\u00f3- en las cuales basta seguir indicaciones para poder hacer un ejercicio de transparencia sobre informaci\u00f3n que es p\u00fablica al estar relacionada con recursos que pertenecen a todos.<\/p>\n<p><a href=\"http:\/\/www.ororadio.com.mx\/noticias\/2018\/07\/polemizan-por-gastos-de-10-mdp-en-conciertos-de-guelaguetza\/\" rel=\"noopener\" target=\"_blank\">http:\/\/www.ororadio.com.mx\/noticias\/2018\/07\/polemizan-por-gastos-de-10-mdp-en-conciertos-de-guelaguetza\/<\/a><\/p>\n","protected":false},"excerpt":{"rendered":"<p>Oro Radio, Maira Ric\u00e1rdez, Oaxaca.- De acuerdo a la informaci\u00f3n difundida por el Instituto de Acceso a la Informaci\u00f3n P\u00fablica y Protecci\u00f3n de Datos Personales del Estado de Oaxaca (IAIPO) &hellip; <a href=\"http:\/\/www.grieta.org.mx\/index.php\/2018\/07\/31\/polemizan-por-gastos-de-10-mdp-en-conciertos-de-guelaguetza\/\" class=\"more-link\">Leer m\u00e1s<\/a><\/p>\n","protected":false},"author":2,"featured_media":25418,"comment_status":"closed","ping_status":"closed","sticky":false,"template":"","format":"standard","meta":{"ngg_post_thumbnail":0,"_jetpack_newsletter_access":"","_jetpack_dont_email_post_to_subs":false,"_jetpack_newsletter_tier_id":0,"_jetpack_memberships_contains_paywalled_content":false,"_jetpack_memberships_contains_paid_content":false,"footnotes":""},"categories":[80,2,25,1500],"tags":[],"class_list":["post-25417","post","type-post","status-publish","format-standard","has-post-thumbnail","hentry","category-cintillo","category-noticias-nacionales","category-oaxaca","category-saqueo-de-recursos-publicos-en-oaxaca","entry"],"jetpack_featured_media_url":"http:\/\/www.grieta.org.mx\/wp-content\/uploads\/2018\/08\/conciertos-Guelaguetza-e1533072497478-696x435.jpg","jetpack_sharing_enabled":true,"jetpack_shortlink":"https:\/\/wp.me\/p7ZJR4-6BX","jetpack_likes_enabled":false,"jetpack-related-posts":[{"id":67035,"url":"http:\/\/www.grieta.org.mx\/index.php\/2023\/06\/09\/legislatura-y-gobierno-limitan-el-acceso-al-aborto-seguro-en-oaxaca\/","url_meta":{"origin":25417,"position":0},"title":"Legislatura y gobierno limitan el acceso al aborto seguro en Oaxaca","author":"grieta","date":"9 junio, 2023","format":false,"excerpt":"Imagen: A cuatro a\u00f1os despu\u00e9s de la despenalizaci\u00f3n del aborto, colectivas llaman a legisladores y al gobierno del estado a fijar lineamientos y a garantizar presupuesto para el aborto seguro Roc\u00edo Flores \/\u00a0 Oaxaca Media Cuatro a\u00f1os han pasado de la legalizaci\u00f3n del aborto en Oaxaca y a\u00fan persiste la\u2026","rel":"","context":"En &quot;CINTILLO&quot;","block_context":{"text":"CINTILLO","link":"http:\/\/www.grieta.org.mx\/index.php\/category\/cintillo\/"},"img":{"alt_text":"","src":"https:\/\/i0.wp.com\/www.grieta.org.mx\/wp-content\/uploads\/2023\/06\/Imagen-de-WhatsApp-2023-06-09-a-las-09.04.05-1170x660-1.jpg?resize=350%2C200","width":350,"height":200,"srcset":"https:\/\/i0.wp.com\/www.grieta.org.mx\/wp-content\/uploads\/2023\/06\/Imagen-de-WhatsApp-2023-06-09-a-las-09.04.05-1170x660-1.jpg?resize=350%2C200 1x, https:\/\/i0.wp.com\/www.grieta.org.mx\/wp-content\/uploads\/2023\/06\/Imagen-de-WhatsApp-2023-06-09-a-las-09.04.05-1170x660-1.jpg?resize=525%2C300 1.5x, https:\/\/i0.wp.com\/www.grieta.org.mx\/wp-content\/uploads\/2023\/06\/Imagen-de-WhatsApp-2023-06-09-a-las-09.04.05-1170x660-1.jpg?resize=700%2C400 2x, https:\/\/i0.wp.com\/www.grieta.org.mx\/wp-content\/uploads\/2023\/06\/Imagen-de-WhatsApp-2023-06-09-a-las-09.04.05-1170x660-1.jpg?resize=1050%2C600 3x"},"classes":[]},{"id":13428,"url":"http:\/\/www.grieta.org.mx\/index.php\/2016\/06\/01\/cnte-bloquea-carreteras-en-oaxaca\/","url_meta":{"origin":25417,"position":1},"title":"CNTE bloquea carreteras en Oaxaca","author":"grieta","date":"1 junio, 2016","format":false,"excerpt":"La Silla Rota. Alondra Olvera, Oaxaca. Oaxaca, M\u00e9xico.- Con el secuestro de unidades repartidoras de empresas transnacionales y de carga, maestros de la Secci\u00f3n 22 de la CNTE hicieron caso omiso al llamado del gobierno del Estado e iniciaron bloqueos carreteros que dan acceso y salida a la capital oaxaque\u00f1a.\u2026","rel":"","context":"En &quot;CINTILLO&quot;","block_context":{"text":"CINTILLO","link":"http:\/\/www.grieta.org.mx\/index.php\/category\/cintillo\/"},"img":{"alt_text":"","src":"https:\/\/i0.wp.com\/www.grieta.org.mx\/wp-content\/uploads\/2018\/03\/14524434_1106112876131411_958039263622046936_o.jpg?resize=350%2C200","width":350,"height":200,"srcset":"https:\/\/i0.wp.com\/www.grieta.org.mx\/wp-content\/uploads\/2018\/03\/14524434_1106112876131411_958039263622046936_o.jpg?resize=350%2C200 1x, https:\/\/i0.wp.com\/www.grieta.org.mx\/wp-content\/uploads\/2018\/03\/14524434_1106112876131411_958039263622046936_o.jpg?resize=525%2C300 1.5x, https:\/\/i0.wp.com\/www.grieta.org.mx\/wp-content\/uploads\/2018\/03\/14524434_1106112876131411_958039263622046936_o.jpg?resize=700%2C400 2x"},"classes":[]},{"id":51944,"url":"http:\/\/www.grieta.org.mx\/index.php\/2020\/07\/17\/consorcio-oaxaca-documenta-23-feminicidios-en-el-primer-trimestre-de-confinamiento\/","url_meta":{"origin":25417,"position":2},"title":"Consorcio Oaxaca documenta 23 feminicidios en el primer trimestre de confinamiento","author":"grieta","date":"17 julio, 2020","format":false,"excerpt":"Proceso \/ Pedro Mat\u00edas. Grupos feministas colocaron cruces frente a la Fiscal\u00eda de Oaxaca. Foto: @consorciooaxaca OAXACA, Oax. (apro).- Consorcio para el Di\u00e1logo Parlamentario y la Equidad Oaxaca inform\u00f3 que en el primer trimestre de confinamiento por la pandemia de covid-19 documentaron 23 feminicidios y 79 desapariciones de mujeres. De\u2026","rel":"","context":"En &quot;CINTILLO&quot;","block_context":{"text":"CINTILLO","link":"http:\/\/www.grieta.org.mx\/index.php\/category\/cintillo\/"},"img":{"alt_text":"","src":"https:\/\/i0.wp.com\/www.grieta.org.mx\/wp-content\/uploads\/2020\/07\/Fiscalia-Oaxaca-870x522.jpg?resize=350%2C200","width":350,"height":200,"srcset":"https:\/\/i0.wp.com\/www.grieta.org.mx\/wp-content\/uploads\/2020\/07\/Fiscalia-Oaxaca-870x522.jpg?resize=350%2C200 1x, https:\/\/i0.wp.com\/www.grieta.org.mx\/wp-content\/uploads\/2020\/07\/Fiscalia-Oaxaca-870x522.jpg?resize=525%2C300 1.5x, https:\/\/i0.wp.com\/www.grieta.org.mx\/wp-content\/uploads\/2020\/07\/Fiscalia-Oaxaca-870x522.jpg?resize=700%2C400 2x"},"classes":[]},{"id":54652,"url":"http:\/\/www.grieta.org.mx\/index.php\/2020\/11\/01\/marchan-por-mujeres-de-la-mixteca-oaxaca\/","url_meta":{"origin":25417,"position":3},"title":"Marchan por mujeres de la Mixteca (Oaxaca)","author":"grieta","date":"1 noviembre, 2020","format":false,"excerpt":"P\u00e1gina 3 \/ Nathalie G\u00f3mez. Huajuapan de Le\u00f3n, Oax.- \u201cEn medio de la crisis sanitaria, con miedo, con rabia, con dolor e impotencia, nos vemos en la necesidad de salir a la calle para alzar la voz por todas las mujeres desaparecidas y asesinadas\u201d. As\u00ed lo expresaron integrantes de los\u2026","rel":"","context":"En &quot;CINTILLO&quot;","block_context":{"text":"CINTILLO","link":"http:\/\/www.grieta.org.mx\/index.php\/category\/cintillo\/"},"img":{"alt_text":"","src":"https:\/\/i0.wp.com\/www.grieta.org.mx\/wp-content\/uploads\/2020\/11\/1.jpg?resize=350%2C200","width":350,"height":200,"srcset":"https:\/\/i0.wp.com\/www.grieta.org.mx\/wp-content\/uploads\/2020\/11\/1.jpg?resize=350%2C200 1x, https:\/\/i0.wp.com\/www.grieta.org.mx\/wp-content\/uploads\/2020\/11\/1.jpg?resize=525%2C300 1.5x, https:\/\/i0.wp.com\/www.grieta.org.mx\/wp-content\/uploads\/2020\/11\/1.jpg?resize=700%2C400 2x"},"classes":[]},{"id":71507,"url":"http:\/\/www.grieta.org.mx\/index.php\/2025\/03\/08\/con-gas-lacrimogeno-y-balas-de-goma-policias-reprimen-a-mujeres-durante-el-8m-en-oaxaca\/","url_meta":{"origin":25417,"position":4},"title":"Con gas lacrim\u00f3geno y balas de goma, polic\u00edas reprimen a mujeres durante el 8M en Oaxaca","author":"grieta","date":"8 marzo, 2025","format":false,"excerpt":"Imagen:\u00a0 captura de video \/ Proceso Consorcio Oaxaca denunci\u00f3 \"la represi\u00f3n de la administraci\u00f3n encabezada por Salom\u00f3n Jara Cruz, quien esta tarde orden\u00f3 a elementos de Seguridad P\u00fablica que dispararan gas lacrim\u00f3geno desde Palacio de Gobierno contra las asistentes a la marcha en el marco del 8M, a su\u00a0 \u00a0llegada\u2026","rel":"","context":"En &quot;CINTILLO&quot;","block_context":{"text":"CINTILLO","link":"http:\/\/www.grieta.org.mx\/index.php\/category\/cintillo\/"},"img":{"alt_text":"","src":"https:\/\/i0.wp.com\/www.grieta.org.mx\/wp-content\/uploads\/2025\/03\/f685x385-218537_256230_5453.webp?resize=350%2C200","width":350,"height":200,"srcset":"https:\/\/i0.wp.com\/www.grieta.org.mx\/wp-content\/uploads\/2025\/03\/f685x385-218537_256230_5453.webp?resize=350%2C200 1x, https:\/\/i0.wp.com\/www.grieta.org.mx\/wp-content\/uploads\/2025\/03\/f685x385-218537_256230_5453.webp?resize=525%2C300 1.5x"},"classes":[]},{"id":21227,"url":"http:\/\/www.grieta.org.mx\/index.php\/2016\/09\/01\/lanzan-plataforma-social-de-denuncia-contra-megaproyectos-en-oaxaca\/","url_meta":{"origin":25417,"position":5},"title":"Lanzan plataforma social de denuncia contra megaproyectos en Oaxaca","author":"grieta","date":"1 septiembre, 2016","format":false,"excerpt":"Redacci\u00f3n Ciudadan\u00eda Express Oaxaca.- Ante el incremento de proyectos de inversi\u00f3n econ\u00f3mica en el estado con capital nacional y extranjero que promueve el gobierno federal y estatal, y el posible riesgo que esto representa para el trabajo de comunidades y pobladores de regiones ind\u00edgenas en el estado, EDUCA y la\u2026","rel":"","context":"En &quot;CINTILLO&quot;","block_context":{"text":"CINTILLO","link":"http:\/\/www.grieta.org.mx\/index.php\/category\/cintillo\/"},"img":{"alt_text":"","src":"https:\/\/i0.wp.com\/www.grieta.org.mx\/wp-content\/uploads\/2018\/03\/14524434_1106112876131411_958039263622046936_o.jpg?resize=350%2C200","width":350,"height":200,"srcset":"https:\/\/i0.wp.com\/www.grieta.org.mx\/wp-content\/uploads\/2018\/03\/14524434_1106112876131411_958039263622046936_o.jpg?resize=350%2C200 1x, https:\/\/i0.wp.com\/www.grieta.org.mx\/wp-content\/uploads\/2018\/03\/14524434_1106112876131411_958039263622046936_o.jpg?resize=525%2C300 1.5x, https:\/\/i0.wp.com\/www.grieta.org.mx\/wp-content\/uploads\/2018\/03\/14524434_1106112876131411_958039263622046936_o.jpg?resize=700%2C400 2x"},"classes":[]}],"_links":{"self":[{"href":"http:\/\/www.grieta.org.mx\/index.php\/wp-json\/wp\/v2\/posts\/25417","targetHints":{"allow":["GET"]}}],"collection":[{"href":"http:\/\/www.grieta.org.mx\/index.php\/wp-json\/wp\/v2\/posts"}],"about":[{"href":"http:\/\/www.grieta.org.mx\/index.php\/wp-json\/wp\/v2\/types\/post"}],"author":[{"embeddable":true,"href":"http:\/\/www.grieta.org.mx\/index.php\/wp-json\/wp\/v2\/users\/2"}],"replies":[{"embeddable":true,"href":"http:\/\/www.grieta.org.mx\/index.php\/wp-json\/wp\/v2\/comments?post=25417"}],"version-history":[{"count":1,"href":"http:\/\/www.grieta.org.mx\/index.php\/wp-json\/wp\/v2\/posts\/25417\/revisions"}],"predecessor-version":[{"id":25419,"href":"http:\/\/www.grieta.org.mx\/index.php\/wp-json\/wp\/v2\/posts\/25417\/revisions\/25419"}],"wp:featuredmedia":[{"embeddable":true,"href":"http:\/\/www.grieta.org.mx\/index.php\/wp-json\/wp\/v2\/media\/25418"}],"wp:attachment":[{"href":"http:\/\/www.grieta.org.mx\/index.php\/wp-json\/wp\/v2\/media?parent=25417"}],"wp:term":[{"taxonomy":"category","embeddable":true,"href":"http:\/\/www.grieta.org.mx\/index.php\/wp-json\/wp\/v2\/categories?post=25417"},{"taxonomy":"post_tag","embeddable":true,"href":"http:\/\/www.grieta.org.mx\/index.php\/wp-json\/wp\/v2\/tags?post=25417"}],"curies":[{"name":"wp","href":"https:\/\/api.w.org\/{rel}","templated":true}]}}