{"id":25364,"date":"2018-08-05T22:06:39","date_gmt":"2018-08-06T03:06:39","guid":{"rendered":"http:\/\/www.grieta.org.mx\/?p=25364"},"modified":"2018-08-06T22:21:48","modified_gmt":"2018-08-07T03:21:48","slug":"matan-a-tiros-a-fotoperiodista-colaborador-de-medios-locales-en-valle-de-santiago-guanajuato","status":"publish","type":"post","link":"http:\/\/www.grieta.org.mx\/index.php\/2018\/08\/05\/matan-a-tiros-a-fotoperiodista-colaborador-de-medios-locales-en-valle-de-santiago-guanajuato\/","title":{"rendered":"Matan a tiros a fotoperiodista colaborador de medios locales en Valle de Santiago (Guanajuato)"},"content":{"rendered":"<p>Zona Franca<br \/>\nValle de Santiago, Gto. Un colaborador de semanarios locales adem\u00e1s de fot\u00f3grafo de sociales fue asesinado a tiros en las calles ubicadas a espaldas de la Unidad Deportiva, cuando se encontraba en su motocicleta, estacionado.<\/p>\n<p>La v\u00edctima fue identificada como Rodolfo Garc\u00eda Gonz\u00e1lez de 45 a\u00f1os de edad, de profesi\u00f3n fot\u00f3grafo y quien seg\u00fan sus compa\u00f1eros se dedicaba a tomar fotograf\u00edas en eventos sociales, adem\u00e1s colaboraba en los semanarios de Valle de Santiago, D\u00eda Siete y Nuevo Milenio.<\/p>\n<p>Hasta el momento se desconoce como sucedi\u00f3 la agresi\u00f3n y la identidad de los agresores, alrededor de las 19:00 horas de este domingo el cuerpo de Rodolfo fue encontrado tirado boca abajo en la banqueta entre las calles de Callej\u00f3n de Pemex y Plan de Ayala a espaldas de la Deportiva, esto, tras un reporte al Sistema 911.<\/p>\n<figure id=\"attachment_25365\" aria-describedby=\"caption-attachment-25365\" style=\"width: 960px\" class=\"wp-caption aligncenter\"><img decoding=\"async\" data-attachment-id=\"25365\" data-permalink=\"http:\/\/www.grieta.org.mx\/index.php\/2018\/08\/05\/matan-a-tiros-a-fotoperiodista-colaborador-de-medios-locales-en-valle-de-santiago-guanajuato\/2018-08-05_fotog\/\" data-orig-file=\"http:\/\/www.grieta.org.mx\/wp-content\/uploads\/2018\/08\/2018-08-05_fotog.jpg\" data-orig-size=\"960,735\" data-comments-opened=\"0\" data-image-meta=\"{&quot;aperture&quot;:&quot;0&quot;,&quot;credit&quot;:&quot;&quot;,&quot;camera&quot;:&quot;&quot;,&quot;caption&quot;:&quot;&quot;,&quot;created_timestamp&quot;:&quot;0&quot;,&quot;copyright&quot;:&quot;&quot;,&quot;focal_length&quot;:&quot;0&quot;,&quot;iso&quot;:&quot;0&quot;,&quot;shutter_speed&quot;:&quot;0&quot;,&quot;title&quot;:&quot;&quot;,&quot;orientation&quot;:&quot;0&quot;}\" data-image-title=\"2018-08-05_fotog\" data-image-description=\"\" data-image-caption=\"&lt;p&gt;Rodolfo Garc\u00eda Gonz\u00e1lez. Foto: tomada de su Facebook.&lt;\/p&gt;\n\" data-medium-file=\"http:\/\/www.grieta.org.mx\/wp-content\/uploads\/2018\/08\/2018-08-05_fotog-300x230.jpg\" data-large-file=\"http:\/\/www.grieta.org.mx\/wp-content\/uploads\/2018\/08\/2018-08-05_fotog.jpg\" src=\"http:\/\/www.grieta.org.mx\/wp-content\/uploads\/2018\/08\/2018-08-05_fotog.jpg\" alt=\"\" width=\"100%\"  class=\"size-full wp-image-25365\" srcset=\"http:\/\/www.grieta.org.mx\/wp-content\/uploads\/2018\/08\/2018-08-05_fotog.jpg 960w, http:\/\/www.grieta.org.mx\/wp-content\/uploads\/2018\/08\/2018-08-05_fotog-300x230.jpg 300w, http:\/\/www.grieta.org.mx\/wp-content\/uploads\/2018\/08\/2018-08-05_fotog-768x588.jpg 768w, http:\/\/www.grieta.org.mx\/wp-content\/uploads\/2018\/08\/2018-08-05_fotog-653x500.jpg 653w\" sizes=\"(max-width: 960px) 100vw, 960px\" \/><figcaption id=\"caption-attachment-25365\" class=\"wp-caption-text\">Rodolfo Garc\u00eda Gonz\u00e1lez. Foto: tomada de su Facebook.<\/figcaption><\/figure>\n<p>Al lugar arribaron param\u00e9dicos quienes encontraron el cuerpo boca abajo entre la banqueta y el asfalto, pero el hombre ya hab\u00eda fallecido a consecuencia de varios disparos de arma de fuego, a escaso un metro del cuerpo se encuentro una motocicleta propiedad del fot\u00f3grafo presuntamente apagada.<\/p>\n<p>La c\u00e1mara que normalmente portaba no se encontr\u00f3 en el lugar.<\/p>\n<p><img decoding=\"async\" data-attachment-id=\"25366\" data-permalink=\"http:\/\/www.grieta.org.mx\/index.php\/2018\/08\/05\/matan-a-tiros-a-fotoperiodista-colaborador-de-medios-locales-en-valle-de-santiago-guanajuato\/2018-08-04_portada3\/\" data-orig-file=\"http:\/\/www.grieta.org.mx\/wp-content\/uploads\/2018\/08\/2018-08-04_portada3.jpg\" data-orig-size=\"720,402\" data-comments-opened=\"0\" data-image-meta=\"{&quot;aperture&quot;:&quot;0&quot;,&quot;credit&quot;:&quot;&quot;,&quot;camera&quot;:&quot;&quot;,&quot;caption&quot;:&quot;&quot;,&quot;created_timestamp&quot;:&quot;0&quot;,&quot;copyright&quot;:&quot;&quot;,&quot;focal_length&quot;:&quot;0&quot;,&quot;iso&quot;:&quot;0&quot;,&quot;shutter_speed&quot;:&quot;0&quot;,&quot;title&quot;:&quot;&quot;,&quot;orientation&quot;:&quot;0&quot;}\" data-image-title=\"2018-08-04_portada3\" data-image-description=\"\" data-image-caption=\"\" data-medium-file=\"http:\/\/www.grieta.org.mx\/wp-content\/uploads\/2018\/08\/2018-08-04_portada3-300x168.jpg\" data-large-file=\"http:\/\/www.grieta.org.mx\/wp-content\/uploads\/2018\/08\/2018-08-04_portada3.jpg\" src=\"http:\/\/www.grieta.org.mx\/wp-content\/uploads\/2018\/08\/2018-08-04_portada3.jpg\" alt=\"\" width=\"100%\"  class=\"aligncenter size-full wp-image-25366\" srcset=\"http:\/\/www.grieta.org.mx\/wp-content\/uploads\/2018\/08\/2018-08-04_portada3.jpg 720w, http:\/\/www.grieta.org.mx\/wp-content\/uploads\/2018\/08\/2018-08-04_portada3-300x168.jpg 300w\" sizes=\"(max-width: 720px) 100vw, 720px\" \/><\/p>\n<p>Polic\u00edas municipales resguardaron el lugar, polic\u00edas ministeriales arribaron m\u00e1s tarde, el cuerpo fue trasladado para practicar la autopsia de ley y determinar la causa de muerte.<\/p>\n<p>Esta ser\u00eda una agresi\u00f3n m\u00e1s hacia los representantes de los medios de comunicaci\u00f3n en esta zona, cabe se\u00f1alar que en el municipio de Yuriria en el mes de septiembre de 2017 fue asesinado Juan Carlos Hern\u00e1ndez R\u00edos, colaborador de la Bandera Noticias.<\/p>\n<p><a href=\"http:\/\/zonafranca.mx\/matan-a-tiros-a-fotografo-colaborador-de-medios-locales-en-valle-de-santiago\/\">http:\/\/zonafranca.mx\/matan-a-tiros-a-fotografo-colaborador-de-medios-locales-en-valle-de-santiago\/<\/a><\/p>\n","protected":false},"excerpt":{"rendered":"<p>Zona Franca Valle de Santiago, Gto. Un colaborador de semanarios locales adem\u00e1s de fot\u00f3grafo de sociales fue asesinado a tiros en las calles ubicadas a espaldas de la Unidad Deportiva, &hellip; <a href=\"http:\/\/www.grieta.org.mx\/index.php\/2018\/08\/05\/matan-a-tiros-a-fotoperiodista-colaborador-de-medios-locales-en-valle-de-santiago-guanajuato\/\" class=\"more-link\">Leer m\u00e1s<\/a><\/p>\n","protected":false},"author":2,"featured_media":25365,"comment_status":"closed","ping_status":"closed","sticky":false,"template":"","format":"standard","meta":{"ngg_post_thumbnail":0,"_jetpack_newsletter_access":"","_jetpack_dont_email_post_to_subs":false,"_jetpack_newsletter_tier_id":0,"_jetpack_memberships_contains_paywalled_content":false,"_jetpack_memberships_contains_paid_content":false,"footnotes":""},"categories":[80,17,471,88,1574],"tags":[120],"class_list":{"0":"post-25364","1":"post","2":"type-post","3":"status-publish","4":"format-standard","5":"has-post-thumbnail","6":"hentry","7":"category-cintillo","8":"category-guanajuato","10":"category-violencia-contra-periodistas","11":"category-violencia-contra-periodistas-en-guanajuato","12":"tag-violencia-contra-periodistas","13":"entry"},"jetpack_featured_media_url":"http:\/\/www.grieta.org.mx\/wp-content\/uploads\/2018\/08\/2018-08-05_fotog.jpg","jetpack_sharing_enabled":true,"jetpack_shortlink":"https:\/\/wp.me\/p7ZJR4-6B6","jetpack_likes_enabled":false,"jetpack-related-posts":[{"id":7251,"url":"http:\/\/www.grieta.org.mx\/index.php\/2016\/07\/26\/violencia-contra-periodistas-en-guanajuato\/","url_meta":{"origin":25364,"position":0},"title":"Violencia contra periodistas en Guanajuato","author":"grieta","date":"26 julio, 2016","format":false,"excerpt":"26\/07\/2016. Denunciar\u00e1n a juez que redujo pena al agresor de reportera de SilaoLa Jornada 16\/06\/2016. Exigen a alcalde panista frenar ataques contra comunicadoras de Gto.Proceso 14\/10\/2015. Incendian autom\u00f3vil de periodista en Irapuato; recibi\u00f3 amenazas previasArt\u00edculo 19 04\/09\/2015. A un a\u00f1o de la agresi\u00f3n a la periodista Karla Silva, entregan a\u2026","rel":"","context":"En &quot;Guanajuato&quot;","block_context":{"text":"Guanajuato","link":"http:\/\/www.grieta.org.mx\/index.php\/category\/noticias-nacionales\/guanajuato\/"},"img":{"alt_text":"","src":"https:\/\/i0.wp.com\/www.grieta.org.mx\/wp-content\/uploads\/2018\/03\/14524434_1106112876131411_958039263622046936_o.jpg?resize=350%2C200","width":350,"height":200,"srcset":"https:\/\/i0.wp.com\/www.grieta.org.mx\/wp-content\/uploads\/2018\/03\/14524434_1106112876131411_958039263622046936_o.jpg?resize=350%2C200 1x, https:\/\/i0.wp.com\/www.grieta.org.mx\/wp-content\/uploads\/2018\/03\/14524434_1106112876131411_958039263622046936_o.jpg?resize=525%2C300 1.5x, https:\/\/i0.wp.com\/www.grieta.org.mx\/wp-content\/uploads\/2018\/03\/14524434_1106112876131411_958039263622046936_o.jpg?resize=700%2C400 2x"},"classes":[]},{"id":30760,"url":"http:\/\/www.grieta.org.mx\/index.php\/2019\/03\/16\/el-periodista-santiago-barroso-es-asesinado-a-tiros-en-su-domicilio-en-san-luis-rio-colorado-sonora\/","url_meta":{"origin":25364,"position":1},"title":"El periodista Santiago Barroso es asesinado a tiros en su domicilio en San Luis R\u00edo Colorado, Sonora","author":"grieta","date":"16 marzo, 2019","format":false,"excerpt":"Eduardo Villa Lugo\/Redacci\u00f3n SIN EMBARGO Seg\u00fan las primeras indagatorias, los desconocidos habr\u00edan llamado a la puerta del comunicador y dispararon contra la v\u00edctima, quien se desempe\u00f1aba como locutor del programa \u201cBuenos D\u00edas San Luis\u201d. Sonora\/Ciudad de M\u00e9xico, 16 de marzo (Zeta\/SinEmbargo).- Al menos tres impactos de proyectil de arma de\u2026","rel":"","context":"En &quot;CINTILLO&quot;","block_context":{"text":"CINTILLO","link":"http:\/\/www.grieta.org.mx\/index.php\/category\/cintillo\/"},"img":{"alt_text":"","src":"https:\/\/i0.wp.com\/www.grieta.org.mx\/wp-content\/uploads\/2019\/03\/santiago-periodista.jpg?resize=350%2C200","width":350,"height":200,"srcset":"https:\/\/i0.wp.com\/www.grieta.org.mx\/wp-content\/uploads\/2019\/03\/santiago-periodista.jpg?resize=350%2C200 1x, https:\/\/i0.wp.com\/www.grieta.org.mx\/wp-content\/uploads\/2019\/03\/santiago-periodista.jpg?resize=525%2C300 1.5x, https:\/\/i0.wp.com\/www.grieta.org.mx\/wp-content\/uploads\/2019\/03\/santiago-periodista.jpg?resize=700%2C400 2x, https:\/\/i0.wp.com\/www.grieta.org.mx\/wp-content\/uploads\/2019\/03\/santiago-periodista.jpg?resize=1050%2C600 3x"},"classes":[]},{"id":39885,"url":"http:\/\/www.grieta.org.mx\/index.php\/2019\/09\/23\/documentan-118-agresiones-contra-mujeres-periodistas-en-el-sexenio-de-amlo\/","url_meta":{"origin":25364,"position":2},"title":"Documentan 118 agresiones contra mujeres periodistas en el sexenio de AMLO","author":"grieta","date":"23 septiembre, 2019","format":false,"excerpt":"Var\u00f3nica Espinosa\/Proceso GUANAJUATO, Gto. (apro).- En lo que va del sexenio de Andr\u00e9s Manuel L\u00f3pez Obrador se han documentado 118 agresiones contra mujeres periodistas, principalmente perpetradas por agentes del Estado, con una evidente carga de g\u00e9nero traducida en amenazas a ellas y a sus familias, acoso y hostigamiento sexual, difamaci\u00f3n\u2026","rel":"","context":"En &quot;CINTILLO&quot;","block_context":{"text":"CINTILLO","link":"http:\/\/www.grieta.org.mx\/index.php\/category\/cintillo\/"},"img":{"alt_text":"","src":"https:\/\/i0.wp.com\/www.grieta.org.mx\/wp-content\/uploads\/2019\/10\/658be2080282b2690f-190318periodistas_jcc-1-1-1.jpg?resize=350%2C200","width":350,"height":200,"srcset":"https:\/\/i0.wp.com\/www.grieta.org.mx\/wp-content\/uploads\/2019\/10\/658be2080282b2690f-190318periodistas_jcc-1-1-1.jpg?resize=350%2C200 1x, https:\/\/i0.wp.com\/www.grieta.org.mx\/wp-content\/uploads\/2019\/10\/658be2080282b2690f-190318periodistas_jcc-1-1-1.jpg?resize=525%2C300 1.5x, https:\/\/i0.wp.com\/www.grieta.org.mx\/wp-content\/uploads\/2019\/10\/658be2080282b2690f-190318periodistas_jcc-1-1-1.jpg?resize=700%2C400 2x, https:\/\/i0.wp.com\/www.grieta.org.mx\/wp-content\/uploads\/2019\/10\/658be2080282b2690f-190318periodistas_jcc-1-1-1.jpg?resize=1050%2C600 3x"},"classes":[]},{"id":41774,"url":"http:\/\/www.grieta.org.mx\/index.php\/2019\/12\/02\/convocan-alumnos-de-la-universidad-de-guanajuato-a-paro\/","url_meta":{"origin":25364,"position":3},"title":"Convocan alumnos de la Universidad de Guanajuato a paro","author":"grieta","date":"2 diciembre, 2019","format":false,"excerpt":"La convocatoria es a partir de las 5:30 de la ma\u00f1ana en las escalinatas de la del edificio central Patricio Serna| El Sol de Irapuato, 02 de diciembre de 2019 GUANAJUATO, Gto. (OEM-Informex) .-A trav\u00e9s de redes sociales, alumnos de la Universidad de Guanajuato convocan a un paro de actividades\u2026","rel":"","context":"En &quot;CINTILLO&quot;","block_context":{"text":"CINTILLO","link":"http:\/\/www.grieta.org.mx\/index.php\/category\/cintillo\/"},"img":{"alt_text":"","src":"https:\/\/i0.wp.com\/www.grieta.org.mx\/wp-content\/uploads\/2019\/12\/WhatsApp-Image-2019-12-02-at-12.07.55-PM.jpeg?resize=350%2C200","width":350,"height":200,"srcset":"https:\/\/i0.wp.com\/www.grieta.org.mx\/wp-content\/uploads\/2019\/12\/WhatsApp-Image-2019-12-02-at-12.07.55-PM.jpeg?resize=350%2C200 1x, https:\/\/i0.wp.com\/www.grieta.org.mx\/wp-content\/uploads\/2019\/12\/WhatsApp-Image-2019-12-02-at-12.07.55-PM.jpeg?resize=525%2C300 1.5x, https:\/\/i0.wp.com\/www.grieta.org.mx\/wp-content\/uploads\/2019\/12\/WhatsApp-Image-2019-12-02-at-12.07.55-PM.jpeg?resize=700%2C400 2x"},"classes":[]},{"id":14429,"url":"http:\/\/www.grieta.org.mx\/index.php\/2016\/06\/16\/exigen-a-alcalde-panista-frenar-ataques-contra-comunicadoras-de-gto\/","url_meta":{"origin":25364,"position":4},"title":"Exigen a alcalde panista frenar ataques contra comunicadoras de Gto.","author":"grieta","date":"16 junio, 2016","format":false,"excerpt":"POR VER\u00d3NICA ESPINOSA GUANAJUATO, Gto., (apro).- Diputados locales exhortaron al alcalde de Salamanca, el panista Antonio Arredondo Mu\u00f1oz, para que se conduzca en su funci\u00f3n p\u00fablica con respeto al ejercicio de la libertad de expresi\u00f3n ante el hostigamiento y obstrucci\u00f3n del trabajo period\u00edstico del portal El Salmantino y la reportera\u2026","rel":"","context":"En &quot;CINTILLO&quot;","block_context":{"text":"CINTILLO","link":"http:\/\/www.grieta.org.mx\/index.php\/category\/cintillo\/"},"img":{"alt_text":"","src":"https:\/\/i0.wp.com\/www.grieta.org.mx\/wp-content\/uploads\/2018\/03\/14524434_1106112876131411_958039263622046936_o.jpg?resize=350%2C200","width":350,"height":200,"srcset":"https:\/\/i0.wp.com\/www.grieta.org.mx\/wp-content\/uploads\/2018\/03\/14524434_1106112876131411_958039263622046936_o.jpg?resize=350%2C200 1x, https:\/\/i0.wp.com\/www.grieta.org.mx\/wp-content\/uploads\/2018\/03\/14524434_1106112876131411_958039263622046936_o.jpg?resize=525%2C300 1.5x, https:\/\/i0.wp.com\/www.grieta.org.mx\/wp-content\/uploads\/2018\/03\/14524434_1106112876131411_958039263622046936_o.jpg?resize=700%2C400 2x"},"classes":[]},{"id":59595,"url":"http:\/\/www.grieta.org.mx\/index.php\/2021\/05\/07\/reportero-denuncia-amenazas-tras-publicar-nota-sobre-reclamos-de-un-joven-a-candidato-en-silao-guanajuato-2\/","url_meta":{"origin":25364,"position":5},"title":"Reportero denuncia amenazas tras publicar nota sobre reclamos de un joven a candidato en Silao (Guanajuato)","author":"grieta","date":"7 mayo, 2021","format":false,"excerpt":"Hasta hace poco Alejandro Pe\u00f1a fung\u00eda como secretario del ayuntamiento en la actual administraci\u00f3n del tambi\u00e9n panista Antonio Trejo Valdepe\u00f1a. Por Ver\u00f3nica Espinosa, Proceso viernes, 7 de mayo de 2021 GUANAJUATO, Gto. (apro).- Luego de publicar una nota sobre los reclamos de un joven colono al candidato del PAN a\u2026","rel":"","context":"En &quot;Amenzas y agresiones a periodistas en Guanajuato&quot;","block_context":{"text":"Amenzas y agresiones a periodistas en Guanajuato","link":"http:\/\/www.grieta.org.mx\/index.php\/category\/noticias-nacionales\/guanajuato\/amenzas-y-agresiones-a-periodistas-en-guanajuato\/"},"img":{"alt_text":"","src":"https:\/\/i0.wp.com\/www.grieta.org.mx\/wp-content\/uploads\/2021\/05\/f800x450-134855_186301_5050.jpeg?resize=350%2C200","width":350,"height":200,"srcset":"https:\/\/i0.wp.com\/www.grieta.org.mx\/wp-content\/uploads\/2021\/05\/f800x450-134855_186301_5050.jpeg?resize=350%2C200 1x, https:\/\/i0.wp.com\/www.grieta.org.mx\/wp-content\/uploads\/2021\/05\/f800x450-134855_186301_5050.jpeg?resize=525%2C300 1.5x, https:\/\/i0.wp.com\/www.grieta.org.mx\/wp-content\/uploads\/2021\/05\/f800x450-134855_186301_5050.jpeg?resize=700%2C400 2x"},"classes":[]}],"_links":{"self":[{"href":"http:\/\/www.grieta.org.mx\/index.php\/wp-json\/wp\/v2\/posts\/25364","targetHints":{"allow":["GET"]}}],"collection":[{"href":"http:\/\/www.grieta.org.mx\/index.php\/wp-json\/wp\/v2\/posts"}],"about":[{"href":"http:\/\/www.grieta.org.mx\/index.php\/wp-json\/wp\/v2\/types\/post"}],"author":[{"embeddable":true,"href":"http:\/\/www.grieta.org.mx\/index.php\/wp-json\/wp\/v2\/users\/2"}],"replies":[{"embeddable":true,"href":"http:\/\/www.grieta.org.mx\/index.php\/wp-json\/wp\/v2\/comments?post=25364"}],"version-history":[{"count":1,"href":"http:\/\/www.grieta.org.mx\/index.php\/wp-json\/wp\/v2\/posts\/25364\/revisions"}],"predecessor-version":[{"id":25368,"href":"http:\/\/www.grieta.org.mx\/index.php\/wp-json\/wp\/v2\/posts\/25364\/revisions\/25368"}],"wp:featuredmedia":[{"embeddable":true,"href":"http:\/\/www.grieta.org.mx\/index.php\/wp-json\/wp\/v2\/media\/25365"}],"wp:attachment":[{"href":"http:\/\/www.grieta.org.mx\/index.php\/wp-json\/wp\/v2\/media?parent=25364"}],"wp:term":[{"taxonomy":"category","embeddable":true,"href":"http:\/\/www.grieta.org.mx\/index.php\/wp-json\/wp\/v2\/categories?post=25364"},{"taxonomy":"post_tag","embeddable":true,"href":"http:\/\/www.grieta.org.mx\/index.php\/wp-json\/wp\/v2\/tags?post=25364"}],"curies":[{"name":"wp","href":"https:\/\/api.w.org\/{rel}","templated":true}]}}