{"id":25345,"date":"2018-08-04T23:44:10","date_gmt":"2018-08-05T04:44:10","guid":{"rendered":"http:\/\/www.grieta.org.mx\/?p=25345"},"modified":"2018-08-04T23:44:10","modified_gmt":"2018-08-05T04:44:10","slug":"desaparecer-en-tlaxcala-el-costo-de-la-impunidad","status":"publish","type":"post","link":"http:\/\/www.grieta.org.mx\/index.php\/2018\/08\/04\/desaparecer-en-tlaxcala-el-costo-de-la-impunidad\/","title":{"rendered":"Desaparecer en Tlaxcala, el costo de la impunidad"},"content":{"rendered":"<figure id=\"attachment_25346\" aria-describedby=\"caption-attachment-25346\" style=\"width: 696px\" class=\"wp-caption aligncenter\"><img loading=\"lazy\" decoding=\"async\" data-attachment-id=\"25346\" data-permalink=\"http:\/\/www.grieta.org.mx\/index.php\/2018\/08\/04\/desaparecer-en-tlaxcala-el-costo-de-la-impunidad\/desaparecer-en-tlaxcala-el-costo-de-la-impunidad-696x464\/\" data-orig-file=\"http:\/\/www.grieta.org.mx\/wp-content\/uploads\/2018\/08\/desaparecer-en-tlaxcala-el-costo-de-la-impunidad-696x464.jpg\" data-orig-size=\"696,464\" data-comments-opened=\"0\" data-image-meta=\"{&quot;aperture&quot;:&quot;0&quot;,&quot;credit&quot;:&quot;&quot;,&quot;camera&quot;:&quot;&quot;,&quot;caption&quot;:&quot;&quot;,&quot;created_timestamp&quot;:&quot;0&quot;,&quot;copyright&quot;:&quot;&quot;,&quot;focal_length&quot;:&quot;0&quot;,&quot;iso&quot;:&quot;0&quot;,&quot;shutter_speed&quot;:&quot;0&quot;,&quot;title&quot;:&quot;&quot;,&quot;orientation&quot;:&quot;0&quot;}\" data-image-title=\"desaparecer-en-tlaxcala-el-costo-de-la-impunidad-696&amp;#215;464\" data-image-description=\"\" data-image-caption=\"&lt;p&gt;En Tlaxcala, m\u00e1s de la mitad de municipios se dedican a crear redes de captura, traslado, y explotaci\u00f3n sexual de menores de edad.&lt;\/p&gt;\n\" data-medium-file=\"http:\/\/www.grieta.org.mx\/wp-content\/uploads\/2018\/08\/desaparecer-en-tlaxcala-el-costo-de-la-impunidad-696x464-300x200.jpg\" data-large-file=\"http:\/\/www.grieta.org.mx\/wp-content\/uploads\/2018\/08\/desaparecer-en-tlaxcala-el-costo-de-la-impunidad-696x464.jpg\" src=\"http:\/\/www.grieta.org.mx\/wp-content\/uploads\/2018\/08\/desaparecer-en-tlaxcala-el-costo-de-la-impunidad-696x464.jpg\" alt=\"\" width=\"696\" height=\"464\" class=\"size-full wp-image-25346\" srcset=\"http:\/\/www.grieta.org.mx\/wp-content\/uploads\/2018\/08\/desaparecer-en-tlaxcala-el-costo-de-la-impunidad-696x464.jpg 696w, http:\/\/www.grieta.org.mx\/wp-content\/uploads\/2018\/08\/desaparecer-en-tlaxcala-el-costo-de-la-impunidad-696x464-300x200.jpg 300w\" sizes=\"auto, (max-width: 696px) 100vw, 696px\" \/><figcaption id=\"caption-attachment-25346\" class=\"wp-caption-text\">En Tlaxcala, m\u00e1s de la mitad de municipios se dedican a crear redes de captura, traslado, y explotaci\u00f3n sexual de menores de edad.<\/figcaption><\/figure>\n<p>Redacci\u00f3n\/ Diario Rotativo<\/p>\n<p>En el estado de Tlaxcala, m\u00e1s de la mitad de municipios que lo conforman (46 de 60 municipios) familias completas se dedican a crear y fortalecer redes de captura, traslado, y explotaci\u00f3n sexual de menores de edad en el pa\u00eds y en el extranjero.<\/p>\n<p>Durante los \u00faltimos 20 a\u00f1os diversos informes de la Oficina de las Naciones Unidas Contra la Droga y el Delito (UNODC por sus siglas en ingl\u00e9s); del Instituto Nacional de Mujeres; y de la Comisi\u00f3n Nacional de Derechos Humanos, sostienen la existencia de un corredor de trata de personas en los estados de Tlaxcala-Puebla, e incluso refieren distintas rutas que utilizan los grupos delictivos para el traslado de las personas, principalmente mujeres y ni\u00f1as.<\/p>\n<p>Con los a\u00f1os, este negocio il\u00edcito ha ido modificando la forma de captar a sus v\u00edctimas. En d\u00e9cadas pasadas los tratantes invert\u00edan alrededor de 6 meses para \u201cengancharlas\u201d, a trav\u00e9s del enamoramiento y ellas aceptaban irse a vivir con ellos a otros estados, lejos de sus familias, para despu\u00e9s, ser sometidas a condiciones de prostituci\u00f3n.<\/p>\n<p>Sin embargo mediante este \u201cproceso de enamoramiento\u201d los tratantes pod\u00edan alegar ante la ley y las familias de sus v\u00edctimas, que ellas estaban \u201cpor decisi\u00f3n propia\u201d. Hoy en d\u00eda es tal el grado de impunidad que los tratantes ya no ven la necesidad de enamorarlas o convencerlas, ahora son espiadas en sus rutinas, en la calles y la mayor\u00eda de las veces se utilizan sustancias como el cloroformo para desmayarlas y poder capturarlas. \u00bfPara qu\u00e9 invertir tiempo en enamorar si nadie va a investigar? lo de hoy es el secuestro.<\/p>\n<p>Datos de la Comisi\u00f3n Nacional de Derechos Humanos revelan que en M\u00e9xico, aproximadamente 500 mil personas son v\u00edctimas de trata. De \u00e9stas, 70 mil son menores de edad explotadas sexualmente, alrededor de 50 mil se encuentran en esta situaci\u00f3n en las zonas fronterizas. M\u00e9xico se encuentra dentro de los 25 pa\u00edses del mundo con mayor ocurrencia de este delito.<\/p>\n<p>Hoy se conmemora el D\u00eda Mundial contra la Trata, proclamado por la Asamblea General de las Naciones Unidas en la resoluci\u00f3n a\/RES\/68\/192, el 18 de diciembre de 2013.<\/p>\n<p>A prop\u00f3sito de la efem\u00e9ride, Cimacnoticias realiz\u00f3 una investigaci\u00f3n sobre v\u00edctimas que lograron ser rescatadas de la trata en Tlaxcala, y de las que por seguridad, se omite su nombre verdadero.<\/p>\n<p>KARLA: LA \u00daLTIMA FOTO FAMILIAR<\/p>\n<p>Karla desapareci\u00f3 el 13 de enero de 2016 en el municipio de San Pablo del Monte, ubicado en el extremo sur del estado, casi colindando con Puebla. Esa ma\u00f1ana, a diferencia de otros d\u00edas, la madre de Karla opt\u00f3 por mandarla sola a la escuela. Le dio un tel\u00e9fono celular para que llegando a la secundaria se comunicara con ella. Pasaron los minutos y las horas y Karla jam\u00e1s llam\u00f3. Su hermano Rafael, fue quien se enter\u00f3 que su hermana no hab\u00eda llegado a la escuela cuando a la hora del receso, la busc\u00f3 para darle sus alimentos.<\/p>\n<p>\u201cKarla es una ni\u00f1a t\u00edmida. En la escuela lo que me platicaban sus maestros es que se llevaba con todos sus compa\u00f1eros, muy tranquila. A Karla no le gusta bailar, es buena hermana, para todos lados iba junto con Rafa, peleaban, pero al ratito se abrazaban. Era muy cari\u00f1osa, le gustaba escribirme cartas, me escrib\u00eda que me agradec\u00eda mucho por haberle dado la vida, que me quer\u00eda mucho, se disculpaba porque a veces ten\u00eda arranques de enojo. Es una excelente hija, con defectos y virtudes, pero yo as\u00ed la quiero, record\u00f3 en entrevista la madre de Karla, Olga Tezmol.<\/p>\n<p>Y es que desaparecer en Tlaxcala es diferente a hacerlo en otra entidad del pa\u00eds, dice enf\u00e1tica la coordinadora jur\u00eddica de la Red Reto\u00f1o, Miriam Pascual Jim\u00e9nez, quien en entrevista, afirm\u00f3 que cada vez se reduce m\u00e1s la edad de las mujeres que desaparecen.<\/p>\n<p>Desde hace 3 a\u00f1os en la Ciudad de M\u00e9xico surgi\u00f3 la organizaci\u00f3n civil \u201cRed Reto\u00f1o para la Prevenci\u00f3n Social de la Delincuencia Organizada\u201d, que realiza b\u00fasquedas de mujeres y ni\u00f1as v\u00edctimas de desaparici\u00f3n con fines de trata para explotaci\u00f3n sexual comercial. En este periodo han logrado rescatar siete ni\u00f1as originarias del estado de Tlaxcala,<\/p>\n<p>\u201cLos informes de hace 10 a\u00f1os establecen un margen de 18 a 25 a\u00f1os, cuando desaparece Karla se inici\u00f3 una discusi\u00f3n entre las organizaciones sociales porque consideraban que el rango de edad (11 a\u00f1os) no concordaba con los registros anteriores de las v\u00edctimas de trata. A partir de los distintos casos que nos han llegado nos damos cuenta que la amplitud y diversificaci\u00f3n de las v\u00edctimas tambi\u00e9n se va transformando. A partir de los patrones de impunidad, crece el negocio y el perfil de las v\u00edctimas\u201d, sostiene.<\/p>\n<p>Desaparecer en Tlaxcala deber\u00eda implicar una situaci\u00f3n de b\u00fasqueda urgente, pero en la realidad esto no sucede as\u00ed, y ejemplific\u00f3 que en el caso de Karla, la entonces procuradora de Justicia de la entidad, Alicia Fregoso, descart\u00f3 iniciar una averiguaci\u00f3n ya que argument\u00f3 que no hab\u00eda delito que perseguir por la desaparici\u00f3n de una ni\u00f1a de 11 a\u00f1os en San Pablo del Monte, un municipio que adem\u00e1s, ha sido se\u00f1alado por diversas organizaciones civiles con trabajo en trata, como un foco rojo.<\/p>\n<p>\u201cLa extra\u00f1o, extra\u00f1o escucharla gritando por toda la casa\u201d, coment\u00f3 la madre de Karla al ser entrevistada dentro de la est\u00e9tica que lleva el nombre de su hija, quien la ayudaba por las tardes a hacer cortes de cabello y peinados.<\/p>\n<p>\u201cHay altas y bajas, a veces Rafa tambi\u00e9n siente el vac\u00edo, me dice que se siente muy solo, que por qu\u00e9 le quitan a su hermana, y a veces cuando me tengo que ausentar para buscarla, \u00e9l lo siente, me lo dice: \u00b4cuando te vaya s a buscar a mi hermana av\u00edsame porque te vas y no me avisas, y cuando yo despierto ya no tengo mam\u00e1\u00b4\u201d.<\/p>\n<p>Para la familia de Karla la vida social termin\u00f3, su ausencia los ha alejado de las reuniones familiares. \u201cLa \u00faltima reuni\u00f3n que tuvimos fue dos d\u00edas antes de su desaparici\u00f3n, nos tomamos una foto familiar en el bautizo de su hermanita de un a\u00f1o de edad en aquel entonces, es la \u00faltima foto de Karla con nosotros\u201d.<\/p>\n<p>EMMA: CUANDO LA AUTORIDAD NO HACE NADA<\/p>\n<p>\u201cSoy originaria de San Pablo del Monte, Tlaxcala, tengo m\u00e1s ni\u00f1as y no quiero que les suceda lo mismo que a Emma, ac\u00e1 en San Pablo hay muchas ni\u00f1as que se est\u00e1n perdiendo, agradezco a mis familiares y amigos, gracias a ellos se rescat\u00f3 a mi ni\u00f1a, la autoridad no hizo nada\u201d, dijo en entrevista Magdalena, madre de Emma G.<\/p>\n<p>Emma desapareci\u00f3 el 7 de diciembre del 2016, a unos metros de su casa mientras caminaba rumbo a la escuela. Fue golpeada y arrastrada hasta un veh\u00edculo donde la subieron a la fuerza y la trasladaron.<\/p>\n<p>\u201cMi vida antes de ese d\u00eda era tranquila, segura, era todo normal, pero a partir de lo que sucedi\u00f3 ya no estoy tranquila, mi hija no es la \u00fanica, y sigue sucediendo lo mismo, hay varias desaparecidas. Ahora ya no las dejamos ir a la tienda solas, ni a la escuela, la gente esa no tiene coraz\u00f3n de lo que hacen. Ahora salimos con miedo, ya no podemos confiar en nadie\u201d, coment\u00f3.<\/p>\n<p>Convencida de que las autoridades no realizar\u00edan ninguna investigaci\u00f3n ni b\u00fasqueda de su hija, fue a trav\u00e9s de conocidos que Magdalena se enter\u00f3 del caso de Karla y se puso en contacto con su madre Olga Tezmol, quien a su vez, la canaliz\u00f3 con la abogada de la \u201cRed Reto\u00f1o\u201d, Miriam Pascual Jim\u00e9nez, quien despu\u00e9s de una b\u00fasqueda inmediata realizada en conjunto con familiares y amigos, lograron encontrar a Emma en el estado de Puebla, al d\u00eda siguiente de su captura, alrededor de las 10 de la ma\u00f1ana. Ten\u00eda signos de violencia f\u00edsica y sexual.<\/p>\n<p>\u201cDado que las v\u00edctimas son trasladadas a otros pa\u00edses, la implementaci\u00f3n de un protocolo de b\u00fasqueda inmediato es imprescindible. Dicen, se fue con el novio. El novio generalmente en Tlaxcala es enganchador, hijos de los que les llaman padrotes, o son novios que tienen 40 \u00f3 50 a\u00f1os y las ni\u00f1as tienen 15 o menos, el no vislumbrar esto fortalece el problema\u201d, acot\u00f3 Pascual Jim\u00e9nez.<\/p>\n<p>\u201cGeneralmente en todos los estados se da la cuesti\u00f3n de estereotipos de g\u00e9nero, esto de se fue con el novio, seguro est\u00e1 de fiesta, habla de que las autoridades al subestimar una situaci\u00f3n de riesgo facilitan o pierden horas trascendentes, en algunos casos ha habido situaciones en donde las v\u00edctimas son encontradas asesinadas, y se convierten en v\u00edctimas de feminicidio\u201d.<\/p>\n<p>A partir de estos acontecimientos, un grupo peque\u00f1o de familias, v\u00edctimas indirectas y v\u00edctimas directas, est\u00e1n en contacto constante para realizar acciones grupales como terapias psicol\u00f3gicas o convivencias en sus hogares. Magdalena, la madre de Emma, narr\u00f3 que a partir de esas juntas que promueven la unidad entre las afectadas, se siente un poco m\u00e1s tranquila, ya que entre ellas pueden expresarse y sacar el dolor que esto les provoca.<\/p>\n<p>\u201cPara mi Tlaxcala no es un pueblo seguro, es un pueblo de corruptos, ni en la polic\u00eda puedes confiar. Lo que ellos ven lo callan, y se al\u00edan con los delincuentes. Tlaxcala ya no es un lugar seguro. Aqu\u00ed lo que reinan son los padrotes, son gente sin coraz\u00f3n\u201d, afirm\u00f3.<\/p>\n<p>SILVIA: FIRMAR EN BLANCO<\/p>\n<p>\u201cSoy originaria de San Pablo del Monte, Tlaxcala, me gustar\u00eda no mostrar mi rostro, tengo mucho miedo\u201d, pidi\u00f3 durante la entrevista, Juana, madre de Silvia F.<\/p>\n<p>Silvia desapareci\u00f3 el 13 de marzo de 2017. Fue enganchada por su tratante por medio del enamoramiento quien logr\u00f3 que se fuera de casa sin avisar a sus familiares, dos d\u00edas despu\u00e9s de haber cumplido los 18 a\u00f1os. El tratante, a quien apodan \u201cel enano\u201d, tiene aproximadamente 40 a\u00f1os de edad. Trabajaba en Puebla, cerca del puesto de comida donde Silvia laboraba.<\/p>\n<p>Juana se enter\u00f3 por el empleador de su hija Silvia, Alejandro, que \u201cel enano\u201d, hab\u00eda estado acosando a su hija, as\u00ed que decidida, recolect\u00f3 datos importantes y present\u00f3 una denuncia en su contra. Silvia se comunic\u00f3 con su mam\u00e1 y la amenaz\u00f3 con no volver a su casa si no se retractaba de la denuncia.<\/p>\n<p>El 14 de marzo, \u201cel enano\u201d llev\u00f3 un video al negocio del empleador de Silvia, donde ella aparece llorando y pidiendo que \u201cla dejara vivir su vida\u201d. El mensaje del tratante fue contundente para Juana: si quer\u00eda volver a ver a su hija deber\u00eda retirar la demanda, de otra forma, nunca la volver\u00eda a ver.<\/p>\n<p>Fue entonces cuando Juana acudi\u00f3 a la Procuradur\u00eda General de Justicia del Estado de Tlaxcala, entonces a cargo de Tito Cervantes Zepeda, actualmente secretario de Gobernaci\u00f3n de la entidad. Ah\u00ed relat\u00f3 las amenazas e intimidaci\u00f3n por parte de \u201cel enano\u201d. Agentes al mando de Cervantes Zepeda le solicitaron firmar una hoja y le dijeron (a Juana) que \u201ctodo estaba en orden\u201d. Pero Juana no sabe leer ni escribir, as\u00ed que firm\u00f3 el documento con su huella dactilar.<\/p>\n<p>El 22 de marzo Juana, acompa\u00f1ada por la abogada Miriam Pascual Jim\u00e9nez, se trasladaron a la oficina del procurador Tito Cervantes, quien las atendi\u00f3 personalmente. Ah\u00ed, Juana se enter\u00f3 que la investigaci\u00f3n sobre la desaparici\u00f3n de su hija estaba cerrada debido a que los polic\u00edas a cargo del caso la hab\u00edan reportado como localizada.<\/p>\n<p>Les mostr\u00f3 la declaraci\u00f3n firmada por Juana, aquella que plasm\u00f3 con su huella, donde dec\u00eda que \u201cera de su conocimiento que su hija se encontraba sana y salva, y que daba a su hija reportada como localizada\u201d.<\/p>\n<p>Dos meses despu\u00e9s y con la ayuda del empleador de su hija, Alejandro, y la \u201cRed Reto\u00f1o\u201d, Juana dio con el paradero de su hija. \u201cLa encontramos en un cuarto horrible tirada en el piso\u201d. Negociaron su libertad y su tratante decidi\u00f3 entregarla porque estaba embarazada de \u00e9l.<\/p>\n<p>JUDITH: LAS REDES QUE LLEGAN A LA CIUDAD<\/p>\n<p>\u201cTengo 16 a\u00f1os, soy de Tlaxcala. Vivo con mi hermana, mi mam\u00e1 y mi pap\u00e1. No quiero hablar de c\u00f3mo son mis padres, ellos no saben mucho de m\u00ed, no tienen mucho que decir, supongo que dir\u00edan que soy callada\u201d, coment\u00f3 en entrevista Judith.<\/p>\n<p>Ella es una adolescente que fue raptada al salir de su trabajo el 8 de enero del 2018. Fue trasladada inmediatamente a la Ciudad de M\u00e9xico por medio de las redes de trata de personas.<\/p>\n<p>Su padre, Jos\u00e9, describe a su hija como \u201cuna persona sencilla. Le gusta mucho leer, le gusta demasiado escribir, la mayor\u00eda del tiempo le gusta convivir con su familia. Es muy inteligente. Por el problema que pas\u00f3 decidimos que de momento no fuera a la escuela por cuestiones de seguridad. Pr\u00e1cticamente ahorita est\u00e1 todo el tiempo con nosotros\u201d, dice en entrevista.<\/p>\n<p>A los dos d\u00edas de su desaparici\u00f3n, sus familiares dieron con su paradero en la capital del pa\u00eds. Con la ayuda de la procuradur\u00eda capitalina, fueron trasladados a la Ciudad de M\u00e9xico donde las labores de rescate se dieron el 10 de enero.<\/p>\n<p>A pesar de lo que vivi\u00f3 Judith tiene grandes expectativas de vida y se muestra entusiasta con su futuro. Ha ido recuperando poco a poco la confianza en s\u00ed misma y tiene planes de estudiar una licenciatura en administraci\u00f3n.<\/p>\n<p>\u201cAhorita me puse una meta, terminar la preparatoria. Mi segundo prop\u00f3sito es entrar a la universidad, quiero estudiar administraci\u00f3n de empresas\u201d.<\/p>\n<p>Tambi\u00e9n le gustan las artes. Dibuja y escribe, incluso cre\u00f3 un personaje literario que llam\u00f3 \u201cEmef\u201d, a quien dibuja con su cabello casta\u00f1o con unas mechas m\u00e1s largas que otras, tez morena, con un semblante serio que s\u00f3lo muestra su alegr\u00eda con su hermana menor. \u201cA veces tiene miedo de que todo explote dentro de ella pero al final termina super\u00e1ndolo\u201d, cont\u00f3 Judith.<\/p>\n<p>\u201cMe gusta sentir y saber que est\u00e1 bien lo que yo hago, confiar en m\u00ed misma, sin necesidad de que los dem\u00e1s vengan a decirme a cada rato que todo estar\u00e1 bien\u201d, agreg\u00f3.<\/p>\n<p>ESTADO OMISO ANTE DESAPARICI\u00d3N Y TRATA<\/p>\n<p>En agosto del 2017, organizaciones civiles de Tlaxcala presentaron ante la Comisi\u00f3n Nacional para Prevenir y Erradicar la Violencia Contra las Mujeres (Conavim) la segunda petici\u00f3n para activar la Alerta de Violencia de G\u00e9nero (AVG) por la desaparici\u00f3n de ni\u00f1as, adolescentes y mujeres para toda la entidad, pues \u00fanicamente de 2016 a agosto de 2017 se contabilizaron 35 casos.<\/p>\n<p>La primera solicitud se realiz\u00f3 un a\u00f1o antes, en agosto de 2016 por la organizaci\u00f3n \u201cTodos para Todos\u201d, quien la pidi\u00f3 para 13 municipios de la entidad donde han localizado organizaciones delincuenciales dedicadas a este delito.<\/p>\n<p>Sin embargo, ambas solicitudes fueron negadas bajo el argumento de que no hab\u00eda \u201celementos suficientes\u201d para mantener al estado en Alerta.<\/p>\n<p>Como resultado de la primera solicitud, el estado de Tlaxcala debi\u00f3 haber creado una Fiscal\u00eda Especializada para la Investigaci\u00f3n de los Delitos en Materia de Trata de Personas, un protocolo para identificar v\u00edctimas de trata, acciones en las rutas de movilidad de trata de ni\u00f1as y mujeres identificadas, y una base de datos sobre los tipos de violencia contra las mujeres en el territorio.<\/p>\n<p>Como ocurre en la mayor\u00eda de los casos, son las organizaciones civiles quienes desempe\u00f1an el papel que corresponde al Estado, como la \u201cRed Reto\u00f1o\u201d cuya presencia se ubica en los estados del centro y sur del pa\u00eds por la alta incidencia de este delito.<\/p>\n<p>La abogada Miriam Pascual Jim\u00e9nez afirm\u00f3: \u201chago esto porque soy mujer, porque las mujeres de mi familia muchas de ellas fueron obligadas al matrimonio forzado desde los 11 a\u00f1os, es una forma de violencia muy parecida a la trata, y porque siento un compromiso social de vida con otras mujeres. El decir si tocan a una nos tocan a todas, parece eslogan, pero en realidad es trascendente, cuando lastiman a una mujer, a una ni\u00f1a, la siguiente puedes ser t\u00fa, tu hija, tu nieta\u201d, concluy\u00f3. (Tercero D\u00edaz)<\/p>\n<p><a href=\"https:\/\/rotativo.com.mx\/mujer\/718564-desaparecer-en-tlaxcala-el-costo-de-la-impunidad\/\">https:\/\/rotativo.com.mx\/mujer\/718564-desaparecer-en-tlaxcala-el-costo-de-la-impunidad\/<\/a><\/p>\n","protected":false},"excerpt":{"rendered":"<p>Redacci\u00f3n\/ Diario Rotativo En el estado de Tlaxcala, m\u00e1s de la mitad de municipios que lo conforman (46 de 60 municipios) familias completas se dedican a crear y fortalecer redes &hellip; <a href=\"http:\/\/www.grieta.org.mx\/index.php\/2018\/08\/04\/desaparecer-en-tlaxcala-el-costo-de-la-impunidad\/\" class=\"more-link\">Leer m\u00e1s<\/a><\/p>\n","protected":false},"author":2,"featured_media":25346,"comment_status":"closed","ping_status":"closed","sticky":false,"template":"","format":"standard","meta":{"ngg_post_thumbnail":0,"_jetpack_newsletter_access":"","_jetpack_dont_email_post_to_subs":false,"_jetpack_newsletter_tier_id":0,"_jetpack_memberships_contains_paywalled_content":false,"_jetpack_memberships_contains_paid_content":false,"footnotes":""},"categories":[80,87,1420,2,83,34,1266],"tags":[417],"class_list":["post-25345","post","type-post","status-publish","format-standard","has-post-thumbnail","hentry","category-cintillo","category-desaparecidos","category-desaparecidos-en-tlaxcala","category-noticias-nacionales","category-temas-nacionales","category-tlaxcala","category-trata-de-personas-en-tlaxcala","tag-trata-de-personas","entry"],"jetpack_featured_media_url":"http:\/\/www.grieta.org.mx\/wp-content\/uploads\/2018\/08\/desaparecer-en-tlaxcala-el-costo-de-la-impunidad-696x464.jpg","jetpack_sharing_enabled":true,"jetpack_shortlink":"https:\/\/wp.me\/p7ZJR4-6AN","jetpack_likes_enabled":false,"jetpack-related-posts":[{"id":16988,"url":"http:\/\/www.grieta.org.mx\/index.php\/2016\/07\/13\/explotacion-sexual-de-mujeres-economia-base-de-tlaxcala\/","url_meta":{"origin":25345,"position":0},"title":"Explotaci\u00f3n sexual de mujeres, econom\u00eda base de Tlaxcala","author":"grieta","date":"13 julio, 2016","format":false,"excerpt":"Padrotes ponen de nueva cuenta al Estado de Tlaxcala en el plano internacional, al ser calificado como el Estado donde una gran parte de pobladores se dedican a la trata de personas y la econom\u00eda base de la entidad es la explotaci\u00f3n sexual de mujeres que en un a\u00f1o deja\u2026","rel":"","context":"En &quot;CINTILLO&quot;","block_context":{"text":"CINTILLO","link":"http:\/\/www.grieta.org.mx\/index.php\/category\/cintillo\/"},"img":{"alt_text":"","src":"https:\/\/i0.wp.com\/www.grieta.org.mx\/wp-content\/uploads\/2018\/03\/14524434_1106112876131411_958039263622046936_o.jpg?resize=350%2C200","width":350,"height":200,"srcset":"https:\/\/i0.wp.com\/www.grieta.org.mx\/wp-content\/uploads\/2018\/03\/14524434_1106112876131411_958039263622046936_o.jpg?resize=350%2C200 1x, https:\/\/i0.wp.com\/www.grieta.org.mx\/wp-content\/uploads\/2018\/03\/14524434_1106112876131411_958039263622046936_o.jpg?resize=525%2C300 1.5x, https:\/\/i0.wp.com\/www.grieta.org.mx\/wp-content\/uploads\/2018\/03\/14524434_1106112876131411_958039263622046936_o.jpg?resize=700%2C400 2x"},"classes":[]},{"id":6067,"url":"http:\/\/www.grieta.org.mx\/index.php\/2016\/01\/19\/mujeres-jovenes-perfil-de-desaparecidas-entre-puebla-y-tlaxcala-2\/","url_meta":{"origin":25345,"position":1},"title":"Mujeres j\u00f3venes, perfil de desaparecidas entre Puebla y Tlaxcala","author":"grieta","date":"19 enero, 2016","format":false,"excerpt":"Samantha P\u00e1ez\/e-tlaxcala El perfil de personas desaparecidas en Tlaxcala es de mujeres j\u00f3venes, de acuerdo con datos del Registro Nacional de Datos de Personas Extraviadas o Desaparecidas. De los 19 casos reportados, de 2009 a 2015, nueve son mujeres y siete de ellas tienen menos de 18 a\u00f1os de edad.\u2026","rel":"","context":"En &quot;CINTILLO&quot;","block_context":{"text":"CINTILLO","link":"http:\/\/www.grieta.org.mx\/index.php\/category\/cintillo\/"},"img":{"alt_text":"","src":"https:\/\/i0.wp.com\/www.grieta.org.mx\/wp-content\/uploads\/2018\/03\/14524434_1106112876131411_958039263622046936_o.jpg?resize=350%2C200","width":350,"height":200,"srcset":"https:\/\/i0.wp.com\/www.grieta.org.mx\/wp-content\/uploads\/2018\/03\/14524434_1106112876131411_958039263622046936_o.jpg?resize=350%2C200 1x, https:\/\/i0.wp.com\/www.grieta.org.mx\/wp-content\/uploads\/2018\/03\/14524434_1106112876131411_958039263622046936_o.jpg?resize=525%2C300 1.5x, https:\/\/i0.wp.com\/www.grieta.org.mx\/wp-content\/uploads\/2018\/03\/14524434_1106112876131411_958039263622046936_o.jpg?resize=700%2C400 2x"},"classes":[]},{"id":6421,"url":"http:\/\/www.grieta.org.mx\/index.php\/2015\/11\/20\/desmantelan-banda-de-trata-de-personas-captaban-a-sus-victimas-en-tlaxcala-y-las-mandaban-a-eu\/","url_meta":{"origin":25345,"position":2},"title":"Desmantelan banda de trata de personas; captaban a sus v\u00edctimas en Tlaxcala y las mandaban a EU","author":"grieta","date":"20 noviembre, 2015","format":false,"excerpt":"Redacci\u00f3n\/Animal Pol\u00edtico En un operativo simultaneo realizado en Tlaxcala y en Nueva York, elementos federales y del Departamento de Seguridad Interna de Estados Unidos detuvieron a ocho personas, a quienes se les vincula con los delitos de delincuencia organizada, trata y tr\u00e1fico de personas con fines de explotaci\u00f3n sexual, trata\u2026","rel":"","context":"En &quot;CINTILLO&quot;","block_context":{"text":"CINTILLO","link":"http:\/\/www.grieta.org.mx\/index.php\/category\/cintillo\/"},"img":{"alt_text":"","src":"https:\/\/i0.wp.com\/www.grieta.org.mx\/wp-content\/uploads\/2018\/03\/14524434_1106112876131411_958039263622046936_o.jpg?resize=350%2C200","width":350,"height":200,"srcset":"https:\/\/i0.wp.com\/www.grieta.org.mx\/wp-content\/uploads\/2018\/03\/14524434_1106112876131411_958039263622046936_o.jpg?resize=350%2C200 1x, https:\/\/i0.wp.com\/www.grieta.org.mx\/wp-content\/uploads\/2018\/03\/14524434_1106112876131411_958039263622046936_o.jpg?resize=525%2C300 1.5x, https:\/\/i0.wp.com\/www.grieta.org.mx\/wp-content\/uploads\/2018\/03\/14524434_1106112876131411_958039263622046936_o.jpg?resize=700%2C400 2x"},"classes":[]},{"id":6062,"url":"http:\/\/www.grieta.org.mx\/index.php\/2016\/03\/12\/omision-de-autoridades-en-tlaxcala-ha-permitido-que-en-35-municipios-haya-redes-de-trata-hay-politica-de-simulacion-en-torno-al-fenomeno\/","url_meta":{"origin":25345,"position":3},"title":"Omisi\u00f3n de autoridades en Tlaxcala ha permitido que en 35 municipios haya redes de trata; \u201chay pol\u00edtica de simulaci\u00f3n en torno al fen\u00f3meno\u201d","author":"grieta","date":"12 marzo, 2016","format":false,"excerpt":"Edgar Rosas\/Revoluci\u00f3n Tres Punto Cero El fen\u00f3meno de la desaparici\u00f3n de ni\u00f1as y mujeres en Tlaxcala, que est\u00e1 relacionado con las redes de trata que imperan en la entidad, ha crecido de manera alarmante en los \u00faltimos a\u00f1os. Esta problem\u00e1tica se ha incrementado por la omisi\u00f3n de las autoridades, que\u2026","rel":"","context":"En &quot;CINTILLO&quot;","block_context":{"text":"CINTILLO","link":"http:\/\/www.grieta.org.mx\/index.php\/category\/cintillo\/"},"img":{"alt_text":"","src":"https:\/\/i0.wp.com\/www.grieta.org.mx\/wp-content\/uploads\/2018\/03\/14524434_1106112876131411_958039263622046936_o.jpg?resize=350%2C200","width":350,"height":200,"srcset":"https:\/\/i0.wp.com\/www.grieta.org.mx\/wp-content\/uploads\/2018\/03\/14524434_1106112876131411_958039263622046936_o.jpg?resize=350%2C200 1x, https:\/\/i0.wp.com\/www.grieta.org.mx\/wp-content\/uploads\/2018\/03\/14524434_1106112876131411_958039263622046936_o.jpg?resize=525%2C300 1.5x, https:\/\/i0.wp.com\/www.grieta.org.mx\/wp-content\/uploads\/2018\/03\/14524434_1106112876131411_958039263622046936_o.jpg?resize=700%2C400 2x"},"classes":[]},{"id":56855,"url":"http:\/\/www.grieta.org.mx\/index.php\/2020\/09\/29\/feministas-senalan-sistema-proxeneta-en-tlaxcala\/","url_meta":{"origin":25345,"position":4},"title":"Feministas se\u00f1alan sistema proxeneta en Tlaxcala","author":"Admin","date":"29 septiembre, 2020","format":false,"excerpt":"Iztel Nicte Uc Dom\u00ednguez \/ La Silla Rota De 2011 a 2016 se registraron 200 denuncias por trata de personas con fines de explotaci\u00f3n sexual en Tlaxcala. \u201cDurante el mismo periodo solo se han registrado 13 sentencias condenatorias\u201d, se\u00f1al\u00f3 Alma Carina Cuevas, durante la conferencia semanal de Nosotras Tenemos Otros\u2026","rel":"","context":"En &quot;CINTILLO&quot;","block_context":{"text":"CINTILLO","link":"http:\/\/www.grieta.org.mx\/index.php\/category\/cintillo\/"},"img":{"alt_text":"","src":"https:\/\/i0.wp.com\/www.grieta.org.mx\/wp-content\/uploads\/2021\/02\/Captura-de-Pantalla-2021-02-08-a-las-19.53.14.png?resize=350%2C200","width":350,"height":200,"srcset":"https:\/\/i0.wp.com\/www.grieta.org.mx\/wp-content\/uploads\/2021\/02\/Captura-de-Pantalla-2021-02-08-a-las-19.53.14.png?resize=350%2C200 1x, https:\/\/i0.wp.com\/www.grieta.org.mx\/wp-content\/uploads\/2021\/02\/Captura-de-Pantalla-2021-02-08-a-las-19.53.14.png?resize=525%2C300 1.5x, https:\/\/i0.wp.com\/www.grieta.org.mx\/wp-content\/uploads\/2021\/02\/Captura-de-Pantalla-2021-02-08-a-las-19.53.14.png?resize=700%2C400 2x"},"classes":[]},{"id":45080,"url":"http:\/\/www.grieta.org.mx\/index.php\/2020\/02\/05\/tlaxcala-sigue-como-referente-en-la-trata-de-personas\/","url_meta":{"origin":25345,"position":5},"title":"Tlaxcala sigue como referente en la trata de personas","author":"Admin","date":"5 febrero, 2020","format":false,"excerpt":"Emilio Piedras \/ e-consulta Grupo Formula y El Universal realizaron una investigaci\u00f3n que nuevamente pone el \u201cdedo en la llaga\u201d y expone la tolerancia de las autoridades locales En una investigaci\u00f3n conjunta entre el grupo Formula y El Universal, nuevamente ponen a Tlaxcala como el centro de la trata de\u2026","rel":"","context":"En &quot;CINTILLO&quot;","block_context":{"text":"CINTILLO","link":"http:\/\/www.grieta.org.mx\/index.php\/category\/cintillo\/"},"img":{"alt_text":"","src":"https:\/\/i0.wp.com\/www.grieta.org.mx\/wp-content\/uploads\/2020\/02\/tlaxcalan.jpg?resize=350%2C200","width":350,"height":200,"srcset":"https:\/\/i0.wp.com\/www.grieta.org.mx\/wp-content\/uploads\/2020\/02\/tlaxcalan.jpg?resize=350%2C200 1x, https:\/\/i0.wp.com\/www.grieta.org.mx\/wp-content\/uploads\/2020\/02\/tlaxcalan.jpg?resize=525%2C300 1.5x"},"classes":[]}],"_links":{"self":[{"href":"http:\/\/www.grieta.org.mx\/index.php\/wp-json\/wp\/v2\/posts\/25345","targetHints":{"allow":["GET"]}}],"collection":[{"href":"http:\/\/www.grieta.org.mx\/index.php\/wp-json\/wp\/v2\/posts"}],"about":[{"href":"http:\/\/www.grieta.org.mx\/index.php\/wp-json\/wp\/v2\/types\/post"}],"author":[{"embeddable":true,"href":"http:\/\/www.grieta.org.mx\/index.php\/wp-json\/wp\/v2\/users\/2"}],"replies":[{"embeddable":true,"href":"http:\/\/www.grieta.org.mx\/index.php\/wp-json\/wp\/v2\/comments?post=25345"}],"version-history":[{"count":1,"href":"http:\/\/www.grieta.org.mx\/index.php\/wp-json\/wp\/v2\/posts\/25345\/revisions"}],"predecessor-version":[{"id":25347,"href":"http:\/\/www.grieta.org.mx\/index.php\/wp-json\/wp\/v2\/posts\/25345\/revisions\/25347"}],"wp:featuredmedia":[{"embeddable":true,"href":"http:\/\/www.grieta.org.mx\/index.php\/wp-json\/wp\/v2\/media\/25346"}],"wp:attachment":[{"href":"http:\/\/www.grieta.org.mx\/index.php\/wp-json\/wp\/v2\/media?parent=25345"}],"wp:term":[{"taxonomy":"category","embeddable":true,"href":"http:\/\/www.grieta.org.mx\/index.php\/wp-json\/wp\/v2\/categories?post=25345"},{"taxonomy":"post_tag","embeddable":true,"href":"http:\/\/www.grieta.org.mx\/index.php\/wp-json\/wp\/v2\/tags?post=25345"}],"curies":[{"name":"wp","href":"https:\/\/api.w.org\/{rel}","templated":true}]}}