{"id":25342,"date":"2018-07-30T23:13:41","date_gmt":"2018-07-31T04:13:41","guid":{"rendered":"http:\/\/www.grieta.org.mx\/?p=25342"},"modified":"2018-08-04T23:20:55","modified_gmt":"2018-08-05T04:20:55","slug":"denuncian-que-tiradero-contamina-el-pozo-de-agua-en-huamantla-tlaxcala","status":"publish","type":"post","link":"http:\/\/www.grieta.org.mx\/index.php\/2018\/07\/30\/denuncian-que-tiradero-contamina-el-pozo-de-agua-en-huamantla-tlaxcala\/","title":{"rendered":"Denuncian que tiradero contamina el pozo de agua en Huamantla (Tlaxcala)"},"content":{"rendered":"<p><img loading=\"lazy\" decoding=\"async\" data-attachment-id=\"25343\" data-permalink=\"http:\/\/www.grieta.org.mx\/index.php\/2018\/07\/30\/denuncian-que-tiradero-contamina-el-pozo-de-agua-en-huamantla-tlaxcala\/el-basurero-1\/\" data-orig-file=\"http:\/\/www.grieta.org.mx\/wp-content\/uploads\/2018\/08\/EL-BASURERO-1.png\" data-orig-size=\"768,479\" data-comments-opened=\"0\" data-image-meta=\"{&quot;aperture&quot;:&quot;0&quot;,&quot;credit&quot;:&quot;&quot;,&quot;camera&quot;:&quot;&quot;,&quot;caption&quot;:&quot;&quot;,&quot;created_timestamp&quot;:&quot;0&quot;,&quot;copyright&quot;:&quot;&quot;,&quot;focal_length&quot;:&quot;0&quot;,&quot;iso&quot;:&quot;0&quot;,&quot;shutter_speed&quot;:&quot;0&quot;,&quot;title&quot;:&quot;&quot;,&quot;orientation&quot;:&quot;0&quot;}\" data-image-title=\"EL-BASURERO-1\" data-image-description=\"\" data-image-caption=\"\" data-medium-file=\"http:\/\/www.grieta.org.mx\/wp-content\/uploads\/2018\/08\/EL-BASURERO-1-300x187.png\" data-large-file=\"http:\/\/www.grieta.org.mx\/wp-content\/uploads\/2018\/08\/EL-BASURERO-1.png\" src=\"http:\/\/www.grieta.org.mx\/wp-content\/uploads\/2018\/08\/EL-BASURERO-1.png\" alt=\"\" width=\"768\" height=\"479\" class=\"aligncenter size-full wp-image-25343\" srcset=\"http:\/\/www.grieta.org.mx\/wp-content\/uploads\/2018\/08\/EL-BASURERO-1.png 768w, http:\/\/www.grieta.org.mx\/wp-content\/uploads\/2018\/08\/EL-BASURERO-1-300x187.png 300w\" sizes=\"auto, (max-width: 768px) 100vw, 768px\" \/><\/p>\n<p>Tom\u00e1s Ba\u00f1os\/ El Sol de Tlaxcala<\/p>\n<p>Analistas e investigadores se reunieron con ambientalistas para denunciar que el tiradero ubicado en Huamantla contamina el pozo de agua potable que utiliza la poblaci\u00f3n de Benito Ju\u00e1rez. <\/p>\n<p>A casi tres d\u00e9cadas de que son depositados los residuos s\u00f3lidos de once municipios del oriente de la entidad, los analistas mencionaron que los residuos se han filtrado hasta los mantos acu\u00edferos.<\/p>\n<p>Manifestaron que la contaminaci\u00f3n de los escurrimientos pone en riesgo el agua de las profundidades que consume la poblaci\u00f3n en Huamantla y comunidades de Puebla.<\/p>\n<p>Comentaron que es urgente clausurar el dep\u00f3sito de basura que diariamente recibe unas 150 toneladas de materia org\u00e1nica e inorg\u00e1nica.<\/p>\n<p>Por ello, exigieron a la Coordinaci\u00f3n General de Ecolog\u00eda (CGE) que asuma el compromiso de buscar otro predio para que la poblaci\u00f3n confine la basura.<\/p>\n<p>\u201cNos preocupa lo que est\u00e1 pasando, hay contaminaci\u00f3n en el agua de los mantos acu\u00edferos, los analistas saben de los riesgos que vive la poblaci\u00f3n\u201d, expres\u00f3 una de las ponentes.<\/p>\n<p>Durante la reuni\u00f3n que sostuvieron en la presidencia municipal de Huamantla, tambi\u00e9n exigieron la intervenci\u00f3n del alcalde Jorge S\u00e1nchez Jasso para que, en definitiva, clausure el relleno sanitario.<\/p>\n<p>El terreno de unas cuatro hect\u00e1reas fue rentado por los ejidatarios de la comunidad de Benito Ju\u00e1rez a la CGE.<\/p>\n<p><a href=\"https:\/\/www.elsoldetlaxcala.com.mx\/local\/municipios\/denuncian-que-tiradero-contamina-el-pozo-de-agua-en-huamantla-1878208.html\">https:\/\/www.elsoldetlaxcala.com.mx\/local\/municipios\/denuncian-que-tiradero-contamina-el-pozo-de-agua-en-huamantla-1878208.html<\/a><\/p>\n","protected":false},"excerpt":{"rendered":"<p>Tom\u00e1s Ba\u00f1os\/ El Sol de Tlaxcala Analistas e investigadores se reunieron con ambientalistas para denunciar que el tiradero ubicado en Huamantla contamina el pozo de agua potable que utiliza la &hellip; <a href=\"http:\/\/www.grieta.org.mx\/index.php\/2018\/07\/30\/denuncian-que-tiradero-contamina-el-pozo-de-agua-en-huamantla-tlaxcala\/\" class=\"more-link\">Leer m\u00e1s<\/a><\/p>\n","protected":false},"author":2,"featured_media":25343,"comment_status":"closed","ping_status":"closed","sticky":false,"template":"","format":"standard","meta":{"ngg_post_thumbnail":0,"_jetpack_newsletter_access":"","_jetpack_dont_email_post_to_subs":false,"_jetpack_newsletter_tier_id":0,"_jetpack_memberships_contains_paywalled_content":false,"_jetpack_memberships_contains_paid_content":false,"footnotes":""},"categories":[80,1414,2,34],"tags":[287,393],"class_list":["post-25342","post","type-post","status-publish","format-standard","has-post-thumbnail","hentry","category-cintillo","category-defnsa-del-agua-en-tlaxcala","category-noticias-nacionales","category-tlaxcala","tag-basurero-toxico","tag-contaminacion-del-agua","entry"],"jetpack_featured_media_url":"http:\/\/www.grieta.org.mx\/wp-content\/uploads\/2018\/08\/EL-BASURERO-1.png","jetpack_sharing_enabled":true,"jetpack_shortlink":"https:\/\/wp.me\/p7ZJR4-6AK","jetpack_likes_enabled":false,"jetpack-related-posts":[{"id":24354,"url":"http:\/\/www.grieta.org.mx\/index.php\/2015\/08\/04\/hoy-marchan-padres-de-43-desaparecidos-de-ayotzinapa-en-tlaxcala-2\/","url_meta":{"origin":25342,"position":0},"title":"Hoy marchan padres de 43 desaparecidos de Ayotzinapa en Tlaxcala","author":"grieta","date":"4 agosto, 2015","format":false,"excerpt":"Xico Corona poco m\u00e1s de diez meses de la desaparici\u00f3n de 43 estudiantes de la escuela normal \u201cRa\u00fal Isidro Burgos\u201d de Ayotzinapa Guerrero, nuevamente llegar\u00e1 a Tlaxcala la caravana de padres de familia de los \u201c43 que faltan\u201d para marchar y exigir al gobierno federal el paradero de los j\u00f3venes,\u2026","rel":"","context":"En &quot;CINTILLO&quot;","block_context":{"text":"CINTILLO","link":"http:\/\/www.grieta.org.mx\/index.php\/category\/cintillo\/"},"img":{"alt_text":"","src":"https:\/\/i0.wp.com\/www.grieta.org.mx\/wp-content\/uploads\/2018\/07\/nota_ayotzinapa.jpg?resize=350%2C200","width":350,"height":200,"srcset":"https:\/\/i0.wp.com\/www.grieta.org.mx\/wp-content\/uploads\/2018\/07\/nota_ayotzinapa.jpg?resize=350%2C200 1x, https:\/\/i0.wp.com\/www.grieta.org.mx\/wp-content\/uploads\/2018\/07\/nota_ayotzinapa.jpg?resize=525%2C300 1.5x"},"classes":[]},{"id":7582,"url":"http:\/\/www.grieta.org.mx\/index.php\/2015\/08\/04\/hoy-marchan-padres-de-43-desaparecidos-de-ayotzinapa-en-tlaxcala\/","url_meta":{"origin":25342,"position":1},"title":"Hoy marchan padres de 43 desaparecidos de Ayotzinapa en Tlaxcala","author":"grieta","date":"4 agosto, 2015","format":false,"excerpt":"Xico Corona\/e-consulta A poco m\u00e1s de diez meses de la desaparici\u00f3n de 43 estudiantes de la escuela normal \u201cRa\u00fal Isidro Burgos\u201d de Ayotzinapa Guerrero, nuevamente llegar\u00e1 a Tlaxcala la caravana de padres de familia de los \u201c43 que faltan\u201d para marchar y exigir al gobierno federal el paradero de los\u2026","rel":"","context":"En &quot;CINTILLO&quot;","block_context":{"text":"CINTILLO","link":"http:\/\/www.grieta.org.mx\/index.php\/category\/cintillo\/"},"img":{"alt_text":"","src":"https:\/\/i0.wp.com\/www.grieta.org.mx\/wp-content\/uploads\/2018\/03\/14524434_1106112876131411_958039263622046936_o.jpg?resize=350%2C200","width":350,"height":200,"srcset":"https:\/\/i0.wp.com\/www.grieta.org.mx\/wp-content\/uploads\/2018\/03\/14524434_1106112876131411_958039263622046936_o.jpg?resize=350%2C200 1x, https:\/\/i0.wp.com\/www.grieta.org.mx\/wp-content\/uploads\/2018\/03\/14524434_1106112876131411_958039263622046936_o.jpg?resize=525%2C300 1.5x, https:\/\/i0.wp.com\/www.grieta.org.mx\/wp-content\/uploads\/2018\/03\/14524434_1106112876131411_958039263622046936_o.jpg?resize=700%2C400 2x"},"classes":[]},{"id":16992,"url":"http:\/\/www.grieta.org.mx\/index.php\/2016\/07\/13\/relleno-sanitario-de-puebla-contamina-pozos-de-tlaxcala\/","url_meta":{"origin":25342,"position":2},"title":"Relleno sanitario de Puebla contamina pozos de Tlaxcala","author":"grieta","date":"13 julio, 2016","format":false,"excerpt":"Est\u00e1n contaminados un total de 121 pozos de agua en San Pedro Cholula, con usos diversos desde el agr\u00edcola hasta el dom\u00e9stico, y que adem\u00e1s suministra a colonias del sur de la capital poblana, por las filtraciones de lixiviados del Relleno Sanitario Intermunicipal de Huejotzingo, revel\u00f3 el investigador de la\u2026","rel":"","context":"En &quot;CINTILLO&quot;","block_context":{"text":"CINTILLO","link":"http:\/\/www.grieta.org.mx\/index.php\/category\/cintillo\/"},"img":{"alt_text":"","src":"https:\/\/i0.wp.com\/www.grieta.org.mx\/wp-content\/uploads\/2018\/03\/14524434_1106112876131411_958039263622046936_o.jpg?resize=350%2C200","width":350,"height":200,"srcset":"https:\/\/i0.wp.com\/www.grieta.org.mx\/wp-content\/uploads\/2018\/03\/14524434_1106112876131411_958039263622046936_o.jpg?resize=350%2C200 1x, https:\/\/i0.wp.com\/www.grieta.org.mx\/wp-content\/uploads\/2018\/03\/14524434_1106112876131411_958039263622046936_o.jpg?resize=525%2C300 1.5x, https:\/\/i0.wp.com\/www.grieta.org.mx\/wp-content\/uploads\/2018\/03\/14524434_1106112876131411_958039263622046936_o.jpg?resize=700%2C400 2x"},"classes":[]},{"id":46920,"url":"http:\/\/www.grieta.org.mx\/index.php\/2019\/12\/16\/tlaxcala-entre-la-entidades-que-mas-sobrexplotacion-y-contaminacion-del-agua\/","url_meta":{"origin":25342,"position":3},"title":"Tlaxcala entre la entidades que m\u00e1s sobrexplotaci\u00f3n y contaminaci\u00f3n del agua","author":"Admin","date":"16 diciembre, 2019","format":false,"excerpt":"Redacci\u00f3n \/ Escenario Tlaxcala Tlaxcala, Tlax. De acuerdo con informaci\u00f3n emitida por la Comisi\u00f3n Nacional de Agua (Conagua) el centro y norte del pa\u00eds son las regiones que m\u00e1s utilizan de forma irracional el agua de sus entidades. Sobresaliendo Tlaxcala como el 13 con m\u00e1s contaminaci\u00f3n y el 16 con\u2026","rel":"","context":"En &quot;CINTILLO&quot;","block_context":{"text":"CINTILLO","link":"http:\/\/www.grieta.org.mx\/index.php\/category\/cintillo\/"},"img":{"alt_text":"","src":"https:\/\/i0.wp.com\/www.grieta.org.mx\/wp-content\/uploads\/2020\/03\/sobrexplotacion-rio-atoyac.jpg?resize=350%2C200","width":350,"height":200,"srcset":"https:\/\/i0.wp.com\/www.grieta.org.mx\/wp-content\/uploads\/2020\/03\/sobrexplotacion-rio-atoyac.jpg?resize=350%2C200 1x, https:\/\/i0.wp.com\/www.grieta.org.mx\/wp-content\/uploads\/2020\/03\/sobrexplotacion-rio-atoyac.jpg?resize=525%2C300 1.5x, https:\/\/i0.wp.com\/www.grieta.org.mx\/wp-content\/uploads\/2020\/03\/sobrexplotacion-rio-atoyac.jpg?resize=700%2C400 2x"},"classes":[]},{"id":38649,"url":"http:\/\/www.grieta.org.mx\/index.php\/2019\/08\/23\/exigen-la-clausura-de-relleno-sanitario-en-atlangatepec-tlaxcala\/","url_meta":{"origin":25342,"position":4},"title":"Exigen la clausura de relleno sanitario, en Atlangatepec (Tlaxcala)","author":"Admin","date":"23 agosto, 2019","format":false,"excerpt":"Tom\u00e1s Ba\u00f1os | El Sol de Tlaxcala Ante el riesgo inminente que corre la presa Atlangatepec por el contacto con lixiviados, pescadores que subsisten de esta actividad, exigieron el cierre del relleno sanitario que opera la Coordinaci\u00f3n General de Ecolog\u00eda (CGE). Molestos, demandaron a las autoridades de los tres niveles\u2026","rel":"","context":"En &quot;CINTILLO&quot;","block_context":{"text":"CINTILLO","link":"http:\/\/www.grieta.org.mx\/index.php\/category\/cintillo\/"},"img":{"alt_text":"","src":"https:\/\/i0.wp.com\/www.grieta.org.mx\/wp-content\/uploads\/2019\/09\/GetImageContent7JRQQR5K.jpg?resize=350%2C200","width":350,"height":200,"srcset":"https:\/\/i0.wp.com\/www.grieta.org.mx\/wp-content\/uploads\/2019\/09\/GetImageContent7JRQQR5K.jpg?resize=350%2C200 1x, https:\/\/i0.wp.com\/www.grieta.org.mx\/wp-content\/uploads\/2019\/09\/GetImageContent7JRQQR5K.jpg?resize=525%2C300 1.5x, https:\/\/i0.wp.com\/www.grieta.org.mx\/wp-content\/uploads\/2019\/09\/GetImageContent7JRQQR5K.jpg?resize=700%2C400 2x"},"classes":[]},{"id":27477,"url":"http:\/\/www.grieta.org.mx\/index.php\/2018\/11\/04\/pueblos-magicos-y-el-comercio-corporativo-contra-los-tianguis-huamantla-tlaxcala-2012\/","url_meta":{"origin":25342,"position":5},"title":"Pueblos m\u00e1gicos y el comercio corporativo contra los tianguis: Huamantla, Tlaxcala, 2012","author":"grieta","date":"4 noviembre, 2018","format":false,"excerpt":"Colectivo Grieta \/ 4 de noviembre 2018 \u00a0En 2012, en la ciudad de Huamantla, Tlaxcala, el gobierno municipal expuls\u00f3 de las calles del centro a los vendedores del tianguis que durante muchos a\u00f1os las hab\u00edan ocupado. Ir al tianguis era tanto una tradici\u00f3n para la poblaci\u00f3n como un trabajo esencial\u2026","rel":"","context":"En &quot;CINTILLO&quot;","block_context":{"text":"CINTILLO","link":"http:\/\/www.grieta.org.mx\/index.php\/category\/cintillo\/"},"img":{"alt_text":"","src":"https:\/\/i0.wp.com\/www.grieta.org.mx\/wp-content\/uploads\/2018\/03\/14524434_1106112876131411_958039263622046936_o.jpg?resize=350%2C200","width":350,"height":200,"srcset":"https:\/\/i0.wp.com\/www.grieta.org.mx\/wp-content\/uploads\/2018\/03\/14524434_1106112876131411_958039263622046936_o.jpg?resize=350%2C200 1x, https:\/\/i0.wp.com\/www.grieta.org.mx\/wp-content\/uploads\/2018\/03\/14524434_1106112876131411_958039263622046936_o.jpg?resize=525%2C300 1.5x, https:\/\/i0.wp.com\/www.grieta.org.mx\/wp-content\/uploads\/2018\/03\/14524434_1106112876131411_958039263622046936_o.jpg?resize=700%2C400 2x"},"classes":[]}],"_links":{"self":[{"href":"http:\/\/www.grieta.org.mx\/index.php\/wp-json\/wp\/v2\/posts\/25342","targetHints":{"allow":["GET"]}}],"collection":[{"href":"http:\/\/www.grieta.org.mx\/index.php\/wp-json\/wp\/v2\/posts"}],"about":[{"href":"http:\/\/www.grieta.org.mx\/index.php\/wp-json\/wp\/v2\/types\/post"}],"author":[{"embeddable":true,"href":"http:\/\/www.grieta.org.mx\/index.php\/wp-json\/wp\/v2\/users\/2"}],"replies":[{"embeddable":true,"href":"http:\/\/www.grieta.org.mx\/index.php\/wp-json\/wp\/v2\/comments?post=25342"}],"version-history":[{"count":1,"href":"http:\/\/www.grieta.org.mx\/index.php\/wp-json\/wp\/v2\/posts\/25342\/revisions"}],"predecessor-version":[{"id":25344,"href":"http:\/\/www.grieta.org.mx\/index.php\/wp-json\/wp\/v2\/posts\/25342\/revisions\/25344"}],"wp:featuredmedia":[{"embeddable":true,"href":"http:\/\/www.grieta.org.mx\/index.php\/wp-json\/wp\/v2\/media\/25343"}],"wp:attachment":[{"href":"http:\/\/www.grieta.org.mx\/index.php\/wp-json\/wp\/v2\/media?parent=25342"}],"wp:term":[{"taxonomy":"category","embeddable":true,"href":"http:\/\/www.grieta.org.mx\/index.php\/wp-json\/wp\/v2\/categories?post=25342"},{"taxonomy":"post_tag","embeddable":true,"href":"http:\/\/www.grieta.org.mx\/index.php\/wp-json\/wp\/v2\/tags?post=25342"}],"curies":[{"name":"wp","href":"https:\/\/api.w.org\/{rel}","templated":true}]}}