{"id":25337,"date":"2018-07-30T21:26:38","date_gmt":"2018-07-31T02:26:38","guid":{"rendered":"http:\/\/www.grieta.org.mx\/?p=25337"},"modified":"2018-08-04T21:38:07","modified_gmt":"2018-08-05T02:38:07","slug":"hidroelectricas-y-mineras-amenazan-a-pueblos-indigenas-puebla","status":"publish","type":"post","link":"http:\/\/www.grieta.org.mx\/index.php\/2018\/07\/30\/hidroelectricas-y-mineras-amenazan-a-pueblos-indigenas-puebla\/","title":{"rendered":"Hidroel\u00e9ctricas y mineras amenazan a pueblos ind\u00edgenas (Puebla)"},"content":{"rendered":"<p>Javier Hern\u00e1ndez\/ Colombia Informa<\/p>\n<blockquote><p>Ante el avance de proyectos mineros e hidroel\u00e9ctricos; ind\u00edgenas nahuas y totonacos de la Sierra Norte de Puebla en M\u00e9xico se movilizan en la capital del estado.<\/p><\/blockquote>\n<p>Desde los primeros a\u00f1os de la d\u00e9cada en curso, tras percatarse de la magnitud de proyectos de miner\u00eda a cielo abierto , represas hidroel\u00e9ctricas y extracci\u00f3n de hidrocarburos mediante fractura hidr\u00e1ulica o fracking que pretenden instalarse en la regi\u00f3n Norte de Puebla, cientos de pueblos y comunidades se han movilizado para resistir frente a lo que ellos llaman \u201cproyectos de muerte\u201d, pues consideran que estos destruyen la naturaleza, contaminan el agua y la tierra, dividen a las comunidades y perjudican la salud de los pobladores.<\/p>\n<p>Los movimientos en defensa del territorio se han fortalecido y articulado desde entonces , impidiendo el avance de los proyectos de muerte. Sin embargo, recientemente dos de estos proyectos est\u00e1n avanzando en materia de permisos otorgados por autoridades gubernamentales, lo cual ha preocupado a los pobladores.<\/p>\n<p>Ante esta situaci\u00f3n, representantes de diversas comunidades y organizaciones campesinas, ind\u00edgenas y de derechos humanos, viajaron a la ciudad de Puebla el pasado lunes 23 de marzo para movilizarse y alzar la voz.<\/p>\n<p>Uno de estos permisos fue aprobado el pasado 3 de julio por parte de la Comisi\u00f3n Nacional del Agua -Conagua- en el cual se autoriza la concesi\u00f3n de agua para el proyecto Puebla 1, complejo hidroel\u00e9ctrico que contempla la construcci\u00f3n en dos embalses del R\u00edo Ajajalpan, en territorio totonaco. Casi al mismo tiempo, la Comisi\u00f3n Nacional Forestal \u2013Conafor- de la Secretar\u00eda de Medio Ambiente y Recursos Naturales \u2013Semarnat-, aprobaba el permiso para cambio de uso forestal para el mismo proyecto, el cual pretende generar energ\u00eda para la empresa Walmart (multinacional de tiendas de origen estadounidense).<\/p>\n<figure id=\"attachment_25338\" aria-describedby=\"caption-attachment-25338\" style=\"width: 610px\" class=\"wp-caption aligncenter\"><img loading=\"lazy\" decoding=\"async\" data-attachment-id=\"25338\" data-permalink=\"http:\/\/www.grieta.org.mx\/index.php\/2018\/07\/30\/hidroelectricas-y-mineras-amenazan-a-pueblos-indigenas-puebla\/ubicacion-de-concesiones-mineras\/\" data-orig-file=\"http:\/\/www.grieta.org.mx\/wp-content\/uploads\/2018\/08\/Ubicaci\u00f3n-de-concesiones-mineras.jpg\" data-orig-size=\"610,472\" data-comments-opened=\"0\" data-image-meta=\"{&quot;aperture&quot;:&quot;0&quot;,&quot;credit&quot;:&quot;&quot;,&quot;camera&quot;:&quot;&quot;,&quot;caption&quot;:&quot;&quot;,&quot;created_timestamp&quot;:&quot;0&quot;,&quot;copyright&quot;:&quot;&quot;,&quot;focal_length&quot;:&quot;0&quot;,&quot;iso&quot;:&quot;0&quot;,&quot;shutter_speed&quot;:&quot;0&quot;,&quot;title&quot;:&quot;&quot;,&quot;orientation&quot;:&quot;0&quot;}\" data-image-title=\"Ubicaci\u00f3n-de-concesiones-mineras\" data-image-description=\"\" data-image-caption=\"&lt;p&gt;Ubicaci\u00f3n del Proyecto Ixtaca, el cual afectar\u00eda comunidades nahuas del municipio de Ixtacamaxtitl\u00e1n. Fuente: Project Poder&lt;\/p&gt;\n\" data-medium-file=\"http:\/\/www.grieta.org.mx\/wp-content\/uploads\/2018\/08\/Ubicaci\u00f3n-de-concesiones-mineras-300x232.jpg\" data-large-file=\"http:\/\/www.grieta.org.mx\/wp-content\/uploads\/2018\/08\/Ubicaci\u00f3n-de-concesiones-mineras.jpg\" src=\"http:\/\/www.grieta.org.mx\/wp-content\/uploads\/2018\/08\/Ubicaci\u00f3n-de-concesiones-mineras.jpg\" alt=\"\" width=\"610\" height=\"472\" class=\"size-full wp-image-25338\" srcset=\"http:\/\/www.grieta.org.mx\/wp-content\/uploads\/2018\/08\/Ubicaci\u00f3n-de-concesiones-mineras.jpg 610w, http:\/\/www.grieta.org.mx\/wp-content\/uploads\/2018\/08\/Ubicaci\u00f3n-de-concesiones-mineras-300x232.jpg 300w\" sizes=\"auto, (max-width: 610px) 100vw, 610px\" \/><figcaption id=\"caption-attachment-25338\" class=\"wp-caption-text\">Ubicaci\u00f3n del Proyecto Ixtaca, el cual afectar\u00eda comunidades nahuas del municipio de Ixtacamaxtitl\u00e1n. Fuente: Project Poder<\/figcaption><\/figure>\n<p>Por otra parte, la empresa Almaden Minerals que pretende ejecutar un proyecto de miner\u00eda a cielo abierto en la zona nahua, en el municipio de Ixtacamaxtitl\u00e1n, ha dicho que est\u00e1 muy pr\u00f3xima a presentar la Manifestaci\u00f3n de Impacto Ambiental para avanzar a la etapa de construcci\u00f3n de instalaciones y de producci\u00f3n a la mina, lo que generar\u00eda da\u00f1os terribles al agua y la salud de los pobladores.<\/p>\n<figure id=\"attachment_25339\" aria-describedby=\"caption-attachment-25339\" style=\"width: 800px\" class=\"wp-caption aligncenter\"><img loading=\"lazy\" decoding=\"async\" data-attachment-id=\"25339\" data-permalink=\"http:\/\/www.grieta.org.mx\/index.php\/2018\/07\/30\/hidroelectricas-y-mineras-amenazan-a-pueblos-indigenas-puebla\/nahuas-y-totonacos-2\/\" data-orig-file=\"http:\/\/www.grieta.org.mx\/wp-content\/uploads\/2018\/08\/Nahuas-y-totonacos-2.jpg\" data-orig-size=\"800,600\" data-comments-opened=\"0\" data-image-meta=\"{&quot;aperture&quot;:&quot;0&quot;,&quot;credit&quot;:&quot;&quot;,&quot;camera&quot;:&quot;&quot;,&quot;caption&quot;:&quot;&quot;,&quot;created_timestamp&quot;:&quot;0&quot;,&quot;copyright&quot;:&quot;&quot;,&quot;focal_length&quot;:&quot;0&quot;,&quot;iso&quot;:&quot;0&quot;,&quot;shutter_speed&quot;:&quot;0&quot;,&quot;title&quot;:&quot;&quot;,&quot;orientation&quot;:&quot;0&quot;}\" data-image-title=\"Nahuas-y-totonacos-2\" data-image-description=\"\" data-image-caption=\"&lt;p&gt;Pobladores de la Sierra Norte se manifiestan en el Z\u00f3calo de la Ciudad de Puebla. Foto: Javier Hern\u00e1ndez&lt;\/p&gt;\n\" data-medium-file=\"http:\/\/www.grieta.org.mx\/wp-content\/uploads\/2018\/08\/Nahuas-y-totonacos-2-300x225.jpg\" data-large-file=\"http:\/\/www.grieta.org.mx\/wp-content\/uploads\/2018\/08\/Nahuas-y-totonacos-2.jpg\" src=\"http:\/\/www.grieta.org.mx\/wp-content\/uploads\/2018\/08\/Nahuas-y-totonacos-2.jpg\" alt=\"\" width=\"800\" height=\"600\" class=\"size-full wp-image-25339\" srcset=\"http:\/\/www.grieta.org.mx\/wp-content\/uploads\/2018\/08\/Nahuas-y-totonacos-2.jpg 800w, http:\/\/www.grieta.org.mx\/wp-content\/uploads\/2018\/08\/Nahuas-y-totonacos-2-300x225.jpg 300w, http:\/\/www.grieta.org.mx\/wp-content\/uploads\/2018\/08\/Nahuas-y-totonacos-2-768x576.jpg 768w, http:\/\/www.grieta.org.mx\/wp-content\/uploads\/2018\/08\/Nahuas-y-totonacos-2-667x500.jpg 667w\" sizes=\"auto, (max-width: 800px) 100vw, 800px\" \/><figcaption id=\"caption-attachment-25339\" class=\"wp-caption-text\">Pobladores de la Sierra Norte se manifiestan en el Z\u00f3calo de la Ciudad de Puebla. Foto: Javier Hern\u00e1ndez<\/figcaption><\/figure>\n<p>Las movilizaciones comenzaron temprano en un hotel del centro de la ciudad, con una rueda de prensa en la cual se dio lectura a un comunicado, en donde luego los distintos representantes de pueblos ind\u00edgenas Nahuas y Totonacos tomaron la palabra para denunciar la represi\u00f3n, criminalizaci\u00f3n y persecuci\u00f3n que han sufrido los defensores del territorio[1]; exigiendo un alto al hostigamiento por parte de empresas y gobierno.<\/p>\n<p>Posteriormente se dirigieron hacia la plaza principal en donde expresaron en pancartas y consignas su rechazo a los diversos proyectos que amenazan la vida en sus territorios, para dirigirse en una marcha pac\u00edfica rumbo a las instalaciones de Semarnat.<\/p>\n<p>Una vez ah\u00ed, cinco delegados de los pueblos pasaron al interior del recinto para entregar dos oficios en donde expresaban su inconformidad por el avance de los proyectos, esperando una aclaraci\u00f3n por parte de las autoridades ambientales, puesto que en una reuni\u00f3n el a\u00f1o pasado la delegada de Semarnat se hab\u00eda comprometido \u201ca no dar ning\u00fan permiso que pusiera en riesgo la vida de la gente\u201d, seg\u00fan informa un integrante del Consejo Tiyat Tlali en Defensa de la Vida y el Territorio.<\/p>\n<p>La concesi\u00f3n de estos permisos es contradictoria por lo expresado por la delegada de Semarnat, puesto que las autoridades ambientales ten\u00edan conocimiento de dos estudios realizados por especialistas, los cuales confirman que la construcci\u00f3n de hidroel\u00e9ctricas pone en riesgo la vida de las comunidades Nahuas y Totonacas y provocar\u00edan graves da\u00f1os irreparables al territorio.<\/p>\n<p>En el caso del proyecto Ixtaca de la canadiense Almaden Minerals, las actividades de exploraci\u00f3n minera que hasta el momento ha realizado la empresa en zona Nahua, ha provocado severos da\u00f1os sociales, ambientales y en materia de derechos humanos, seg\u00fan informe elaborado por distintas organizaciones. De aprobarse los permisos para extracci\u00f3n, el da\u00f1o y la destrucci\u00f3n sobre el territorio ser\u00edan catastr\u00f3ficos e irreversibles, pues la ejecuci\u00f3n de una mina a cielo abierto afecta y vulnera la base material y social de la vida de los pueblos de la Sierra.<\/p>\n<p><img loading=\"lazy\" decoding=\"async\" data-attachment-id=\"25340\" data-permalink=\"http:\/\/www.grieta.org.mx\/index.php\/2018\/07\/30\/hidroelectricas-y-mineras-amenazan-a-pueblos-indigenas-puebla\/pobladores-de-la-sierra-norte\/\" data-orig-file=\"http:\/\/www.grieta.org.mx\/wp-content\/uploads\/2018\/08\/Pobladores-de-la-Sierra-Norte.jpg\" data-orig-size=\"800,600\" data-comments-opened=\"0\" data-image-meta=\"{&quot;aperture&quot;:&quot;0&quot;,&quot;credit&quot;:&quot;&quot;,&quot;camera&quot;:&quot;&quot;,&quot;caption&quot;:&quot;&quot;,&quot;created_timestamp&quot;:&quot;0&quot;,&quot;copyright&quot;:&quot;&quot;,&quot;focal_length&quot;:&quot;0&quot;,&quot;iso&quot;:&quot;0&quot;,&quot;shutter_speed&quot;:&quot;0&quot;,&quot;title&quot;:&quot;&quot;,&quot;orientation&quot;:&quot;0&quot;}\" data-image-title=\"Pobladores-de-la-Sierra-Norte\" data-image-description=\"\" data-image-caption=\"\" data-medium-file=\"http:\/\/www.grieta.org.mx\/wp-content\/uploads\/2018\/08\/Pobladores-de-la-Sierra-Norte-300x225.jpg\" data-large-file=\"http:\/\/www.grieta.org.mx\/wp-content\/uploads\/2018\/08\/Pobladores-de-la-Sierra-Norte.jpg\" src=\"http:\/\/www.grieta.org.mx\/wp-content\/uploads\/2018\/08\/Pobladores-de-la-Sierra-Norte.jpg\" alt=\"\" width=\"800\" height=\"600\" class=\"aligncenter size-full wp-image-25340\" srcset=\"http:\/\/www.grieta.org.mx\/wp-content\/uploads\/2018\/08\/Pobladores-de-la-Sierra-Norte.jpg 800w, http:\/\/www.grieta.org.mx\/wp-content\/uploads\/2018\/08\/Pobladores-de-la-Sierra-Norte-300x225.jpg 300w, http:\/\/www.grieta.org.mx\/wp-content\/uploads\/2018\/08\/Pobladores-de-la-Sierra-Norte-768x576.jpg 768w, http:\/\/www.grieta.org.mx\/wp-content\/uploads\/2018\/08\/Pobladores-de-la-Sierra-Norte-667x500.jpg 667w\" sizes=\"auto, (max-width: 800px) 100vw, 800px\" \/><\/p>\n<p>Las organizaciones tienen contemplado continuar con las movilizaciones, pues en los pr\u00f3ximos meses est\u00e1 por emitirse la resoluci\u00f3n respecto a uno de los amparos interpuestos por las comunidades. Hacen un llamado a la poblaci\u00f3n \u201ca estar atentos a lo que pueda ocurrir a las comunidades; para solidarizarse y alzar la voz en caso de una agresi\u00f3n mayor\u201d.<\/p>\n<p><a href=\"http:\/\/www.colombiainforma.info\/mexico-hidroelectricas-y-mineras-amenazan-a-pueblos-indigenas\/\">http:\/\/www.colombiainforma.info\/mexico-hidroelectricas-y-mineras-amenazan-a-pueblos-indigenas\/<\/a><\/p>\n","protected":false},"excerpt":{"rendered":"<p>Javier Hern\u00e1ndez\/ Colombia Informa Ante el avance de proyectos mineros e hidroel\u00e9ctricos; ind\u00edgenas nahuas y totonacos de la Sierra Norte de Puebla en M\u00e9xico se movilizan en la capital del &hellip; <a href=\"http:\/\/www.grieta.org.mx\/index.php\/2018\/07\/30\/hidroelectricas-y-mineras-amenazan-a-pueblos-indigenas-puebla\/\" class=\"more-link\">Leer m\u00e1s<\/a><\/p>\n","protected":false},"author":2,"featured_media":25339,"comment_status":"closed","ping_status":"closed","sticky":false,"template":"","format":"standard","meta":{"ngg_post_thumbnail":0,"_jetpack_newsletter_access":"","_jetpack_dont_email_post_to_subs":false,"_jetpack_newsletter_tier_id":0,"_jetpack_memberships_contains_paywalled_content":false,"_jetpack_memberships_contains_paid_content":false,"footnotes":""},"categories":[70,80,974,1,954,1443,3,922,6,1024,942,2,1245,38,26],"tags":[319,732,874],"class_list":["post-25337","post","type-post","status-publish","format-standard","has-post-thumbnail","hentry","category-26-sierra-puebla","category-cintillo","category-esp-puebla","category-espejos-de-la-resistencia","category-espejos-estados","category-hidroelectrica-puebla-1","category-megaproyectos","category-megaproyectos-estados","category-mineria","category-mineria-en-puebla","category-mp-puebla","category-noticias-nacionales","category-oposicion-a-las-hidroelectricas-en-puebla","category-proyectos-hidricos","category-puebla","tag-hidroelectrica-puebla-1","tag-hidroelectricas","tag-mineras-canadienses","entry"],"jetpack_featured_media_url":"http:\/\/www.grieta.org.mx\/wp-content\/uploads\/2018\/08\/Nahuas-y-totonacos-2.jpg","jetpack_sharing_enabled":true,"jetpack_shortlink":"https:\/\/wp.me\/p7ZJR4-6AF","jetpack_likes_enabled":false,"jetpack-related-posts":[{"id":31353,"url":"http:\/\/www.grieta.org.mx\/index.php\/2019\/03\/26\/mineras-e-hidroelectricas-ya-funcionan-en-puebla-con-aval-federal\/","url_meta":{"origin":25337,"position":0},"title":"Mineras e hidroel\u00e9ctricas ya funcionan en Puebla con aval federal","author":"grieta","date":"26 marzo, 2019","format":false,"excerpt":"Samuel Vera Cort\u00e9s \/ Megal\u00f3polis Los municipios en que se ubican esas transnacionales son: Ixtacamaxtitl\u00e1n, Libres, Cuyoaco, Tepeyahualco, Tlatlauquitepec y Tetela de Ocampo. A pesar de que el Presidente de la Rep\u00fablica, Andr\u00e9s Manuel L\u00f3pez Obrador, asegur\u00f3 que solo el 40 por ciento del territorio mexicano est\u00e1 concesionado, el representante\u2026","rel":"","context":"En &quot;26. Sierra Puebla&quot;","block_context":{"text":"26. Sierra Puebla","link":"http:\/\/www.grieta.org.mx\/index.php\/category\/espejos-de-la-resistencia\/26-sierra-puebla\/"},"img":{"alt_text":"","src":"https:\/\/i0.wp.com\/www.grieta.org.mx\/wp-content\/uploads\/2019\/03\/mineras-e-hidroelectricas-ya-funcionan-en-puebla-con-aval-federal.jpg?resize=350%2C200","width":350,"height":200,"srcset":"https:\/\/i0.wp.com\/www.grieta.org.mx\/wp-content\/uploads\/2019\/03\/mineras-e-hidroelectricas-ya-funcionan-en-puebla-con-aval-federal.jpg?resize=350%2C200 1x, https:\/\/i0.wp.com\/www.grieta.org.mx\/wp-content\/uploads\/2019\/03\/mineras-e-hidroelectricas-ya-funcionan-en-puebla-con-aval-federal.jpg?resize=525%2C300 1.5x, https:\/\/i0.wp.com\/www.grieta.org.mx\/wp-content\/uploads\/2019\/03\/mineras-e-hidroelectricas-ya-funcionan-en-puebla-con-aval-federal.jpg?resize=700%2C400 2x, https:\/\/i0.wp.com\/www.grieta.org.mx\/wp-content\/uploads\/2019\/03\/mineras-e-hidroelectricas-ya-funcionan-en-puebla-con-aval-federal.jpg?resize=1050%2C600 3x"},"classes":[]},{"id":7644,"url":"http:\/\/www.grieta.org.mx\/index.php\/2016\/08\/22\/conflictos-mineros-en-puebla\/","url_meta":{"origin":25337,"position":1},"title":"Conflictos mineros en Puebla","author":"grieta","date":"22 agosto, 2016","format":false,"excerpt":"22\/08\/16. Ejidatarios antorchistas liberan acceso a mina La Campa, en Chietla (Puebla) Municipios Puebla 16\/08\/16. Temen ejidatarios de Chietla nuevo intento de desalojo por bloqueo en mina La Campa (Puebla) Municipios Puebla 06\/01\/16. Puebla, entre los estados con m\u00e1s ataques a ambientalistas Proceso 18\/12\/15. 440 concesiones mineras devastan el 66%\u2026","rel":"","context":"En &quot;Puebla&quot;","block_context":{"text":"Puebla","link":"http:\/\/www.grieta.org.mx\/index.php\/category\/noticias-nacionales\/puebla\/"},"img":{"alt_text":"","src":"https:\/\/i0.wp.com\/www.grieta.org.mx\/wp-content\/uploads\/2018\/03\/14524434_1106112876131411_958039263622046936_o.jpg?resize=350%2C200","width":350,"height":200,"srcset":"https:\/\/i0.wp.com\/www.grieta.org.mx\/wp-content\/uploads\/2018\/03\/14524434_1106112876131411_958039263622046936_o.jpg?resize=350%2C200 1x, https:\/\/i0.wp.com\/www.grieta.org.mx\/wp-content\/uploads\/2018\/03\/14524434_1106112876131411_958039263622046936_o.jpg?resize=525%2C300 1.5x, https:\/\/i0.wp.com\/www.grieta.org.mx\/wp-content\/uploads\/2018\/03\/14524434_1106112876131411_958039263622046936_o.jpg?resize=700%2C400 2x"},"classes":[]},{"id":7623,"url":"http:\/\/www.grieta.org.mx\/index.php\/2015\/11\/23\/hidroelectricas-mineria-y-fracking-en-la-sierra-norte-de-puebla\/","url_meta":{"origin":25337,"position":2},"title":"Hidroel\u00e9ctricas, miner\u00eda y fracking en la Sierra Norte de Puebla","author":"grieta","date":"23 noviembre, 2015","format":false,"excerpt":"noviembre 23, 2015 Leticia \u00c1nimas, Huauchinango, Puebla En la Sierra Norte poblana existen diez proyectos para hidroel\u00e9ctricas en los r\u00edos Apulco, Zempoala, Ateno y Ajajalpan. Estos son: Puebla 1; San Antonio; Atexcaco; Xochimalpa; Gaya y Pilotos 1; Boca, Diego, Conde y Ana, concesionados a las empresas Grupo M\u00e9xico, Generadora Hidroel\u00e9ctrica\u2026","rel":"","context":"En &quot;26. Sierra Puebla&quot;","block_context":{"text":"26. Sierra Puebla","link":"http:\/\/www.grieta.org.mx\/index.php\/category\/espejos-de-la-resistencia\/26-sierra-puebla\/"},"img":{"alt_text":"","src":"https:\/\/i0.wp.com\/www.grieta.org.mx\/wp-content\/uploads\/2018\/03\/14524434_1106112876131411_958039263622046936_o.jpg?resize=350%2C200","width":350,"height":200,"srcset":"https:\/\/i0.wp.com\/www.grieta.org.mx\/wp-content\/uploads\/2018\/03\/14524434_1106112876131411_958039263622046936_o.jpg?resize=350%2C200 1x, https:\/\/i0.wp.com\/www.grieta.org.mx\/wp-content\/uploads\/2018\/03\/14524434_1106112876131411_958039263622046936_o.jpg?resize=525%2C300 1.5x, https:\/\/i0.wp.com\/www.grieta.org.mx\/wp-content\/uploads\/2018\/03\/14524434_1106112876131411_958039263622046936_o.jpg?resize=700%2C400 2x"},"classes":[]},{"id":36703,"url":"http:\/\/www.grieta.org.mx\/index.php\/2019\/07\/18\/reconoce-juez-federal-irregularidades-en-permisos-de-hidroelectrica-puebla\/","url_meta":{"origin":25337,"position":3},"title":"Reconoce juez federal irregularidades en permisos de hidroel\u00e9ctrica (Puebla)","author":"Admin","date":"18 julio, 2019","format":false,"excerpt":"Laura Ruiz \/ e-consulta Comunidades totonacas de Puebla lograron que un juez federal reconociera como inv\u00e1lidos los permisos para el Proyecto Hidroel\u00e9ctrica Puebla 1. El amparo fue promovido por habitantes de San Felipe Tepatl\u00e1n, Altica y San Mateo Tlacotepec, junto con el Consejo Tiyat Tlali. Seg\u00fan la sentencia se deber\u00eda\u2026","rel":"","context":"En &quot;26. Sierra Puebla&quot;","block_context":{"text":"26. Sierra Puebla","link":"http:\/\/www.grieta.org.mx\/index.php\/category\/espejos-de-la-resistencia\/26-sierra-puebla\/"},"img":{"alt_text":"","src":"https:\/\/i0.wp.com\/www.grieta.org.mx\/wp-content\/uploads\/2019\/07\/hidro_7_0.jpg?resize=350%2C200","width":350,"height":200,"srcset":"https:\/\/i0.wp.com\/www.grieta.org.mx\/wp-content\/uploads\/2019\/07\/hidro_7_0.jpg?resize=350%2C200 1x, https:\/\/i0.wp.com\/www.grieta.org.mx\/wp-content\/uploads\/2019\/07\/hidro_7_0.jpg?resize=525%2C300 1.5x"},"classes":[]},{"id":25351,"url":"http:\/\/www.grieta.org.mx\/index.php\/2018\/07\/24\/protestan-en-puebla-contra-megaproyectos\/","url_meta":{"origin":25337,"position":4},"title":"Protestan en Puebla contra megaproyectos","author":"grieta","date":"24 julio, 2018","format":false,"excerpt":"Edgar Barrios\/ El Sol de Puebla En el marco del D\u00eda Internacional contra la Miner\u00eda, al menos 11 organizaciones de varias partes del estado y con representaci\u00f3n nacional informaron que declararon, simb\u00f3licamente, a seis comunidades ixtacamaxtecas como territorios libres de miner\u00eda. Tambi\u00e9n calificaron como injustificables las autorizaciones llevadas a cabo\u2026","rel":"","context":"En &quot;26. Sierra Puebla&quot;","block_context":{"text":"26. Sierra Puebla","link":"http:\/\/www.grieta.org.mx\/index.php\/category\/espejos-de-la-resistencia\/26-sierra-puebla\/"},"img":{"alt_text":"","src":"https:\/\/i0.wp.com\/www.grieta.org.mx\/wp-content\/uploads\/2018\/08\/PRIMERA-PROTESTA-CONTRA-MINERIA.jpg?resize=350%2C200","width":350,"height":200,"srcset":"https:\/\/i0.wp.com\/www.grieta.org.mx\/wp-content\/uploads\/2018\/08\/PRIMERA-PROTESTA-CONTRA-MINERIA.jpg?resize=350%2C200 1x, https:\/\/i0.wp.com\/www.grieta.org.mx\/wp-content\/uploads\/2018\/08\/PRIMERA-PROTESTA-CONTRA-MINERIA.jpg?resize=525%2C300 1.5x, https:\/\/i0.wp.com\/www.grieta.org.mx\/wp-content\/uploads\/2018\/08\/PRIMERA-PROTESTA-CONTRA-MINERIA.jpg?resize=700%2C400 2x"},"classes":[]},{"id":40594,"url":"http:\/\/www.grieta.org.mx\/index.php\/2019\/10\/26\/totonacas-rechazan-la-hidroelectrica-en-la-sierra-norte-puebla\/","url_meta":{"origin":25337,"position":5},"title":"Totonacas rechazan la hidroel\u00e9ctrica en la Sierra Norte (Puebla)","author":"Admin","date":"26 octubre, 2019","format":false,"excerpt":"Berenice Mart\u00ednez \/ El Sol de Puebla Comunidades totonacas de la Sierra Norte rechazaron la construcci\u00f3n del proyecto hidroel\u00e9ctrico Puebla 1 y advirtieron que seguir\u00e1n defendiendo su territorio para evitar que la empresa Deselec 1-Comexhidro abone a la disminuci\u00f3n del caudal del r\u00edo Ajajalpan. En un comunicado dirigido a autoridades\u2026","rel":"","context":"En &quot;26. Sierra Puebla&quot;","block_context":{"text":"26. Sierra Puebla","link":"http:\/\/www.grieta.org.mx\/index.php\/category\/espejos-de-la-resistencia\/26-sierra-puebla\/"},"img":{"alt_text":"","src":"https:\/\/i0.wp.com\/www.grieta.org.mx\/wp-content\/uploads\/2019\/06\/hidroel%C3%A9ctrica.jpg?resize=350%2C200","width":350,"height":200,"srcset":"https:\/\/i0.wp.com\/www.grieta.org.mx\/wp-content\/uploads\/2019\/06\/hidroel%C3%A9ctrica.jpg?resize=350%2C200 1x, https:\/\/i0.wp.com\/www.grieta.org.mx\/wp-content\/uploads\/2019\/06\/hidroel%C3%A9ctrica.jpg?resize=525%2C300 1.5x, https:\/\/i0.wp.com\/www.grieta.org.mx\/wp-content\/uploads\/2019\/06\/hidroel%C3%A9ctrica.jpg?resize=700%2C400 2x"},"classes":[]}],"_links":{"self":[{"href":"http:\/\/www.grieta.org.mx\/index.php\/wp-json\/wp\/v2\/posts\/25337","targetHints":{"allow":["GET"]}}],"collection":[{"href":"http:\/\/www.grieta.org.mx\/index.php\/wp-json\/wp\/v2\/posts"}],"about":[{"href":"http:\/\/www.grieta.org.mx\/index.php\/wp-json\/wp\/v2\/types\/post"}],"author":[{"embeddable":true,"href":"http:\/\/www.grieta.org.mx\/index.php\/wp-json\/wp\/v2\/users\/2"}],"replies":[{"embeddable":true,"href":"http:\/\/www.grieta.org.mx\/index.php\/wp-json\/wp\/v2\/comments?post=25337"}],"version-history":[{"count":1,"href":"http:\/\/www.grieta.org.mx\/index.php\/wp-json\/wp\/v2\/posts\/25337\/revisions"}],"predecessor-version":[{"id":25341,"href":"http:\/\/www.grieta.org.mx\/index.php\/wp-json\/wp\/v2\/posts\/25337\/revisions\/25341"}],"wp:featuredmedia":[{"embeddable":true,"href":"http:\/\/www.grieta.org.mx\/index.php\/wp-json\/wp\/v2\/media\/25339"}],"wp:attachment":[{"href":"http:\/\/www.grieta.org.mx\/index.php\/wp-json\/wp\/v2\/media?parent=25337"}],"wp:term":[{"taxonomy":"category","embeddable":true,"href":"http:\/\/www.grieta.org.mx\/index.php\/wp-json\/wp\/v2\/categories?post=25337"},{"taxonomy":"post_tag","embeddable":true,"href":"http:\/\/www.grieta.org.mx\/index.php\/wp-json\/wp\/v2\/tags?post=25337"}],"curies":[{"name":"wp","href":"https:\/\/api.w.org\/{rel}","templated":true}]}}