{"id":2532,"date":"2015-08-24T04:11:08","date_gmt":"2015-08-24T04:11:08","guid":{"rendered":"http:\/\/50.22.11.12\/~grietaor\/?p=2532"},"modified":"2019-02-23T20:09:03","modified_gmt":"2019-02-24T02:09:03","slug":"elecciones-prenden-las-alertas-por-agresiones-a-periodistas-en-hidalgo","status":"publish","type":"post","link":"http:\/\/www.grieta.org.mx\/index.php\/2015\/08\/24\/elecciones-prenden-las-alertas-por-agresiones-a-periodistas-en-hidalgo\/","title":{"rendered":"Elecciones \u2018prenden\u2019 las alertas por agresiones a periodistas en Hidalgo"},"content":{"rendered":"<p>Elsa \u00c1ngeles Vera<\/p>\n<p>Los periodistas temen que las agresiones se intensifiquen de cara a la elecci\u00f3n de gobernador en 2016, pues no cuentan con herramientas legales para defenderse; para el gobierno estatal los ataques no son relevantes y no generan alarma<\/p>\n<p>El proceso electoral de 2015 dej\u00f3 en Hidalgo al menos tres periodistas agredidos. Las v\u00edctimas coincidieron en que la impunidad, la falta de investigaci\u00f3n de los casos y de garant\u00edas para el ejercicio de su trabajo, as\u00ed como la desuni\u00f3n del gremio para exigir seguridad y justicia son una constante en el estado.<\/p>\n<p>Dos reporteros y un fot\u00f3grafo fueron agredidos por pol\u00edticos y colaboradores de candidatos durante las campa\u00f1as en el estado, donde se eligieron diputados federales el pasado 7 de junio.<\/p>\n<p>Anselmo Estrada Alburquerque, periodista del diario Criterio Hidalgo, fue amenazado por parte de la diputada electa del Partido Revolucionario Institucional (PRI), Alma Carolina Viggiano Austria por denunciar irregularidades en su campa\u00f1a.<\/p>\n<p>Axel Ch\u00e1vez, reportero del mismo peri\u00f3dico, recibi\u00f3 amenazas de muerte como reacci\u00f3n a un reportaje sobre las propiedades de los dirigentes estatales de los partidos pol\u00edticos.<\/p>\n<p>El tercer agredido fue el fotorreportero Juan Manuel de la Rosa Witvrun, v\u00edctima de agresiones verbales y f\u00edsicas por parte del equipo de campa\u00f1a del ahora diputado electo del PRI, Alfredo Bejos.<\/p>\n<p>El 2014, la organizaci\u00f3n Art\u00edculo 19 registr\u00f3 solo un caso de agresiones contra comunicadores hidalguenses, mientras que en el primer semestre de 2015 conoci\u00f3 dos casos, seg\u00fan su informe +Violencia + Silencio.<\/p>\n<p>Sin embargo, para el secretario de gobierno estatal, Salvador Elguero Molina, las agresiones a periodistas en Hidalgo no son relevantes en cuanto a cantidad ni existe una situaci\u00f3n que pueda generar alarma, pero el compromiso del gobierno es hacer todo lo que est\u00e9 en su esfera de competencia para que esto se pueda prevenir.<\/p>\n<p>El antecedente m\u00e1s importante de agresi\u00f3n a periodistas durante procesos electorales en el estado fue el caso de la corresponsal del diario Reforma, Ver\u00f3nica Jim\u00e9nez Hern\u00e1ndez, cuando en 2012 fue agredida por el equipo de campa\u00f1a de la diputada federal del PRI, Mirna Hern\u00e1ndez Morales.<\/p>\n<p>La reportera fue detenida luego que militantes del PRI la acusaran de tomarles fotograf\u00edas de propaganda para la campa\u00f1a.<\/p>\n<p>Ver\u00f3nica Jim\u00e9nez levant\u00f3 la denuncia y qued\u00f3 asentada bajo el n\u00famero 12\/DAP\/324\/2012, pero fue presionada tanto por gobierno estatal como por el PRI para que otorgara el perd\u00f3n a su agresor.<\/p>\n<p>Organizaciones de periodistas y de defensa de mujeres emitieron un comunicado urgente donde exig\u00edan al gobierno del estado la protecci\u00f3n y garant\u00eda del libre ejercicio de la libertad de expresi\u00f3n, realizar una investigaci\u00f3n pronta y expedita de lo sucedido, garantizar una vida libre de violencia de las y los periodistas, y respetar el proceso democr\u00e1tico que se llevaba entonces.<\/p>\n<p>A ra\u00edz de este acontecimiento, de manera apresurada, el Congreso local aprob\u00f3 la Ley de protecci\u00f3n a defensores de derechos humanos y periodistas en el estado. A tres a\u00f1os de distancia, no tiene reglamento para su aplicaci\u00f3n.<\/p>\n<p>Ninguna de las v\u00edctimas de agresi\u00f3n durante el proceso electoral en junio de 2015 present\u00f3 su queja ante la Comisi\u00f3n de Derechos Humanos estatal (CDHEH), ni el organismo conden\u00f3 los hechos de manera p\u00fablica.<\/p>\n<p>Humberto Vieyra Alamilla, primer visitador de la CDHEH, dijo en entrevista que las agresiones contra periodistas, a\u00fan cuando no son graves, deben ser atendidas porque tienden a subir de tono, \u201choy te miro mal, ma\u00f1ana te insulto, despu\u00e9s te amenazo, luego te lo cumplo, te mando a golpear, cierro tu centro de trabajo, quito de circulaci\u00f3n tu peri\u00f3dico, y al \u00faltimo te meto un balazo\u201d.<\/p>\n<p>El secretario de gobierno dijo en entrevista que deber\u00e1 ponerse atenci\u00f3n a las pr\u00f3ximas elecciones en 2016, cuando se vote por gobernador, autoridades municipales y Congreso local, porque ser\u00e1n complejas e in\u00e9ditas para el estado ya que por primera vez se elegir\u00e1n todos los cargos, \u201cy por todo lo que est\u00e1 en juego va a implicar mayor efervescencia\u201d.<\/p>\n<p><a href=\"http:\/\/eleccionesyagresiones.org\/periodismo-hidalgo\/\" target=\"_blank\">eleccionesyagresiones.org\/periodismo-hidalgo\/<\/a><\/p>\n","protected":false},"excerpt":{"rendered":"<p>Elsa \u00c1ngeles Vera Los periodistas temen que las agresiones se intensifiquen de cara a la elecci\u00f3n de gobernador en 2016, pues no cuentan con herramientas legales para defenderse; para el &hellip; <a href=\"http:\/\/www.grieta.org.mx\/index.php\/2015\/08\/24\/elecciones-prenden-las-alertas-por-agresiones-a-periodistas-en-hidalgo\/\" class=\"more-link\">Leer m\u00e1s<\/a><\/p>\n","protected":false},"author":2,"featured_media":21928,"comment_status":"closed","ping_status":"open","sticky":false,"template":"","format":"standard","meta":{"ngg_post_thumbnail":0,"_jetpack_newsletter_access":"","_jetpack_dont_email_post_to_subs":false,"_jetpack_newsletter_tier_id":0,"_jetpack_memberships_contains_paywalled_content":false,"_jetpack_memberships_contains_paid_content":false,"footnotes":""},"categories":[80,19,129,2164],"tags":[120],"class_list":{"0":"post-2532","1":"post","2":"type-post","3":"status-publish","4":"format-standard","5":"has-post-thumbnail","6":"hentry","7":"category-cintillo","8":"category-hidalgo","10":"category-violencia-contra-periodistas-en-hidalgo","11":"tag-violencia-contra-periodistas","12":"entry"},"jetpack_featured_media_url":"http:\/\/www.grieta.org.mx\/wp-content\/uploads\/2018\/03\/14524434_1106112876131411_958039263622046936_o.jpg","jetpack_sharing_enabled":true,"jetpack_shortlink":"https:\/\/wp.me\/p7ZJR4-EQ","jetpack_likes_enabled":false,"jetpack-related-posts":[{"id":2531,"url":"http:\/\/www.grieta.org.mx\/index.php\/2016\/05\/27\/agresiones-a-periodistas-en-hidalgo\/","url_meta":{"origin":2532,"position":0},"title":"Violencia contra periodistas en Hidalgo","author":"grieta","date":"27 mayo, 2016","format":false,"excerpt":"27\/05\/16. Reportera denuncia represi\u00f3nEl Independiente de Hidalgo 18\/03\/16. Registra Hidalgo 11 agresiones a medios de comunicaci\u00f3n y periodistasEl Independiente de Hidalgo 21\/09\/15. Reacciona la Fiscal\u00eda de Atenci\u00f3n a Periodistas ante agresiones al gremio period\u00edstico de HidalgoExpediente Ultra 24\/08\/15. Elecciones \u2018prenden\u2019 las alertas por agresiones a periodistas en HidalgoElecciones y agresiones\u2026","rel":"","context":"En &quot;Hidalgo&quot;","block_context":{"text":"Hidalgo","link":"http:\/\/www.grieta.org.mx\/index.php\/category\/noticias-nacionales\/hidalgo\/"},"img":{"alt_text":"","src":"https:\/\/i0.wp.com\/www.grieta.org.mx\/wp-content\/uploads\/2018\/03\/14524434_1106112876131411_958039263622046936_o.jpg?resize=350%2C200","width":350,"height":200,"srcset":"https:\/\/i0.wp.com\/www.grieta.org.mx\/wp-content\/uploads\/2018\/03\/14524434_1106112876131411_958039263622046936_o.jpg?resize=350%2C200 1x, https:\/\/i0.wp.com\/www.grieta.org.mx\/wp-content\/uploads\/2018\/03\/14524434_1106112876131411_958039263622046936_o.jpg?resize=525%2C300 1.5x, https:\/\/i0.wp.com\/www.grieta.org.mx\/wp-content\/uploads\/2018\/03\/14524434_1106112876131411_958039263622046936_o.jpg?resize=700%2C400 2x"},"classes":[]},{"id":2548,"url":"http:\/\/www.grieta.org.mx\/index.php\/2015\/09\/21\/reacciona-la-fiscalia-de-atencion-a-periodistas-ante-agresiones-al-gremio-periodistico-de-hidalgo\/","url_meta":{"origin":2532,"position":1},"title":"Reacciona la Fiscal\u00eda de Atenci\u00f3n a Periodistas ante agresiones al gremio period\u00edstico de Hidalgo","author":"grieta","date":"21 septiembre, 2015","format":false,"excerpt":"La fiscal\u00eda especial para la atenci\u00f3n a delitos cometidos contra la libertad de expresi\u00f3n y periodistas que encabeza H\u00e9ctor Z\u00e1rate Dur\u00f3n deplor\u00f3 las agresiones cometidas en contra de los periodistas que el pasado viernes 18 de septiembre que fueron agredidos por elementos policiacos mientras realizaban su trabajo al hacer la\u2026","rel":"","context":"En &quot;CINTILLO&quot;","block_context":{"text":"CINTILLO","link":"http:\/\/www.grieta.org.mx\/index.php\/category\/cintillo\/"},"img":{"alt_text":"","src":"https:\/\/i0.wp.com\/www.grieta.org.mx\/wp-content\/uploads\/2018\/03\/14524434_1106112876131411_958039263622046936_o.jpg?resize=350%2C200","width":350,"height":200,"srcset":"https:\/\/i0.wp.com\/www.grieta.org.mx\/wp-content\/uploads\/2018\/03\/14524434_1106112876131411_958039263622046936_o.jpg?resize=350%2C200 1x, https:\/\/i0.wp.com\/www.grieta.org.mx\/wp-content\/uploads\/2018\/03\/14524434_1106112876131411_958039263622046936_o.jpg?resize=525%2C300 1.5x, https:\/\/i0.wp.com\/www.grieta.org.mx\/wp-content\/uploads\/2018\/03\/14524434_1106112876131411_958039263622046936_o.jpg?resize=700%2C400 2x"},"classes":[]},{"id":2549,"url":"http:\/\/www.grieta.org.mx\/index.php\/2015\/06\/05\/denuncian-periodistas-agresiones-en-redes\/","url_meta":{"origin":2532,"position":2},"title":"Denuncian periodistas agresiones en redes","author":"grieta","date":"5 junio, 2015","format":false,"excerpt":"Por los delitos de Difamaci\u00f3n y\/o lo que resulte en su agravio, periodistas de la regi\u00f3n de Tula acudieron a la Procuradur\u00eda General de Justicia del estado de Hidalgo para iniciar la averiguaci\u00f3n previa 12\/DAP\/167\/2014 en contra de quienes resulten responsables. Recibidos por el procurador Alejandro Straffon Ortiz, periodistas de\u2026","rel":"","context":"En &quot;CINTILLO&quot;","block_context":{"text":"CINTILLO","link":"http:\/\/www.grieta.org.mx\/index.php\/category\/cintillo\/"},"img":{"alt_text":"","src":"https:\/\/i0.wp.com\/www.grieta.org.mx\/wp-content\/uploads\/2018\/03\/14524434_1106112876131411_958039263622046936_o.jpg?resize=350%2C200","width":350,"height":200,"srcset":"https:\/\/i0.wp.com\/www.grieta.org.mx\/wp-content\/uploads\/2018\/03\/14524434_1106112876131411_958039263622046936_o.jpg?resize=350%2C200 1x, https:\/\/i0.wp.com\/www.grieta.org.mx\/wp-content\/uploads\/2018\/03\/14524434_1106112876131411_958039263622046936_o.jpg?resize=525%2C300 1.5x, https:\/\/i0.wp.com\/www.grieta.org.mx\/wp-content\/uploads\/2018\/03\/14524434_1106112876131411_958039263622046936_o.jpg?resize=700%2C400 2x"},"classes":[]},{"id":3854,"url":"http:\/\/www.grieta.org.mx\/index.php\/2016\/03\/18\/registra-hidalgo-11-agresiones-a-medios-de-comunicacion-y-periodistas\/","url_meta":{"origin":2532,"position":3},"title":"Registra Hidalgo 11 agresiones a medios de comunicaci\u00f3n y periodistas","author":"grieta","date":"18 marzo, 2016","format":false,"excerpt":"Alan Jimenez Desde 2009 a 2015 en el estado se reportaron 11 agresiones a periodistas y medios de comunicaci\u00f3n; 2011 tuvo el mayor n\u00famero de casos con cinco, report\u00f3 la organizaci\u00f3n Art\u00edculo 19. Por medio de su reporte denominado MIEDO. (Medios, Impunidad, Estado, Democracia, Opacidad), la organizaci\u00f3n document\u00f3 para la\u2026","rel":"","context":"En &quot;CINTILLO&quot;","block_context":{"text":"CINTILLO","link":"http:\/\/www.grieta.org.mx\/index.php\/category\/cintillo\/"},"img":{"alt_text":"","src":"https:\/\/i0.wp.com\/www.grieta.org.mx\/wp-content\/uploads\/2018\/03\/14524434_1106112876131411_958039263622046936_o.jpg?resize=350%2C200","width":350,"height":200,"srcset":"https:\/\/i0.wp.com\/www.grieta.org.mx\/wp-content\/uploads\/2018\/03\/14524434_1106112876131411_958039263622046936_o.jpg?resize=350%2C200 1x, https:\/\/i0.wp.com\/www.grieta.org.mx\/wp-content\/uploads\/2018\/03\/14524434_1106112876131411_958039263622046936_o.jpg?resize=525%2C300 1.5x, https:\/\/i0.wp.com\/www.grieta.org.mx\/wp-content\/uploads\/2018\/03\/14524434_1106112876131411_958039263622046936_o.jpg?resize=700%2C400 2x"},"classes":[]},{"id":38158,"url":"http:\/\/www.grieta.org.mx\/index.php\/2019\/08\/21\/se-unen-periodistas-colimenses-al-repudio-por-agresiones-y-asesinatos-en-su-contra-colima\/","url_meta":{"origin":2532,"position":4},"title":"Se unen periodistas colimenses al repudio por agresiones y asesinatos en su contra (Colima)","author":"grieta","date":"21 agosto, 2019","format":false,"excerpt":"Foto: El Comentario Redacci\u00f3n \/ El Comentario Un grupo de\u00a0periodistas colimenses, efectuaron una\u00a0manifestaci\u00f3n\u00a0a la entrada del inmueble del\u00a0Palacio\u00a0Legislativo, para unirse a la\u00a0protesta nacional\u00a0organizada para manifestar su repudio en contra de las\u00a0agresiones\u00a0y\u00a0asesinatos\u00a0cometidos en\u00a0contra de periodistas\u00a0y\u00a0comunicadores en el pa\u00eds. El corresponsal del peri\u00f3dico\u00a0La Jornada,\u00a0Juan Carlos Flores Carrillo, se\u00f1al\u00f3 que en lo que\u2026","rel":"","context":"En &quot;CINTILLO&quot;","block_context":{"text":"CINTILLO","link":"http:\/\/www.grieta.org.mx\/index.php\/category\/cintillo\/"},"img":{"alt_text":"","src":"https:\/\/i0.wp.com\/www.grieta.org.mx\/wp-content\/uploads\/2019\/08\/ba020e82d02031c87c793e1e29859f65.jpg?resize=350%2C200","width":350,"height":200,"srcset":"https:\/\/i0.wp.com\/www.grieta.org.mx\/wp-content\/uploads\/2019\/08\/ba020e82d02031c87c793e1e29859f65.jpg?resize=350%2C200 1x, https:\/\/i0.wp.com\/www.grieta.org.mx\/wp-content\/uploads\/2019\/08\/ba020e82d02031c87c793e1e29859f65.jpg?resize=525%2C300 1.5x, https:\/\/i0.wp.com\/www.grieta.org.mx\/wp-content\/uploads\/2019\/08\/ba020e82d02031c87c793e1e29859f65.jpg?resize=700%2C400 2x, https:\/\/i0.wp.com\/www.grieta.org.mx\/wp-content\/uploads\/2019\/08\/ba020e82d02031c87c793e1e29859f65.jpg?resize=1050%2C600 3x"},"classes":[]},{"id":22450,"url":"http:\/\/www.grieta.org.mx\/index.php\/2017\/10\/06\/exigen-mujeres-periodistas-de-reynosa-mejores-condiciones-para-ejercer-su-profesion\/","url_meta":{"origin":2532,"position":5},"title":"Exigen mujeres periodistas de Reynosa mejores condiciones para ejercer su profesi\u00f3n","author":"grieta","date":"6 octubre, 2017","format":false,"excerpt":"Rosal\u00eda Quint\u00e1\/Hoy Tamaulipas Reynosa, Tamaulipas.- La red Nacional de Mujeres Periodistas repudi\u00f3 el contexto de violencia y censura generalizada en la Rep\u00fablica Mexicana en contra de quienes ejercen el periodismo y la invisibilidad de las violencias que enfrentan las mujeres periodistas espec\u00edficamente. Lo anterior durante el s\u00e9ptimo encuentro celebrado el\u2026","rel":"","context":"En &quot;CINTILLO&quot;","block_context":{"text":"CINTILLO","link":"http:\/\/www.grieta.org.mx\/index.php\/category\/cintillo\/"},"img":{"alt_text":"","src":"https:\/\/i0.wp.com\/www.grieta.org.mx\/wp-content\/uploads\/2018\/03\/14524434_1106112876131411_958039263622046936_o.jpg?resize=350%2C200","width":350,"height":200,"srcset":"https:\/\/i0.wp.com\/www.grieta.org.mx\/wp-content\/uploads\/2018\/03\/14524434_1106112876131411_958039263622046936_o.jpg?resize=350%2C200 1x, https:\/\/i0.wp.com\/www.grieta.org.mx\/wp-content\/uploads\/2018\/03\/14524434_1106112876131411_958039263622046936_o.jpg?resize=525%2C300 1.5x, https:\/\/i0.wp.com\/www.grieta.org.mx\/wp-content\/uploads\/2018\/03\/14524434_1106112876131411_958039263622046936_o.jpg?resize=700%2C400 2x"},"classes":[]}],"_links":{"self":[{"href":"http:\/\/www.grieta.org.mx\/index.php\/wp-json\/wp\/v2\/posts\/2532","targetHints":{"allow":["GET"]}}],"collection":[{"href":"http:\/\/www.grieta.org.mx\/index.php\/wp-json\/wp\/v2\/posts"}],"about":[{"href":"http:\/\/www.grieta.org.mx\/index.php\/wp-json\/wp\/v2\/types\/post"}],"author":[{"embeddable":true,"href":"http:\/\/www.grieta.org.mx\/index.php\/wp-json\/wp\/v2\/users\/2"}],"replies":[{"embeddable":true,"href":"http:\/\/www.grieta.org.mx\/index.php\/wp-json\/wp\/v2\/comments?post=2532"}],"version-history":[{"count":1,"href":"http:\/\/www.grieta.org.mx\/index.php\/wp-json\/wp\/v2\/posts\/2532\/revisions"}],"predecessor-version":[{"id":2551,"href":"http:\/\/www.grieta.org.mx\/index.php\/wp-json\/wp\/v2\/posts\/2532\/revisions\/2551"}],"wp:featuredmedia":[{"embeddable":true,"href":"http:\/\/www.grieta.org.mx\/index.php\/wp-json\/wp\/v2\/media\/21928"}],"wp:attachment":[{"href":"http:\/\/www.grieta.org.mx\/index.php\/wp-json\/wp\/v2\/media?parent=2532"}],"wp:term":[{"taxonomy":"category","embeddable":true,"href":"http:\/\/www.grieta.org.mx\/index.php\/wp-json\/wp\/v2\/categories?post=2532"},{"taxonomy":"post_tag","embeddable":true,"href":"http:\/\/www.grieta.org.mx\/index.php\/wp-json\/wp\/v2\/tags?post=2532"}],"curies":[{"name":"wp","href":"https:\/\/api.w.org\/{rel}","templated":true}]}}