{"id":25309,"date":"2018-02-22T12:50:42","date_gmt":"2018-02-22T18:50:42","guid":{"rendered":"http:\/\/www.grieta.org.mx\/?p=25309"},"modified":"2018-08-04T13:20:20","modified_gmt":"2018-08-04T18:20:20","slug":"destruccion-de-200-mil-arboles-por-zona-residencial-en-jilotzingo-edomex","status":"publish","type":"post","link":"http:\/\/www.grieta.org.mx\/index.php\/2018\/02\/22\/destruccion-de-200-mil-arboles-por-zona-residencial-en-jilotzingo-edomex\/","title":{"rendered":"Destrucci\u00f3n de 200 mil \u00e1rboles por zona residencial en Jilotzingo, Edomex"},"content":{"rendered":"<p><img decoding=\"async\" data-attachment-id=\"25310\" data-permalink=\"http:\/\/www.grieta.org.mx\/index.php\/2018\/02\/22\/destruccion-de-200-mil-arboles-por-zona-residencial-en-jilotzingo-edomex\/tlazala\/\" data-orig-file=\"http:\/\/www.grieta.org.mx\/wp-content\/uploads\/2018\/08\/tlazala.jpg\" data-orig-size=\"800,400\" data-comments-opened=\"0\" data-image-meta=\"{&quot;aperture&quot;:&quot;0&quot;,&quot;credit&quot;:&quot;&quot;,&quot;camera&quot;:&quot;&quot;,&quot;caption&quot;:&quot;&quot;,&quot;created_timestamp&quot;:&quot;0&quot;,&quot;copyright&quot;:&quot;&quot;,&quot;focal_length&quot;:&quot;0&quot;,&quot;iso&quot;:&quot;0&quot;,&quot;shutter_speed&quot;:&quot;0&quot;,&quot;title&quot;:&quot;&quot;,&quot;orientation&quot;:&quot;0&quot;}\" data-image-title=\"tlazala\" data-image-description=\"\" data-image-caption=\"\" data-medium-file=\"http:\/\/www.grieta.org.mx\/wp-content\/uploads\/2018\/08\/tlazala-300x150.jpg\" data-large-file=\"http:\/\/www.grieta.org.mx\/wp-content\/uploads\/2018\/08\/tlazala.jpg\" src=\"http:\/\/www.grieta.org.mx\/wp-content\/uploads\/2018\/08\/tlazala.jpg\" alt=\"\" width=\"100%\" class=\"aligncenter size-full wp-image-25310\" srcset=\"http:\/\/www.grieta.org.mx\/wp-content\/uploads\/2018\/08\/tlazala.jpg 800w, http:\/\/www.grieta.org.mx\/wp-content\/uploads\/2018\/08\/tlazala-300x150.jpg 300w, http:\/\/www.grieta.org.mx\/wp-content\/uploads\/2018\/08\/tlazala-768x384.jpg 768w\" sizes=\"(max-width: 800px) 100vw, 800px\" \/><\/p>\n<p>Gabriel Ram\u00edrez Cuevas\/Regeneraci\u00f3n<\/p>\n<blockquote><p>Llaman a unirse contra autorizaci\u00f3n del gobierno estatal y municipal que destruye 238 hect\u00e1reas de bosque de encino, para conjunto residencial<\/p><\/blockquote>\n<p>Regeneraci\u00f3n, 22 de febrero del 2018. El Gobierno del Estado de M\u00e9xico con el aval del gobierno municipal de Jilotzingo autorizaron en agosto de 2017 el proyecto residencial Bosque Diamante, con el que se pretenden construir 19,985 viviendas sobre 238 hect\u00e1reas de bosque de encino muy bien conservado, que representa m\u00e1s de 200,000 \u00e1rboles que ser\u00edan cortados y son el hogar de m\u00e1s de 1500 especies de plantas, hongos, insectos, mam\u00edferos, reptiles, anfibios, entre otros; as\u00ed lo denunciaron habitantes de ese municipio y llamaron a movilizarse en contra de esta resoluci\u00f3n de las autoridades.<\/p>\n<p>En su llamamiento se\u00f1alan lo siguiente: \u201c\u00a1\u00bfTe parece poco?! Este bosque dejar\u00eda de dar ox\u00edgeno diario para m\u00e1s de 4,284 personas\u201d, se dejar\u00edan de almacenar \u201calmacenar m\u00e1s de 28,560 toneladas de bi\u00f3xido carbono (un auto emite alrededor de 5 toneladas de bi\u00f3xido de carbono en un a\u00f1o)\u201d y se impedir\u00eda \u201cabsorber 2,900,000,000 (dos mil novecientos millones) de litros de agua cada a\u00f1o\u201d.<\/p>\n<p>odav\u00eda podemos evitar que esto suceda. \u00a1Firma, Aqui !Difunde la petici\u00f3n!<\/p>\n<p>-\u201cEl mundo no ser\u00e1 destruido por los que hacen el mal, sino por aquellos que miran sin hacer nada para impedirlo\u201d. Albert Einstein<\/p>\n<p>Y es que fue publicada en la Gaceta Oficial del Estado de M\u00e9xico (1 de agosto de 2017) la autorizaci\u00f3n para el proyecto de construcci\u00f3n de 19,985 viviendas en 238 hect\u00e1reas de bosque de encino bien conservado en el municipio de Jilotzingo.<\/p>\n<p>El proyecto se llama Bosque Diamante y busca construir viviendas que costar\u00edan entre 600 mil y 1 mill\u00f3n 700 mil pesos, adem\u00e1s de una zona comercial.<\/p>\n<p>Este proyecto tendr\u00eda impactos ambientales y sociales muy fuertes, ya que la zona es bosque de encino bien conservado que brinda servicios ambientales fundamentales a la Zona Metropolitana de la Ciudad de M\u00e9xico y a todo el pa\u00eds como: captaci\u00f3n e infiltraci\u00f3n de agua, almac\u00e9n de bi\u00f3xido de carbono, retenci\u00f3n de suelo para evitar erosi\u00f3n, refugio para m\u00e1s de 500 especies de plantas, hongos, animales y microorganismos, etcetera.<\/p>\n<p>Existen especies end\u00e9micas y en diferentes categor\u00edas de riesgo de acuerdo a la NOM-059 (2010) que se ver\u00e1n severamente afectadas como: Ambystoma altamiranii (ajolote de las monta\u00f1as, microend\u00e9mico y amenazado), Phrynosoma orbiculare (camale\u00f3n, lagartija cornuda, end\u00e9mico y amenazado), Litsea glaucescens (laurel silvestre, en peligro de extinci\u00f3n), Comarostaphylis discolor (madro\u00f1o borracho, amenazada), Xenospiza baileyi (gorri\u00f3n serrano, en peligro de extinci\u00f3n), Dendrortyx macroura (Codorniz-coluda neovolc\u00e1nica, en peligro de extinci\u00f3n y end\u00e9mica), Isthmura bellii (salamandra pinta o tonto, vulnerable y end\u00e9mica), Tamnophis scaliger (culebra de agua, end\u00e9mica y amenazada), Hyla plicata (ranita de monte, end\u00e9mica y amenazada), entre muchas otras.<\/p>\n<p>La poblaci\u00f3n del municipio de Jilotzingo es de 19,000 personas (INEGI, 2015), por lo que construir poco menos de 20,000 viviendas incrementar\u00eda en tres veces o m\u00e1s la poblaci\u00f3n y \u00e9sto repercutir\u00eda en la historia, tradiciones y vida social de esta gente con ascendencia Otom\u00ed. Existe un decreto del Gobierno del Estado de M\u00e9xico en el que se crea el \u201cParque Estatal Otom\u00ed \u2013Mexica\u201d, Jilotzingo incluido, y menciona que corresponde a las zonas por arriba de los 2800 metros sobre el nivel del mar. El proyecto Bosque Diamante se extiende sobre superficies entre los 2800 y los 2900 metros sobre el nivel del mar.<\/p>\n","protected":false},"excerpt":{"rendered":"<p>Gabriel Ram\u00edrez Cuevas\/Regeneraci\u00f3n Llaman a unirse contra autorizaci\u00f3n del gobierno estatal y municipal que destruye 238 hect\u00e1reas de bosque de encino, para conjunto residencial Regeneraci\u00f3n, 22 de febrero del 2018. &hellip; <a href=\"http:\/\/www.grieta.org.mx\/index.php\/2018\/02\/22\/destruccion-de-200-mil-arboles-por-zona-residencial-en-jilotzingo-edomex\/\" class=\"more-link\">Leer m\u00e1s<\/a><\/p>\n","protected":false},"author":2,"featured_media":25310,"comment_status":"closed","ping_status":"closed","sticky":false,"template":"","format":"standard","meta":{"ngg_post_thumbnail":0,"_jetpack_newsletter_access":"","_jetpack_dont_email_post_to_subs":false,"_jetpack_newsletter_tier_id":0,"_jetpack_memberships_contains_paywalled_content":false,"_jetpack_memberships_contains_paid_content":false,"footnotes":""},"categories":[80,16,1569],"tags":[1178,92,1570],"class_list":["post-25309","post","type-post","status-publish","format-standard","has-post-thumbnail","hentry","category-cintillo","category-estado-de-mexico","category-protestas-contra-la-destruccion-de-bosques-por-construccion-de-zona-residencial-en-el-estado-de-mexico","tag-destruccion-de-la-naturaleza","tag-estado-de-mexico","tag-protestas-contra-construccion-de-zona-residencial","entry"],"jetpack_featured_media_url":"http:\/\/www.grieta.org.mx\/wp-content\/uploads\/2018\/08\/tlazala.jpg","jetpack_sharing_enabled":true,"jetpack_shortlink":"https:\/\/wp.me\/p7ZJR4-6Ad","jetpack_likes_enabled":false,"jetpack-related-posts":[{"id":55623,"url":"http:\/\/www.grieta.org.mx\/index.php\/2020\/12\/04\/denuncian-muerte-de-fauna-silvestre-a-causa-de-fraccionamientos-jalisco\/","url_meta":{"origin":25309,"position":0},"title":"Denuncian muerte de fauna silvestre a causa de fraccionamientos (Jalisco)","author":"grieta","date":"4 diciembre, 2020","format":false,"excerpt":"Foto: Twitter @bosqueixticuil Lauto Rodr\u00edguez \/ El Diario NTR Activistas del Comit\u00e9 en Defensa del Bosque del Nixticuil denunciaron en redes sociales que la construcci\u00f3n de nuevos fraccionamientos auspiciados por el gobierno municipal de Zapopan, provoca que la fauna silvestre tenga que desplazarse y se ponga en riesgo permanente. Justo\u2026","rel":"","context":"En &quot;CINTILLO&quot;","block_context":{"text":"CINTILLO","link":"http:\/\/www.grieta.org.mx\/index.php\/category\/cintillo\/"},"img":{"alt_text":"","src":"https:\/\/i0.wp.com\/www.grieta.org.mx\/wp-content\/uploads\/2020\/12\/2020-12-04_02-12-44___2968.jpg?resize=350%2C200","width":350,"height":200,"srcset":"https:\/\/i0.wp.com\/www.grieta.org.mx\/wp-content\/uploads\/2020\/12\/2020-12-04_02-12-44___2968.jpg?resize=350%2C200 1x, https:\/\/i0.wp.com\/www.grieta.org.mx\/wp-content\/uploads\/2020\/12\/2020-12-04_02-12-44___2968.jpg?resize=525%2C300 1.5x, https:\/\/i0.wp.com\/www.grieta.org.mx\/wp-content\/uploads\/2020\/12\/2020-12-04_02-12-44___2968.jpg?resize=700%2C400 2x"},"classes":[]},{"id":20494,"url":"http:\/\/www.grieta.org.mx\/index.php\/2016\/08\/27\/protestas-y-organizacion-contra-helipuerto-en-zona-residencial-de-coyoacan-2\/","url_meta":{"origin":25309,"position":1},"title":"Protestas y organizaci\u00f3n contra helipuerto en zona residencial de Coyoac\u00e1n","author":"grieta","date":"27 agosto, 2016","format":false,"excerpt":"25\/08\/16. Protestan vecinos de Copilco contra helipuerto de Grupo ImagenEl Big data 31\/07\/16. Lanzan petici\u00f3n contra helipuerto en CopilcoDesinform\u00e9monos","rel":"","context":"En &quot;Ciudad de M\u00e9xico&quot;","block_context":{"text":"Ciudad de M\u00e9xico","link":"http:\/\/www.grieta.org.mx\/index.php\/category\/noticias-nacionales\/ciudad-de-mexico\/"},"img":{"alt_text":"","src":"https:\/\/i0.wp.com\/www.grieta.org.mx\/wp-content\/uploads\/2018\/03\/14524434_1106112876131411_958039263622046936_o.jpg?resize=350%2C200","width":350,"height":200,"srcset":"https:\/\/i0.wp.com\/www.grieta.org.mx\/wp-content\/uploads\/2018\/03\/14524434_1106112876131411_958039263622046936_o.jpg?resize=350%2C200 1x, https:\/\/i0.wp.com\/www.grieta.org.mx\/wp-content\/uploads\/2018\/03\/14524434_1106112876131411_958039263622046936_o.jpg?resize=525%2C300 1.5x, https:\/\/i0.wp.com\/www.grieta.org.mx\/wp-content\/uploads\/2018\/03\/14524434_1106112876131411_958039263622046936_o.jpg?resize=700%2C400 2x"},"classes":[]},{"id":71970,"url":"http:\/\/www.grieta.org.mx\/index.php\/2025\/07\/08\/comunidades-de-jilotzingo-rechazan-perforacion-de-pozo-en-zona-de-recarga-hidrica-estado-de-mexico\/","url_meta":{"origin":25309,"position":2},"title":"Comunidades de Jilotzingo rechazan perforaci\u00f3n de pozo en zona de recarga h\u00eddrica (Estado de M\u00e9xico)","author":"grieta","date":"8 julio, 2025","format":false,"excerpt":"Redacci\u00f3n Peri\u00f3dico de Izcalli Habitantes de San Miguel Tecpan, en el municipio de Jilotzingo, manifestaron su rechazo a la perforaci\u00f3n de un pozo en su territorio, al considerar que la obra afectar\u00eda los manantiales y bosques que alimentan de agua a la regi\u00f3n. La preocupaci\u00f3n fue compartida en una asamblea\u2026","rel":"","context":"En &quot;CINTILLO&quot;","block_context":{"text":"CINTILLO","link":"http:\/\/www.grieta.org.mx\/index.php\/category\/cintillo\/"},"img":{"alt_text":"","src":"https:\/\/i0.wp.com\/www.grieta.org.mx\/wp-content\/uploads\/2025\/07\/Comunidades-de-Jilotzingo-rechazan-perforacion-de-pozo-en-zona-de-recarga-hidrica.jpg?resize=350%2C200","width":350,"height":200,"srcset":"https:\/\/i0.wp.com\/www.grieta.org.mx\/wp-content\/uploads\/2025\/07\/Comunidades-de-Jilotzingo-rechazan-perforacion-de-pozo-en-zona-de-recarga-hidrica.jpg?resize=350%2C200 1x, https:\/\/i0.wp.com\/www.grieta.org.mx\/wp-content\/uploads\/2025\/07\/Comunidades-de-Jilotzingo-rechazan-perforacion-de-pozo-en-zona-de-recarga-hidrica.jpg?resize=525%2C300 1.5x, https:\/\/i0.wp.com\/www.grieta.org.mx\/wp-content\/uploads\/2025\/07\/Comunidades-de-Jilotzingo-rechazan-perforacion-de-pozo-en-zona-de-recarga-hidrica.jpg?resize=700%2C400 2x"},"classes":[]},{"id":53586,"url":"http:\/\/www.grieta.org.mx\/index.php\/2020\/09\/13\/defensores-del-bosque-nixticuil-exigen-clausura-del-proyecto-inmobiliario-el-dosel-residencial-jalisco\/","url_meta":{"origin":25309,"position":3},"title":"Defensores del bosque Nixticuil exigen clausura del proyecto inmobiliario El Dosel Residencial (Jalisco)","author":"grieta","date":"13 septiembre, 2020","format":false,"excerpt":"Fotograf\u00eda: Inspecci\u00f3n Zapopan @InspZapopan A finales del mes de agosto, vecinos del bosque El Nixticuil presenciaron la llegada de maquinaria de construcci\u00f3n al bosque. Sin esperar, junto al Comit\u00e9 Salvabosque, comenzaron a denunciar los hechos a trav\u00e9s de las redes sociales y llamadas telef\u00f3nicas. Despu\u00e9s de una semana de denuncias,\u2026","rel":"","context":"En &quot;CINTILLO&quot;","block_context":{"text":"CINTILLO","link":"http:\/\/www.grieta.org.mx\/index.php\/category\/cintillo\/"},"img":{"alt_text":"","src":"https:\/\/i0.wp.com\/www.grieta.org.mx\/wp-content\/uploads\/2020\/09\/PORTADA-BOSQUE-NIXTICUIL_DOSEL-RESIDENCIAL.jpg?resize=350%2C200","width":350,"height":200,"srcset":"https:\/\/i0.wp.com\/www.grieta.org.mx\/wp-content\/uploads\/2020\/09\/PORTADA-BOSQUE-NIXTICUIL_DOSEL-RESIDENCIAL.jpg?resize=350%2C200 1x, https:\/\/i0.wp.com\/www.grieta.org.mx\/wp-content\/uploads\/2020\/09\/PORTADA-BOSQUE-NIXTICUIL_DOSEL-RESIDENCIAL.jpg?resize=525%2C300 1.5x, https:\/\/i0.wp.com\/www.grieta.org.mx\/wp-content\/uploads\/2020\/09\/PORTADA-BOSQUE-NIXTICUIL_DOSEL-RESIDENCIAL.jpg?resize=700%2C400 2x, https:\/\/i0.wp.com\/www.grieta.org.mx\/wp-content\/uploads\/2020\/09\/PORTADA-BOSQUE-NIXTICUIL_DOSEL-RESIDENCIAL.jpg?resize=1050%2C600 3x"},"classes":[]},{"id":36664,"url":"http:\/\/www.grieta.org.mx\/index.php\/2019\/07\/15\/en-salazar-edomex-guerra-campesina-contra-la-invasion-de-los-slim-los-azcarraga-los-bartlett\/","url_meta":{"origin":25309,"position":4},"title":"En Salazar, Edomex, guerra campesina contra la invasi\u00f3n de los Slim, los Azc\u00e1rraga, los Bartlett\u2026","author":"grieta","date":"15 julio, 2019","format":false,"excerpt":"Rodrigo Vera\/Proceso TV En el poblado mexiquense de Salazar, un grupo de pol\u00edticos y empresarios, de entre los que destacan los apellidos Slim, Azc\u00e1rraga Romand\u00eda, Bartlett \u00c1lvarez y El\u00edas Ayub, empez\u00f3 a construir fincas de lujo en tierras adquiridas ilegalmente. Los propietarios originales se est\u00e1n defendiendo de la invasi\u00f3n. Aqu\u00ed\u2026","rel":"","context":"En &quot;CINTILLO&quot;","block_context":{"text":"CINTILLO","link":"http:\/\/www.grieta.org.mx\/index.php\/category\/cintillo\/"},"img":{"alt_text":"","src":"https:\/\/i0.wp.com\/www.grieta.org.mx\/wp-content\/uploads\/2019\/07\/Salazar.jpg?resize=350%2C200","width":350,"height":200,"srcset":"https:\/\/i0.wp.com\/www.grieta.org.mx\/wp-content\/uploads\/2019\/07\/Salazar.jpg?resize=350%2C200 1x, https:\/\/i0.wp.com\/www.grieta.org.mx\/wp-content\/uploads\/2019\/07\/Salazar.jpg?resize=525%2C300 1.5x, https:\/\/i0.wp.com\/www.grieta.org.mx\/wp-content\/uploads\/2019\/07\/Salazar.jpg?resize=700%2C400 2x, https:\/\/i0.wp.com\/www.grieta.org.mx\/wp-content\/uploads\/2019\/07\/Salazar.jpg?resize=1050%2C600 3x"},"classes":[]},{"id":39139,"url":"http:\/\/www.grieta.org.mx\/index.php\/2019\/09\/10\/nuevo-ataque-contra-comunidades-otomis-en-defensa-del-bosque\/","url_meta":{"origin":25309,"position":5},"title":"Nuevo ataque contra comunidades Otom\u00eds en defensa del bosque","author":"grieta","date":"10 septiembre, 2019","format":false,"excerpt":"Colectivo grieta, 10 de septiembre de 2019. El d\u00eda 9 de septiembre a las 9.30 de la ma\u00f1ana, pobladores de la comunidad San Francisco Xochicuautla en el Estado de M\u00e9xico, que resisten a la construcci\u00f3n de la autopista Toluca-Naucalpan, fueron agredidos por un grupo de golpeadores. En un comunicado hecho\u2026","rel":"","context":"En &quot;6. Xochicuautla&quot;","block_context":{"text":"6. Xochicuautla","link":"http:\/\/www.grieta.org.mx\/index.php\/category\/espejos-de-la-resistencia\/6-xochicuautla\/"},"img":{"alt_text":"","src":"https:\/\/i0.wp.com\/www.grieta.org.mx\/wp-content\/uploads\/2018\/03\/14524434_1106112876131411_958039263622046936_o.jpg?resize=350%2C200","width":350,"height":200,"srcset":"https:\/\/i0.wp.com\/www.grieta.org.mx\/wp-content\/uploads\/2018\/03\/14524434_1106112876131411_958039263622046936_o.jpg?resize=350%2C200 1x, https:\/\/i0.wp.com\/www.grieta.org.mx\/wp-content\/uploads\/2018\/03\/14524434_1106112876131411_958039263622046936_o.jpg?resize=525%2C300 1.5x, https:\/\/i0.wp.com\/www.grieta.org.mx\/wp-content\/uploads\/2018\/03\/14524434_1106112876131411_958039263622046936_o.jpg?resize=700%2C400 2x"},"classes":[]}],"_links":{"self":[{"href":"http:\/\/www.grieta.org.mx\/index.php\/wp-json\/wp\/v2\/posts\/25309","targetHints":{"allow":["GET"]}}],"collection":[{"href":"http:\/\/www.grieta.org.mx\/index.php\/wp-json\/wp\/v2\/posts"}],"about":[{"href":"http:\/\/www.grieta.org.mx\/index.php\/wp-json\/wp\/v2\/types\/post"}],"author":[{"embeddable":true,"href":"http:\/\/www.grieta.org.mx\/index.php\/wp-json\/wp\/v2\/users\/2"}],"replies":[{"embeddable":true,"href":"http:\/\/www.grieta.org.mx\/index.php\/wp-json\/wp\/v2\/comments?post=25309"}],"version-history":[{"count":1,"href":"http:\/\/www.grieta.org.mx\/index.php\/wp-json\/wp\/v2\/posts\/25309\/revisions"}],"predecessor-version":[{"id":25311,"href":"http:\/\/www.grieta.org.mx\/index.php\/wp-json\/wp\/v2\/posts\/25309\/revisions\/25311"}],"wp:featuredmedia":[{"embeddable":true,"href":"http:\/\/www.grieta.org.mx\/index.php\/wp-json\/wp\/v2\/media\/25310"}],"wp:attachment":[{"href":"http:\/\/www.grieta.org.mx\/index.php\/wp-json\/wp\/v2\/media?parent=25309"}],"wp:term":[{"taxonomy":"category","embeddable":true,"href":"http:\/\/www.grieta.org.mx\/index.php\/wp-json\/wp\/v2\/categories?post=25309"},{"taxonomy":"post_tag","embeddable":true,"href":"http:\/\/www.grieta.org.mx\/index.php\/wp-json\/wp\/v2\/tags?post=25309"}],"curies":[{"name":"wp","href":"https:\/\/api.w.org\/{rel}","templated":true}]}}