{"id":25284,"date":"2018-07-10T09:33:37","date_gmt":"2018-07-10T14:33:37","guid":{"rendered":"http:\/\/www.grieta.org.mx\/?p=25284"},"modified":"2018-08-03T10:09:13","modified_gmt":"2018-08-03T15:09:13","slug":"paralizan-alcaldia-de-villanueva-zacatecas","status":"publish","type":"post","link":"http:\/\/www.grieta.org.mx\/index.php\/2018\/07\/10\/paralizan-alcaldia-de-villanueva-zacatecas\/","title":{"rendered":"Paralizan alcald\u00eda de Villanueva (Zacatecas)"},"content":{"rendered":"<p><img decoding=\"async\" data-attachment-id=\"25285\" data-permalink=\"http:\/\/www.grieta.org.mx\/index.php\/2018\/07\/10\/paralizan-alcaldia-de-villanueva-zacatecas\/finanzas201807102\/\" data-orig-file=\"http:\/\/www.grieta.org.mx\/wp-content\/uploads\/2018\/08\/finanzas201807102.jpg\" data-orig-size=\"768,479\" data-comments-opened=\"0\" data-image-meta=\"{&quot;aperture&quot;:&quot;0&quot;,&quot;credit&quot;:&quot;&quot;,&quot;camera&quot;:&quot;&quot;,&quot;caption&quot;:&quot;&quot;,&quot;created_timestamp&quot;:&quot;0&quot;,&quot;copyright&quot;:&quot;&quot;,&quot;focal_length&quot;:&quot;0&quot;,&quot;iso&quot;:&quot;0&quot;,&quot;shutter_speed&quot;:&quot;0&quot;,&quot;title&quot;:&quot;&quot;,&quot;orientation&quot;:&quot;0&quot;}\" data-image-title=\"finanzas201807102\" data-image-description=\"\" data-image-caption=\"\" data-medium-file=\"http:\/\/www.grieta.org.mx\/wp-content\/uploads\/2018\/08\/finanzas201807102-300x187.jpg\" data-large-file=\"http:\/\/www.grieta.org.mx\/wp-content\/uploads\/2018\/08\/finanzas201807102.jpg\" src=\"http:\/\/www.grieta.org.mx\/wp-content\/uploads\/2018\/08\/finanzas201807102.jpg\" alt=\"\" width=\"100%\"  class=\"aligncenter size-full wp-image-25285\" srcset=\"http:\/\/www.grieta.org.mx\/wp-content\/uploads\/2018\/08\/finanzas201807102.jpg 768w, http:\/\/www.grieta.org.mx\/wp-content\/uploads\/2018\/08\/finanzas201807102-300x187.jpg 300w\" sizes=\"(max-width: 768px) 100vw, 768px\" \/><br \/>\nAlfredo D\u00edaz\/El Sol de Zacatecas<\/p>\n<p>Zacatecas, Zac.- Trabajadores del Ayuntamiento de Villanueva realizaron este martes por la ma\u00f1ana un paro laboral, e impidieron el paso a la alcald\u00eda, exigiendo el pago de su salario, el cual se adeuda desde hace tres quincenas (mes y medio); 600 empleados son los afectados.<\/p>\n<p>El plant\u00f3n comenz\u00f3 antes de las 09:00 horas en las mismas instalaciones de la presidencia, donde colocaron pancartas con la leyenda &#8220;Solicitamos el pago del pr\u00e9stamo al H. Ayuntamiento&#8221;.<\/p>\n<p>De acuerdo a los trabajadores, el adeudo se presenta desde hace mes y medio, es decir, tres quincenas, y pese a las acciones previas de di\u00e1logo con las autoridades, no han tenido respuesta, por lo que en esta ocasi\u00f3n piden apoyo de Gobierno del Estado.<\/p>\n<p>Aproximadamente 600 personas laboran en y para el Ayuntamiento, cuya quincena oscila entre los tres mil y tres mil 500 pesos, lo que se traduce en una cantidad de dos millones de pesos de deuda.<\/p>\n<p>A la alcald\u00eda acudi\u00f3 Jorge Luis Garc\u00eda Vera, presidente municipal, el cual amenaz\u00f3 con correrlos sin finiquito si fuera necesario, pues no tiene recursos econ\u00f3micos, &#8220;hagan lo que quieran&#8221;, les coment\u00f3.<\/p>\n<p><a href=\"https:\/\/www.elsoldezacatecas.com.mx\/finanzas\/paralizan-alcaldia-de-villanueva-1829174.html\" rel=\"noopener\" target=\"_blank\">https:\/\/www.elsoldezacatecas.com.mx\/finanzas\/paralizan-alcaldia-de-villanueva-1829174.html<\/a><\/p>\n","protected":false},"excerpt":{"rendered":"<p>Alfredo D\u00edaz\/El Sol de Zacatecas Zacatecas, Zac.- Trabajadores del Ayuntamiento de Villanueva realizaron este martes por la ma\u00f1ana un paro laboral, e impidieron el paso a la alcald\u00eda, exigiendo el &hellip; <a href=\"http:\/\/www.grieta.org.mx\/index.php\/2018\/07\/10\/paralizan-alcaldia-de-villanueva-zacatecas\/\" class=\"more-link\">Leer m\u00e1s<\/a><\/p>\n","protected":false},"author":2,"featured_media":25285,"comment_status":"closed","ping_status":"closed","sticky":false,"template":"","format":"standard","meta":{"ngg_post_thumbnail":0,"_jetpack_newsletter_access":"","_jetpack_dont_email_post_to_subs":false,"_jetpack_newsletter_tier_id":0,"_jetpack_memberships_contains_paywalled_content":false,"_jetpack_memberships_contains_paid_content":false,"footnotes":""},"categories":[80,1562,1109,2,76],"tags":[1563,1564],"class_list":["post-25284","post","type-post","status-publish","format-standard","has-post-thumbnail","hentry","category-cintillo","category-conflictos-de-trabajadores-del-estado-en-zacatecas","category-explotacion-y-precariedad-laboral-zacatecas","category-noticias-nacionales","category-zacatecas","tag-burocratas","tag-trabajadores-del-estado","entry"],"jetpack_featured_media_url":"http:\/\/www.grieta.org.mx\/wp-content\/uploads\/2018\/08\/finanzas201807102.jpg","jetpack_sharing_enabled":true,"jetpack_shortlink":"https:\/\/wp.me\/p7ZJR4-6zO","jetpack_likes_enabled":false,"jetpack-related-posts":[{"id":28134,"url":"http:\/\/www.grieta.org.mx\/index.php\/2018\/12\/15\/paran-labores-en-el-issste-zacatecas\/","url_meta":{"origin":25284,"position":0},"title":"Paran labores en el ISSSTE (Zacatecas)","author":"grieta","date":"15 diciembre, 2018","format":false,"excerpt":"Karen Calder\u00f3n\/NTR Zacatecas Zacatecas.- Suplentes de diferentes \u00e1reas del Instituto de Seguridad y Servicios Sociales de los Trabajadores del Estado (ISSSTE) suspendieron labores, esto debido a la falta de pago de aproximadamente 10 quincenas por parte del instituto. Acci\u00f3n que dio inicio la noche del viernes y se mantendr\u00e1 hasta\u2026","rel":"","context":"En &quot;CINTILLO&quot;","block_context":{"text":"CINTILLO","link":"http:\/\/www.grieta.org.mx\/index.php\/category\/cintillo\/"},"img":{"alt_text":"","src":"https:\/\/i0.wp.com\/www.grieta.org.mx\/wp-content\/uploads\/2019\/01\/whatsapp-image-2018-12-15-at-12.47.24.jpeg?resize=350%2C200","width":350,"height":200,"srcset":"https:\/\/i0.wp.com\/www.grieta.org.mx\/wp-content\/uploads\/2019\/01\/whatsapp-image-2018-12-15-at-12.47.24.jpeg?resize=350%2C200 1x, https:\/\/i0.wp.com\/www.grieta.org.mx\/wp-content\/uploads\/2019\/01\/whatsapp-image-2018-12-15-at-12.47.24.jpeg?resize=525%2C300 1.5x, https:\/\/i0.wp.com\/www.grieta.org.mx\/wp-content\/uploads\/2019\/01\/whatsapp-image-2018-12-15-at-12.47.24.jpeg?resize=700%2C400 2x"},"classes":[]},{"id":28146,"url":"http:\/\/www.grieta.org.mx\/index.php\/2018\/12\/15\/peligran-aguinaldos-de-las-universidades\/","url_meta":{"origin":25284,"position":1},"title":"Peligran aguinaldos de las universidades","author":"grieta","date":"15 diciembre, 2018","format":false,"excerpt":"Editoras OEM\/El Sol de M\u00e9xico \u00a0 La crisis financiera que sufren\u00a0varias de las universidades p\u00fablicas\u00a0del pa\u00eds se agudiz\u00f3 con la\u00a0llegada de diciembre, mes en el\u00a0que se deben hacer los pagos de\u00a0prestaciones fuertes como el aguinaldo. Ayer, el rector de la Universidad Aut\u00f3noma\u00a0de Zacatecas (UAZ), Antonio Guzm\u00e1n\u00a0Fern\u00e1ndez dio a conocer a\u2026","rel":"","context":"En &quot;CINTILLO&quot;","block_context":{"text":"CINTILLO","link":"http:\/\/www.grieta.org.mx\/index.php\/category\/cintillo\/"},"img":{"alt_text":"","src":"https:\/\/i0.wp.com\/www.grieta.org.mx\/wp-content\/uploads\/2019\/01\/zacatecas.jpg?resize=350%2C200","width":350,"height":200,"srcset":"https:\/\/i0.wp.com\/www.grieta.org.mx\/wp-content\/uploads\/2019\/01\/zacatecas.jpg?resize=350%2C200 1x, https:\/\/i0.wp.com\/www.grieta.org.mx\/wp-content\/uploads\/2019\/01\/zacatecas.jpg?resize=525%2C300 1.5x, https:\/\/i0.wp.com\/www.grieta.org.mx\/wp-content\/uploads\/2019\/01\/zacatecas.jpg?resize=700%2C400 2x"},"classes":[]},{"id":832,"url":"http:\/\/www.grieta.org.mx\/index.php\/2015\/12\/23\/con-marcha-exigen-trabajadores-del-cobaez-el-pago-de-aguinaldo-y-primas-vacacionales\/","url_meta":{"origin":25284,"position":2},"title":"Con marcha, exigen trabajadores del Cobaez el pago de aguinaldo y primas vacacionales","author":"grieta","date":"23 diciembre, 2015","format":false,"excerpt":"El Sol de Zacatecas 23 de diciembre de 2015 Juan Castro Zacatecas, Zacatecas.- Trabajadores del Sindicato \u00danico de Personal Docente y Administrativo del Colegio de Bachilleres del Estado de Zacatecas (Supdacobaez), se manifestaron para exigir el pago inmediato de aguinaldos y otras prestaciones que no se les han entregado. Los\u2026","rel":"","context":"En &quot;CINTILLO&quot;","block_context":{"text":"CINTILLO","link":"http:\/\/www.grieta.org.mx\/index.php\/category\/cintillo\/"},"img":{"alt_text":"","src":"https:\/\/i0.wp.com\/www.grieta.org.mx\/wp-content\/uploads\/2018\/03\/14524434_1106112876131411_958039263622046936_o.jpg?resize=350%2C200","width":350,"height":200,"srcset":"https:\/\/i0.wp.com\/www.grieta.org.mx\/wp-content\/uploads\/2018\/03\/14524434_1106112876131411_958039263622046936_o.jpg?resize=350%2C200 1x, https:\/\/i0.wp.com\/www.grieta.org.mx\/wp-content\/uploads\/2018\/03\/14524434_1106112876131411_958039263622046936_o.jpg?resize=525%2C300 1.5x, https:\/\/i0.wp.com\/www.grieta.org.mx\/wp-content\/uploads\/2018\/03\/14524434_1106112876131411_958039263622046936_o.jpg?resize=700%2C400 2x"},"classes":[]},{"id":843,"url":"http:\/\/www.grieta.org.mx\/index.php\/2015\/12\/18\/paralizan-gobierno-de-zacatecas-por-falta-de-pago-de-aguinaldos\/","url_meta":{"origin":25284,"position":3},"title":"Paralizan gobierno de Zacatecas por falta de pago de aguinaldos","author":"grieta","date":"18 diciembre, 2015","format":false,"excerpt":"18\/12\/2015 Omar H\u00e9rnandez \/ Karla M\u00e9ndez ZACATECAS, ZACATECAS. Por incumplir con el pago de aguinaldos en la Secretar\u00eda de Salud, Ciudad Administrativa del gobierno de Zacatecas fue tomada por trabajadores, paralizando el \u00faltimo d\u00eda de actividades cotidianas antes del periodo vacacional. La secretaria general del Sindicato de Salud, Norma Castorena\u2026","rel":"","context":"En &quot;CINTILLO&quot;","block_context":{"text":"CINTILLO","link":"http:\/\/www.grieta.org.mx\/index.php\/category\/cintillo\/"},"img":{"alt_text":"","src":"https:\/\/i0.wp.com\/www.grieta.org.mx\/wp-content\/uploads\/2018\/03\/14524434_1106112876131411_958039263622046936_o.jpg?resize=350%2C200","width":350,"height":200,"srcset":"https:\/\/i0.wp.com\/www.grieta.org.mx\/wp-content\/uploads\/2018\/03\/14524434_1106112876131411_958039263622046936_o.jpg?resize=350%2C200 1x, https:\/\/i0.wp.com\/www.grieta.org.mx\/wp-content\/uploads\/2018\/03\/14524434_1106112876131411_958039263622046936_o.jpg?resize=525%2C300 1.5x, https:\/\/i0.wp.com\/www.grieta.org.mx\/wp-content\/uploads\/2018\/03\/14524434_1106112876131411_958039263622046936_o.jpg?resize=700%2C400 2x"},"classes":[]},{"id":818,"url":"http:\/\/www.grieta.org.mx\/index.php\/2016\/01\/20\/paran-labores-en-cobaez-exigen-pago-de-55-mdp\/","url_meta":{"origin":25284,"position":4},"title":"Paran labores en Cobaez; exigen pago de 55 mdp","author":"grieta","date":"20 enero, 2016","format":false,"excerpt":"Mi\u00e9rcoles, 20 de enero de 2016 ABIGAIL SALINAS Zacatecas.- Este mi\u00e9rcoles, la direcci\u00f3n general del Colegio de Bachilleres del Estado de Zacatecas (Cobaez), as\u00ed como los tres planteles que se encuentran en la capital, fueron tomados por miembros del Sindicato \u00danico de Personal Docente y Administrativo (Supdacobaez). Gerardo Garc\u00eda Murillo,\u2026","rel":"","context":"En &quot;CINTILLO&quot;","block_context":{"text":"CINTILLO","link":"http:\/\/www.grieta.org.mx\/index.php\/category\/cintillo\/"},"img":{"alt_text":"","src":"https:\/\/i0.wp.com\/www.grieta.org.mx\/wp-content\/uploads\/2018\/03\/14524434_1106112876131411_958039263622046936_o.jpg?resize=350%2C200","width":350,"height":200,"srcset":"https:\/\/i0.wp.com\/www.grieta.org.mx\/wp-content\/uploads\/2018\/03\/14524434_1106112876131411_958039263622046936_o.jpg?resize=350%2C200 1x, https:\/\/i0.wp.com\/www.grieta.org.mx\/wp-content\/uploads\/2018\/03\/14524434_1106112876131411_958039263622046936_o.jpg?resize=525%2C300 1.5x, https:\/\/i0.wp.com\/www.grieta.org.mx\/wp-content\/uploads\/2018\/03\/14524434_1106112876131411_958039263622046936_o.jpg?resize=700%2C400 2x"},"classes":[]},{"id":12055,"url":"http:\/\/www.grieta.org.mx\/index.php\/2016\/05\/03\/vuelven-a-tomar-presidencia-de-ojocaliente\/","url_meta":{"origin":25284,"position":5},"title":"Vuelven a tomar presidencia de Ojocaliente","author":"grieta","date":"3 mayo, 2016","format":false,"excerpt":"Martes, 3 de mayo de 2016 CLAUDIO MONTES DE OCA\/NTRZACATECAS.COM OJOCALIENTE. Desde las 8 horas de este lunes, trabajadores del ayuntamiento tomaron las instalaciones de la presidencia municipal y la tesorer\u00eda municipal para exigir se les paguen los salarios que les adeudan desde hace m\u00e1s de seis quincenas y otras\u2026","rel":"","context":"En &quot;CINTILLO&quot;","block_context":{"text":"CINTILLO","link":"http:\/\/www.grieta.org.mx\/index.php\/category\/cintillo\/"},"img":{"alt_text":"","src":"https:\/\/i0.wp.com\/www.grieta.org.mx\/wp-content\/uploads\/2018\/03\/14524434_1106112876131411_958039263622046936_o.jpg?resize=350%2C200","width":350,"height":200,"srcset":"https:\/\/i0.wp.com\/www.grieta.org.mx\/wp-content\/uploads\/2018\/03\/14524434_1106112876131411_958039263622046936_o.jpg?resize=350%2C200 1x, https:\/\/i0.wp.com\/www.grieta.org.mx\/wp-content\/uploads\/2018\/03\/14524434_1106112876131411_958039263622046936_o.jpg?resize=525%2C300 1.5x, https:\/\/i0.wp.com\/www.grieta.org.mx\/wp-content\/uploads\/2018\/03\/14524434_1106112876131411_958039263622046936_o.jpg?resize=700%2C400 2x"},"classes":[]}],"_links":{"self":[{"href":"http:\/\/www.grieta.org.mx\/index.php\/wp-json\/wp\/v2\/posts\/25284","targetHints":{"allow":["GET"]}}],"collection":[{"href":"http:\/\/www.grieta.org.mx\/index.php\/wp-json\/wp\/v2\/posts"}],"about":[{"href":"http:\/\/www.grieta.org.mx\/index.php\/wp-json\/wp\/v2\/types\/post"}],"author":[{"embeddable":true,"href":"http:\/\/www.grieta.org.mx\/index.php\/wp-json\/wp\/v2\/users\/2"}],"replies":[{"embeddable":true,"href":"http:\/\/www.grieta.org.mx\/index.php\/wp-json\/wp\/v2\/comments?post=25284"}],"version-history":[{"count":1,"href":"http:\/\/www.grieta.org.mx\/index.php\/wp-json\/wp\/v2\/posts\/25284\/revisions"}],"predecessor-version":[{"id":25286,"href":"http:\/\/www.grieta.org.mx\/index.php\/wp-json\/wp\/v2\/posts\/25284\/revisions\/25286"}],"wp:featuredmedia":[{"embeddable":true,"href":"http:\/\/www.grieta.org.mx\/index.php\/wp-json\/wp\/v2\/media\/25285"}],"wp:attachment":[{"href":"http:\/\/www.grieta.org.mx\/index.php\/wp-json\/wp\/v2\/media?parent=25284"}],"wp:term":[{"taxonomy":"category","embeddable":true,"href":"http:\/\/www.grieta.org.mx\/index.php\/wp-json\/wp\/v2\/categories?post=25284"},{"taxonomy":"post_tag","embeddable":true,"href":"http:\/\/www.grieta.org.mx\/index.php\/wp-json\/wp\/v2\/tags?post=25284"}],"curies":[{"name":"wp","href":"https:\/\/api.w.org\/{rel}","templated":true}]}}