{"id":25208,"date":"2018-07-31T00:13:35","date_gmt":"2018-07-31T05:13:35","guid":{"rendered":"http:\/\/www.grieta.org.mx\/?p=25208"},"modified":"2018-07-31T00:13:35","modified_gmt":"2018-07-31T05:13:35","slug":"se-manifiestan-ex-trabajadores-de-continental-general-tire-san-luis-potosi","status":"publish","type":"post","link":"http:\/\/www.grieta.org.mx\/index.php\/2018\/07\/31\/se-manifiestan-ex-trabajadores-de-continental-general-tire-san-luis-potosi\/","title":{"rendered":"Se manifiestan ex trabajadores de Continental- General Tire (San Luis Potos\u00ed)"},"content":{"rendered":"<p><img decoding=\"async\" data-attachment-id=\"25209\" data-permalink=\"http:\/\/www.grieta.org.mx\/index.php\/2018\/07\/31\/se-manifiestan-ex-trabajadores-de-continental-general-tire-san-luis-potosi\/se-manifiestan-ex-trabajadores-de-continental-general-tire-1\/\" data-orig-file=\"http:\/\/www.grieta.org.mx\/wp-content\/uploads\/2018\/07\/Se-manifiestan-ex-trabajadores-de-Continental-General-Tire-1.jpg\" data-orig-size=\"651,400\" data-comments-opened=\"0\" data-image-meta=\"{&quot;aperture&quot;:&quot;0&quot;,&quot;credit&quot;:&quot;&quot;,&quot;camera&quot;:&quot;&quot;,&quot;caption&quot;:&quot;&quot;,&quot;created_timestamp&quot;:&quot;0&quot;,&quot;copyright&quot;:&quot;&quot;,&quot;focal_length&quot;:&quot;0&quot;,&quot;iso&quot;:&quot;0&quot;,&quot;shutter_speed&quot;:&quot;0&quot;,&quot;title&quot;:&quot;&quot;,&quot;orientation&quot;:&quot;0&quot;}\" data-image-title=\"Se manifiestan ex trabajadores de Continental- General Tire 1\" data-image-description=\"\" data-image-caption=\"\" data-medium-file=\"http:\/\/www.grieta.org.mx\/wp-content\/uploads\/2018\/07\/Se-manifiestan-ex-trabajadores-de-Continental-General-Tire-1-300x184.jpg\" data-large-file=\"http:\/\/www.grieta.org.mx\/wp-content\/uploads\/2018\/07\/Se-manifiestan-ex-trabajadores-de-Continental-General-Tire-1.jpg\" src=\"http:\/\/www.grieta.org.mx\/wp-content\/uploads\/2018\/07\/Se-manifiestan-ex-trabajadores-de-Continental-General-Tire-1.jpg\" alt=\"\" width=\"100%\" class=\"aligncenter size-full wp-image-25209\" srcset=\"http:\/\/www.grieta.org.mx\/wp-content\/uploads\/2018\/07\/Se-manifiestan-ex-trabajadores-de-Continental-General-Tire-1.jpg 651w, http:\/\/www.grieta.org.mx\/wp-content\/uploads\/2018\/07\/Se-manifiestan-ex-trabajadores-de-Continental-General-Tire-1-300x184.jpg 300w\" sizes=\"(max-width: 651px) 100vw, 651px\" \/><\/p>\n<p>Samuel Estrada \/ El Universal<\/p>\n<blockquote><p>A varios a\u00f1os de que se dio su despido injustificado, s\u00f3lo se han trabado las resoluciones de la justicia administrativa cuando hay pruebas claras de que se trat\u00f3 de un recorte fuera de la ley.<\/p><\/blockquote>\n<p>Una treintena de ex trabajadores de Continental-General Tire se manifestaron en Plaza de Armas y solicitaron la intervenci\u00f3n de las autoridades ya que a varios a\u00f1os de que se dio su despido injustificado, s\u00f3lo se han trabado las resoluciones de la justicia administrativa cuando hay pruebas claras de que se trat\u00f3 de un recorte fuera de la ley.<\/p>\n<p>A este respecto, Domingo de Guzm\u00e1n Cosetl Garc\u00eda vocero de los inconformes, se\u00f1al\u00f3 que conforme a derecho las demandas laborales est\u00e1n vigentes y vivas, se sigui\u00f3 el procedimiento, sin embargo, los resolutivos son contradictorios porque por parte de la Junta Federal les han dado la raz\u00f3n, pero por parte de los magistrados fue todo lo contrario \u201centonces estamos en el limbo e indefensi\u00f3n\u201d.<\/p>\n<p>Adem\u00e1s, dijo que en su momento se hizo un convenio de no despido con la empresa debido a que la separaci\u00f3n laboral fue por un tema de recorte de personal seg\u00fan argumentaron, pero despu\u00e9s se volvieron a crear los puestos de trabajo, por lo que de acuerdo a la ley tendr\u00edan que haber sido reinstalados, no obstante, no fue as\u00ed y solo llamaron a gente \u201callegada\u201d a los l\u00edderes del sindicato.<\/p>\n<p><img decoding=\"async\" data-attachment-id=\"25210\" data-permalink=\"http:\/\/www.grieta.org.mx\/index.php\/2018\/07\/31\/se-manifiestan-ex-trabajadores-de-continental-general-tire-san-luis-potosi\/se-manifiestan-ex-trabajadores-de-continental-general-tire-2\/\" data-orig-file=\"http:\/\/www.grieta.org.mx\/wp-content\/uploads\/2018\/07\/Se-manifiestan-ex-trabajadores-de-Continental-General-Tire-2.jpg\" data-orig-size=\"790,591\" data-comments-opened=\"0\" data-image-meta=\"{&quot;aperture&quot;:&quot;0&quot;,&quot;credit&quot;:&quot;&quot;,&quot;camera&quot;:&quot;&quot;,&quot;caption&quot;:&quot;&quot;,&quot;created_timestamp&quot;:&quot;0&quot;,&quot;copyright&quot;:&quot;&quot;,&quot;focal_length&quot;:&quot;0&quot;,&quot;iso&quot;:&quot;0&quot;,&quot;shutter_speed&quot;:&quot;0&quot;,&quot;title&quot;:&quot;&quot;,&quot;orientation&quot;:&quot;0&quot;}\" data-image-title=\"Se manifiestan ex trabajadores de Continental- General Tire 2\" data-image-description=\"\" data-image-caption=\"\" data-medium-file=\"http:\/\/www.grieta.org.mx\/wp-content\/uploads\/2018\/07\/Se-manifiestan-ex-trabajadores-de-Continental-General-Tire-2-300x224.jpg\" data-large-file=\"http:\/\/www.grieta.org.mx\/wp-content\/uploads\/2018\/07\/Se-manifiestan-ex-trabajadores-de-Continental-General-Tire-2.jpg\" src=\"http:\/\/www.grieta.org.mx\/wp-content\/uploads\/2018\/07\/Se-manifiestan-ex-trabajadores-de-Continental-General-Tire-2.jpg\" alt=\"\" width=\"100%\" class=\"aligncenter size-full wp-image-25210\" srcset=\"http:\/\/www.grieta.org.mx\/wp-content\/uploads\/2018\/07\/Se-manifiestan-ex-trabajadores-de-Continental-General-Tire-2.jpg 790w, http:\/\/www.grieta.org.mx\/wp-content\/uploads\/2018\/07\/Se-manifiestan-ex-trabajadores-de-Continental-General-Tire-2-300x224.jpg 300w, http:\/\/www.grieta.org.mx\/wp-content\/uploads\/2018\/07\/Se-manifiestan-ex-trabajadores-de-Continental-General-Tire-2-768x575.jpg 768w, http:\/\/www.grieta.org.mx\/wp-content\/uploads\/2018\/07\/Se-manifiestan-ex-trabajadores-de-Continental-General-Tire-2-668x500.jpg 668w\" sizes=\"(max-width: 790px) 100vw, 790px\" \/><\/p>\n<p>Indic\u00f3 que les parece incre\u00edble que una empresa trasnacional, tan grande y con solvencia econ\u00f3mica como lo es la llantera, no sea una compa\u00f1\u00eda seria y trate de esta manera a sus trabajadores, asimismo argument\u00f3 que se busc\u00f3 acercamiento con Edgar Dur\u00f3n Puente delegado federal de la Secretar\u00eda del Trabajo, sin embargo, al momento no les ha concedido el derecho de audiencia.<\/p>\n<p>Finalmente, refirieron: \u201ccuando existe tu m\u00e1quina, tu puesto, tu categor\u00eda y la empresa, tienes derecho al reingreso, no obstante, esto se vio obstaculizado por el comit\u00e9 vigente del sindicato de la compa\u00f1\u00eda que se convirti\u00f3 en un sindicato a modo del patr\u00f3n y a modo de sus allegados, es olig\u00e1rquico y s\u00f3lo ven el beneficio para ellos mismos&#8221;.<\/p>\n<p><a href=\"http:\/\/sanluis.eluniversal.com.mx\/metropoli\/27-07-2018\/se-manifiestan-ex-trabajadores-de-continental-general-tire\" rel=\"noopener\" target=\"_blank\">http:\/\/sanluis.eluniversal.com.mx\/metropoli\/27-07-2018\/se-manifiestan-ex-trabajadores-de-continental-general-tire<\/a><\/p>\n","protected":false},"excerpt":{"rendered":"<p>Samuel Estrada \/ El Universal A varios a\u00f1os de que se dio su despido injustificado, s\u00f3lo se han trabado las resoluciones de la justicia administrativa cuando hay pruebas claras de &hellip; <a href=\"http:\/\/www.grieta.org.mx\/index.php\/2018\/07\/31\/se-manifiestan-ex-trabajadores-de-continental-general-tire-san-luis-potosi\/\" class=\"more-link\">Leer m\u00e1s<\/a><\/p>\n","protected":false},"author":2,"featured_media":25209,"comment_status":"closed","ping_status":"closed","sticky":false,"template":"","format":"standard","meta":{"ngg_post_thumbnail":0,"_jetpack_newsletter_access":"","_jetpack_dont_email_post_to_subs":false,"_jetpack_newsletter_tier_id":0,"_jetpack_memberships_contains_paywalled_content":false,"_jetpack_memberships_contains_paid_content":false,"footnotes":""},"categories":[80,910,1273,2,141,29,83],"tags":[1553,163,1291,1554],"class_list":{"0":"post-25208","1":"post","2":"type-post","3":"status-publish","4":"format-standard","5":"has-post-thumbnail","6":"hentry","7":"category-cintillo","8":"category-explotacion-y-precariedad-laboral","9":"category-explotacion-y-precariedad-laboral-en-san-luis-potosi","10":"category-noticias-nacionales","11":"category-san-luis-potosi","13":"category-temas-nacionales","14":"tag-continental","15":"tag-despidos","16":"tag-explotacion-laboral","17":"tag-general-tire","18":"entry"},"jetpack_featured_media_url":"http:\/\/www.grieta.org.mx\/wp-content\/uploads\/2018\/07\/Se-manifiestan-ex-trabajadores-de-Continental-General-Tire-1.jpg","jetpack_sharing_enabled":true,"jetpack_shortlink":"https:\/\/wp.me\/p7ZJR4-6yA","jetpack_likes_enabled":false,"jetpack-related-posts":[{"id":31993,"url":"http:\/\/www.grieta.org.mx\/index.php\/2019\/04\/09\/privan-de-libertad-a-trabajadores-san-luis-potosi\/","url_meta":{"origin":25208,"position":0},"title":"Privan de libertad a trabajadores (San Luis Potos\u00ed)","author":"grieta","date":"9 abril, 2019","format":false,"excerpt":"Jos\u00e9 Luis Mart\u00ednez Castro \/ El Sol de San Luis Denuncian acoso y violaci\u00f3n a sus derechos laborales y humanos, tras represi\u00f3n por protestas contra empresa ganadera Posterior a que trabajadores de Praderas Huastecas fueron privados de su libertad por parte de la empresa, para obligarlos a firmar una \u201cacta\u2026","rel":"","context":"En &quot;CINTILLO&quot;","block_context":{"text":"CINTILLO","link":"http:\/\/www.grieta.org.mx\/index.php\/category\/cintillo\/"},"img":{"alt_text":"","src":"https:\/\/i0.wp.com\/www.grieta.org.mx\/wp-content\/uploads\/2019\/04\/Privan-de-libertad-a-trabajadores-slp-abr.jpg?resize=350%2C200","width":350,"height":200,"srcset":"https:\/\/i0.wp.com\/www.grieta.org.mx\/wp-content\/uploads\/2019\/04\/Privan-de-libertad-a-trabajadores-slp-abr.jpg?resize=350%2C200 1x, https:\/\/i0.wp.com\/www.grieta.org.mx\/wp-content\/uploads\/2019\/04\/Privan-de-libertad-a-trabajadores-slp-abr.jpg?resize=525%2C300 1.5x, https:\/\/i0.wp.com\/www.grieta.org.mx\/wp-content\/uploads\/2019\/04\/Privan-de-libertad-a-trabajadores-slp-abr.jpg?resize=700%2C400 2x"},"classes":[]},{"id":35758,"url":"http:\/\/www.grieta.org.mx\/index.php\/2019\/07\/01\/trabajadores-agrarios-de-confianza-bajo-amenaza-de-despido-san-luis-potosi\/","url_meta":{"origin":25208,"position":1},"title":"Trabajadores agrarios de confianza bajo amenaza de despido (San Luis Potos\u00ed)","author":"grieta","date":"1 julio, 2019","format":false,"excerpt":"Fotograf\u00eda: Quadrat\u00edn SLP Daniela Bravo \/ Quadrat\u00edn SLP SAN LUIS POTOS\u00cd, SLP., 1 de julio de 2019.- Al menos 11 trabajadores de confianza del Registro Agrario Nacional (RAN), fueron avisados verbalmente que sus puestos como trabajadores de confianza dejar\u00e1n de existir a partir del 30 de junio a causa de\u2026","rel":"","context":"En &quot;CINTILLO&quot;","block_context":{"text":"CINTILLO","link":"http:\/\/www.grieta.org.mx\/index.php\/category\/cintillo\/"},"img":{"alt_text":"","src":"https:\/\/i0.wp.com\/www.grieta.org.mx\/wp-content\/uploads\/2019\/07\/Trabajadores-agrarios-de-confianza-bajo-amenaza-de-despido-slp-jul.png?resize=350%2C200","width":350,"height":200,"srcset":"https:\/\/i0.wp.com\/www.grieta.org.mx\/wp-content\/uploads\/2019\/07\/Trabajadores-agrarios-de-confianza-bajo-amenaza-de-despido-slp-jul.png?resize=350%2C200 1x, https:\/\/i0.wp.com\/www.grieta.org.mx\/wp-content\/uploads\/2019\/07\/Trabajadores-agrarios-de-confianza-bajo-amenaza-de-despido-slp-jul.png?resize=525%2C300 1.5x, https:\/\/i0.wp.com\/www.grieta.org.mx\/wp-content\/uploads\/2019\/07\/Trabajadores-agrarios-de-confianza-bajo-amenaza-de-despido-slp-jul.png?resize=700%2C400 2x, https:\/\/i0.wp.com\/www.grieta.org.mx\/wp-content\/uploads\/2019\/07\/Trabajadores-agrarios-de-confianza-bajo-amenaza-de-despido-slp-jul.png?resize=1050%2C600 3x"},"classes":[]},{"id":33100,"url":"http:\/\/www.grieta.org.mx\/index.php\/2019\/05\/02\/trabajadores-del-parque-tangamanga-reclaman-salario-san-luis-potosi\/","url_meta":{"origin":25208,"position":2},"title":"Trabajadores del Parque Tangamanga reclaman salario (San Luis Potos\u00ed)","author":"grieta","date":"2 mayo, 2019","format":false,"excerpt":"Plano Informativo Hay una presunta retenci\u00f3n del salario correspondiente a la segunda quincena del mes de abril y por la falta de seguridad social. San Luis Potos\u00ed, SLP.- Trabajadores de los parques Tangamanga I y II, se manifestaron al exterior del Palacio del Gobierno del Estado, por la presunta retenci\u00f3n\u2026","rel":"","context":"En &quot;CINTILLO&quot;","block_context":{"text":"CINTILLO","link":"http:\/\/www.grieta.org.mx\/index.php\/category\/cintillo\/"},"img":{"alt_text":"","src":"https:\/\/i0.wp.com\/www.grieta.org.mx\/wp-content\/uploads\/2019\/05\/Trabajadores-del-Parque-Tangamanga-reclaman-salario-slp-may.jpg?resize=350%2C200","width":350,"height":200,"srcset":"https:\/\/i0.wp.com\/www.grieta.org.mx\/wp-content\/uploads\/2019\/05\/Trabajadores-del-Parque-Tangamanga-reclaman-salario-slp-may.jpg?resize=350%2C200 1x, https:\/\/i0.wp.com\/www.grieta.org.mx\/wp-content\/uploads\/2019\/05\/Trabajadores-del-Parque-Tangamanga-reclaman-salario-slp-may.jpg?resize=525%2C300 1.5x, https:\/\/i0.wp.com\/www.grieta.org.mx\/wp-content\/uploads\/2019\/05\/Trabajadores-del-Parque-Tangamanga-reclaman-salario-slp-may.jpg?resize=700%2C400 2x, https:\/\/i0.wp.com\/www.grieta.org.mx\/wp-content\/uploads\/2019\/05\/Trabajadores-del-Parque-Tangamanga-reclaman-salario-slp-may.jpg?resize=1050%2C600 3x"},"classes":[]},{"id":55014,"url":"http:\/\/www.grieta.org.mx\/index.php\/2020\/11\/12\/trabajadores-del-canal-13-de-san-luis-potosi-estallan-huelga-por-adeudo-salarial\/","url_meta":{"origin":25208,"position":3},"title":"Trabajadores del Canal 13 de San Luis Potos\u00ed estallan huelga por adeudo salarial","author":"grieta","date":"12 noviembre, 2020","format":false,"excerpt":"Felipe C\u00e1rdenas\/El Sol de San Luis 12 noviembre 2020 Luego de 25 a\u00f1os de transmitir ininterrumpidamente la se\u00f1al de televisora potosina Canal 13 se apag\u00f3 debido a un estallamiento de huelga por adeudos salariales a la plantilla laboral. El estallamiento de huelga lo encabez\u00f3 el l\u00edder local del Sitatyr, Diego\u2026","rel":"","context":"En &quot;CINTILLO&quot;","block_context":{"text":"CINTILLO","link":"http:\/\/www.grieta.org.mx\/index.php\/category\/cintillo\/"},"img":{"alt_text":"","src":"https:\/\/i0.wp.com\/www.grieta.org.mx\/wp-content\/uploads\/2020\/11\/El-lider-del-Sitatyr-en-SLP-estallo%CC%81-la-huelga.jpg?resize=350%2C200","width":350,"height":200,"srcset":"https:\/\/i0.wp.com\/www.grieta.org.mx\/wp-content\/uploads\/2020\/11\/El-lider-del-Sitatyr-en-SLP-estallo%CC%81-la-huelga.jpg?resize=350%2C200 1x, https:\/\/i0.wp.com\/www.grieta.org.mx\/wp-content\/uploads\/2020\/11\/El-lider-del-Sitatyr-en-SLP-estallo%CC%81-la-huelga.jpg?resize=525%2C300 1.5x, https:\/\/i0.wp.com\/www.grieta.org.mx\/wp-content\/uploads\/2020\/11\/El-lider-del-Sitatyr-en-SLP-estallo%CC%81-la-huelga.jpg?resize=700%2C400 2x"},"classes":[]},{"id":24506,"url":"http:\/\/www.grieta.org.mx\/index.php\/2018\/07\/11\/goodyear-despide-a-trabajadores-san-luis-potosi\/","url_meta":{"origin":25208,"position":4},"title":"Goodyear despide a trabajadores (San Luis Potos\u00ed)","author":"grieta","date":"11 julio, 2018","format":false,"excerpt":"Emilia Monreal \/ Plano Informativo En meses pasados expresaron su inconformidad con los bajos salarios y la violaci\u00f3n a sus derechos laborales; como represalia los despidieron San Luis Potos\u00ed, SLP.- La llantera Goodyear despidi\u00f3 a trabajadores, pese al acuerdo del pasado 25 de abril de no tomar represalias contra quienes\u2026","rel":"","context":"En &quot;CINTILLO&quot;","block_context":{"text":"CINTILLO","link":"http:\/\/www.grieta.org.mx\/index.php\/category\/cintillo\/"},"img":{"alt_text":"","src":"https:\/\/i0.wp.com\/www.grieta.org.mx\/wp-content\/uploads\/2018\/07\/Goodyear-despide-a-trabajadores-San-Luis-Potos%C3%AD.jpg?resize=350%2C200","width":350,"height":200,"srcset":"https:\/\/i0.wp.com\/www.grieta.org.mx\/wp-content\/uploads\/2018\/07\/Goodyear-despide-a-trabajadores-San-Luis-Potos%C3%AD.jpg?resize=350%2C200 1x, https:\/\/i0.wp.com\/www.grieta.org.mx\/wp-content\/uploads\/2018\/07\/Goodyear-despide-a-trabajadores-San-Luis-Potos%C3%AD.jpg?resize=525%2C300 1.5x, https:\/\/i0.wp.com\/www.grieta.org.mx\/wp-content\/uploads\/2018\/07\/Goodyear-despide-a-trabajadores-San-Luis-Potos%C3%AD.jpg?resize=700%2C400 2x"},"classes":[]},{"id":40433,"url":"http:\/\/www.grieta.org.mx\/index.php\/2019\/10\/22\/trabajadores-de-totalplay-en-san-luis-potosi-denuncian-explotacion-laboral\/","url_meta":{"origin":25208,"position":5},"title":"Trabajadores de TotalPlay en San Luis Potos\u00ed denuncian explotaci\u00f3n laboral","author":"grieta","date":"22 octubre, 2019","format":false,"excerpt":"Redacci\u00f3n\/C\u00f3digo San Luis * Los obligan a laborar los siete d\u00edas de la semana, sin horario de salida y sin remuneraci\u00f3n extra por las horas de m\u00e1s A trav\u00e9s de una denuncia ciudadana, trabajadores e instaladores acusaron a la empresa TotalPlay de explotaci\u00f3n laboral. El gerente de la plaza de\u2026","rel":"","context":"En &quot;Explotaci\u00f3n y precariedad laboral&quot;","block_context":{"text":"Explotaci\u00f3n y precariedad laboral","link":"http:\/\/www.grieta.org.mx\/index.php\/category\/temas-nacionales\/explotacion-y-precariedad-laboral\/"},"img":{"alt_text":"","src":"https:\/\/i0.wp.com\/www.grieta.org.mx\/wp-content\/uploads\/2019\/10\/https___www.codigosanluis.com_wp-content_uploads_2019_10_totalplay-denuncias.jpg?resize=350%2C200","width":350,"height":200,"srcset":"https:\/\/i0.wp.com\/www.grieta.org.mx\/wp-content\/uploads\/2019\/10\/https___www.codigosanluis.com_wp-content_uploads_2019_10_totalplay-denuncias.jpg?resize=350%2C200 1x, https:\/\/i0.wp.com\/www.grieta.org.mx\/wp-content\/uploads\/2019\/10\/https___www.codigosanluis.com_wp-content_uploads_2019_10_totalplay-denuncias.jpg?resize=525%2C300 1.5x, https:\/\/i0.wp.com\/www.grieta.org.mx\/wp-content\/uploads\/2019\/10\/https___www.codigosanluis.com_wp-content_uploads_2019_10_totalplay-denuncias.jpg?resize=700%2C400 2x"},"classes":[]}],"_links":{"self":[{"href":"http:\/\/www.grieta.org.mx\/index.php\/wp-json\/wp\/v2\/posts\/25208","targetHints":{"allow":["GET"]}}],"collection":[{"href":"http:\/\/www.grieta.org.mx\/index.php\/wp-json\/wp\/v2\/posts"}],"about":[{"href":"http:\/\/www.grieta.org.mx\/index.php\/wp-json\/wp\/v2\/types\/post"}],"author":[{"embeddable":true,"href":"http:\/\/www.grieta.org.mx\/index.php\/wp-json\/wp\/v2\/users\/2"}],"replies":[{"embeddable":true,"href":"http:\/\/www.grieta.org.mx\/index.php\/wp-json\/wp\/v2\/comments?post=25208"}],"version-history":[{"count":1,"href":"http:\/\/www.grieta.org.mx\/index.php\/wp-json\/wp\/v2\/posts\/25208\/revisions"}],"predecessor-version":[{"id":25211,"href":"http:\/\/www.grieta.org.mx\/index.php\/wp-json\/wp\/v2\/posts\/25208\/revisions\/25211"}],"wp:featuredmedia":[{"embeddable":true,"href":"http:\/\/www.grieta.org.mx\/index.php\/wp-json\/wp\/v2\/media\/25209"}],"wp:attachment":[{"href":"http:\/\/www.grieta.org.mx\/index.php\/wp-json\/wp\/v2\/media?parent=25208"}],"wp:term":[{"taxonomy":"category","embeddable":true,"href":"http:\/\/www.grieta.org.mx\/index.php\/wp-json\/wp\/v2\/categories?post=25208"},{"taxonomy":"post_tag","embeddable":true,"href":"http:\/\/www.grieta.org.mx\/index.php\/wp-json\/wp\/v2\/tags?post=25208"}],"curies":[{"name":"wp","href":"https:\/\/api.w.org\/{rel}","templated":true}]}}