{"id":25193,"date":"2018-07-28T19:23:54","date_gmt":"2018-07-29T00:23:54","guid":{"rendered":"http:\/\/www.grieta.org.mx\/?p=25193"},"modified":"2018-08-14T11:33:52","modified_gmt":"2018-08-14T16:33:52","slug":"negligencia-de-gobiernos-de-bc-genera-demanda-internacional-por-contaminacion","status":"publish","type":"post","link":"http:\/\/www.grieta.org.mx\/index.php\/2018\/07\/28\/negligencia-de-gobiernos-de-bc-genera-demanda-internacional-por-contaminacion\/","title":{"rendered":"Negligencia de gobiernos de BC genera demanda internacional por contaminaci\u00f3n"},"content":{"rendered":"<p><img decoding=\"async\" data-attachment-id=\"25194\" data-permalink=\"http:\/\/www.grieta.org.mx\/index.php\/2018\/07\/28\/negligencia-de-gobiernos-de-bc-genera-demanda-internacional-por-contaminacion\/protesta-san-diego-contaminacion-marina\/\" data-orig-file=\"http:\/\/www.grieta.org.mx\/wp-content\/uploads\/2018\/07\/PROTESTA-SAN-DIEGO-CONTAMINACION-MARINA.png\" data-orig-size=\"800,445\" data-comments-opened=\"0\" data-image-meta=\"{&quot;aperture&quot;:&quot;0&quot;,&quot;credit&quot;:&quot;&quot;,&quot;camera&quot;:&quot;&quot;,&quot;caption&quot;:&quot;&quot;,&quot;created_timestamp&quot;:&quot;0&quot;,&quot;copyright&quot;:&quot;&quot;,&quot;focal_length&quot;:&quot;0&quot;,&quot;iso&quot;:&quot;0&quot;,&quot;shutter_speed&quot;:&quot;0&quot;,&quot;title&quot;:&quot;&quot;,&quot;orientation&quot;:&quot;0&quot;}\" data-image-title=\"PROTESTA-SAN-DIEGO-CONTAMINACION-MARINA\" data-image-description=\"\" data-image-caption=\"\" data-medium-file=\"http:\/\/www.grieta.org.mx\/wp-content\/uploads\/2018\/07\/PROTESTA-SAN-DIEGO-CONTAMINACION-MARINA-300x167.png\" data-large-file=\"http:\/\/www.grieta.org.mx\/wp-content\/uploads\/2018\/07\/PROTESTA-SAN-DIEGO-CONTAMINACION-MARINA.png\" class=\"aligncenter size-full wp-image-25194\" src=\"http:\/\/www.grieta.org.mx\/wp-content\/uploads\/2018\/07\/PROTESTA-SAN-DIEGO-CONTAMINACION-MARINA.png\" alt=\"\" width=\"100%\" srcset=\"http:\/\/www.grieta.org.mx\/wp-content\/uploads\/2018\/07\/PROTESTA-SAN-DIEGO-CONTAMINACION-MARINA.png 800w, http:\/\/www.grieta.org.mx\/wp-content\/uploads\/2018\/07\/PROTESTA-SAN-DIEGO-CONTAMINACION-MARINA-300x167.png 300w, http:\/\/www.grieta.org.mx\/wp-content\/uploads\/2018\/07\/PROTESTA-SAN-DIEGO-CONTAMINACION-MARINA-768x427.png 768w\" sizes=\"(max-width: 800px) 100vw, 800px\" \/>La organizaci\u00f3n ambientalista Costa Salvaje inici\u00f3 un proceso jur\u00eddico internacional en contra del gobierno de Baja California, a quien acusa de solapar la contaminaci\u00f3n de 25 kil\u00f3metros de costa binacional que provoca la planta de tratamiento que opera en San Antonio de los Buenos, Tijuana. Al respecto, Francisco Vega de Lamadrid, administrador de la entidad, manifest\u00f3 que los derrames de aguas negras al mar \u201cson ocasionales\u201d.<\/p>\n<p>&nbsp;<\/p>\n<p><img decoding=\"async\" data-attachment-id=\"25195\" data-permalink=\"http:\/\/www.grieta.org.mx\/index.php\/2018\/07\/28\/negligencia-de-gobiernos-de-bc-genera-demanda-internacional-por-contaminacion\/aguas-negras-tijuana-vista-aerea\/\" data-orig-file=\"http:\/\/www.grieta.org.mx\/wp-content\/uploads\/2018\/07\/AGUAS-NEGRAS-TIJUANA-VISTA-AEREA.jpg\" data-orig-size=\"770,433\" data-comments-opened=\"0\" data-image-meta=\"{&quot;aperture&quot;:&quot;0&quot;,&quot;credit&quot;:&quot;&quot;,&quot;camera&quot;:&quot;&quot;,&quot;caption&quot;:&quot;&quot;,&quot;created_timestamp&quot;:&quot;0&quot;,&quot;copyright&quot;:&quot;&quot;,&quot;focal_length&quot;:&quot;0&quot;,&quot;iso&quot;:&quot;0&quot;,&quot;shutter_speed&quot;:&quot;0&quot;,&quot;title&quot;:&quot;&quot;,&quot;orientation&quot;:&quot;0&quot;}\" data-image-title=\"AGUAS-NEGRAS-TIJUANA-VISTA-AEREA\" data-image-description=\"\" data-image-caption=\"\" data-medium-file=\"http:\/\/www.grieta.org.mx\/wp-content\/uploads\/2018\/07\/AGUAS-NEGRAS-TIJUANA-VISTA-AEREA-300x169.jpg\" data-large-file=\"http:\/\/www.grieta.org.mx\/wp-content\/uploads\/2018\/07\/AGUAS-NEGRAS-TIJUANA-VISTA-AEREA.jpg\" class=\"aligncenter size-full wp-image-25195\" src=\"http:\/\/www.grieta.org.mx\/wp-content\/uploads\/2018\/07\/AGUAS-NEGRAS-TIJUANA-VISTA-AEREA.jpg\" alt=\"\" width=\"100%\" srcset=\"http:\/\/www.grieta.org.mx\/wp-content\/uploads\/2018\/07\/AGUAS-NEGRAS-TIJUANA-VISTA-AEREA.jpg 770w, http:\/\/www.grieta.org.mx\/wp-content\/uploads\/2018\/07\/AGUAS-NEGRAS-TIJUANA-VISTA-AEREA-300x169.jpg 300w, http:\/\/www.grieta.org.mx\/wp-content\/uploads\/2018\/07\/AGUAS-NEGRAS-TIJUANA-VISTA-AEREA-768x432.jpg 768w\" sizes=\"(max-width: 770px) 100vw, 770px\" \/>En febrero de 2017 hubo un enrome vertido de aguas residuales que, 11 meses despu\u00e9s, todav\u00eda afecta a Tijuana y San Diego. (Foto: Costa Salvaje)<\/p>\n<p>&nbsp;<\/p>\n<p>4 Vientos \/ Foto principal: Agencia EFE<\/p>\n<p>28 de junio del 2018.- Paloma Aguirre, directora del Programa Costero y Marino de la organizaci\u00f3n ambientalista, destac\u00f3 que hace 21 a\u00f1os la Comisi\u00f3n de Cooperaci\u00f3n Ecol\u00f3gica Fronteriza (Cocef) intervino en el problema y destin\u00f3 siete millones d\u00f3lares para mejorar la planta de tratamiento, tambi\u00e9n conocida como Punta Bandera, \u201cpero han pasado m\u00e1s de 20 a\u00f1os y no se ha hecho nada\u201d.<\/p>\n<p>Inform\u00f3 que la contaminaci\u00f3n con aguas negras abarca m\u00e1s de 25 kil\u00f3metros de playas que se localizan entre Imperial Beach (California) y Rosarito (Baja California), y que ya hay personas da\u00f1adas en su salud por la infecci\u00f3n del mar.<\/p>\n<p>\u201cYa van m\u00e1s de 80 agentes de la Patrulla Fronteriza (Estados Unidos) que se han enfermado. Tambi\u00e9n hay dos casos documentados de graves consecuencias: una persona adquiri\u00f3 meningitis y otra se contagi\u00f3 de una bacteria que le comi\u00f3 la mitad del brazo y por poco no sobrevive\u201d, dijo Aguirre el 27 de junio a periodistas de Tijuana.<\/p>\n<p>Y pregunt\u00f3: \u201c\u00bfA qu\u00e9 punto tenemos que llegar? \u00bfA que un ni\u00f1o muera por la contaminaci\u00f3n de las descargas en Punta Bandera?\u201d<\/p>\n<p><img decoding=\"async\" data-attachment-id=\"25196\" data-permalink=\"http:\/\/www.grieta.org.mx\/index.php\/2018\/07\/28\/negligencia-de-gobiernos-de-bc-genera-demanda-internacional-por-contaminacion\/imperial-beach-contaminada\/\" data-orig-file=\"http:\/\/www.grieta.org.mx\/wp-content\/uploads\/2018\/07\/IMPERIAL-BEACH-CONTAMINADA.jpg\" data-orig-size=\"800,422\" data-comments-opened=\"0\" data-image-meta=\"{&quot;aperture&quot;:&quot;0&quot;,&quot;credit&quot;:&quot;&quot;,&quot;camera&quot;:&quot;&quot;,&quot;caption&quot;:&quot;&quot;,&quot;created_timestamp&quot;:&quot;0&quot;,&quot;copyright&quot;:&quot;&quot;,&quot;focal_length&quot;:&quot;0&quot;,&quot;iso&quot;:&quot;0&quot;,&quot;shutter_speed&quot;:&quot;0&quot;,&quot;title&quot;:&quot;&quot;,&quot;orientation&quot;:&quot;0&quot;}\" data-image-title=\"IMPERIAL-BEACH-CONTAMINADA\" data-image-description=\"\" data-image-caption=\"\" data-medium-file=\"http:\/\/www.grieta.org.mx\/wp-content\/uploads\/2018\/07\/IMPERIAL-BEACH-CONTAMINADA-300x158.jpg\" data-large-file=\"http:\/\/www.grieta.org.mx\/wp-content\/uploads\/2018\/07\/IMPERIAL-BEACH-CONTAMINADA.jpg\" class=\"aligncenter size-full wp-image-25196\" src=\"http:\/\/www.grieta.org.mx\/wp-content\/uploads\/2018\/07\/IMPERIAL-BEACH-CONTAMINADA.jpg\" alt=\"\" width=\"100%\" srcset=\"http:\/\/www.grieta.org.mx\/wp-content\/uploads\/2018\/07\/IMPERIAL-BEACH-CONTAMINADA.jpg 800w, http:\/\/www.grieta.org.mx\/wp-content\/uploads\/2018\/07\/IMPERIAL-BEACH-CONTAMINADA-300x158.jpg 300w, http:\/\/www.grieta.org.mx\/wp-content\/uploads\/2018\/07\/IMPERIAL-BEACH-CONTAMINADA-768x405.jpg 768w\" sizes=\"(max-width: 800px) 100vw, 800px\" \/><br \/>\nCarteles en las playas adyacentes al estuario de Tijuana (Imperial Beach) que las declaran inseguras debido a la contaminaci\u00f3n que llega por el r\u00edo Tijuana (Foto: AP)<\/p>\n<p>Finalmente dijo que en caso de que el gobierno que encabeza Francisco Vega de Lamadrid no responda al llamado a detener la contaminaci\u00f3n que provoca la plnta de tratamiento, \u201cvamos a seguir adelante con el proceso legal que ya lo hemos empezado\u201d.<\/p>\n<p>Costa Salvaje es un equipo internacional que trabaja para conservar m\u00e1s de 12.5 millones de hect\u00e1reas de costas pr\u00edstinas, lagunas de manglar, islas agrestes, arrecifes de coral y los ecosistemas costeros, marinos y la vida silvestre en Cuba, Estados Unidos y M\u00e9xico.<\/p>\n<p>En la regi\u00f3n de Baja California trabaja con el Comit\u00e9 Estatal de Humedales, la Comisi\u00f3n Nacional de \u00c1reas Naturales Protegidas de M\u00e9xico, la Autoridad Portuaria de San Diego, la Red de Acci\u00f3n del R\u00edo Tijuana y los administradores y voluntarios de la laguna del Condado de San Diego para proteger humedales.<\/p>\n<p>Asimismo trabaja en la conservaci\u00f3n de las islas San Benito, San Mart\u00edn y Cedros; los humedales costeros de San Quint\u00edn en Baja California que comprenden 5,437 hect\u00e1reas de un sitio Ramsar de importancia internacional; la costa del Pac\u00edfico del \u00c1rea de Protecci\u00f3n de Flora y Fauna Valle de los Cirios que abarca una reserva privada de 20,000 hect\u00e1reas en donde se localizan m\u00e1s de 56 kil\u00f3metros de costa des\u00e9rtica sin desarrollar; y la Laguna Guerrero Negro, en donde ha protegido m\u00e1s de 1,029 kil\u00f3metros de l\u00ednea de costa que rodea las lagunas a trav\u00e9s de concesiones de conservaci\u00f3n en colaboraci\u00f3n con el gobierno mexicano.<\/p>\n<p><img decoding=\"async\" data-attachment-id=\"25197\" data-permalink=\"http:\/\/www.grieta.org.mx\/index.php\/2018\/07\/28\/negligencia-de-gobiernos-de-bc-genera-demanda-internacional-por-contaminacion\/fco-vega-conferencia-calle\/\" data-orig-file=\"http:\/\/www.grieta.org.mx\/wp-content\/uploads\/2018\/07\/FCO-VEGA-CONFERENCIA-CALLE.jpg\" data-orig-size=\"800,451\" data-comments-opened=\"0\" data-image-meta=\"{&quot;aperture&quot;:&quot;0&quot;,&quot;credit&quot;:&quot;&quot;,&quot;camera&quot;:&quot;&quot;,&quot;caption&quot;:&quot;&quot;,&quot;created_timestamp&quot;:&quot;0&quot;,&quot;copyright&quot;:&quot;&quot;,&quot;focal_length&quot;:&quot;0&quot;,&quot;iso&quot;:&quot;0&quot;,&quot;shutter_speed&quot;:&quot;0&quot;,&quot;title&quot;:&quot;&quot;,&quot;orientation&quot;:&quot;0&quot;}\" data-image-title=\"FCO-VEGA-CONFERENCIA-CALLE\" data-image-description=\"\" data-image-caption=\"\" data-medium-file=\"http:\/\/www.grieta.org.mx\/wp-content\/uploads\/2018\/07\/FCO-VEGA-CONFERENCIA-CALLE-300x169.jpg\" data-large-file=\"http:\/\/www.grieta.org.mx\/wp-content\/uploads\/2018\/07\/FCO-VEGA-CONFERENCIA-CALLE.jpg\" class=\"aligncenter size-full wp-image-25197\" src=\"http:\/\/www.grieta.org.mx\/wp-content\/uploads\/2018\/07\/FCO-VEGA-CONFERENCIA-CALLE.jpg\" alt=\"\" width=\"100%\" srcset=\"http:\/\/www.grieta.org.mx\/wp-content\/uploads\/2018\/07\/FCO-VEGA-CONFERENCIA-CALLE.jpg 800w, http:\/\/www.grieta.org.mx\/wp-content\/uploads\/2018\/07\/FCO-VEGA-CONFERENCIA-CALLE-300x169.jpg 300w, http:\/\/www.grieta.org.mx\/wp-content\/uploads\/2018\/07\/FCO-VEGA-CONFERENCIA-CALLE-768x433.jpg 768w\" sizes=\"(max-width: 800px) 100vw, 800px\" \/><br \/>\nFrancisco Vega, gobernador de Baja California (Foto: S\u00edntesis TV)<\/p>\n<blockquote><p>Derrames, de \u201cocasi\u00f3n\u201d y en lluvias<\/p><\/blockquote>\n<p>Respecto a la demanda de Costa Salvaje y residentes de Imperial Beach, Francisco Vega, mandatario de Baja California, dijo que los derrames de la planta de tratamiento en San Antonio de los Buenos, \u201cson ocasionales, sobre todo cuando hay lluvias\u201d.<\/p>\n<p>Y a medios de comunicaci\u00f3n de M\u00e9xico y Estados Unidos apunt\u00f3: \u201cHace tiempo se est\u00e1 trabajando en una mesa binacional donde est\u00e1 la Comisi\u00f3n Internacional de L\u00edmites y Aguas (CILA), y la contraparte\u201d.<\/p>\n<p>Y revel\u00f3 que en una reciente reuni\u00f3n en San Diego, California, el secretario de Relaciones Exteriores de M\u00e9xico, Luis Videgaray Caso, se comprometi\u00f3 a resolver el problema \u201cdel lado mexicano\u201d.<\/p>\n<p>El estado administra los recursos h\u00eddricos a la poblaci\u00f3n en todas sus facetas. En Ensenada son comunes los derrames de aguas negras sin tratar a la bah\u00eda local, tal y como sucede estos d\u00edas en el arroyo El Gallo, en donde vecinos y ba\u00f1istas de la playa municipal colindante al afluente reportan la presencia de aguas pestilentes que la Comisi\u00f3n Estatal de Servicios P\u00fablicos de Ensenada (Cespe), operadora de una deficiente planta de tratamiento de aguas residuales en la zona, simplemente no ve.<\/p>\n<p>&nbsp;<\/p>\n<p><a href=\"http:\/\/www.4vientos.net\/2018\/06\/28\/negligencia-de-gobiernos-de-bc-genera-demanda-internacional-por-contaminacion\/\" target=\"_blank\" rel=\"noopener\">http:\/\/www.4vientos.net\/2018\/06\/28\/negligencia-de-gobiernos-de-bc-genera-demanda-internacional-por-contaminacion\/<\/a><\/p>\n","protected":false},"excerpt":{"rendered":"<p>La organizaci\u00f3n ambientalista Costa Salvaje inici\u00f3 un proceso jur\u00eddico internacional en contra del gobierno de Baja California, a quien acusa de solapar la contaminaci\u00f3n de 25 kil\u00f3metros de costa binacional &hellip; <a href=\"http:\/\/www.grieta.org.mx\/index.php\/2018\/07\/28\/negligencia-de-gobiernos-de-bc-genera-demanda-internacional-por-contaminacion\/\" class=\"more-link\">Leer m\u00e1s<\/a><\/p>\n","protected":false},"author":2,"featured_media":25194,"comment_status":"closed","ping_status":"closed","sticky":false,"template":"","format":"standard","meta":{"ngg_post_thumbnail":0,"_jetpack_newsletter_access":"","_jetpack_dont_email_post_to_subs":false,"_jetpack_newsletter_tier_id":0,"_jetpack_memberships_contains_paywalled_content":false,"_jetpack_memberships_contains_paid_content":false,"footnotes":""},"categories":[5,80,1581,2],"tags":[1547,1546,1548,847],"class_list":["post-25193","post","type-post","status-publish","format-standard","has-post-thumbnail","hentry","category-baja-california","category-cintillo","category-conflictos-por-contaminacion-en-baja-california","category-noticias-nacionales","tag-aguas-residuales","tag-contaminacion-aguas-marinas","tag-san-diego","tag-tijuana","entry"],"jetpack_featured_media_url":"http:\/\/www.grieta.org.mx\/wp-content\/uploads\/2018\/07\/PROTESTA-SAN-DIEGO-CONTAMINACION-MARINA.png","jetpack_sharing_enabled":true,"jetpack_shortlink":"https:\/\/wp.me\/p7ZJR4-6yl","jetpack_likes_enabled":false,"jetpack-related-posts":[{"id":25527,"url":"http:\/\/www.grieta.org.mx\/index.php\/2018\/08\/13\/sin-control-aguas-negras-al-mar-y-desechos-al-rio-alamar-baja-california\/","url_meta":{"origin":25193,"position":0},"title":"Sin control aguas negras al mar y desechos al r\u00edo Alamar (Baja California)","author":"grieta","date":"13 agosto, 2018","format":false,"excerpt":"Isabel Mercado Plantas de tratamiento de agua residual sin funcionar, l\u00edquido que se derrama tanto en las playas mexicanas como en el canal del R\u00edo Tijuana, en cuyo lecho se depositan todo tipo de desechos, son la principal causa de contaminaci\u00f3n que desemboca en costas de Estados Unidos y que\u2026","rel":"","context":"En &quot;Baja California&quot;","block_context":{"text":"Baja California","link":"http:\/\/www.grieta.org.mx\/index.php\/category\/noticias-nacionales\/baja-california\/"},"img":{"alt_text":"","src":"https:\/\/i0.wp.com\/www.grieta.org.mx\/wp-content\/uploads\/2018\/08\/aguasnegraspuntabandera1b.jpg?resize=350%2C200","width":350,"height":200,"srcset":"https:\/\/i0.wp.com\/www.grieta.org.mx\/wp-content\/uploads\/2018\/08\/aguasnegraspuntabandera1b.jpg?resize=350%2C200 1x, https:\/\/i0.wp.com\/www.grieta.org.mx\/wp-content\/uploads\/2018\/08\/aguasnegraspuntabandera1b.jpg?resize=525%2C300 1.5x"},"classes":[]},{"id":29506,"url":"http:\/\/www.grieta.org.mx\/index.php\/2019\/02\/21\/industrias-pesqueras-descargan-aguas-de-proceso-en-alcantarillado-de-cespe-baja-california\/","url_meta":{"origin":25193,"position":1},"title":"Industrias pesqueras descargan aguas de proceso en alcantarillado de CESPE (Baja California)","author":"grieta","date":"21 febrero, 2019","format":false,"excerpt":"Zeta Tijuana. Marco A. Flores, Se han detectado descargas de aguas industriales al alcantarillado dom\u00e9stico; desechos de pescado, grasas y aceites que deber\u00edan ser depositados al colector industrial, desembocan en el alcantarillado de CESPE, lo que ocasiona que el drenaje est\u00e9 saturado y, por ende, provoca escurrimientos que van a\u2026","rel":"","context":"En &quot;Baja California&quot;","block_context":{"text":"Baja California","link":"http:\/\/www.grieta.org.mx\/index.php\/category\/noticias-nacionales\/baja-california\/"},"img":{"alt_text":"","src":"https:\/\/i0.wp.com\/www.grieta.org.mx\/wp-content\/uploads\/2019\/02\/Pesqueras.jpeg?resize=350%2C200","width":350,"height":200,"srcset":"https:\/\/i0.wp.com\/www.grieta.org.mx\/wp-content\/uploads\/2019\/02\/Pesqueras.jpeg?resize=350%2C200 1x, https:\/\/i0.wp.com\/www.grieta.org.mx\/wp-content\/uploads\/2019\/02\/Pesqueras.jpeg?resize=525%2C300 1.5x, https:\/\/i0.wp.com\/www.grieta.org.mx\/wp-content\/uploads\/2019\/02\/Pesqueras.jpeg?resize=700%2C400 2x"},"classes":[]},{"id":53497,"url":"http:\/\/www.grieta.org.mx\/index.php\/2020\/08\/22\/contaminacion-del-rio-tlalchiyahualica-por-descargas-residuales-en-sus-aguas-veracruz\/","url_meta":{"origin":25193,"position":2},"title":"Contaminaci\u00f3n del r\u00edo Tlalchiyahualica por descargas residuales en sus aguas (Veracruz)","author":"grieta","date":"22 agosto, 2020","format":false,"excerpt":"Redacci\u00f3n \/ Vanguardia de Veracruz Atlapexco, Hgo.- La planta tratadora de Tlalchiyahualica desde su planeaci\u00f3n ha dado problemas, su construcci\u00f3n tuvo un costo aproximado de 4.5 millones de pesos, a la fecha es uno de los principales generadores de contaminaci\u00f3n en los afluentes de la regi\u00f3n, lamentablemente ninguna autoridad toma\u2026","rel":"","context":"En &quot;CINTILLO&quot;","block_context":{"text":"CINTILLO","link":"http:\/\/www.grieta.org.mx\/index.php\/category\/cintillo\/"},"img":{"alt_text":"","src":"https:\/\/i0.wp.com\/www.grieta.org.mx\/wp-content\/uploads\/2020\/09\/aaaa1.jpg?resize=350%2C200","width":350,"height":200,"srcset":"https:\/\/i0.wp.com\/www.grieta.org.mx\/wp-content\/uploads\/2020\/09\/aaaa1.jpg?resize=350%2C200 1x, https:\/\/i0.wp.com\/www.grieta.org.mx\/wp-content\/uploads\/2020\/09\/aaaa1.jpg?resize=525%2C300 1.5x, https:\/\/i0.wp.com\/www.grieta.org.mx\/wp-content\/uploads\/2020\/09\/aaaa1.jpg?resize=700%2C400 2x"},"classes":[]},{"id":43713,"url":"http:\/\/www.grieta.org.mx\/index.php\/2020\/01\/09\/grave-contaminacion-por-el-abandono-de-plantas-tratadoras-veracruz\/","url_meta":{"origin":25193,"position":3},"title":"Grave contaminaci\u00f3n por el abandono de plantas tratadoras (Veracruz)","author":"grieta","date":"9 enero, 2020","format":false,"excerpt":"Isa\u00edas Garc\u00eda Perez \/ Vanguardia Coatzintla, Ver.- Compa\u00f1\u00edas desarrolladoras de vivienda son solapadas por autoridades, pues no se les exige la edificaci\u00f3n de plantas de tratamiento de aguas residuales, mismas que van a parar directamente al r\u00edo y sus afluentes. Vecinos de las colonias Ruiz Cortines, Sector Coatzintla y Barrio\u2026","rel":"","context":"En &quot;CINTILLO&quot;","block_context":{"text":"CINTILLO","link":"http:\/\/www.grieta.org.mx\/index.php\/category\/cintillo\/"},"img":{"alt_text":"","src":"https:\/\/i0.wp.com\/www.grieta.org.mx\/wp-content\/uploads\/2020\/01\/https-_www.vanguardiaveracruz.mx_wp-content_uploads_2020_01_1.-.-plantas.jpg?resize=350%2C200","width":350,"height":200,"srcset":"https:\/\/i0.wp.com\/www.grieta.org.mx\/wp-content\/uploads\/2020\/01\/https-_www.vanguardiaveracruz.mx_wp-content_uploads_2020_01_1.-.-plantas.jpg?resize=350%2C200 1x, https:\/\/i0.wp.com\/www.grieta.org.mx\/wp-content\/uploads\/2020\/01\/https-_www.vanguardiaveracruz.mx_wp-content_uploads_2020_01_1.-.-plantas.jpg?resize=525%2C300 1.5x, https:\/\/i0.wp.com\/www.grieta.org.mx\/wp-content\/uploads\/2020\/01\/https-_www.vanguardiaveracruz.mx_wp-content_uploads_2020_01_1.-.-plantas.jpg?resize=700%2C400 2x, https:\/\/i0.wp.com\/www.grieta.org.mx\/wp-content\/uploads\/2020\/01\/https-_www.vanguardiaveracruz.mx_wp-content_uploads_2020_01_1.-.-plantas.jpg?resize=1050%2C600 3x"},"classes":[]},{"id":24805,"url":"http:\/\/www.grieta.org.mx\/index.php\/2018\/07\/17\/pretende-constellation-pagar-menos-por-agua-mediante-decreto-baja-california\/","url_meta":{"origin":25193,"position":4},"title":"Pretende Constellation pagar menos por agua mediante decreto (Baja California)","author":"grieta","date":"17 julio, 2018","format":false,"excerpt":"La Ley de Ingresos de 2018, establece que en Mexicali las industrias que consuman arriba de 10 mil metros c\u00fabicos (m3) mensuales deber\u00e1n pagar 65.27 pesos el metro c\u00fabico. Con el decreto expedido por el gobernador Francisco Vega de Lamadrid el metro c\u00fabico ser\u00e1 pagado en 19.55 pesos. Foto Luis\u2026","rel":"","context":"En &quot;Baja California&quot;","block_context":{"text":"Baja California","link":"http:\/\/www.grieta.org.mx\/index.php\/category\/noticias-nacionales\/baja-california\/"},"img":{"alt_text":"","src":"https:\/\/i0.wp.com\/www.grieta.org.mx\/wp-content\/uploads\/2018\/07\/constellation_4.jpg?resize=350%2C200","width":350,"height":200,"srcset":"https:\/\/i0.wp.com\/www.grieta.org.mx\/wp-content\/uploads\/2018\/07\/constellation_4.jpg?resize=350%2C200 1x, https:\/\/i0.wp.com\/www.grieta.org.mx\/wp-content\/uploads\/2018\/07\/constellation_4.jpg?resize=525%2C300 1.5x"},"classes":[]},{"id":23630,"url":"http:\/\/www.grieta.org.mx\/index.php\/2018\/03\/20\/derraman-aguas-negras-en-vialidades-del-guanajuato-puerto-interior\/","url_meta":{"origin":25193,"position":5},"title":"Derraman aguas negras en vialidades del Guanajuato Puerto Interior","author":"grieta","date":"20 marzo, 2018","format":false,"excerpt":"Empleados de varias empresas sufren por la contaminaci\u00f3n Cruz S\u00e1nchez \/Peri\u00f3dico Correo Silao.- La falta de mantenimiento desborda las aguas negras de la planta de tratamiento de aguas residuales ubicada dentro de las instalaciones de Guanajuato Puerto Interior, generando un grave foco de contaminaci\u00f3n. Ya comienza el calor y aumentan\u2026","rel":"","context":"En &quot;CINTILLO&quot;","block_context":{"text":"CINTILLO","link":"http:\/\/www.grieta.org.mx\/index.php\/category\/cintillo\/"},"img":{"alt_text":"","src":"https:\/\/i0.wp.com\/www.grieta.org.mx\/wp-content\/uploads\/2018\/06\/LR190701b.jpg?resize=350%2C200","width":350,"height":200,"srcset":"https:\/\/i0.wp.com\/www.grieta.org.mx\/wp-content\/uploads\/2018\/06\/LR190701b.jpg?resize=350%2C200 1x, https:\/\/i0.wp.com\/www.grieta.org.mx\/wp-content\/uploads\/2018\/06\/LR190701b.jpg?resize=525%2C300 1.5x, https:\/\/i0.wp.com\/www.grieta.org.mx\/wp-content\/uploads\/2018\/06\/LR190701b.jpg?resize=700%2C400 2x"},"classes":[]}],"_links":{"self":[{"href":"http:\/\/www.grieta.org.mx\/index.php\/wp-json\/wp\/v2\/posts\/25193","targetHints":{"allow":["GET"]}}],"collection":[{"href":"http:\/\/www.grieta.org.mx\/index.php\/wp-json\/wp\/v2\/posts"}],"about":[{"href":"http:\/\/www.grieta.org.mx\/index.php\/wp-json\/wp\/v2\/types\/post"}],"author":[{"embeddable":true,"href":"http:\/\/www.grieta.org.mx\/index.php\/wp-json\/wp\/v2\/users\/2"}],"replies":[{"embeddable":true,"href":"http:\/\/www.grieta.org.mx\/index.php\/wp-json\/wp\/v2\/comments?post=25193"}],"version-history":[{"count":1,"href":"http:\/\/www.grieta.org.mx\/index.php\/wp-json\/wp\/v2\/posts\/25193\/revisions"}],"predecessor-version":[{"id":25198,"href":"http:\/\/www.grieta.org.mx\/index.php\/wp-json\/wp\/v2\/posts\/25193\/revisions\/25198"}],"wp:featuredmedia":[{"embeddable":true,"href":"http:\/\/www.grieta.org.mx\/index.php\/wp-json\/wp\/v2\/media\/25194"}],"wp:attachment":[{"href":"http:\/\/www.grieta.org.mx\/index.php\/wp-json\/wp\/v2\/media?parent=25193"}],"wp:term":[{"taxonomy":"category","embeddable":true,"href":"http:\/\/www.grieta.org.mx\/index.php\/wp-json\/wp\/v2\/categories?post=25193"},{"taxonomy":"post_tag","embeddable":true,"href":"http:\/\/www.grieta.org.mx\/index.php\/wp-json\/wp\/v2\/tags?post=25193"}],"curies":[{"name":"wp","href":"https:\/\/api.w.org\/{rel}","templated":true}]}}