{"id":2515,"date":"2015-09-13T04:03:46","date_gmt":"2015-09-13T04:03:46","guid":{"rendered":"http:\/\/50.22.11.12\/~grietaor\/?p=2515"},"modified":"2016-03-13T04:14:05","modified_gmt":"2016-03-13T04:14:05","slug":"atentado-ecologico-en-tampico-esta-danado-el-manglar-de-la-laguna-del-carpintero","status":"publish","type":"post","link":"http:\/\/www.grieta.org.mx\/index.php\/2015\/09\/13\/atentado-ecologico-en-tampico-esta-danado-el-manglar-de-la-laguna-del-carpintero\/","title":{"rendered":"Atentado ecol\u00f3gico en Tampico: est\u00e1 da\u00f1ado el manglar de la Laguna del Carpintero"},"content":{"rendered":"<p>Aristegui Noticias<\/p>\n<p>La Laguna del Carpintero, ubicada en el centro de Tampico, est\u00e1 amenazada por la construcci\u00f3n de un parque ecol\u00f3gico. Se han afectado zonas de manglar \u2013protegidas por la legislaci\u00f3n ambiental\u2013 y \u00e1reas inundables, que son h\u00e1bitat de especies migratorias.<\/p>\n<p>En agosto pasado, el diario La Jornada inform\u00f3 que en la zona norte de la Laguna del Carpintero, donde hay 16 hect\u00e1reas de humedales costeros con manglar, se construye un parque tem\u00e1tico-ecol\u00f3gico para celebrar los 100 a\u00f1os de Coca-Cola en Tampico, pero el proyecto no cuenta con manifestaci\u00f3n de impacto ambiental y presenta faltas administrativas; sin embargo, no fue sancionado por la Procuradur\u00eda Federal de Protecci\u00f3n al Ambiente (Profepa).<\/p>\n<p>El parque, inicialmente impulsado por una alianza p\u00fablico-privada entre el gobierno municipal de Tampico, el gobierno del estado y Femsa, tendr\u00e1 una inversi\u00f3n de 10.4 millones de pesos y contar\u00e1 con ciclopistas, veredas, una megafuente y jardines de especies nativas, tropicales y ex\u00f3ticas. Sin embargo, Femsa se ha deslindado del proyecto.<\/p>\n<p>\u201cNi Femsa, ni Fundaci\u00f3n ni ninguna de las unidades de negocio de la empresa est\u00e1n participando actualmente en el proyecto del Parque Ecol\u00f3gico Laguna del Carpintero en Tampico\u201d, le comunic\u00f3 Carolina Alvear, de Comunicaci\u00f3n Corporativa de Femsa, a la abogada Hilda G\u00f3mez, fundadora de Ciudadan\u00eda Plena, AC.<\/p>\n<p>La abogada Hilda G\u00f3mez relata la historia del caso:<\/p>\n<p>La Laguna del Carpintero est\u00e1 ubicada en el centro de Tampico, con una superficie de 157 hect\u00e1reas, de las cuales 80 son espacio terrestre y 77 son cuerpo de agua;  se comunica por medio del Canal de la Cortadura al R\u00edo P\u00e1nuco, que desemboca con el Golfo de M\u00e9xico ubicado a 8 kil\u00f3metros de distancia de aquella.<\/p>\n<p>Antiguamente, el total de su superficie terrestre era un humedal que se vio mermado por la edificaci\u00f3n de espacios deportivos, recreativos y culturales, hasta reducirse a tan solo 16 hect\u00e1reas de terreno inundable con presencia de manglar, que pese a las constantes presiones urbanas y afectaciones directas que ha sufrido, est\u00e1 considerado como \u201cSitio Prioritario de Manglar\u201d por la Comisi\u00f3n Nacional para el Conocimiento y Uso de la Biodiversidad (CONABIO).<\/p>\n<p>Pese a la relevancia biol\u00f3gica del manglar de la Laguna del Carpintero, dos presidentes municipales lo han destruido: en el a\u00f1o 2007 se tal\u00f3 para entregar las 16 hect\u00e1reas a una empresa privada mediante un contrato de comodato a 50 a\u00f1os, que gracias a la acci\u00f3n de la sociedad civil no se perfeccion\u00f3 y con ello se evit\u00f3 la construcci\u00f3n de un centro comercial en el manglar. El manglar se regener\u00f3 de manera natural hasta 2012 como lo certific\u00f3 la CONABIO, pero a partir de enero de 2013, la entonces alcaldesa Magdalena Peraza, simulando la construcci\u00f3n con recursos municipales, estatales y de la iniciativa privada, de un \u201cparque ecol\u00f3gico\u201d -que de ecol\u00f3gico solo ten\u00eda el nombre-, a sabiendas de la existencia del manglar, no solo lo tal\u00f3, sino que extrajo sus ra\u00edces tratando de extinguirlo, seguramente pretendiendo lograr con ello el cambio de uso de suelo a giro comercial como se intent\u00f3 en 2007, ya que no existe explicaci\u00f3n razonable que justifique la tala del valioso ecosistema para construir un \u201cparque ecol\u00f3gico\u201d.<\/p>\n<p>Una oportuna denuncia ciudadana ante la Delegaci\u00f3n de la PROFEPA en Tamaulipas (que esta hizo constar en acta levantada con motivo de la visita de inspecci\u00f3n que realiz\u00f3 el 19 de marzo de 2013) revel\u00f3 que el Ayuntamiento de Tampico carec\u00eda del Manifiesto de Impacto Ambiental necesario para realizar obras en manglares, que se despalm\u00f3 el sitio retirando su vegetaci\u00f3n, que se rellen\u00f3 el humedal, que se fragmentaron las \u00e1reas de manglar, que se derribaron y arrancaron mangles los cuales se ubicaron con coordenadas satelitales y se fotografiaron junto con mont\u00edculos de la vegetaci\u00f3n despalmada.<\/p>\n<p>Pese a que esas acciones est\u00e1n prohibidas por el art\u00edculo 60 Ter de la Ley de Vida Silvestre, 28 de la Ley General para el Equilibrio Ecol\u00f3gico y Protecci\u00f3n al Ambiente y las normas oficiales mexicanas NOM-022-SEMARNAT-2013 y NOM-059-SEMARNAT-2010, dicha Delegaci\u00f3n no solo no suspendi\u00f3 las obras, sino que adem\u00e1s dej\u00f3 sin efecto la mencionada acta de inspecci\u00f3n y sus fotograf\u00edas y dem\u00e1s anexos, argumentando que el Ayuntamiento de Tampico no es la misma persona que el Republicano Ayuntamiento de Tampico,  permitiendo que continuara impunemente la afectaci\u00f3n y tala de casi la totalidad del manglar hasta que en el mes de agosto de 2013  un grupo de la sociedad civil obtuvo la suspensi\u00f3n definitiva de las obras dentro del juicio de amparo 1113\/2013, radicado en el Juzgado Noveno de Distrito.<\/p>\n<p>Dentro del juicio de amparo, de forma aberrante, las autoridades que debieron defender al manglar y las especies que lo habitan, incluidas las amenazadas, sujetas a protecci\u00f3n especial y en peligro de extinci\u00f3n -a quienes por cierto les pagamos con nuestros impuestos para ello-, el delegado de PROFEPA en Tamaulipas, Miguel de la Rosa Medrano, y el delegado en Tamaulipas de la SEMARNAT, Jes\u00fas Gonz\u00e1lez Mac\u00edas, junto con la entonces presidenta municipal de Tampico y posteriormente con su predecesor Gustavo Torres Salinas, litigaron a fin de revocar la suspensi\u00f3n de la obra, que si bien lograron hace apenas algunos meses, no obtuvieron el resultado deseado de reiniciarla para concluir la extinci\u00f3n del manglar rellen\u00e1ndolo, sembrando \u00e1rboles no nativos del mismo y dar los acabados a la obra negra que ser\u00edan algunos ba\u00f1os y una cafeter\u00eda, debido a que unas semanas antes, el procurador federal de Protecci\u00f3n al Ambiente, licenciado Guillermo Haro B\u00e9lchez, anunci\u00f3 una sanci\u00f3n al Ayuntamiento de Tampico por carecer de autorizaci\u00f3n en materia de Impacto ambiental, ordenando la restauraci\u00f3n total del sitio y debido a que para reiniciar la obra, el presidente municipal requerir\u00e1 obtener de SEMARNAT la autorizaci\u00f3n en materia de impacto ambiental.<\/p>\n<p>En agosto de 2013 el gobernador del estado, ingeniero Egidio Torre Cant\u00fa, nos dio su palabra de que el proyecto se modificar\u00eda para hacerlo \u201cbien\u201d; por ello, junto con su secretario de Desarrollo Urbano y Ecolog\u00eda, buscamos al Dr. Jorge L\u00f3pez Portillo Guzm\u00e1n, quien es especialista en humedales reconocido por la CONABIO y a la Arq. Paisajista M\u00f3nica Pallares, quien coordin\u00f3 el plan maestro de la construcci\u00f3n del Parque Ecol\u00f3gico Jaguaroundi en Coatzacoalcos, Veracruz, para elaborar una propuesta alternativa de un verdadero parque ecol\u00f3gico de humedales que ser\u00eda el \u00fanico en nuestro estado y uno de los pocos a nivel nacional; propuesta que fue entregada al presidente municipal de Tampico en noviembre de 2013 sin resultados positivos a esta fecha.<\/p>\n<p>Despu\u00e9s de 7 a\u00f1os de defender junto con otros tampique\u00f1os nuestro manglar, sus ecosistemas y sus valiosos servicios ambientales, siempre en contra de las autoridades que en lugar de desviar recursos p\u00fablicos para da\u00f1ar el medio ambiente y cometer actos sancionados como delitos, deber\u00edan respetarlo y aprovecharlo bajo los excelentes lineamientos de las leyes y normas ambientales,  me pregunto:<\/p>\n<p>\u00bfSEMARNAT, contando con toda la evidencia proporcionada diligente y profesionalmente por la CONABIO, autorizar\u00e1 al Ayuntamiento de Tampico un proyecto \u2013como es su prop\u00f3sito- que no contemple la restauraci\u00f3n de las 7 hect\u00e1reas de manglar violando lo ordenado por la NOM-022-SEMARNAT-2013?<\/p>\n<p>\u00bfPodr\u00e1 el Procurador Federal del Medio Ambiente enderezar las ilegales acciones de su delegado en Tamaulipas, cesarlo del cargo y ejercer sus atribuciones para sancionar la destrucci\u00f3n del manglar?<\/p>\n<p>Ojal\u00e1 que as\u00ed sea, por el bien de nuestros hijos y futuras generaciones, por el bien de nuestro tan lastimado Tampico, por el bien de M\u00e9xico y sus instituciones, y, claro, por el enorme placer de vivir en un lugar donde gocemos de una invaluable belleza natural que nos recuerde lo maravilloso que es el don de la vida.<\/p>\n<p><a href=\"http:\/\/aristeguinoticias.com\/1309\/mexico\/atentado-ecologico-en-tampico-danado-el-manglar-de-la-laguna-del-carpintero\/\" target=\"_blank\">aristeguinoticias.com\/1309\/mexico\/atentado-ecologico-en-tampico-danado-el-manglar-de-la-laguna-del-carpintero\/<\/a><\/p>\n","protected":false},"excerpt":{"rendered":"<p>Aristegui Noticias La Laguna del Carpintero, ubicada en el centro de Tampico, est\u00e1 amenazada por la construcci\u00f3n de un parque ecol\u00f3gico. Se han afectado zonas de manglar \u2013protegidas por la &hellip; <a href=\"http:\/\/www.grieta.org.mx\/index.php\/2015\/09\/13\/atentado-ecologico-en-tampico-esta-danado-el-manglar-de-la-laguna-del-carpintero\/\" class=\"more-link\">Leer m\u00e1s<\/a><\/p>\n","protected":false},"author":2,"featured_media":21928,"comment_status":"closed","ping_status":"open","sticky":false,"template":"","format":"standard","meta":{"ngg_post_thumbnail":0,"_jetpack_newsletter_access":"","_jetpack_dont_email_post_to_subs":false,"_jetpack_newsletter_tier_id":0,"_jetpack_memberships_contains_paywalled_content":false,"_jetpack_memberships_contains_paid_content":false,"footnotes":""},"categories":[80,259],"tags":[],"class_list":["post-2515","post","type-post","status-publish","format-standard","has-post-thumbnail","hentry","category-cintillo","category-tamaulipas","entry"],"jetpack_featured_media_url":"http:\/\/www.grieta.org.mx\/wp-content\/uploads\/2018\/03\/14524434_1106112876131411_958039263622046936_o.jpg","jetpack_sharing_enabled":true,"jetpack_shortlink":"https:\/\/wp.me\/p7ZJR4-Ez","jetpack_likes_enabled":false,"jetpack-related-posts":[{"id":2534,"url":"http:\/\/www.grieta.org.mx\/index.php\/2015\/09\/13\/destruccion-del-manglar-en-laguna-del-carpintero-tampico\/","url_meta":{"origin":2515,"position":0},"title":"Destrucci\u00f3n del manglar en Laguna del Carpintero, Tampico","author":"grieta","date":"13 septiembre, 2015","format":false,"excerpt":"13\/09\/15. Atentado ecol\u00f3gico en Tampico: est\u00e1 da\u00f1ado el manglar de la Laguna del CarpinteroAristegui Noticias","rel":"","context":"En &quot;Tamaulipas&quot;","block_context":{"text":"Tamaulipas","link":"http:\/\/www.grieta.org.mx\/index.php\/category\/noticias-nacionales\/tamaulipas\/"},"img":{"alt_text":"","src":"https:\/\/i0.wp.com\/www.grieta.org.mx\/wp-content\/uploads\/2018\/03\/14524434_1106112876131411_958039263622046936_o.jpg?resize=350%2C200","width":350,"height":200,"srcset":"https:\/\/i0.wp.com\/www.grieta.org.mx\/wp-content\/uploads\/2018\/03\/14524434_1106112876131411_958039263622046936_o.jpg?resize=350%2C200 1x, https:\/\/i0.wp.com\/www.grieta.org.mx\/wp-content\/uploads\/2018\/03\/14524434_1106112876131411_958039263622046936_o.jpg?resize=525%2C300 1.5x, https:\/\/i0.wp.com\/www.grieta.org.mx\/wp-content\/uploads\/2018\/03\/14524434_1106112876131411_958039263622046936_o.jpg?resize=700%2C400 2x"},"classes":[]},{"id":38385,"url":"http:\/\/www.grieta.org.mx\/index.php\/2019\/07\/26\/a-la-defensa-de-los-manglares-tamaulipas\/","url_meta":{"origin":2515,"position":1},"title":"A la defensa de los manglares (Tamaulipas)","author":"grieta","date":"26 julio, 2019","format":false,"excerpt":"Es abundante y est\u00e1 a la vista de todos, no es muy atractivo para ser presumido en fotograf\u00edas y es hasta criticado, pero una gran mayor\u00eda de la poblaci\u00f3n en general no tiene conocimiento puntual de la importante funci\u00f3n que realiza para el medio ambiente de la entidad y combatir\u2026","rel":"","context":"En &quot;CINTILLO&quot;","block_context":{"text":"CINTILLO","link":"http:\/\/www.grieta.org.mx\/index.php\/category\/cintillo\/"},"img":{"alt_text":"","src":"https:\/\/i0.wp.com\/www.grieta.org.mx\/wp-content\/uploads\/2019\/08\/Captura-de-pantalla-2019-07-25-a-las-22.25.10.png?resize=350%2C200","width":350,"height":200,"srcset":"https:\/\/i0.wp.com\/www.grieta.org.mx\/wp-content\/uploads\/2019\/08\/Captura-de-pantalla-2019-07-25-a-las-22.25.10.png?resize=350%2C200 1x, https:\/\/i0.wp.com\/www.grieta.org.mx\/wp-content\/uploads\/2019\/08\/Captura-de-pantalla-2019-07-25-a-las-22.25.10.png?resize=525%2C300 1.5x, https:\/\/i0.wp.com\/www.grieta.org.mx\/wp-content\/uploads\/2019\/08\/Captura-de-pantalla-2019-07-25-a-las-22.25.10.png?resize=700%2C400 2x"},"classes":[]},{"id":48215,"url":"http:\/\/www.grieta.org.mx\/index.php\/2020\/04\/23\/ambientalistas-presentan-denuncia-ante-profepa-por-tala-de-manglar-en-la-laguna-nichupte-quintana-roo\/","url_meta":{"origin":2515,"position":2},"title":"Ambientalistas presentan denuncia ante Profepa por tala de manglar en la laguna Nichupt\u00e9  (Quintana Roo)","author":"grieta","date":"23 abril, 2020","format":false,"excerpt":"Sara\u00ed Reyes \/ Noticaribe CANC\u00daN, MX.- Tras la denuncia hecha en redes sociales sobre la tala de manglar en el litoral lagunar Nichupt\u00e9 frente a plaza Kukulc\u00e1n, la presidenta del Grupo de Ecologistas del Mayab A.C., Araceli Dom\u00ednguez, confirm\u00f3 que han presentado la denuncia ante las instancias correspondientes para que\u2026","rel":"","context":"En &quot;CINTILLO&quot;","block_context":{"text":"CINTILLO","link":"http:\/\/www.grieta.org.mx\/index.php\/category\/cintillo\/"},"img":{"alt_text":"","src":"https:\/\/i0.wp.com\/www.grieta.org.mx\/wp-content\/uploads\/2020\/04\/Nichupte-e1587853623984.png?resize=350%2C200","width":350,"height":200,"srcset":"https:\/\/i0.wp.com\/www.grieta.org.mx\/wp-content\/uploads\/2020\/04\/Nichupte-e1587853623984.png?resize=350%2C200 1x, https:\/\/i0.wp.com\/www.grieta.org.mx\/wp-content\/uploads\/2020\/04\/Nichupte-e1587853623984.png?resize=525%2C300 1.5x, https:\/\/i0.wp.com\/www.grieta.org.mx\/wp-content\/uploads\/2020\/04\/Nichupte-e1587853623984.png?resize=700%2C400 2x"},"classes":[]},{"id":3672,"url":"http:\/\/www.grieta.org.mx\/index.php\/2015\/09\/29\/van-contra-devastacion-en-milla-de-oro-en-puerto-morelos-quintana-roo\/","url_meta":{"origin":2515,"position":3},"title":"Van contra devastaci\u00f3n en \u201cMilla de Oro\u201d en Puerto Morelos, Quintana Roo","author":"grieta","date":"29 septiembre, 2015","format":false,"excerpt":"El Grupo Ecologista del Mayab (GEMA), manifest\u00f3 su rechazo a la autorizaci\u00f3n de la Manifestaci\u00f3n de Impacto Ambiental (MIA) del Plan Maestro denominado \u201cLas Am\u00e9ricas\u201d, que pretende realizarse en Puerto Morelos. Tras participar en una consulta p\u00fablica, la presidenta de GEMA, Araceli Dom\u00ednguez, explic\u00f3 que la promotora omiti\u00f3 la importancia\u2026","rel":"","context":"En &quot;CINTILLO&quot;","block_context":{"text":"CINTILLO","link":"http:\/\/www.grieta.org.mx\/index.php\/category\/cintillo\/"},"img":{"alt_text":"","src":"https:\/\/i0.wp.com\/www.grieta.org.mx\/wp-content\/uploads\/2018\/03\/14524434_1106112876131411_958039263622046936_o.jpg?resize=350%2C200","width":350,"height":200,"srcset":"https:\/\/i0.wp.com\/www.grieta.org.mx\/wp-content\/uploads\/2018\/03\/14524434_1106112876131411_958039263622046936_o.jpg?resize=350%2C200 1x, https:\/\/i0.wp.com\/www.grieta.org.mx\/wp-content\/uploads\/2018\/03\/14524434_1106112876131411_958039263622046936_o.jpg?resize=525%2C300 1.5x, https:\/\/i0.wp.com\/www.grieta.org.mx\/wp-content\/uploads\/2018\/03\/14524434_1106112876131411_958039263622046936_o.jpg?resize=700%2C400 2x"},"classes":[]},{"id":5094,"url":"http:\/\/www.grieta.org.mx\/index.php\/2015\/08\/09\/interponen-amparo-vs-malecon-tajamar\/","url_meta":{"origin":2515,"position":4},"title":"Interponen amparo vs Malec\u00f3n Tajamar","author":"grieta","date":"9 agosto, 2015","format":false,"excerpt":"Canc\u00fan, QR. El Centro Mexicano de Derecho Ambiental (Cemda) interpuso el pasado 31 de julio un amparo en contra de la autorizaci\u00f3n de la Manifestaci\u00f3n Impacto Ambiental (MIA) condicionada que la Secretar\u00eda de Medio Ambiente y Recursos Naturales (Semarnat) otorg\u00f3 en favor del Fondo Nacional de Fomento al Turismo (Fonatur)\u2026","rel":"","context":"En &quot;CINTILLO&quot;","block_context":{"text":"CINTILLO","link":"http:\/\/www.grieta.org.mx\/index.php\/category\/cintillo\/"},"img":{"alt_text":"","src":"https:\/\/i0.wp.com\/www.grieta.org.mx\/wp-content\/uploads\/2018\/03\/14524434_1106112876131411_958039263622046936_o.jpg?resize=350%2C200","width":350,"height":200,"srcset":"https:\/\/i0.wp.com\/www.grieta.org.mx\/wp-content\/uploads\/2018\/03\/14524434_1106112876131411_958039263622046936_o.jpg?resize=350%2C200 1x, https:\/\/i0.wp.com\/www.grieta.org.mx\/wp-content\/uploads\/2018\/03\/14524434_1106112876131411_958039263622046936_o.jpg?resize=525%2C300 1.5x, https:\/\/i0.wp.com\/www.grieta.org.mx\/wp-content\/uploads\/2018\/03\/14524434_1106112876131411_958039263622046936_o.jpg?resize=700%2C400 2x"},"classes":[]},{"id":3684,"url":"http:\/\/www.grieta.org.mx\/index.php\/2016\/03\/03\/piden-no-repetir-tajamar-en-milla-de-oro\/","url_meta":{"origin":2515,"position":5},"title":"Piden no repetir Tajamar, en Milla de Oro","author":"grieta","date":"3 marzo, 2016","format":false,"excerpt":"Por Isela Serrano El \u201cPlan Maestro Las Am\u00e9ricas\u201d consiste en un desarrollo inmobiliario ubicado en la \u00faltima franja de costa de Canc\u00fan, en un predio de 420.89 hect\u00e1reas donde se edificar\u00edan 2 mil 104 habitaciones. CANC\u00daN, QR.- Organizaciones de la Sociedad Civil solicitaron a la Secretar\u00eda de Medio Ambiente y\u2026","rel":"","context":"En &quot;CINTILLO&quot;","block_context":{"text":"CINTILLO","link":"http:\/\/www.grieta.org.mx\/index.php\/category\/cintillo\/"},"img":{"alt_text":"","src":"https:\/\/i0.wp.com\/www.grieta.org.mx\/wp-content\/uploads\/2018\/03\/14524434_1106112876131411_958039263622046936_o.jpg?resize=350%2C200","width":350,"height":200,"srcset":"https:\/\/i0.wp.com\/www.grieta.org.mx\/wp-content\/uploads\/2018\/03\/14524434_1106112876131411_958039263622046936_o.jpg?resize=350%2C200 1x, https:\/\/i0.wp.com\/www.grieta.org.mx\/wp-content\/uploads\/2018\/03\/14524434_1106112876131411_958039263622046936_o.jpg?resize=525%2C300 1.5x, https:\/\/i0.wp.com\/www.grieta.org.mx\/wp-content\/uploads\/2018\/03\/14524434_1106112876131411_958039263622046936_o.jpg?resize=700%2C400 2x"},"classes":[]}],"_links":{"self":[{"href":"http:\/\/www.grieta.org.mx\/index.php\/wp-json\/wp\/v2\/posts\/2515","targetHints":{"allow":["GET"]}}],"collection":[{"href":"http:\/\/www.grieta.org.mx\/index.php\/wp-json\/wp\/v2\/posts"}],"about":[{"href":"http:\/\/www.grieta.org.mx\/index.php\/wp-json\/wp\/v2\/types\/post"}],"author":[{"embeddable":true,"href":"http:\/\/www.grieta.org.mx\/index.php\/wp-json\/wp\/v2\/users\/2"}],"replies":[{"embeddable":true,"href":"http:\/\/www.grieta.org.mx\/index.php\/wp-json\/wp\/v2\/comments?post=2515"}],"version-history":[{"count":1,"href":"http:\/\/www.grieta.org.mx\/index.php\/wp-json\/wp\/v2\/posts\/2515\/revisions"}],"predecessor-version":[{"id":2536,"href":"http:\/\/www.grieta.org.mx\/index.php\/wp-json\/wp\/v2\/posts\/2515\/revisions\/2536"}],"wp:featuredmedia":[{"embeddable":true,"href":"http:\/\/www.grieta.org.mx\/index.php\/wp-json\/wp\/v2\/media\/21928"}],"wp:attachment":[{"href":"http:\/\/www.grieta.org.mx\/index.php\/wp-json\/wp\/v2\/media?parent=2515"}],"wp:term":[{"taxonomy":"category","embeddable":true,"href":"http:\/\/www.grieta.org.mx\/index.php\/wp-json\/wp\/v2\/categories?post=2515"},{"taxonomy":"post_tag","embeddable":true,"href":"http:\/\/www.grieta.org.mx\/index.php\/wp-json\/wp\/v2\/tags?post=2515"}],"curies":[{"name":"wp","href":"https:\/\/api.w.org\/{rel}","templated":true}]}}