{"id":2507,"date":"2015-07-22T03:57:27","date_gmt":"2015-07-22T03:57:27","guid":{"rendered":"http:\/\/50.22.11.12\/~grietaor\/?p=2507"},"modified":"2016-03-13T04:00:35","modified_gmt":"2016-03-13T04:00:35","slug":"preocupa-instalacion-de-antena-en-san-marcos","status":"publish","type":"post","link":"http:\/\/www.grieta.org.mx\/index.php\/2015\/07\/22\/preocupa-instalacion-de-antena-en-san-marcos\/","title":{"rendered":"Preocupa instalaci\u00f3n de antena en San Marcos"},"content":{"rendered":"<p>Jes\u00fas Gonz\u00e1lez I Tula de Allende<\/p>\n<p>Habitantes de la comunidad San Marcos expresaron su preocupaci\u00f3n a ra\u00edz de las posibles afectaciones a la salud que pudiera causar la reciente instalaci\u00f3n de una antena de telefon\u00eda celular.<\/p>\n<p>Ante ese escenario, los colonos asistieron a la alcald\u00eda para conocer qui\u00e9n otorg\u00f3 los permisos para la instalaci\u00f3n de la repetidora de se\u00f1al y tambi\u00e9n bajo qu\u00e9 fundamento lo hicieron.<\/p>\n<p>Adem\u00e1s, los afectados denunciaron que para la instalaci\u00f3n de esta antena fue necesario derribar algunos \u00e1rboles, acci\u00f3n que cont\u00f3 con la anuencia del delegado de San Marcos.<\/p>\n<p>Exigencia<br \/>\n\u2026Los vecinos inconformes de San Marcos, en Tula, precisaron que exigir\u00e1n que el delegado de su comunidad los tome en cuenta para las diversas acciones que se realizan en el lugar; en caso contrario, pedir\u00e1n su destituci\u00f3n, junto con la de sus colaboradores, \u201cno permitiremos que hagan lo que quieran, ellos est\u00e1n para servir a la comunidad San Marcos\u201d.<\/p>\n<p>Debido a ello, los inconformes presentaron la queja correspondiente al \u00e1rea de Protecci\u00f3n Ambiental en Tula, que dirige Horacio Olgu\u00edn Luna, quien les inform\u00f3 que se hab\u00eda impuesto una sanci\u00f3n al delegado, que consiste en plantar 500 especies de \u00e1rboles antes del 7 de agosto.<\/p>\n<p>Sobre la problem\u00e1tica de la antena, los vecinos no encontraron soluci\u00f3n en la alcald\u00eda tulense; sin embargo, ayer por la noche se llev\u00f3 a cabo una reuni\u00f3n vecinal con la intenci\u00f3n de organizarse y ver qu\u00e9 medidas tomar para que la autoridad correspondiente act\u00fae conforme a la ley.<\/p>\n<p>Durante la reuni\u00f3n se abord\u00f3 el tema de la inseguridad que est\u00e1 viviendo la comunidad, ya que delincuentes han robado diversas casas-habitaci\u00f3n.<\/p>\n<p>La repetidora de se\u00f1al se ubica espec\u00edficamente en la intersecci\u00f3n de las avenidas Nacional e Insurgentes, en la carretera San Marcos\u2013Cruz Azul, y fue instalada sin la autorizaci\u00f3n de la poblaci\u00f3n, denunciaron vecinos.<\/p>\n<p>Por su parte, consultado al respecto, Jos\u00e9 Laguna Castillo, experto en instalaci\u00f3n de este tipo de antenas y vecino de San Marcos, dijo que este tipo de aparatos no representa un peligro para la salud p\u00fablica a consecuencia de las emisiones de radiaci\u00f3n emitidas.<\/p>\n<p><a href=\"http:\/\/www.criteriohidalgo.com\/notas.asp?id=319573\" target=\"_blank\">www.criteriohidalgo.com\/notas.asp?id=319573<\/a><\/p>\n","protected":false},"excerpt":{"rendered":"<p>Jes\u00fas Gonz\u00e1lez I Tula de Allende Habitantes de la comunidad San Marcos expresaron su preocupaci\u00f3n a ra\u00edz de las posibles afectaciones a la salud que pudiera causar la reciente instalaci\u00f3n &hellip; <a href=\"http:\/\/www.grieta.org.mx\/index.php\/2015\/07\/22\/preocupa-instalacion-de-antena-en-san-marcos\/\" class=\"more-link\">Leer m\u00e1s<\/a><\/p>\n","protected":false},"author":2,"featured_media":21928,"comment_status":"closed","ping_status":"open","sticky":false,"template":"","format":"standard","meta":{"ngg_post_thumbnail":0,"_jetpack_newsletter_access":"","_jetpack_dont_email_post_to_subs":false,"_jetpack_newsletter_tier_id":0,"_jetpack_memberships_contains_paywalled_content":false,"_jetpack_memberships_contains_paid_content":false,"footnotes":""},"categories":[80,129],"tags":[91],"class_list":["post-2507","post","type-post","status-publish","format-standard","has-post-thumbnail","hentry","category-cintillo","category-hidalgo","tag-contaminacion-ambiental","entry"],"jetpack_featured_media_url":"http:\/\/www.grieta.org.mx\/wp-content\/uploads\/2018\/03\/14524434_1106112876131411_958039263622046936_o.jpg","jetpack_sharing_enabled":true,"jetpack_shortlink":"https:\/\/wp.me\/p7ZJR4-Er","jetpack_likes_enabled":false,"jetpack-related-posts":[{"id":2508,"url":"http:\/\/www.grieta.org.mx\/index.php\/2015\/07\/30\/protestas-en-san-marcos-por-instalacion-de-antena-de-telefonia-celular\/","url_meta":{"origin":2507,"position":0},"title":"Protestas en San Marcos por instalaci\u00f3n de antena de telefon\u00eda celular","author":"grieta","date":"30 julio, 2015","format":false,"excerpt":"30\/07\/15. Ecolog\u00eda clausurar\u00eda antena de telefon\u00eda celularQuadrat\u00edn Hidalgo 22\/07\/15. Preocupa instalaci\u00f3n de antena en San Marcos Criterio Hidalgo","rel":"","context":"En &quot;Hidalgo&quot;","block_context":{"text":"Hidalgo","link":"http:\/\/www.grieta.org.mx\/index.php\/category\/noticias-nacionales\/hidalgo\/"},"img":{"alt_text":"","src":"https:\/\/i0.wp.com\/www.grieta.org.mx\/wp-content\/uploads\/2018\/03\/14524434_1106112876131411_958039263622046936_o.jpg?resize=350%2C200","width":350,"height":200,"srcset":"https:\/\/i0.wp.com\/www.grieta.org.mx\/wp-content\/uploads\/2018\/03\/14524434_1106112876131411_958039263622046936_o.jpg?resize=350%2C200 1x, https:\/\/i0.wp.com\/www.grieta.org.mx\/wp-content\/uploads\/2018\/03\/14524434_1106112876131411_958039263622046936_o.jpg?resize=525%2C300 1.5x, https:\/\/i0.wp.com\/www.grieta.org.mx\/wp-content\/uploads\/2018\/03\/14524434_1106112876131411_958039263622046936_o.jpg?resize=700%2C400 2x"},"classes":[]},{"id":2506,"url":"http:\/\/www.grieta.org.mx\/index.php\/2015\/07\/30\/ecologia-clausuraria-antena-de-telefonia-celular\/","url_meta":{"origin":2507,"position":1},"title":"Ecolog\u00eda clausurar\u00eda antena de telefon\u00eda celular","author":"grieta","date":"30 julio, 2015","format":false,"excerpt":"Miguel \u00c1ngel Mart\u00ednez El director de Ecolog\u00eda municipal, Horacio Olgu\u00edn Luna, expuso en entrevista que en caso de que se demuestre que la antena de telefon\u00eda que una empresa de celulares coloc\u00f3 en San Marcos, resulte da\u00f1ina para el medio ambiente y la salud p\u00fablica, el gobierno local, por medio\u2026","rel":"","context":"En &quot;CINTILLO&quot;","block_context":{"text":"CINTILLO","link":"http:\/\/www.grieta.org.mx\/index.php\/category\/cintillo\/"},"img":{"alt_text":"","src":"https:\/\/i0.wp.com\/www.grieta.org.mx\/wp-content\/uploads\/2018\/03\/14524434_1106112876131411_958039263622046936_o.jpg?resize=350%2C200","width":350,"height":200,"srcset":"https:\/\/i0.wp.com\/www.grieta.org.mx\/wp-content\/uploads\/2018\/03\/14524434_1106112876131411_958039263622046936_o.jpg?resize=350%2C200 1x, https:\/\/i0.wp.com\/www.grieta.org.mx\/wp-content\/uploads\/2018\/03\/14524434_1106112876131411_958039263622046936_o.jpg?resize=525%2C300 1.5x, https:\/\/i0.wp.com\/www.grieta.org.mx\/wp-content\/uploads\/2018\/03\/14524434_1106112876131411_958039263622046936_o.jpg?resize=700%2C400 2x"},"classes":[]},{"id":22767,"url":"http:\/\/www.grieta.org.mx\/index.php\/2018\/04\/17\/purepechas-no-permitiran-instalacion-de-casillas-en-michoacan\/","url_meta":{"origin":2507,"position":2},"title":"Pur\u00e9pechas no permitir\u00e1n instalaci\u00f3n de casillas en Michoac\u00e1n","author":"Admin","date":"17 abril, 2018","format":false,"excerpt":"A este pronunciamiento se suman siete poblaciones del Consejo Supremo Ind\u00edgena de la entidad. La comunidad Pur\u00e9pecha de Cocucho, en el municipio de Charapan, Michoac\u00e1n, avis\u00f3 al INE que no permitir\u00e1n la instalaci\u00f3n de casillas electorales argumentando que los candidatos generan problemas y divisiones en su comunidad. El documento de\u2026","rel":"","context":"En &quot;Michoac\u00e1n&quot;","block_context":{"text":"Michoac\u00e1n","link":"http:\/\/www.grieta.org.mx\/index.php\/category\/noticias-nacionales\/michoacan\/"},"img":{"alt_text":"","src":"https:\/\/i0.wp.com\/www.grieta.org.mx\/wp-content\/uploads\/2018\/04\/2007065040_176c5cb37d_b.jpg?resize=350%2C200","width":350,"height":200,"srcset":"https:\/\/i0.wp.com\/www.grieta.org.mx\/wp-content\/uploads\/2018\/04\/2007065040_176c5cb37d_b.jpg?resize=350%2C200 1x, https:\/\/i0.wp.com\/www.grieta.org.mx\/wp-content\/uploads\/2018\/04\/2007065040_176c5cb37d_b.jpg?resize=525%2C300 1.5x, https:\/\/i0.wp.com\/www.grieta.org.mx\/wp-content\/uploads\/2018\/04\/2007065040_176c5cb37d_b.jpg?resize=700%2C400 2x"},"classes":[]},{"id":33839,"url":"http:\/\/www.grieta.org.mx\/index.php\/2019\/05\/23\/denuncian-instalacion-de-gasoducto-irregular-en-comunidad-indigena-de-lagos-de-moreno-jalisco\/","url_meta":{"origin":2507,"position":3},"title":"Denuncian instalaci\u00f3n de gasoducto irregular en comunidad ind\u00edgena de Lagos de Moreno, Jalisco","author":"grieta","date":"23 mayo, 2019","format":false,"excerpt":"Dalia Souza \/ Zona Docs La lucha que el pueblo ind\u00edgena de San Juan Bautista de La Laguna, Lagos de Moreno, realiza contra la instalaci\u00f3n de una red de gasoductos de la empresa Gas Natural del Noroeste S.A. de C.V en su comunidad, qued\u00f3 expuesta esta ma\u00f1ana en una rueda\u2026","rel":"","context":"En &quot;CINTILLO&quot;","block_context":{"text":"CINTILLO","link":"http:\/\/www.grieta.org.mx\/index.php\/category\/cintillo\/"},"img":{"alt_text":"","src":"https:\/\/i0.wp.com\/www.grieta.org.mx\/wp-content\/uploads\/2019\/05\/D7L4FETW0AI206E-1200x640.jpg?resize=350%2C200","width":350,"height":200,"srcset":"https:\/\/i0.wp.com\/www.grieta.org.mx\/wp-content\/uploads\/2019\/05\/D7L4FETW0AI206E-1200x640.jpg?resize=350%2C200 1x, https:\/\/i0.wp.com\/www.grieta.org.mx\/wp-content\/uploads\/2019\/05\/D7L4FETW0AI206E-1200x640.jpg?resize=525%2C300 1.5x, https:\/\/i0.wp.com\/www.grieta.org.mx\/wp-content\/uploads\/2019\/05\/D7L4FETW0AI206E-1200x640.jpg?resize=700%2C400 2x, https:\/\/i0.wp.com\/www.grieta.org.mx\/wp-content\/uploads\/2019\/05\/D7L4FETW0AI206E-1200x640.jpg?resize=1050%2C600 3x"},"classes":[]},{"id":26488,"url":"http:\/\/www.grieta.org.mx\/index.php\/2018\/05\/23\/antena-irradia-nocivo-electroesmog-en-la-colonia-del-maestro-oaxaca\/","url_meta":{"origin":2507,"position":4},"title":"Antena irradia nocivo &#8220;electroesmog&#8221; en la colonia del Maestro, Oaxaca","author":"grieta","date":"23 mayo, 2018","format":false,"excerpt":"Noticias. Citlalli Luciana, Los m\u00e9dicos le dijeron que tomar\u00e1 dos a\u00f1os la descontaminaci\u00f3n su cuerpo, las secuelas son irreversibles. Durante 13 a\u00f1os vivi\u00f3 en su casa \u201ccomo un rat\u00f3n en una caja de zapatos dentro de un microondas\u201d, describe fulminante Alma, afectada por contaminaci\u00f3n electromagn\u00e9tica o electrosmog. Vibraci\u00f3n en paredes\u2026","rel":"","context":"En &quot;CINTILLO&quot;","block_context":{"text":"CINTILLO","link":"http:\/\/www.grieta.org.mx\/index.php\/category\/cintillo\/"},"img":{"alt_text":"","src":"https:\/\/i0.wp.com\/www.grieta.org.mx\/wp-content\/uploads\/2018\/09\/image_29_153.jpg?resize=350%2C200","width":350,"height":200,"srcset":"https:\/\/i0.wp.com\/www.grieta.org.mx\/wp-content\/uploads\/2018\/09\/image_29_153.jpg?resize=350%2C200 1x, https:\/\/i0.wp.com\/www.grieta.org.mx\/wp-content\/uploads\/2018\/09\/image_29_153.jpg?resize=525%2C300 1.5x, https:\/\/i0.wp.com\/www.grieta.org.mx\/wp-content\/uploads\/2018\/09\/image_29_153.jpg?resize=700%2C400 2x, https:\/\/i0.wp.com\/www.grieta.org.mx\/wp-content\/uploads\/2018\/09\/image_29_153.jpg?resize=1050%2C600 3x"},"classes":[]},{"id":22776,"url":"http:\/\/www.grieta.org.mx\/index.php\/2018\/04\/24\/cheran-ratifica-al-ine-su-negativa-a-instalar-casillas-electorales\/","url_meta":{"origin":2507,"position":5},"title":"Cher\u00e1n ratifica al INE su negativa a instalar casillas electorales","author":"Admin","date":"24 abril, 2018","format":false,"excerpt":"POR FRANCISCO CASTELLANOS J. CHER\u00c1N, Mich. (apro).- El Consejo Mayor de esta comunidad, a trav\u00e9s de su presidente Pedro Ch\u00e1vez, ratific\u00f3 al Instituto Nacional Electoral (INE) su negativa a que se instalen casillas para votar por autoridades federales. Ch\u00e1vez S\u00e1nchez explic\u00f3 que, en d\u00edas pasados, recibi\u00f3 un documento del INE,\u2026","rel":"","context":"En &quot;CINTILLO&quot;","block_context":{"text":"CINTILLO","link":"http:\/\/www.grieta.org.mx\/index.php\/category\/cintillo\/"},"img":{"alt_text":"","src":"https:\/\/i0.wp.com\/www.grieta.org.mx\/wp-content\/uploads\/2018\/04\/pedro-chavez-1078x675.jpg?resize=350%2C200","width":350,"height":200,"srcset":"https:\/\/i0.wp.com\/www.grieta.org.mx\/wp-content\/uploads\/2018\/04\/pedro-chavez-1078x675.jpg?resize=350%2C200 1x, https:\/\/i0.wp.com\/www.grieta.org.mx\/wp-content\/uploads\/2018\/04\/pedro-chavez-1078x675.jpg?resize=525%2C300 1.5x, https:\/\/i0.wp.com\/www.grieta.org.mx\/wp-content\/uploads\/2018\/04\/pedro-chavez-1078x675.jpg?resize=700%2C400 2x, https:\/\/i0.wp.com\/www.grieta.org.mx\/wp-content\/uploads\/2018\/04\/pedro-chavez-1078x675.jpg?resize=1050%2C600 3x"},"classes":[]}],"_links":{"self":[{"href":"http:\/\/www.grieta.org.mx\/index.php\/wp-json\/wp\/v2\/posts\/2507","targetHints":{"allow":["GET"]}}],"collection":[{"href":"http:\/\/www.grieta.org.mx\/index.php\/wp-json\/wp\/v2\/posts"}],"about":[{"href":"http:\/\/www.grieta.org.mx\/index.php\/wp-json\/wp\/v2\/types\/post"}],"author":[{"embeddable":true,"href":"http:\/\/www.grieta.org.mx\/index.php\/wp-json\/wp\/v2\/users\/2"}],"replies":[{"embeddable":true,"href":"http:\/\/www.grieta.org.mx\/index.php\/wp-json\/wp\/v2\/comments?post=2507"}],"version-history":[{"count":1,"href":"http:\/\/www.grieta.org.mx\/index.php\/wp-json\/wp\/v2\/posts\/2507\/revisions"}],"predecessor-version":[{"id":2512,"href":"http:\/\/www.grieta.org.mx\/index.php\/wp-json\/wp\/v2\/posts\/2507\/revisions\/2512"}],"wp:featuredmedia":[{"embeddable":true,"href":"http:\/\/www.grieta.org.mx\/index.php\/wp-json\/wp\/v2\/media\/21928"}],"wp:attachment":[{"href":"http:\/\/www.grieta.org.mx\/index.php\/wp-json\/wp\/v2\/media?parent=2507"}],"wp:term":[{"taxonomy":"category","embeddable":true,"href":"http:\/\/www.grieta.org.mx\/index.php\/wp-json\/wp\/v2\/categories?post=2507"},{"taxonomy":"post_tag","embeddable":true,"href":"http:\/\/www.grieta.org.mx\/index.php\/wp-json\/wp\/v2\/tags?post=2507"}],"curies":[{"name":"wp","href":"https:\/\/api.w.org\/{rel}","templated":true}]}}