{"id":2483,"date":"2015-02-16T22:21:30","date_gmt":"2015-02-16T22:21:30","guid":{"rendered":"http:\/\/50.22.11.12\/~grietaor\/?p=2483"},"modified":"2018-05-20T14:36:26","modified_gmt":"2018-05-20T19:36:26","slug":"tamaulipas-primer-lugar-en-desapariciones","status":"publish","type":"post","link":"http:\/\/www.grieta.org.mx\/index.php\/2015\/02\/16\/tamaulipas-primer-lugar-en-desapariciones\/","title":{"rendered":"Tamaulipas, primer lugar en desapariciones"},"content":{"rendered":"<p>El Economista<\/p>\n<p>JORGE MONROY<\/p>\n<p>Con un total de 5,293 personas desaparecidas, Tamaulipas es la entidad con el mayor registro de desapariciones, seguida de Jalisco y el Estado de M\u00e9xico. En conjunto, las tres entidades registran 9,162 desapariciones desde el 2007, y a\u00f1os anteriores.<\/p>\n<p>De acuerdo con el Registro Nacional de Personas Desaparecidas del Sistema Nacional de Seguridad P\u00fabica (SNSP), existen 23,271 personas que siguen sin paradero desde antes del 2007, de las cuales 12,696 desaparecieron entre el 2012 y el 2014.<\/p>\n<p>De esa cifra de personas, en Tamaulipas -el estado que desde hace m\u00e1s de un d\u00e9cada enfrenta problemas de seguridad por rivalidad entre los c\u00e1rteles de Los Zetas y del Golfo- han desaparecido 5,293 personas.<\/p>\n<p>Con 2,139 personas desaparecidas, el estado de Jalisco es la segunda entidad con m\u00e1s casos. En Jalisco es conocido que operan grupos criminales como el C\u00e1rtel de Jalisco Nueva Generaci\u00f3n, del Pac\u00edfico, Los Zetas, entre otros.<\/p>\n<p>El Estado de M\u00e9xico, la entidad m\u00e1s poblada del pa\u00eds, obtiene el tercer puesto con m\u00e1s casos de desapariciones registradas desde el 2007 y a\u00f1os anteriores, con un total de 1,730 personas.<br \/>\nOtras entidades en focos rojos son Coahuila con 1,428 personas desaparecidas; Sinaloa, con 1,393 desaparecidos; Nuevo Le\u00f3n con 1,138 desaparecidos; Chihuahua, con 1,145 desapariciones.<br \/>\nTambi\u00e9n Baja California, con 1,157 desaparecidos; Guanajuato, con 1,088 personas no localizadas; y Michoac\u00e1n con 985 casos.<\/p>\n<p>En Sonora, 779; en el Distrito Federal, 664; en Puebla, 776; en Guerrero, 590; en Veracruz, 499; en Hidalgo, 306; en Durango, 375; en Quer\u00e9taro, 293; en Zacatecas, 207 casos.<br \/>\nAguascalientes registra 191 casos; Colima, 183; Tabasco, 167; Quintana Roo, 150; Chiapas, 105; Morelos, 84; Campeche, 76; Yucat\u00e1n, 83; San Luis Potos\u00ed, 52; Baja California Sur; 22; Tlaxcala, 15; y Nayarit, con 12 casos.<\/p>\n<p>El viernes pasado, el Comit\u00e9 contra la Desaparici\u00f3n Forzada de la ONU expres\u00f3 su preocupaci\u00f3n por las desapariciones forzadas en territorio mexicano. Ello mereci\u00f3 que el gobierno mexicano endureciera sus respuestas a las cr\u00edticas de organismos internacionales de derechos humanos, argumentando que esas recomendaciones no reflejan adecuadamente la informaci\u00f3n presentada.\u201d<\/p>\n<p><a href=\"http:\/\/eleconomista.com.mx\/sociedad\/2015\/02\/16\/tamaulipas-primer-lugar-desapariciones\" target=\"_blank\">eleconomista.com.mx\/sociedad\/2015\/02\/16\/tamaulipas-primer-lugar-desapariciones<\/a><\/p>\n","protected":false},"excerpt":{"rendered":"<p>El Economista JORGE MONROY Con un total de 5,293 personas desaparecidas, Tamaulipas es la entidad con el mayor registro de desapariciones, seguida de Jalisco y el Estado de M\u00e9xico. En &hellip; <a href=\"http:\/\/www.grieta.org.mx\/index.php\/2015\/02\/16\/tamaulipas-primer-lugar-en-desapariciones\/\" class=\"more-link\">Leer m\u00e1s<\/a><\/p>\n","protected":false},"author":2,"featured_media":21928,"comment_status":"closed","ping_status":"open","sticky":false,"template":"","format":"standard","meta":{"ngg_post_thumbnail":0,"_jetpack_newsletter_access":"","_jetpack_dont_email_post_to_subs":false,"_jetpack_newsletter_tier_id":0,"_jetpack_memberships_contains_paywalled_content":false,"_jetpack_memberships_contains_paid_content":false,"footnotes":""},"categories":[80,87,1197,2,33,259],"tags":[121],"class_list":{"0":"post-2483","1":"post","2":"type-post","3":"status-publish","4":"format-standard","5":"has-post-thumbnail","6":"hentry","7":"category-cintillo","8":"category-desaparecidos","9":"category-desaparecidos-en-tamaulipas","10":"category-noticias-nacionales","11":"category-tamaulipas","13":"tag-desaparecidos","14":"entry"},"jetpack_featured_media_url":"http:\/\/www.grieta.org.mx\/wp-content\/uploads\/2018\/03\/14524434_1106112876131411_958039263622046936_o.jpg","jetpack_sharing_enabled":true,"jetpack_shortlink":"https:\/\/wp.me\/p7ZJR4-E3","jetpack_likes_enabled":false,"jetpack-related-posts":[{"id":23004,"url":"http:\/\/www.grieta.org.mx\/index.php\/2018\/04\/15\/cada-dia-desaparecen-11\/","url_meta":{"origin":2483,"position":0},"title":"Cada d\u00eda desaparecen 11","author":"grieta","date":"15 abril, 2018","format":false,"excerpt":"Agencia Reforma En enero pasado, 11 personas desaparecieron cada d\u00eda en el pa\u00eds, en promedio, de acuerdo con los datos oficiales. La m\u00e1s reciente actualizaci\u00f3n el Registro Nacional de Datos de Personas Extraviadas o Desaparecidas (Rnped), que se nutre con datos de la Procuradur\u00eda General de la Rep\u00fablica (PGR) y\u2026","rel":"","context":"En &quot;CINTILLO&quot;","block_context":{"text":"CINTILLO","link":"http:\/\/www.grieta.org.mx\/index.php\/category\/cintillo\/"},"img":{"alt_text":"","src":"https:\/\/i0.wp.com\/www.grieta.org.mx\/wp-content\/uploads\/2018\/05\/d7-1.jpg?resize=350%2C200","width":350,"height":200,"srcset":"https:\/\/i0.wp.com\/www.grieta.org.mx\/wp-content\/uploads\/2018\/05\/d7-1.jpg?resize=350%2C200 1x, https:\/\/i0.wp.com\/www.grieta.org.mx\/wp-content\/uploads\/2018\/05\/d7-1.jpg?resize=525%2C300 1.5x"},"classes":[]},{"id":12355,"url":"http:\/\/www.grieta.org.mx\/index.php\/2016\/05\/09\/lidera-tamaulipas-en-numero-de-desaparecidos-sesnsp\/","url_meta":{"origin":2483,"position":1},"title":"Lidera Tamaulipas en n\u00famero de desaparecidos: SESNSP","author":"grieta","date":"9 mayo, 2016","format":false,"excerpt":"Octavio Garc\u00eda Seg\u00fan sus cifras, en nuestro pa\u00eds hay 28 mil 158 personas no localizadas, de las cuales cinco mil 750 desaparecieron en alguno de los 43 municipios del estado. Una de cada cinco personas reportadas como desaparecidas en M\u00e9xico, fue vista por \u00faltima vez en el estado de Tamaulipas,\u2026","rel":"","context":"En &quot;CINTILLO&quot;","block_context":{"text":"CINTILLO","link":"http:\/\/www.grieta.org.mx\/index.php\/category\/cintillo\/"},"img":{"alt_text":"","src":"https:\/\/i0.wp.com\/www.grieta.org.mx\/wp-content\/uploads\/2018\/03\/14524434_1106112876131411_958039263622046936_o.jpg?resize=350%2C200","width":350,"height":200,"srcset":"https:\/\/i0.wp.com\/www.grieta.org.mx\/wp-content\/uploads\/2018\/03\/14524434_1106112876131411_958039263622046936_o.jpg?resize=350%2C200 1x, https:\/\/i0.wp.com\/www.grieta.org.mx\/wp-content\/uploads\/2018\/03\/14524434_1106112876131411_958039263622046936_o.jpg?resize=525%2C300 1.5x, https:\/\/i0.wp.com\/www.grieta.org.mx\/wp-content\/uploads\/2018\/03\/14524434_1106112876131411_958039263622046936_o.jpg?resize=700%2C400 2x"},"classes":[]},{"id":13340,"url":"http:\/\/www.grieta.org.mx\/index.php\/2016\/05\/31\/en-tamaulipas-la-mayor-cifra-de-desaparecidos\/","url_meta":{"origin":2483,"position":2},"title":"En Tamaulipas, la mayor cifra de desaparecidos","author":"grieta","date":"31 mayo, 2016","format":false,"excerpt":"Rafael L\u00f3pez Nuevo Laredo, Reynosa y Tampico son las alcald\u00edas que registran el mayor n\u00famero de desaparecidos en el pa\u00eds. Entre estos tres municipios suman 3 mil 286 personas sin localizar, de acuerdo con el Registro Nacional de Datos de Personas Extraviadas o Desaparecidas del Sistema Nacional de Seguridad P\u00fablica.La\u2026","rel":"","context":"En &quot;CINTILLO&quot;","block_context":{"text":"CINTILLO","link":"http:\/\/www.grieta.org.mx\/index.php\/category\/cintillo\/"},"img":{"alt_text":"","src":"https:\/\/i0.wp.com\/www.grieta.org.mx\/wp-content\/uploads\/2018\/03\/14524434_1106112876131411_958039263622046936_o.jpg?resize=350%2C200","width":350,"height":200,"srcset":"https:\/\/i0.wp.com\/www.grieta.org.mx\/wp-content\/uploads\/2018\/03\/14524434_1106112876131411_958039263622046936_o.jpg?resize=350%2C200 1x, https:\/\/i0.wp.com\/www.grieta.org.mx\/wp-content\/uploads\/2018\/03\/14524434_1106112876131411_958039263622046936_o.jpg?resize=525%2C300 1.5x, https:\/\/i0.wp.com\/www.grieta.org.mx\/wp-content\/uploads\/2018\/03\/14524434_1106112876131411_958039263622046936_o.jpg?resize=700%2C400 2x"},"classes":[]},{"id":65070,"url":"http:\/\/www.grieta.org.mx\/index.php\/2022\/08\/30\/con-protestas-recuerdan-a-personas-desaparecidas-en-tamaulipas\/","url_meta":{"origin":2483,"position":3},"title":"Con protestas recuerdan a personas desaparecidas en Tamaulipas","author":"grieta","date":"30 agosto, 2022","format":false,"excerpt":"Jaime Jim\u00e9nez\/El Sol de Tampico 30 agosto 2022 Recuerdan a personas desaparecidas en Reynosa y en Ciudad Madero mediante protestas pac\u00edficas en Tamaulipas Reynosa, Tamps., Agosto 30 (OEM-Informex).- Familias en Reynosa y Ciudad Madero que tienen a uno de sus parientes reportados como personas desaparecidas realizaron protestas pac\u00edficas para conmemorar\u2026","rel":"","context":"En &quot;CINTILLO&quot;","block_context":{"text":"CINTILLO","link":"http:\/\/www.grieta.org.mx\/index.php\/category\/cintillo\/"},"img":{"alt_text":"","src":"https:\/\/i0.wp.com\/www.grieta.org.mx\/wp-content\/uploads\/2022\/09\/Con-protestas-pacificas-recuerdan-a-las-personas-desaparecidas-en-Tamaulipas.jpg?resize=350%2C200","width":350,"height":200,"srcset":"https:\/\/i0.wp.com\/www.grieta.org.mx\/wp-content\/uploads\/2022\/09\/Con-protestas-pacificas-recuerdan-a-las-personas-desaparecidas-en-Tamaulipas.jpg?resize=350%2C200 1x, https:\/\/i0.wp.com\/www.grieta.org.mx\/wp-content\/uploads\/2022\/09\/Con-protestas-pacificas-recuerdan-a-las-personas-desaparecidas-en-Tamaulipas.jpg?resize=525%2C300 1.5x, https:\/\/i0.wp.com\/www.grieta.org.mx\/wp-content\/uploads\/2022\/09\/Con-protestas-pacificas-recuerdan-a-las-personas-desaparecidas-en-Tamaulipas.jpg?resize=700%2C400 2x"},"classes":[]},{"id":18999,"url":"http:\/\/www.grieta.org.mx\/index.php\/2016\/08\/02\/desaparecen-en-tamaulipas-6-mil-personas\/","url_meta":{"origin":2483,"position":4},"title":"Desaparecen en Tamaulipas 6 mil personas","author":"grieta","date":"2 agosto, 2016","format":false,"excerpt":"Edith Alvarez Entidad ocupa el primer lugar en el pa\u00eds por esta situaci\u00f3n, refiere estad\u00edstica. En Tamaulipas hay al menos unas 6 mil personas desaparecidas, algunas de ellas son originarias de Estados Unidos, Guatemala, Honduras, El Salvador, entre otros pa\u00edses, a quienes se les vio por \u00faltima vez en territorio\u2026","rel":"","context":"En &quot;CINTILLO&quot;","block_context":{"text":"CINTILLO","link":"http:\/\/www.grieta.org.mx\/index.php\/category\/cintillo\/"},"img":{"alt_text":"","src":"https:\/\/i0.wp.com\/www.grieta.org.mx\/wp-content\/uploads\/2018\/03\/14524434_1106112876131411_958039263622046936_o.jpg?resize=350%2C200","width":350,"height":200,"srcset":"https:\/\/i0.wp.com\/www.grieta.org.mx\/wp-content\/uploads\/2018\/03\/14524434_1106112876131411_958039263622046936_o.jpg?resize=350%2C200 1x, https:\/\/i0.wp.com\/www.grieta.org.mx\/wp-content\/uploads\/2018\/03\/14524434_1106112876131411_958039263622046936_o.jpg?resize=525%2C300 1.5x, https:\/\/i0.wp.com\/www.grieta.org.mx\/wp-content\/uploads\/2018\/03\/14524434_1106112876131411_958039263622046936_o.jpg?resize=700%2C400 2x"},"classes":[]},{"id":22949,"url":"http:\/\/www.grieta.org.mx\/index.php\/2017\/04\/14\/encabeza-tamaulipas-cifra-de-desaparecidos\/","url_meta":{"origin":2483,"position":5},"title":"Encabeza Tamaulipas cifra de desaparecidos","author":"grieta","date":"14 abril, 2017","format":false,"excerpt":"Rogelio Rodr\u00edguez Mendoza\/El Diario de Ciudad Victoria Cd. Victoria, Tam.- Tamaulipas es la entidad del pa\u00eds que registra m\u00e1s desapariciones de personas, inform\u00f3 la Comisi\u00f3n Nacional de Derechos Humanos (CNDH) apoyada en datos estad\u00edsticos del Registro Nacional de Datos de Personas Extraviadas o Desaparecidas (RNDPED), a octubre del 2016. \u201cEl\u2026","rel":"","context":"En &quot;CINTILLO&quot;","block_context":{"text":"CINTILLO","link":"http:\/\/www.grieta.org.mx\/index.php\/category\/cintillo\/"},"img":{"alt_text":"","src":"https:\/\/i0.wp.com\/www.grieta.org.mx\/wp-content\/uploads\/2018\/05\/d1.jpg?resize=350%2C200","width":350,"height":200,"srcset":"https:\/\/i0.wp.com\/www.grieta.org.mx\/wp-content\/uploads\/2018\/05\/d1.jpg?resize=350%2C200 1x, https:\/\/i0.wp.com\/www.grieta.org.mx\/wp-content\/uploads\/2018\/05\/d1.jpg?resize=525%2C300 1.5x, https:\/\/i0.wp.com\/www.grieta.org.mx\/wp-content\/uploads\/2018\/05\/d1.jpg?resize=700%2C400 2x"},"classes":[]}],"_links":{"self":[{"href":"http:\/\/www.grieta.org.mx\/index.php\/wp-json\/wp\/v2\/posts\/2483","targetHints":{"allow":["GET"]}}],"collection":[{"href":"http:\/\/www.grieta.org.mx\/index.php\/wp-json\/wp\/v2\/posts"}],"about":[{"href":"http:\/\/www.grieta.org.mx\/index.php\/wp-json\/wp\/v2\/types\/post"}],"author":[{"embeddable":true,"href":"http:\/\/www.grieta.org.mx\/index.php\/wp-json\/wp\/v2\/users\/2"}],"replies":[{"embeddable":true,"href":"http:\/\/www.grieta.org.mx\/index.php\/wp-json\/wp\/v2\/comments?post=2483"}],"version-history":[{"count":1,"href":"http:\/\/www.grieta.org.mx\/index.php\/wp-json\/wp\/v2\/posts\/2483\/revisions"}],"predecessor-version":[{"id":2513,"href":"http:\/\/www.grieta.org.mx\/index.php\/wp-json\/wp\/v2\/posts\/2483\/revisions\/2513"}],"wp:featuredmedia":[{"embeddable":true,"href":"http:\/\/www.grieta.org.mx\/index.php\/wp-json\/wp\/v2\/media\/21928"}],"wp:attachment":[{"href":"http:\/\/www.grieta.org.mx\/index.php\/wp-json\/wp\/v2\/media?parent=2483"}],"wp:term":[{"taxonomy":"category","embeddable":true,"href":"http:\/\/www.grieta.org.mx\/index.php\/wp-json\/wp\/v2\/categories?post=2483"},{"taxonomy":"post_tag","embeddable":true,"href":"http:\/\/www.grieta.org.mx\/index.php\/wp-json\/wp\/v2\/tags?post=2483"}],"curies":[{"name":"wp","href":"https:\/\/api.w.org\/{rel}","templated":true}]}}