{"id":24687,"date":"2018-05-23T18:36:16","date_gmt":"2018-05-23T23:36:16","guid":{"rendered":"http:\/\/www.grieta.org.mx\/?p=24687"},"modified":"2018-07-14T18:42:07","modified_gmt":"2018-07-14T23:42:07","slug":"istmo-segundo-por-desaparicion-de-mujeres-en-oaxaca","status":"publish","type":"post","link":"http:\/\/www.grieta.org.mx\/index.php\/2018\/05\/23\/istmo-segundo-por-desaparicion-de-mujeres-en-oaxaca\/","title":{"rendered":"Istmo, segundo por desaparici\u00f3n de mujeres en Oaxaca"},"content":{"rendered":"<p>Noticias.<\/p>\n<p>Mariana Saynes B\u00f3squez y Francisco Mendoza,<\/p>\n<p>Salina Cruz, Oaxaca.- La regi\u00f3n del Istmo de Tehuantepec ocupa el segundo lugar estatal por el n\u00famero de mujeres desaparecidas, as\u00ed lo confirma un estudio presentado recientemente por Consorcio para el Di\u00e1logo Parlamentario y la Equidad Oaxaca. El an\u00e1lisis de la organizaci\u00f3n parte de la estad\u00edstica hemer\u00f3grafica obtenida de la plataforma violenciafeminicida.consorciooaxaca.org.mx.<\/p>\n<p><img loading=\"lazy\" decoding=\"async\" data-attachment-id=\"24688\" data-permalink=\"http:\/\/www.grieta.org.mx\/index.php\/2018\/05\/23\/istmo-segundo-por-desaparicion-de-mujeres-en-oaxaca\/image_16_236\/\" data-orig-file=\"http:\/\/www.grieta.org.mx\/wp-content\/uploads\/2018\/07\/image_16_236.jpg\" data-orig-size=\"1144,645\" data-comments-opened=\"0\" data-image-meta=\"{&quot;aperture&quot;:&quot;0&quot;,&quot;credit&quot;:&quot;&quot;,&quot;camera&quot;:&quot;&quot;,&quot;caption&quot;:&quot;&quot;,&quot;created_timestamp&quot;:&quot;0&quot;,&quot;copyright&quot;:&quot;&quot;,&quot;focal_length&quot;:&quot;0&quot;,&quot;iso&quot;:&quot;0&quot;,&quot;shutter_speed&quot;:&quot;0&quot;,&quot;title&quot;:&quot;&quot;,&quot;orientation&quot;:&quot;0&quot;}\" data-image-title=\"image_16_236\" data-image-description=\"\" data-image-caption=\"\" data-medium-file=\"http:\/\/www.grieta.org.mx\/wp-content\/uploads\/2018\/07\/image_16_236-300x169.jpg\" data-large-file=\"http:\/\/www.grieta.org.mx\/wp-content\/uploads\/2018\/07\/image_16_236-1024x577.jpg\" src=\"http:\/\/www.grieta.org.mx\/wp-content\/uploads\/2018\/07\/image_16_236-300x169.jpg\" alt=\"\" width=\"300\" height=\"169\" class=\"aligncenter size-medium wp-image-24688\" srcset=\"http:\/\/www.grieta.org.mx\/wp-content\/uploads\/2018\/07\/image_16_236-300x169.jpg 300w, http:\/\/www.grieta.org.mx\/wp-content\/uploads\/2018\/07\/image_16_236-768x433.jpg 768w, http:\/\/www.grieta.org.mx\/wp-content\/uploads\/2018\/07\/image_16_236-1024x577.jpg 1024w, http:\/\/www.grieta.org.mx\/wp-content\/uploads\/2018\/07\/image_16_236-887x500.jpg 887w, http:\/\/www.grieta.org.mx\/wp-content\/uploads\/2018\/07\/image_16_236.jpg 1144w\" sizes=\"auto, (max-width: 300px) 100vw, 300px\" \/><br \/>\nColectivos han pedido a la Fiscal\u00eda agilizar los trabajos para erradicar la violencia hacia las mujeres<\/p>\n<p>El periodo de estudio abarca lo que ha transcurrido del actual gobierno encabezado por Alejandro Murat Hinojosa, del 1 de diciembre del 2016 al 15 de mayo del 2018. De esta forma, en los primeros 17.5 meses de la gesti\u00f3n del joven priista, en Oaxaca han desaparecido 228 mujeres, lo que significa un aumento del 585 por ciento, respecto de todos los casos presentados en el anterior sexenio.<\/p>\n<p>Con 28 casos de mujeres desaparecidas, el Istmo se encuentra debajo de la regi\u00f3n de Valles Centrales que ocupa el primer lugar con 143 casos en los primeros meses de la administraci\u00f3n estatal. Adem\u00e1s, Salina Cruz y Santo Domingo Tehuantepec ocupan el segundo lugar como los municipios en donde mayormente se da este fen\u00f3meno.<\/p>\n<p>El primero es Oaxaca de Ju\u00e1rez y a Salina Cruz y Tehuantepec le siguen Santa Cruz Xoxocotl\u00e1n (Valles Centrales), Huajuapan de Le\u00f3n (Mixteca), Tuxtepec (Cuenca) y Santa Luc\u00eda del Camino (Valles Centrales).<\/p>\n<p>Las regiones de la Costa y la Mixteca comparten el tercer lugar estatal por el n\u00famero de casos, con 16 cada una.<\/p>\n<p>Conforme lo consultado en la plataforma violenciafeminicida.consorciooaxaca.org.mx en los primeros cuatro meses y medio del 2018, se han dado 14 casos de desaparici\u00f3n de mujeres en el Istmo de Tehuantepec, es decir, tres por cada mes en promedio. De \u00e9stas, dos han sido localizadas.<\/p>\n<p>En Salina Cruz y Tehuantepec se cuentan tres casos por cada municipio; le siguen Juchit\u00e1n con dos casos y Chahuites, Mixtequilla, Guevea de Humboldt, Chihuit\u00e1n, Jalapa del Marqu\u00e9s e Ixtepec con un caso. Entre \u00e9stos se cuenta la desaparici\u00f3n de una beb\u00e9 de un a\u00f1o y ocho meses de edad. <\/p>\n<p>El a\u00f1o pasado se report\u00f3 un total de 13 casos de desaparici\u00f3n de mujeres, de quienes a la fecha no existe rastro. En 2017, Salina Cruz tambi\u00e9n present\u00f3 el mayor n\u00famero de casos.<\/p>\n<p><a href=\"https:\/\/www.nvinoticias.com\/nota\/93048\/istmo-segundo-por-desaparicion-de-mujeres-en-oaxaca\" rel=\"noopener\" target=\"_blank\">https:\/\/www.nvinoticias.com\/nota\/93048\/istmo-segundo-por-desaparicion-de-mujeres-en-oaxaca<\/a><\/p>\n","protected":false},"excerpt":{"rendered":"<p>Noticias. Mariana Saynes B\u00f3squez y Francisco Mendoza, Salina Cruz, Oaxaca.- La regi\u00f3n del Istmo de Tehuantepec ocupa el segundo lugar estatal por el n\u00famero de mujeres desaparecidas, as\u00ed lo confirma &hellip; <a href=\"http:\/\/www.grieta.org.mx\/index.php\/2018\/05\/23\/istmo-segundo-por-desaparicion-de-mujeres-en-oaxaca\/\" class=\"more-link\">Leer m\u00e1s<\/a><\/p>\n","protected":false},"author":2,"featured_media":24688,"comment_status":"closed","ping_status":"closed","sticky":false,"template":"","format":"standard","meta":{"ngg_post_thumbnail":0,"_jetpack_newsletter_access":"","_jetpack_dont_email_post_to_subs":false,"_jetpack_newsletter_tier_id":0,"_jetpack_memberships_contains_paywalled_content":false,"_jetpack_memberships_contains_paid_content":false,"footnotes":""},"categories":[80,1325,2,25],"tags":[],"class_list":["post-24687","post","type-post","status-publish","format-standard","has-post-thumbnail","hentry","category-cintillo","category-feminicidios-en-oaxaca-oaxaca","category-noticias-nacionales","category-oaxaca","entry"],"jetpack_featured_media_url":"http:\/\/www.grieta.org.mx\/wp-content\/uploads\/2018\/07\/image_16_236.jpg","jetpack_sharing_enabled":true,"jetpack_shortlink":"https:\/\/wp.me\/p7ZJR4-6qb","jetpack_likes_enabled":false,"jetpack-related-posts":[{"id":9391,"url":"http:\/\/www.grieta.org.mx\/index.php\/2016\/03\/10\/desaparecidos-en-oaxaca\/","url_meta":{"origin":24687,"position":0},"title":"Desaparecidos en Oaxaca","author":"grieta","date":"10 marzo, 2016","format":false,"excerpt":"03\/03\/16. Mujeres desaparecidas en M\u00e9xico; van 99 en Oaxaca Noticias net 15\/12\/15. Intentan desnudar a madres de migrantes en reclusorios de Oaxaca Noticias net 14\/12\/15. La b\u00fasqueda de Clementina, 28 a\u00f1os en espera de sus hijos Istmo Press 13\/12\/15. Caravana de madres de migrantes concluye ruta en Oaxaca Quadrat\u00edn 12\/12\/15.\u2026","rel":"","context":"En &quot;Desaparecidos&quot;","block_context":{"text":"Desaparecidos","link":"http:\/\/www.grieta.org.mx\/index.php\/category\/temas-nacionales\/desaparecidos\/"},"img":{"alt_text":"","src":"https:\/\/i0.wp.com\/www.grieta.org.mx\/wp-content\/uploads\/2018\/03\/14524434_1106112876131411_958039263622046936_o.jpg?resize=350%2C200","width":350,"height":200,"srcset":"https:\/\/i0.wp.com\/www.grieta.org.mx\/wp-content\/uploads\/2018\/03\/14524434_1106112876131411_958039263622046936_o.jpg?resize=350%2C200 1x, https:\/\/i0.wp.com\/www.grieta.org.mx\/wp-content\/uploads\/2018\/03\/14524434_1106112876131411_958039263622046936_o.jpg?resize=525%2C300 1.5x, https:\/\/i0.wp.com\/www.grieta.org.mx\/wp-content\/uploads\/2018\/03\/14524434_1106112876131411_958039263622046936_o.jpg?resize=700%2C400 2x"},"classes":[]},{"id":57369,"url":"http:\/\/www.grieta.org.mx\/index.php\/2021\/03\/07\/marchan-mujeres-zapotecas-contra-feminicidios-en-el-istmo-oaxaca\/","url_meta":{"origin":24687,"position":1},"title":"Marchan mujeres zapotecas contra feminicidios en el Istmo (Oaxaca)","author":"grieta","date":"7 marzo, 2021","format":false,"excerpt":"Pi\u00e9 de P\u00e1gina \/ Diana Manzo. Juchit\u00e1n, Oaxaca.- Vestidas con sus enaguas y huipiles, mujeres zapotecas de este municipio oaxaque\u00f1o marcharon contra los feminicidios y la violencia en el marco del D\u00eda Internacional de la Mujer. Familiares de Carolina, la \u00faltima mujer asesinada en Juchit\u00e1n, encabezaron el contingente que parti\u00f3\u2026","rel":"","context":"En &quot;CINTILLO&quot;","block_context":{"text":"CINTILLO","link":"http:\/\/www.grieta.org.mx\/index.php\/category\/cintillo\/"},"img":{"alt_text":"","src":"https:\/\/i0.wp.com\/www.grieta.org.mx\/wp-content\/uploads\/2021\/03\/1-1.jpg?resize=350%2C200","width":350,"height":200,"srcset":"https:\/\/i0.wp.com\/www.grieta.org.mx\/wp-content\/uploads\/2021\/03\/1-1.jpg?resize=350%2C200 1x, https:\/\/i0.wp.com\/www.grieta.org.mx\/wp-content\/uploads\/2021\/03\/1-1.jpg?resize=525%2C300 1.5x, https:\/\/i0.wp.com\/www.grieta.org.mx\/wp-content\/uploads\/2021\/03\/1-1.jpg?resize=700%2C400 2x"},"classes":[]},{"id":33864,"url":"http:\/\/www.grieta.org.mx\/index.php\/2019\/05\/21\/50-mujeres-asesinadas-en-oaxaca-en-menos-de-5-meses\/","url_meta":{"origin":24687,"position":2},"title":"50 mujeres asesinadas en Oaxaca, en menos de 5 meses","author":"grieta","date":"21 mayo, 2019","format":false,"excerpt":"P\u00e1gina 3. SemM\u00e9xico, Oaxaca, 20 mayo 2019.- Agentes estatales de investigaci\u00f3n localizaron este domingo a una mujer asesinada en el municipio de Mat\u00edas Romero Avenda\u00f1o; el segundo feminicidio durante el fin de semana ocurrido en la regi\u00f3n del Istmo de Tehuantepec y el n\u00famero 50 en lo que va del\u2026","rel":"","context":"En &quot;CINTILLO&quot;","block_context":{"text":"CINTILLO","link":"http:\/\/www.grieta.org.mx\/index.php\/category\/cintillo\/"},"img":{"alt_text":"","src":"https:\/\/i0.wp.com\/www.grieta.org.mx\/wp-content\/uploads\/2018\/03\/14524434_1106112876131411_958039263622046936_o.jpg?resize=350%2C200","width":350,"height":200,"srcset":"https:\/\/i0.wp.com\/www.grieta.org.mx\/wp-content\/uploads\/2018\/03\/14524434_1106112876131411_958039263622046936_o.jpg?resize=350%2C200 1x, https:\/\/i0.wp.com\/www.grieta.org.mx\/wp-content\/uploads\/2018\/03\/14524434_1106112876131411_958039263622046936_o.jpg?resize=525%2C300 1.5x, https:\/\/i0.wp.com\/www.grieta.org.mx\/wp-content\/uploads\/2018\/03\/14524434_1106112876131411_958039263622046936_o.jpg?resize=700%2C400 2x"},"classes":[]},{"id":46101,"url":"http:\/\/www.grieta.org.mx\/index.php\/2020\/03\/10\/denuncian-acoso-sexual-y-hostigamiento-en-la-universidad-del-istmo-oaxaca\/","url_meta":{"origin":24687,"position":3},"title":"Denuncian acoso sexual y hostigamiento en la Universidad del Istmo (Oaxaca)","author":"grieta","date":"10 marzo, 2020","format":false,"excerpt":"P\u00e1gina 3 \/ Diana Manzo. Denuncian acoso sexual y hostigamiento en la Universidad del Istmo. Foto: Diana Manzo. Juchit\u00e1n, Oax., (pagina3.mx).- Profesoras y estudiantes de la Universidad del Istmo campus Ciudad Ixtepec denuncian acoso de tres profesores de la licenciatura de Derecho. Ello, porque ejercen violencia sexual y hostigamiento desde\u2026","rel":"","context":"En &quot;CINTILLO&quot;","block_context":{"text":"CINTILLO","link":"http:\/\/www.grieta.org.mx\/index.php\/category\/cintillo\/"},"img":{"alt_text":"","src":"https:\/\/i0.wp.com\/www.grieta.org.mx\/wp-content\/uploads\/2020\/03\/Denuncian-acoso-sexual-y-hostigamiento-en-la-Universidad-del-Istmo-1-696x350.jpeg?resize=350%2C200","width":350,"height":200,"srcset":"https:\/\/i0.wp.com\/www.grieta.org.mx\/wp-content\/uploads\/2020\/03\/Denuncian-acoso-sexual-y-hostigamiento-en-la-Universidad-del-Istmo-1-696x350.jpeg?resize=350%2C200 1x, https:\/\/i0.wp.com\/www.grieta.org.mx\/wp-content\/uploads\/2020\/03\/Denuncian-acoso-sexual-y-hostigamiento-en-la-Universidad-del-Istmo-1-696x350.jpeg?resize=525%2C300 1.5x"},"classes":[]},{"id":37994,"url":"http:\/\/www.grieta.org.mx\/index.php\/2019\/08\/17\/istmo-zona-roja-para-mujeres-oaxaca\/","url_meta":{"origin":24687,"position":4},"title":"Istmo, zona roja para mujeres (Oaxaca)","author":"grieta","date":"17 agosto, 2019","format":false,"excerpt":"Citlalli Luciana \/ Noticias. Concentra el 29 % de los asesinatos Durante la semana, una mujer fue ejecutada en Juchit\u00e1n y otra m\u00e1s en Salina Cruz, en ambos casos fueron ataques armados. El Istmo de Tehuantepec est\u00e1 considerada como la zona m\u00e1s peligrosa para las mujeres. La regi\u00f3n concentra el\u2026","rel":"","context":"En &quot;CINTILLO&quot;","block_context":{"text":"CINTILLO","link":"http:\/\/www.grieta.org.mx\/index.php\/category\/cintillo\/"},"img":{"alt_text":"","src":"https:\/\/i0.wp.com\/www.grieta.org.mx\/wp-content\/uploads\/2019\/08\/A.jpg?resize=350%2C200","width":350,"height":200,"srcset":"https:\/\/i0.wp.com\/www.grieta.org.mx\/wp-content\/uploads\/2019\/08\/A.jpg?resize=350%2C200 1x, https:\/\/i0.wp.com\/www.grieta.org.mx\/wp-content\/uploads\/2019\/08\/A.jpg?resize=525%2C300 1.5x, https:\/\/i0.wp.com\/www.grieta.org.mx\/wp-content\/uploads\/2019\/08\/A.jpg?resize=700%2C400 2x, https:\/\/i0.wp.com\/www.grieta.org.mx\/wp-content\/uploads\/2019\/08\/A.jpg?resize=1050%2C600 3x"},"classes":[]},{"id":56084,"url":"http:\/\/www.grieta.org.mx\/index.php\/2020\/12\/28\/colectivos-feministas-exigen-dar-con-responsable-de-la-muerte-de-bertha-jose-oaxaca\/","url_meta":{"origin":24687,"position":5},"title":"Colectivos feministas exigen dar con responsable de la muerte de Bertha Jos\u00e9 (Oaxaca)","author":"grieta","date":"28 diciembre, 2020","format":false,"excerpt":"Noticias \/ Staff. Colectivos feministas de Oaxaca, mediante redes sociales, han exigido a las autoridades de la entidad detener al responsable o responsables de la muerte de Bertha Jos\u00e9 Dom\u00ednguez, quien fue asesinada con arma blanca en la regi\u00f3n del Istmo de Tehuantepec, presuntamente por su esposo, Jes\u00fas M. A.,\u2026","rel":"","context":"En &quot;CINTILLO&quot;","block_context":{"text":"CINTILLO","link":"http:\/\/www.grieta.org.mx\/index.php\/category\/cintillo\/"},"img":{"alt_text":"","src":"https:\/\/i0.wp.com\/www.grieta.org.mx\/wp-content\/uploads\/2021\/01\/bertha.jpg?resize=350%2C200","width":350,"height":200,"srcset":"https:\/\/i0.wp.com\/www.grieta.org.mx\/wp-content\/uploads\/2021\/01\/bertha.jpg?resize=350%2C200 1x, https:\/\/i0.wp.com\/www.grieta.org.mx\/wp-content\/uploads\/2021\/01\/bertha.jpg?resize=525%2C300 1.5x, https:\/\/i0.wp.com\/www.grieta.org.mx\/wp-content\/uploads\/2021\/01\/bertha.jpg?resize=700%2C400 2x, https:\/\/i0.wp.com\/www.grieta.org.mx\/wp-content\/uploads\/2021\/01\/bertha.jpg?resize=1050%2C600 3x"},"classes":[]}],"_links":{"self":[{"href":"http:\/\/www.grieta.org.mx\/index.php\/wp-json\/wp\/v2\/posts\/24687","targetHints":{"allow":["GET"]}}],"collection":[{"href":"http:\/\/www.grieta.org.mx\/index.php\/wp-json\/wp\/v2\/posts"}],"about":[{"href":"http:\/\/www.grieta.org.mx\/index.php\/wp-json\/wp\/v2\/types\/post"}],"author":[{"embeddable":true,"href":"http:\/\/www.grieta.org.mx\/index.php\/wp-json\/wp\/v2\/users\/2"}],"replies":[{"embeddable":true,"href":"http:\/\/www.grieta.org.mx\/index.php\/wp-json\/wp\/v2\/comments?post=24687"}],"version-history":[{"count":1,"href":"http:\/\/www.grieta.org.mx\/index.php\/wp-json\/wp\/v2\/posts\/24687\/revisions"}],"predecessor-version":[{"id":24689,"href":"http:\/\/www.grieta.org.mx\/index.php\/wp-json\/wp\/v2\/posts\/24687\/revisions\/24689"}],"wp:featuredmedia":[{"embeddable":true,"href":"http:\/\/www.grieta.org.mx\/index.php\/wp-json\/wp\/v2\/media\/24688"}],"wp:attachment":[{"href":"http:\/\/www.grieta.org.mx\/index.php\/wp-json\/wp\/v2\/media?parent=24687"}],"wp:term":[{"taxonomy":"category","embeddable":true,"href":"http:\/\/www.grieta.org.mx\/index.php\/wp-json\/wp\/v2\/categories?post=24687"},{"taxonomy":"post_tag","embeddable":true,"href":"http:\/\/www.grieta.org.mx\/index.php\/wp-json\/wp\/v2\/tags?post=24687"}],"curies":[{"name":"wp","href":"https:\/\/api.w.org\/{rel}","templated":true}]}}