{"id":24513,"date":"2018-07-11T01:48:38","date_gmt":"2018-07-11T06:48:38","guid":{"rendered":"http:\/\/www.grieta.org.mx\/?p=24513"},"modified":"2018-07-11T01:48:38","modified_gmt":"2018-07-11T06:48:38","slug":"protestan-jubilados-del-issste-san-luis-potosi","status":"publish","type":"post","link":"http:\/\/www.grieta.org.mx\/index.php\/2018\/07\/11\/protestan-jubilados-del-issste-san-luis-potosi\/","title":{"rendered":"Protestan jubilados del ISSSTE (San Luis Potos\u00ed)"},"content":{"rendered":"<p><img decoding=\"async\" data-attachment-id=\"24514\" data-permalink=\"http:\/\/www.grieta.org.mx\/index.php\/2018\/07\/11\/protestan-jubilados-del-issste-san-luis-potosi\/protestan-jubilados-del-issste-1\/\" data-orig-file=\"http:\/\/www.grieta.org.mx\/wp-content\/uploads\/2018\/07\/Protestan-jubilados-del-ISSSTE-1.jpg\" data-orig-size=\"651,400\" data-comments-opened=\"0\" data-image-meta=\"{&quot;aperture&quot;:&quot;0&quot;,&quot;credit&quot;:&quot;&quot;,&quot;camera&quot;:&quot;&quot;,&quot;caption&quot;:&quot;&quot;,&quot;created_timestamp&quot;:&quot;0&quot;,&quot;copyright&quot;:&quot;&quot;,&quot;focal_length&quot;:&quot;0&quot;,&quot;iso&quot;:&quot;0&quot;,&quot;shutter_speed&quot;:&quot;0&quot;,&quot;title&quot;:&quot;&quot;,&quot;orientation&quot;:&quot;0&quot;}\" data-image-title=\"Protestan jubilados del ISSSTE 1\" data-image-description=\"\" data-image-caption=\"\" data-medium-file=\"http:\/\/www.grieta.org.mx\/wp-content\/uploads\/2018\/07\/Protestan-jubilados-del-ISSSTE-1-300x184.jpg\" data-large-file=\"http:\/\/www.grieta.org.mx\/wp-content\/uploads\/2018\/07\/Protestan-jubilados-del-ISSSTE-1.jpg\" src=\"http:\/\/www.grieta.org.mx\/wp-content\/uploads\/2018\/07\/Protestan-jubilados-del-ISSSTE-1.jpg\" alt=\"\" width=\"100%\" class=\"aligncenter size-full wp-image-24514\" srcset=\"http:\/\/www.grieta.org.mx\/wp-content\/uploads\/2018\/07\/Protestan-jubilados-del-ISSSTE-1.jpg 651w, http:\/\/www.grieta.org.mx\/wp-content\/uploads\/2018\/07\/Protestan-jubilados-del-ISSSTE-1-300x184.jpg 300w\" sizes=\"(max-width: 651px) 100vw, 651px\" \/><\/p>\n<p>Sergio Mar\u00edn \/ El Universal<\/p>\n<blockquote><p>Denuncian descuento ilegal en el pago de sus prestaciones; demandan mejores servicios m\u00e9dicos<\/p><\/blockquote>\n<p>Un grupo de aproximadamente 30 pensionados adheridos a la secci\u00f3n 26 del SNTE, se manifestaron en la delegaci\u00f3n del ISSSTE para demandar el cumplimiento de una serie de prestaciones y exigir la mejora de los servicios m\u00e9dicos, lo que motiv\u00f3 el cierre parcial de la avenida Carranza sobre Benigno Arriaga.<\/p>\n<p><img decoding=\"async\" data-attachment-id=\"24515\" data-permalink=\"http:\/\/www.grieta.org.mx\/index.php\/2018\/07\/11\/protestan-jubilados-del-issste-san-luis-potosi\/protestan-jubilados-del-issste-2\/\" data-orig-file=\"http:\/\/www.grieta.org.mx\/wp-content\/uploads\/2018\/07\/Protestan-jubilados-del-ISSSTE-2.jpg\" data-orig-size=\"441,270\" data-comments-opened=\"0\" data-image-meta=\"{&quot;aperture&quot;:&quot;0&quot;,&quot;credit&quot;:&quot;&quot;,&quot;camera&quot;:&quot;&quot;,&quot;caption&quot;:&quot;&quot;,&quot;created_timestamp&quot;:&quot;0&quot;,&quot;copyright&quot;:&quot;&quot;,&quot;focal_length&quot;:&quot;0&quot;,&quot;iso&quot;:&quot;0&quot;,&quot;shutter_speed&quot;:&quot;0&quot;,&quot;title&quot;:&quot;&quot;,&quot;orientation&quot;:&quot;0&quot;}\" data-image-title=\"Protestan jubilados del ISSSTE 2\" data-image-description=\"\" data-image-caption=\"\" data-medium-file=\"http:\/\/www.grieta.org.mx\/wp-content\/uploads\/2018\/07\/Protestan-jubilados-del-ISSSTE-2-300x184.jpg\" data-large-file=\"http:\/\/www.grieta.org.mx\/wp-content\/uploads\/2018\/07\/Protestan-jubilados-del-ISSSTE-2.jpg\" src=\"http:\/\/www.grieta.org.mx\/wp-content\/uploads\/2018\/07\/Protestan-jubilados-del-ISSSTE-2.jpg\" alt=\"\" width=\"100%\" class=\"aligncenter size-full wp-image-24515\" srcset=\"http:\/\/www.grieta.org.mx\/wp-content\/uploads\/2018\/07\/Protestan-jubilados-del-ISSSTE-2.jpg 441w, http:\/\/www.grieta.org.mx\/wp-content\/uploads\/2018\/07\/Protestan-jubilados-del-ISSSTE-2-300x184.jpg 300w\" sizes=\"(max-width: 441px) 100vw, 441px\" \/><\/p>\n<p><img decoding=\"async\" data-attachment-id=\"24516\" data-permalink=\"http:\/\/www.grieta.org.mx\/index.php\/2018\/07\/11\/protestan-jubilados-del-issste-san-luis-potosi\/protestan-jubilados-del-issste-3\/\" data-orig-file=\"http:\/\/www.grieta.org.mx\/wp-content\/uploads\/2018\/07\/Protestan-jubilados-del-ISSSTE-3.jpg\" data-orig-size=\"441,270\" data-comments-opened=\"0\" data-image-meta=\"{&quot;aperture&quot;:&quot;0&quot;,&quot;credit&quot;:&quot;&quot;,&quot;camera&quot;:&quot;&quot;,&quot;caption&quot;:&quot;&quot;,&quot;created_timestamp&quot;:&quot;0&quot;,&quot;copyright&quot;:&quot;&quot;,&quot;focal_length&quot;:&quot;0&quot;,&quot;iso&quot;:&quot;0&quot;,&quot;shutter_speed&quot;:&quot;0&quot;,&quot;title&quot;:&quot;&quot;,&quot;orientation&quot;:&quot;0&quot;}\" data-image-title=\"Protestan jubilados del ISSSTE 3\" data-image-description=\"\" data-image-caption=\"\" data-medium-file=\"http:\/\/www.grieta.org.mx\/wp-content\/uploads\/2018\/07\/Protestan-jubilados-del-ISSSTE-3-300x184.jpg\" data-large-file=\"http:\/\/www.grieta.org.mx\/wp-content\/uploads\/2018\/07\/Protestan-jubilados-del-ISSSTE-3.jpg\" src=\"http:\/\/www.grieta.org.mx\/wp-content\/uploads\/2018\/07\/Protestan-jubilados-del-ISSSTE-3.jpg\" alt=\"\" width=\"100%\" class=\"aligncenter size-full wp-image-24516\" srcset=\"http:\/\/www.grieta.org.mx\/wp-content\/uploads\/2018\/07\/Protestan-jubilados-del-ISSSTE-3.jpg 441w, http:\/\/www.grieta.org.mx\/wp-content\/uploads\/2018\/07\/Protestan-jubilados-del-ISSSTE-3-300x184.jpg 300w\" sizes=\"(max-width: 441px) 100vw, 441px\" \/><\/p>\n<p>Los inconformes denunciaron que el delegado Alberto Rodr\u00edguez Jacob no ha resuelto el ineficiente servicio que se da a los pensionados o jubilados, a quienes les difieren sus citas o no los atienden ante una emergencia m\u00e9dica, adem\u00e1s de que los medicamentos no existen o tambi\u00e9n se entregan con mucha dilaci\u00f3n.<\/p>\n<p>Aseguraron que hay un descuento ilegal en el pago de sus prestaciones en raz\u00f3n de hasta 25 mil pesos por a\u00f1o, como resultado del ajuste que se dio en la ley para utilizar el concepto de las Unidades de Medida y Actualizaci\u00f3n (UMAS) en lugar del salario m\u00ednimo como criterio en perjuicio de al menos 20 mil jubilados en todo el estado.<\/p>\n<p>Los representantes de este grupo de personas, Alfredo Mart\u00ednez Nava y Norberto Soto Hern\u00e1ndez, se\u00f1alaron que existen prestaciones que por ley deben ser entregadas y que actualmente para acceder a estas, es necesario interponer un recurso legal como el concepto de despensa, el cual lleva 5 a\u00f1os sin ser entregado, seg\u00fan refieren.<\/p>\n<p>Los jubilados increparon al delegado para exigirle la soluci\u00f3n de estas demandas y posteriormente bloquearon la v\u00eda p\u00fablica para presionar alg\u00fan acuerdo y un compromiso de soluci\u00f3n.<\/p>\n<p>Al respecto, Alberto Rodr\u00edguez Jacob dijo que al darse modificaciones a la ley, se desindex\u00f3 el salario m\u00ednimo a las UMAS y al existir un aumento al salario, las primeras quedaron igual, lo que pareciera que se les descuenta m\u00e1s dinero.<\/p>\n<p>Reconoci\u00f3 deficiencias en la infraestructura hospitalaria, ya que el nosocomio con el que actualmente se cuenta en la capital potosina tiene casi 60 a\u00f1os en servicio, por lo que est\u00e1n urgiendo a la SHCP libere los recursos para la construcci\u00f3n de un nuevo hospital que tendr\u00eda un costo aproximado de mil 600 millones de pesos.<\/p>\n<p><a href=\"http:\/\/sanluis.eluniversal.com.mx\/sociedad\/10-07-2018\/protestan-jubilados-del-issste\" rel=\"noopener\" target=\"_blank\">http:\/\/sanluis.eluniversal.com.mx\/sociedad\/10-07-2018\/protestan-jubilados-del-issste<\/a><\/p>\n","protected":false},"excerpt":{"rendered":"<p>Sergio Mar\u00edn \/ El Universal Denuncian descuento ilegal en el pago de sus prestaciones; demandan mejores servicios m\u00e9dicos Un grupo de aproximadamente 30 pensionados adheridos a la secci\u00f3n 26 del &hellip; <a href=\"http:\/\/www.grieta.org.mx\/index.php\/2018\/07\/11\/protestan-jubilados-del-issste-san-luis-potosi\/\" class=\"more-link\">Leer m\u00e1s<\/a><\/p>\n","protected":false},"author":2,"featured_media":24514,"comment_status":"closed","ping_status":"closed","sticky":false,"template":"","format":"standard","meta":{"ngg_post_thumbnail":0,"_jetpack_newsletter_access":"","_jetpack_dont_email_post_to_subs":false,"_jetpack_newsletter_tier_id":0,"_jetpack_memberships_contains_paywalled_content":false,"_jetpack_memberships_contains_paid_content":false,"footnotes":""},"categories":[80,1457,910,1273,1456,2,29,83],"tags":[1459,310,203,1458,1460],"class_list":["post-24513","post","type-post","status-publish","format-standard","has-post-thumbnail","hentry","category-cintillo","category-crisis-del-sector-salud-en-san-luis-potosi","category-explotacion-y-precariedad-laboral","category-explotacion-y-precariedad-laboral-en-san-luis-potosi","category-movilizaciones-de-jubilados-en-san-luis-potosi","category-noticias-nacionales","category-san-luis-potosi","category-temas-nacionales","tag-crisis-sector-salud","tag-jubilados","tag-pensionados","tag-salario-minimo","tag-umas","entry"],"jetpack_featured_media_url":"http:\/\/www.grieta.org.mx\/wp-content\/uploads\/2018\/07\/Protestan-jubilados-del-ISSSTE-1.jpg","jetpack_sharing_enabled":true,"jetpack_shortlink":"https:\/\/wp.me\/p7ZJR4-6nn","jetpack_likes_enabled":false,"jetpack-related-posts":[{"id":33503,"url":"http:\/\/www.grieta.org.mx\/index.php\/2019\/05\/13\/maestros-jubilados-temen-colapso-de-fondo-de-pensiones-san-luis-potosi\/","url_meta":{"origin":24513,"position":0},"title":"Maestros jubilados temen colapso de fondo de pensiones (San Luis Potos\u00ed)","author":"grieta","date":"13 mayo, 2019","format":false,"excerpt":"Jorge Torres \/ Plano Informativo Se reunieron con Joel Ram\u00edrez D\u00edaz, titular de la Secretar\u00eda de Educaci\u00f3n de Gobierno del Estado (SEGE) y Oziel Yudiche Lara. San Luis Potos\u00ed, SLP.- Esta ma\u00f1ana alrededor de 400 profesores que representan a mil 400 jubilados y pensionados del sistema de Telesecundarias que est\u00e1n\u2026","rel":"","context":"En &quot;CINTILLO&quot;","block_context":{"text":"CINTILLO","link":"http:\/\/www.grieta.org.mx\/index.php\/category\/cintillo\/"},"img":{"alt_text":"","src":"https:\/\/i0.wp.com\/www.grieta.org.mx\/wp-content\/uploads\/2019\/05\/Maestros-jubilados-temen-colapso-de-fondo-de-pensiones-slp-may.jpg?resize=350%2C200","width":350,"height":200,"srcset":"https:\/\/i0.wp.com\/www.grieta.org.mx\/wp-content\/uploads\/2019\/05\/Maestros-jubilados-temen-colapso-de-fondo-de-pensiones-slp-may.jpg?resize=350%2C200 1x, https:\/\/i0.wp.com\/www.grieta.org.mx\/wp-content\/uploads\/2019\/05\/Maestros-jubilados-temen-colapso-de-fondo-de-pensiones-slp-may.jpg?resize=525%2C300 1.5x, https:\/\/i0.wp.com\/www.grieta.org.mx\/wp-content\/uploads\/2019\/05\/Maestros-jubilados-temen-colapso-de-fondo-de-pensiones-slp-may.jpg?resize=700%2C400 2x"},"classes":[]},{"id":51163,"url":"http:\/\/www.grieta.org.mx\/index.php\/2020\/06\/12\/personal-medico-realiza-paro-de-labores-en-el-issste-san-luis-potosi\/","url_meta":{"origin":24513,"position":1},"title":"Personal m\u00e9dico realiza paro de labores en el ISSSTE  (San Luis Potos\u00ed)","author":"grieta","date":"12 junio, 2020","format":false,"excerpt":"Fernando L\u00f3ipez\/Quadrat\u00edn SLP 12 junio 2020 SAN LUIS POTOSI, SLP, 12 junio 2020.- El d\u00eda de ayer se despidi\u00f3 a la enfermera Olivia Soto que falleci\u00f3 con s\u00edntomas de Covid 19 en el Hospital General del Instituto de Seguridad y Servicios Sociales de los Trabajadores del Estado (ISSSTE), ubicado en\u2026","rel":"","context":"En &quot;CINTILLO&quot;","block_context":{"text":"CINTILLO","link":"http:\/\/www.grieta.org.mx\/index.php\/category\/cintillo\/"},"img":{"alt_text":"","src":"https:\/\/i0.wp.com\/www.grieta.org.mx\/wp-content\/uploads\/2020\/06\/WhatsApp-Image-2020-06-12-at-12.59.45-PM.jpeg?resize=350%2C200","width":350,"height":200,"srcset":"https:\/\/i0.wp.com\/www.grieta.org.mx\/wp-content\/uploads\/2020\/06\/WhatsApp-Image-2020-06-12-at-12.59.45-PM.jpeg?resize=350%2C200 1x, https:\/\/i0.wp.com\/www.grieta.org.mx\/wp-content\/uploads\/2020\/06\/WhatsApp-Image-2020-06-12-at-12.59.45-PM.jpeg?resize=525%2C300 1.5x, https:\/\/i0.wp.com\/www.grieta.org.mx\/wp-content\/uploads\/2020\/06\/WhatsApp-Image-2020-06-12-at-12.59.45-PM.jpeg?resize=700%2C400 2x"},"classes":[]},{"id":55014,"url":"http:\/\/www.grieta.org.mx\/index.php\/2020\/11\/12\/trabajadores-del-canal-13-de-san-luis-potosi-estallan-huelga-por-adeudo-salarial\/","url_meta":{"origin":24513,"position":2},"title":"Trabajadores del Canal 13 de San Luis Potos\u00ed estallan huelga por adeudo salarial","author":"grieta","date":"12 noviembre, 2020","format":false,"excerpt":"Felipe C\u00e1rdenas\/El Sol de San Luis 12 noviembre 2020 Luego de 25 a\u00f1os de transmitir ininterrumpidamente la se\u00f1al de televisora potosina Canal 13 se apag\u00f3 debido a un estallamiento de huelga por adeudos salariales a la plantilla laboral. El estallamiento de huelga lo encabez\u00f3 el l\u00edder local del Sitatyr, Diego\u2026","rel":"","context":"En &quot;CINTILLO&quot;","block_context":{"text":"CINTILLO","link":"http:\/\/www.grieta.org.mx\/index.php\/category\/cintillo\/"},"img":{"alt_text":"","src":"https:\/\/i0.wp.com\/www.grieta.org.mx\/wp-content\/uploads\/2020\/11\/El-lider-del-Sitatyr-en-SLP-estallo%CC%81-la-huelga.jpg?resize=350%2C200","width":350,"height":200,"srcset":"https:\/\/i0.wp.com\/www.grieta.org.mx\/wp-content\/uploads\/2020\/11\/El-lider-del-Sitatyr-en-SLP-estallo%CC%81-la-huelga.jpg?resize=350%2C200 1x, https:\/\/i0.wp.com\/www.grieta.org.mx\/wp-content\/uploads\/2020\/11\/El-lider-del-Sitatyr-en-SLP-estallo%CC%81-la-huelga.jpg?resize=525%2C300 1.5x, https:\/\/i0.wp.com\/www.grieta.org.mx\/wp-content\/uploads\/2020\/11\/El-lider-del-Sitatyr-en-SLP-estallo%CC%81-la-huelga.jpg?resize=700%2C400 2x"},"classes":[]},{"id":37208,"url":"http:\/\/www.grieta.org.mx\/index.php\/2019\/07\/28\/explotan-en-slp-a-94-mil-jornaleros-indigenas-de-guerrero\/","url_meta":{"origin":24513,"position":3},"title":"Explotan en SLP a 94 mil jornaleros ind\u00edgenas de Guerrero","author":"grieta","date":"28 julio, 2019","format":false,"excerpt":"Cristian Morales \/ Quadrat\u00edn SLP SAN LUIS POTOS\u00cd, SLP., 28 de julio de 2019.- En condiciones de explotaci\u00f3n, sin servicios m\u00e9dicos y sumidos en la precariedad, han vivido cerca de 94 mil ind\u00edgenas de la regi\u00f3n Costa-Monta\u00f1a de Guerrero cuando llegan a laborar en cultivos de Cedral, Vanegas, Villa de\u2026","rel":"","context":"En &quot;CINTILLO&quot;","block_context":{"text":"CINTILLO","link":"http:\/\/www.grieta.org.mx\/index.php\/category\/cintillo\/"},"img":{"alt_text":"","src":"https:\/\/i0.wp.com\/www.grieta.org.mx\/wp-content\/uploads\/2019\/07\/campo-mexico-1160x700.jpg?resize=350%2C200","width":350,"height":200,"srcset":"https:\/\/i0.wp.com\/www.grieta.org.mx\/wp-content\/uploads\/2019\/07\/campo-mexico-1160x700.jpg?resize=350%2C200 1x, https:\/\/i0.wp.com\/www.grieta.org.mx\/wp-content\/uploads\/2019\/07\/campo-mexico-1160x700.jpg?resize=525%2C300 1.5x, https:\/\/i0.wp.com\/www.grieta.org.mx\/wp-content\/uploads\/2019\/07\/campo-mexico-1160x700.jpg?resize=700%2C400 2x, https:\/\/i0.wp.com\/www.grieta.org.mx\/wp-content\/uploads\/2019\/07\/campo-mexico-1160x700.jpg?resize=1050%2C600 3x"},"classes":[]},{"id":7972,"url":"http:\/\/www.grieta.org.mx\/index.php\/2015\/07\/31\/7972\/","url_meta":{"origin":24513,"position":4},"title":"Potosinos protestaron en contra de la \u201cprivatizaci\u00f3n\u201d del IMSS e ISSSTE (San Luis Potos\u00ed)","author":"grieta","date":"31 julio, 2015","format":false,"excerpt":"Jonathan Zavala \/ La Jornada San Luis Cerca de cien personas entre derechohabientes, doctores jubilados y trabajadores del Instituto Mexicano del Seguro Social (IMSS) llevaron a cabo el d\u00eda de hoy una manifestaci\u00f3n pac\u00edfica, que inici\u00f3 en las inmediaciones del jard\u00edn de Tequisquiapan, en contra de las reformas a la\u2026","rel":"","context":"En &quot;CINTILLO&quot;","block_context":{"text":"CINTILLO","link":"http:\/\/www.grieta.org.mx\/index.php\/category\/cintillo\/"},"img":{"alt_text":"","src":"https:\/\/i0.wp.com\/www.grieta.org.mx\/wp-content\/uploads\/2015\/07\/Potosinos-protestaron-en-contra-de-la-%E2%80%9Cprivatizaci%C3%B3n%E2%80%9D-del-IMSS-e-ISSSTE.jpg?resize=350%2C200","width":350,"height":200,"srcset":"https:\/\/i0.wp.com\/www.grieta.org.mx\/wp-content\/uploads\/2015\/07\/Potosinos-protestaron-en-contra-de-la-%E2%80%9Cprivatizaci%C3%B3n%E2%80%9D-del-IMSS-e-ISSSTE.jpg?resize=350%2C200 1x, https:\/\/i0.wp.com\/www.grieta.org.mx\/wp-content\/uploads\/2015\/07\/Potosinos-protestaron-en-contra-de-la-%E2%80%9Cprivatizaci%C3%B3n%E2%80%9D-del-IMSS-e-ISSSTE.jpg?resize=525%2C300 1.5x"},"classes":[]},{"id":52336,"url":"http:\/\/www.grieta.org.mx\/index.php\/2020\/08\/01\/san-luis-potosi-entre-los-5-estados-donde-mas-ha-crecido-el-outsourcing-manpower\/","url_meta":{"origin":24513,"position":5},"title":"San Luis Potos\u00ed, entre los 5 estados donde m\u00e1s ha crecido el outsourcing: Manpower","author":"grieta","date":"1 agosto, 2020","format":false,"excerpt":"Nancy LizetHern\u00e1ndez\/El Universal SLP 1 agosto 2020 ManpowerGroup inform\u00f3 que, con base en los resultados del Censo Econ\u00f3mico 2019, San Luis Potos\u00ed se ubic\u00f3 dentro de las cinco entidades donde m\u00e1s ha crecido la contrataci\u00f3n de personal mediante outsourcing, alcanzando un 54% en los sectores de manufactura, servicios y comercio.\u2026","rel":"","context":"En &quot;CINTILLO&quot;","block_context":{"text":"CINTILLO","link":"http:\/\/www.grieta.org.mx\/index.php\/category\/cintillo\/"},"img":{"alt_text":"","src":"https:\/\/i0.wp.com\/www.grieta.org.mx\/wp-content\/uploads\/2020\/08\/outsorcing.png?resize=350%2C200","width":350,"height":200,"srcset":"https:\/\/i0.wp.com\/www.grieta.org.mx\/wp-content\/uploads\/2020\/08\/outsorcing.png?resize=350%2C200 1x, https:\/\/i0.wp.com\/www.grieta.org.mx\/wp-content\/uploads\/2020\/08\/outsorcing.png?resize=525%2C300 1.5x"},"classes":[]}],"_links":{"self":[{"href":"http:\/\/www.grieta.org.mx\/index.php\/wp-json\/wp\/v2\/posts\/24513","targetHints":{"allow":["GET"]}}],"collection":[{"href":"http:\/\/www.grieta.org.mx\/index.php\/wp-json\/wp\/v2\/posts"}],"about":[{"href":"http:\/\/www.grieta.org.mx\/index.php\/wp-json\/wp\/v2\/types\/post"}],"author":[{"embeddable":true,"href":"http:\/\/www.grieta.org.mx\/index.php\/wp-json\/wp\/v2\/users\/2"}],"replies":[{"embeddable":true,"href":"http:\/\/www.grieta.org.mx\/index.php\/wp-json\/wp\/v2\/comments?post=24513"}],"version-history":[{"count":1,"href":"http:\/\/www.grieta.org.mx\/index.php\/wp-json\/wp\/v2\/posts\/24513\/revisions"}],"predecessor-version":[{"id":24521,"href":"http:\/\/www.grieta.org.mx\/index.php\/wp-json\/wp\/v2\/posts\/24513\/revisions\/24521"}],"wp:featuredmedia":[{"embeddable":true,"href":"http:\/\/www.grieta.org.mx\/index.php\/wp-json\/wp\/v2\/media\/24514"}],"wp:attachment":[{"href":"http:\/\/www.grieta.org.mx\/index.php\/wp-json\/wp\/v2\/media?parent=24513"}],"wp:term":[{"taxonomy":"category","embeddable":true,"href":"http:\/\/www.grieta.org.mx\/index.php\/wp-json\/wp\/v2\/categories?post=24513"},{"taxonomy":"post_tag","embeddable":true,"href":"http:\/\/www.grieta.org.mx\/index.php\/wp-json\/wp\/v2\/tags?post=24513"}],"curies":[{"name":"wp","href":"https:\/\/api.w.org\/{rel}","templated":true}]}}