{"id":24418,"date":"2017-02-24T13:03:24","date_gmt":"2017-02-24T19:03:24","guid":{"rendered":"http:\/\/www.grieta.org.mx\/?p=24418"},"modified":"2018-07-07T13:13:51","modified_gmt":"2018-07-07T18:13:51","slug":"desaparicion-de-mujeres-adolescentes-crecio-974-en-cuatro-anos-alerta-redim","status":"publish","type":"post","link":"http:\/\/www.grieta.org.mx\/index.php\/2017\/02\/24\/desaparicion-de-mujeres-adolescentes-crecio-974-en-cuatro-anos-alerta-redim\/","title":{"rendered":"Desaparici\u00f3n de mujeres adolescentes creci\u00f3 974% en cuatro a\u00f1os, alerta Redim"},"content":{"rendered":"<p><img loading=\"lazy\" decoding=\"async\" data-attachment-id=\"24419\" data-permalink=\"http:\/\/www.grieta.org.mx\/index.php\/2017\/02\/24\/desaparicion-de-mujeres-adolescentes-crecio-974-en-cuatro-anos-alerta-redim\/img_1652-1-c-702x468\/\" data-orig-file=\"http:\/\/www.grieta.org.mx\/wp-content\/uploads\/2018\/07\/IMG_1652-1-c-702x468.jpg\" data-orig-size=\"702,468\" data-comments-opened=\"0\" data-image-meta=\"{&quot;aperture&quot;:&quot;0&quot;,&quot;credit&quot;:&quot;&quot;,&quot;camera&quot;:&quot;&quot;,&quot;caption&quot;:&quot;&quot;,&quot;created_timestamp&quot;:&quot;0&quot;,&quot;copyright&quot;:&quot;&quot;,&quot;focal_length&quot;:&quot;0&quot;,&quot;iso&quot;:&quot;0&quot;,&quot;shutter_speed&quot;:&quot;0&quot;,&quot;title&quot;:&quot;&quot;,&quot;orientation&quot;:&quot;0&quot;}\" data-image-title=\"IMG_1652-1-c-702&amp;#215;468\" data-image-description=\"\" data-image-caption=\"\" data-medium-file=\"http:\/\/www.grieta.org.mx\/wp-content\/uploads\/2018\/07\/IMG_1652-1-c-702x468-300x200.jpg\" data-large-file=\"http:\/\/www.grieta.org.mx\/wp-content\/uploads\/2018\/07\/IMG_1652-1-c-702x468.jpg\" src=\"http:\/\/www.grieta.org.mx\/wp-content\/uploads\/2018\/07\/IMG_1652-1-c-702x468.jpg\" alt=\"\" width=\"702\" height=\"468\" class=\"aligncenter size-full wp-image-24419\" srcset=\"http:\/\/www.grieta.org.mx\/wp-content\/uploads\/2018\/07\/IMG_1652-1-c-702x468.jpg 702w, http:\/\/www.grieta.org.mx\/wp-content\/uploads\/2018\/07\/IMG_1652-1-c-702x468-300x200.jpg 300w\" sizes=\"auto, (max-width: 702px) 100vw, 702px\" \/><\/p>\n<p>Hazel Zamora Vendieta\/Proceso<\/p>\n<blockquote><p>CIUDAD DE M\u00c9XICO (apro-cimac).- La desaparici\u00f3n de mujeres adolescentes en el pa\u00eds est\u00e1 relacionada con grupos criminales vinculados a la trata de personas con fines de explotaci\u00f3n sexual comercial, y el fen\u00f3meno va en aumento, report\u00f3 la Red por los Derechos de la Infancia en M\u00e9xico (Redim).<\/p><\/blockquote>\n<p>Las zonas m\u00e1s afectadas por estas desapariciones son la frontera norte y el centro del pa\u00eds.<\/p>\n<p>Tan s\u00f3lo en cuatro a\u00f1os, de los 57 casos registrados en 2010 se pas\u00f3 a 612 para 2014, lo que representa un aumento de 974%, alert\u00f3 el director de la Redim, Juan Mart\u00edn P\u00e9rez Garc\u00eda, en el foro \u201cNi\u00f1ez desaparecida\u201d, organizado por Comunicaci\u00f3n e Informaci\u00f3n de la Mujer AC (Cimac).<\/p>\n<p>La organizaci\u00f3n ha documentado que las adolescentes entre 15 y 17 a\u00f1os de edad son el principal perfil de ataque contemplado por las redes criminales de trata de personas: 7 de cada 10 adolescentes desaparecidas son mujeres.<\/p>\n<p>Mart\u00edn P\u00e9rez se\u00f1al\u00f3 que se tiene identificado un patr\u00f3n com\u00fan de edad, rasgos y zonas geogr\u00e1ficas donde ocurren los hechos.<\/p>\n<p>Las entidades donde sucede este crimen de lesa humanidad tienen una correspondencia con las regiones sometidas por el crimen organizado y grupos criminales, de acuerdo con los datos recabados por la Redim.<\/p>\n<p>En la frontera norte, Tamaulipas registr\u00f3 de 2006 a 2014 la desaparici\u00f3n de mil 629 ni\u00f1as y adolescentes menores de 17 a\u00f1os, la entidad con mayor n\u00famero de casos; le sigue Baja California con 257 casos, y Coahuila con 193 adolescentes desaparecidas.<\/p>\n<p>En Nuevo Le\u00f3n se contabilizaron 114 casos y en Chihuahua hubo en el mismo periodo 108 adolescentes desaparecidas.<\/p>\n<p>El centro del pa\u00eds es otro de los focos rojos ubicados por la Redim. El Estado de M\u00e9xico \u2013que en los \u00faltimos a\u00f1os se ha representado como un caso paradigm\u00e1tico, indic\u00f3 Garc\u00eda\u2013 registr\u00f3 386 casos, es la segunda entidad con mayor reporte de adolescentes desaparecidas.<\/p>\n<p>En Guanajuato se contaron 263 casos, en Puebla 236, la Ciudad de M\u00e9xico tuvo 169 desapariciones, Jalisco 139 y Michoac\u00e1n 123.<\/p>\n<p>Ni\u00f1os, adopci\u00f3n ilegal y venta<\/p>\n<p>Este v\u00ednculo delictivo tambi\u00e9n ha correspondido con otro sector de la ni\u00f1ez: ni\u00f1os varones menores de 4 a\u00f1os. En el mismo periodo, 2006 a 2014, mil 902 ni\u00f1os desaparecieron, \u201clo que nos da cuenta es que la desaparici\u00f3n de ni\u00f1os peque\u00f1os est\u00e1 asociada a adopci\u00f3n ilegal y venta de ni\u00f1os\u201d, dijo Garc\u00eda.<\/p>\n<p>Aunque destacan las entidades con cientos de casos, el director de la Redim alert\u00f3 que la desaparici\u00f3n de la juventud y ni\u00f1ez es una situaci\u00f3n generalizada en todo el pa\u00eds. El organismo cont\u00f3 entre 2006 y 2014 cerca de 6 mil 725 casos de ni\u00f1as, ni\u00f1os y adolescentes de 0 a 17 a\u00f1os de edad, desaparecidos en todo el pa\u00eds.<\/p>\n<p>Protocolos de b\u00fasqueda<\/p>\n<p>Mart\u00edn P\u00e9rez destac\u00f3 que las acciones militares emplazadas por el Estado mexicano para abatir a estos grupos criminales no han logrado garantizar la seguridad de la ni\u00f1ez y juventud; por el contrario, han generado un miedo generalizado en el pa\u00eds.<\/p>\n<p>El escenario se torna complicado debido a la ineficiencia de los sistemas y procesos normativos para la b\u00fasqueda de adolescentes y ni\u00f1as desaparecidas. El especialista explic\u00f3 que las entidades donde han desaparecido m\u00e1s mujeres son las que menos Alertas Amber (sistema de uso para hacer anuncios de desapariciones) se han emitido.<\/p>\n<p>Adem\u00e1s, dijo, \u201corganizaciones civiles han exigido por a\u00f1os la declaratoria de Alerta de Violencia de G\u00e9nero (AVG) para las acciones preventivas, en aquellos casos de v\u00edctimas de violencia y desaparici\u00f3n\u201d, sin embargo, su negaci\u00f3n trae como consecuencia que las v\u00edctimas no logren ser localizadas o terminen siendo v\u00edctimas de feminicidio, en la mayor\u00eda de los casos, afirm\u00f3 Mart\u00edn Garc\u00eda.<\/p>\n<p>\u201cEstamos tratando de que, a partir de que se denuncie la desaparici\u00f3n, sin que intervenga una denuncia penal, se inicie la b\u00fasqueda\u201d, pues en la mayor\u00eda de las entidades se tiene que esperar 72 horas para la acci\u00f3n de b\u00fasqueda, \u201choras vitales para la vida de las adolescentes\u201d, dijo el especialista.<\/p>\n<p>Protocolo con perspectiva de g\u00e9nero<\/p>\n<p>La Redim ha manifestado al gobierno mexicano la necesidad de incluir en la nueva Ley General de Personas Desaparecidas un cap\u00edtulo espec\u00edfico sobre la ni\u00f1ez y juventud desaparecida, que permita generar un protocolo m\u00e1s eficiente de b\u00fasqueda con perspectiva de g\u00e9nero. Para ello, dijo el especialista, se deben implementar sistemas de b\u00fasqueda inmediata y programas de acompa\u00f1amiento social que considere las particularidades de cada caso.<\/p>\n<p>La agrupaci\u00f3n pide tambi\u00e9n crear una base de datos oficial que incorpore informaci\u00f3n desagregada, con el fin de reconocer la magnitud del problema, un marco normativo que d\u00e9 sustento a la ley y acompa\u00f1amiento a los familiares de v\u00edctimas desaparecidas.<\/p>\n<p>El Sistema Nacional de Protecci\u00f3n Integral de Ni\u00f1as, Ni\u00f1os y Adolescentes (SIPINNA) es la instancia encargada de atender la problem\u00e1tica, pero no ha logrado establecerse, debido a la falta de voluntad de otras entidades, apunt\u00f3 Juan Mart\u00edn.<\/p>\n<p>\u201cEl resultado es que hoy no tenemos pr\u00e1cticamente ninguna actuaci\u00f3n, ni preventiva, ni de cambio en las normativas para que puedan esclarecerse los 6 mil 700 casos de ni\u00f1os, ni\u00f1as y adolescentes desaparecidos\u201d, agreg\u00f3 el especialista.<\/p>\n<p>Ante impunidad, instancias internacionales<\/p>\n<p>La desaparici\u00f3n de mujeres adolescentes es poco visible, sobre todo al ser \u201cintencionalmente opacada y ocultada\u201d por el gobierno mexicano, con el fin de no asumir su responsabilidad, no s\u00f3lo a nivel nacional, sino con instancias internacionales, explic\u00f3 Juan Mart\u00edn.<\/p>\n<p>El representante de Redim dijo que la mayor\u00eda de los casos se mantienen en la impunidad, debido a la ausencia de las autoridades: \u201cEs imposible que un n\u00famero tan alto de personas desparezca sin que ninguna autoridad pueda percatarse de ello, tenemos que tener claro que es el Estado mexicano el que no est\u00e1 respondiendo a la realidad\u201d.<\/p>\n<p>Crisis humanitaria<\/p>\n<p>Esta situaci\u00f3n, asever\u00f3, ya ha sido se\u00f1alada por diversas organizaciones internacionales como un crimen de lesa humanidad que podr\u00eda ser considerada como una crisis humanitaria y de Derechos Humanos (DH) en el pa\u00eds.<\/p>\n<p>Ante la falta de acciones, el camino que han considerado las organizaciones y la sociedad civil es acudir a los \u00f3rganos internacionales, como la Comisi\u00f3n Interamericana de Derechos Humanos (CIDH), donde la Redim ya tuvo una audiencia en abril de 2016. Ah\u00ed destac\u00f3 la importancia de las organizaciones no gubernamentales en el proceso de la defensa de los DH, y se\u00f1al\u00f3 al Estado mexicano la necesidad de generar acciones para la juventud y ni\u00f1ez.<\/p>\n<p><a href=\"https:\/\/www.proceso.com.mx\/475774\/desaparicion-mujeres-adolescentes-crecio-974-en-cuatro-anos-alerta-redim\">https:\/\/www.proceso.com.mx\/475774\/desaparicion-mujeres-adolescentes-crecio-974-en-cuatro-anos-alerta-redim<\/a><\/p>\n","protected":false},"excerpt":{"rendered":"<p>Hazel Zamora Vendieta\/Proceso CIUDAD DE M\u00c9XICO (apro-cimac).- La desaparici\u00f3n de mujeres adolescentes en el pa\u00eds est\u00e1 relacionada con grupos criminales vinculados a la trata de personas con fines de explotaci\u00f3n &hellip; <a href=\"http:\/\/www.grieta.org.mx\/index.php\/2017\/02\/24\/desaparicion-de-mujeres-adolescentes-crecio-974-en-cuatro-anos-alerta-redim\/\" class=\"more-link\">Leer m\u00e1s<\/a><\/p>\n","protected":false},"author":2,"featured_media":24419,"comment_status":"closed","ping_status":"closed","sticky":false,"template":"","format":"standard","meta":{"ngg_post_thumbnail":0,"_jetpack_newsletter_access":"","_jetpack_dont_email_post_to_subs":false,"_jetpack_newsletter_tier_id":0,"_jetpack_memberships_contains_paywalled_content":false,"_jetpack_memberships_contains_paid_content":false,"footnotes":""},"categories":[5,12,14,419,87,1073,1042,1038,1204,1432,1032,1201,1043,1045,1197,1156,16,17,20,21,2,24,26,33,83],"tags":[121,1351,799,1434,1433,1435,381],"class_list":["post-24418","post","type-post","status-publish","format-standard","has-post-thumbnail","hentry","category-baja-california","category-chihuahua","category-ciudad-de-mexico","category-coahuila","category-desaparecidos","category-protestas-contra-la-desaparicion-de-personas-en-baja-california","category-desaparecidos-en-chihuahua","category-desaparecidos-en-coahuila","category-desaparecidos-en-el-estado-de-mexico","category-desaparecidos-en-guanajuato","category-desaparecidos-en-jalisco","category-desaparecidos-en-michoacan","category-desaparecidos-en-nuevo-leon","category-desaparecidos-en-puebla","category-desaparecidos-en-tamaulipas","category-desapariciones-forzadas-en-la-ciudad-de-mexico","category-estado-de-mexico","category-guanajuato","category-jalisco","category-michoacan","category-noticias-nacionales","category-nuevo-leon","category-puebla","category-tamaulipas","category-temas-nacionales","tag-desaparecidos","tag-explotacion-infantil","tag-explotacion-sexual","tag-ninas-desaparecidas","tag-ninos-desaparecidos","tag-violencia-contra-ninos-y-ninas","tag-violencia-de-genero","entry"],"jetpack_featured_media_url":"http:\/\/www.grieta.org.mx\/wp-content\/uploads\/2018\/07\/IMG_1652-1-c-702x468.jpg","jetpack_sharing_enabled":true,"jetpack_shortlink":"https:\/\/wp.me\/p7ZJR4-6lQ","jetpack_likes_enabled":false,"jetpack-related-posts":[{"id":27267,"url":"http:\/\/www.grieta.org.mx\/index.php\/2018\/10\/04\/es-puebla-el-segundo-estado-con-mas-ninos-desaparecidos-del-pais\/","url_meta":{"origin":24418,"position":0},"title":"Es Puebla el segundo estado con m\u00e1s ni\u00f1os desaparecidos del pa\u00eds","author":"grieta","date":"4 octubre, 2018","format":false,"excerpt":"Puebla es el segundo estado del pa\u00eds con m\u00e1s casos de ni\u00f1os y adolescentes desaparecidos desde 2007 a la fecha, al registrar 787 casos, que superan a Tamaulipas, Sonora y Nuevo Le\u00f3n, de acuerdo con un informe de la Red por los Derechos de la Infancia en M\u00e9xico. Ah\u00ed se\u2026","rel":"","context":"En &quot;CINTILLO&quot;","block_context":{"text":"CINTILLO","link":"http:\/\/www.grieta.org.mx\/index.php\/category\/cintillo\/"},"img":{"alt_text":"","src":"https:\/\/i0.wp.com\/www.grieta.org.mx\/wp-content\/uploads\/2018\/10\/desparecidosnino.jpg?resize=350%2C200","width":350,"height":200,"srcset":"https:\/\/i0.wp.com\/www.grieta.org.mx\/wp-content\/uploads\/2018\/10\/desparecidosnino.jpg?resize=350%2C200 1x, https:\/\/i0.wp.com\/www.grieta.org.mx\/wp-content\/uploads\/2018\/10\/desparecidosnino.jpg?resize=525%2C300 1.5x"},"classes":[]},{"id":40664,"url":"http:\/\/www.grieta.org.mx\/index.php\/2019\/10\/16\/ninos-desaparecidos-colima-es-sexto-lugar-nacional\/","url_meta":{"origin":24418,"position":1},"title":"Ni\u00f1os desaparecidos, Colima es sexto lugar nacional","author":"grieta","date":"16 octubre, 2019","format":false,"excerpt":"Foto: Diario Avanzada Heidi de Le\u00f3n Guti\u00e9rrez \/ Diario Avanzada Colima, M\u00e9xico, Avanzada (16\/10\/2019).- Entre 2014 y 2018 desaparecieron en Colima 61 menores de 17 a\u00f1os de edad. Los casos m\u00e1s conocidos son el de Kelsy Naomy Casta\u00f1eda C\u00f3rdova y Rodrigo Flores, ambos de ocho a\u00f1os de edad y que\u2026","rel":"","context":"En &quot;CINTILLO&quot;","block_context":{"text":"CINTILLO","link":"http:\/\/www.grieta.org.mx\/index.php\/category\/cintillo\/"},"img":{"alt_text":"","src":"https:\/\/i0.wp.com\/www.grieta.org.mx\/wp-content\/uploads\/2019\/10\/25594252_724029911140260_1773902415716327852_n.jpg?resize=350%2C200","width":350,"height":200,"srcset":"https:\/\/i0.wp.com\/www.grieta.org.mx\/wp-content\/uploads\/2019\/10\/25594252_724029911140260_1773902415716327852_n.jpg?resize=350%2C200 1x, https:\/\/i0.wp.com\/www.grieta.org.mx\/wp-content\/uploads\/2019\/10\/25594252_724029911140260_1773902415716327852_n.jpg?resize=525%2C300 1.5x"},"classes":[]},{"id":2483,"url":"http:\/\/www.grieta.org.mx\/index.php\/2015\/02\/16\/tamaulipas-primer-lugar-en-desapariciones\/","url_meta":{"origin":24418,"position":2},"title":"Tamaulipas, primer lugar en desapariciones","author":"grieta","date":"16 febrero, 2015","format":false,"excerpt":"El Economista JORGE MONROY Con un total de 5,293 personas desaparecidas, Tamaulipas es la entidad con el mayor registro de desapariciones, seguida de Jalisco y el Estado de M\u00e9xico. En conjunto, las tres entidades registran 9,162 desapariciones desde el 2007, y a\u00f1os anteriores. De acuerdo con el Registro Nacional de\u2026","rel":"","context":"En &quot;CINTILLO&quot;","block_context":{"text":"CINTILLO","link":"http:\/\/www.grieta.org.mx\/index.php\/category\/cintillo\/"},"img":{"alt_text":"","src":"https:\/\/i0.wp.com\/www.grieta.org.mx\/wp-content\/uploads\/2018\/03\/14524434_1106112876131411_958039263622046936_o.jpg?resize=350%2C200","width":350,"height":200,"srcset":"https:\/\/i0.wp.com\/www.grieta.org.mx\/wp-content\/uploads\/2018\/03\/14524434_1106112876131411_958039263622046936_o.jpg?resize=350%2C200 1x, https:\/\/i0.wp.com\/www.grieta.org.mx\/wp-content\/uploads\/2018\/03\/14524434_1106112876131411_958039263622046936_o.jpg?resize=525%2C300 1.5x, https:\/\/i0.wp.com\/www.grieta.org.mx\/wp-content\/uploads\/2018\/03\/14524434_1106112876131411_958039263622046936_o.jpg?resize=700%2C400 2x"},"classes":[]},{"id":10206,"url":"http:\/\/www.grieta.org.mx\/index.php\/2016\/04\/08\/guanajuato-tercer-estado-en-numero-de-menores-desaparecidos\/","url_meta":{"origin":24418,"position":3},"title":"Guanajuato, tercer estado en n\u00famero de menores desaparecidos","author":"grieta","date":"8 abril, 2016","format":false,"excerpt":"Dami\u00e1n Godoy, Le\u00f3n, Gto Guanajuato ocupa el tercer sitio a nivel nacional en n\u00famero de menores desaparecidos entre los a\u00f1os 2006-2014, revela un informe que elabor\u00f3 la Red por los Derechos de la Infancia en M\u00e9xico (Redim), el cual fue presentado ayer ante la Comisi\u00f3n Interamericana de Derechos Humanos (CIDH).\u2026","rel":"","context":"En &quot;CINTILLO&quot;","block_context":{"text":"CINTILLO","link":"http:\/\/www.grieta.org.mx\/index.php\/category\/cintillo\/"},"img":{"alt_text":"","src":"https:\/\/i0.wp.com\/www.grieta.org.mx\/wp-content\/uploads\/2018\/03\/14524434_1106112876131411_958039263622046936_o.jpg?resize=350%2C200","width":350,"height":200,"srcset":"https:\/\/i0.wp.com\/www.grieta.org.mx\/wp-content\/uploads\/2018\/03\/14524434_1106112876131411_958039263622046936_o.jpg?resize=350%2C200 1x, https:\/\/i0.wp.com\/www.grieta.org.mx\/wp-content\/uploads\/2018\/03\/14524434_1106112876131411_958039263622046936_o.jpg?resize=525%2C300 1.5x, https:\/\/i0.wp.com\/www.grieta.org.mx\/wp-content\/uploads\/2018\/03\/14524434_1106112876131411_958039263622046936_o.jpg?resize=700%2C400 2x"},"classes":[]},{"id":23004,"url":"http:\/\/www.grieta.org.mx\/index.php\/2018\/04\/15\/cada-dia-desaparecen-11\/","url_meta":{"origin":24418,"position":4},"title":"Cada d\u00eda desaparecen 11","author":"grieta","date":"15 abril, 2018","format":false,"excerpt":"Agencia Reforma En enero pasado, 11 personas desaparecieron cada d\u00eda en el pa\u00eds, en promedio, de acuerdo con los datos oficiales. La m\u00e1s reciente actualizaci\u00f3n el Registro Nacional de Datos de Personas Extraviadas o Desaparecidas (Rnped), que se nutre con datos de la Procuradur\u00eda General de la Rep\u00fablica (PGR) y\u2026","rel":"","context":"En &quot;CINTILLO&quot;","block_context":{"text":"CINTILLO","link":"http:\/\/www.grieta.org.mx\/index.php\/category\/cintillo\/"},"img":{"alt_text":"","src":"https:\/\/i0.wp.com\/www.grieta.org.mx\/wp-content\/uploads\/2018\/05\/d7-1.jpg?resize=350%2C200","width":350,"height":200,"srcset":"https:\/\/i0.wp.com\/www.grieta.org.mx\/wp-content\/uploads\/2018\/05\/d7-1.jpg?resize=350%2C200 1x, https:\/\/i0.wp.com\/www.grieta.org.mx\/wp-content\/uploads\/2018\/05\/d7-1.jpg?resize=525%2C300 1.5x"},"classes":[]},{"id":23007,"url":"http:\/\/www.grieta.org.mx\/index.php\/2018\/04\/26\/lidera-tamaulipas-en-la-desaparicion-de-jovenes\/","url_meta":{"origin":24418,"position":5},"title":"Lidera Tamaulipas en la desaparici\u00f3n de j\u00f3venes","author":"grieta","date":"26 abril, 2018","format":false,"excerpt":"El Ma\u00f1ana entre enero del 2007 y el mismo mes del 2018, se report\u00f3 la desaparici\u00f3n en el pa\u00eds de 9 mil 404 son j\u00f3venes de entre 15 y 24 a\u00f1os, de los cuales, mil 327 casos son en la entidad CIUDAD DE M\u00c9XICO.- Entre el 2007 y 2018, una\u2026","rel":"","context":"En &quot;CINTILLO&quot;","block_context":{"text":"CINTILLO","link":"http:\/\/www.grieta.org.mx\/index.php\/category\/cintillo\/"},"img":{"alt_text":"","src":"https:\/\/i0.wp.com\/www.grieta.org.mx\/wp-content\/uploads\/2018\/05\/t2.jpg?resize=350%2C200","width":350,"height":200,"srcset":"https:\/\/i0.wp.com\/www.grieta.org.mx\/wp-content\/uploads\/2018\/05\/t2.jpg?resize=350%2C200 1x, https:\/\/i0.wp.com\/www.grieta.org.mx\/wp-content\/uploads\/2018\/05\/t2.jpg?resize=525%2C300 1.5x, https:\/\/i0.wp.com\/www.grieta.org.mx\/wp-content\/uploads\/2018\/05\/t2.jpg?resize=700%2C400 2x"},"classes":[]}],"_links":{"self":[{"href":"http:\/\/www.grieta.org.mx\/index.php\/wp-json\/wp\/v2\/posts\/24418","targetHints":{"allow":["GET"]}}],"collection":[{"href":"http:\/\/www.grieta.org.mx\/index.php\/wp-json\/wp\/v2\/posts"}],"about":[{"href":"http:\/\/www.grieta.org.mx\/index.php\/wp-json\/wp\/v2\/types\/post"}],"author":[{"embeddable":true,"href":"http:\/\/www.grieta.org.mx\/index.php\/wp-json\/wp\/v2\/users\/2"}],"replies":[{"embeddable":true,"href":"http:\/\/www.grieta.org.mx\/index.php\/wp-json\/wp\/v2\/comments?post=24418"}],"version-history":[{"count":1,"href":"http:\/\/www.grieta.org.mx\/index.php\/wp-json\/wp\/v2\/posts\/24418\/revisions"}],"predecessor-version":[{"id":24420,"href":"http:\/\/www.grieta.org.mx\/index.php\/wp-json\/wp\/v2\/posts\/24418\/revisions\/24420"}],"wp:featuredmedia":[{"embeddable":true,"href":"http:\/\/www.grieta.org.mx\/index.php\/wp-json\/wp\/v2\/media\/24419"}],"wp:attachment":[{"href":"http:\/\/www.grieta.org.mx\/index.php\/wp-json\/wp\/v2\/media?parent=24418"}],"wp:term":[{"taxonomy":"category","embeddable":true,"href":"http:\/\/www.grieta.org.mx\/index.php\/wp-json\/wp\/v2\/categories?post=24418"},{"taxonomy":"post_tag","embeddable":true,"href":"http:\/\/www.grieta.org.mx\/index.php\/wp-json\/wp\/v2\/tags?post=24418"}],"curies":[{"name":"wp","href":"https:\/\/api.w.org\/{rel}","templated":true}]}}