{"id":24349,"date":"2015-09-17T21:51:12","date_gmt":"2015-09-18T02:51:12","guid":{"rendered":"http:\/\/www.grieta.org.mx\/?p=24349"},"modified":"2018-07-06T21:54:38","modified_gmt":"2018-07-07T02:54:38","slug":"responsabilizan-a-gonzalez-zarur-por-desalojo-violento-de-normalistas-en-tlaxcala","status":"publish","type":"post","link":"http:\/\/www.grieta.org.mx\/index.php\/2015\/09\/17\/responsabilizan-a-gonzalez-zarur-por-desalojo-violento-de-normalistas-en-tlaxcala\/","title":{"rendered":"Responsabilizan a Gonz\u00e1lez Zarur por desalojo violento de normalistas en Tlaxcala"},"content":{"rendered":"<p><img loading=\"lazy\" decoding=\"async\" data-attachment-id=\"24350\" data-permalink=\"http:\/\/www.grieta.org.mx\/index.php\/2015\/09\/17\/responsabilizan-a-gonzalez-zarur-por-desalojo-violento-de-normalistas-en-tlaxcala\/tlaxcala-2\/\" data-orig-file=\"http:\/\/www.grieta.org.mx\/wp-content\/uploads\/2018\/07\/tlaxcala.jpg\" data-orig-size=\"1200,675\" data-comments-opened=\"0\" data-image-meta=\"{&quot;aperture&quot;:&quot;0&quot;,&quot;credit&quot;:&quot;&quot;,&quot;camera&quot;:&quot;&quot;,&quot;caption&quot;:&quot;&quot;,&quot;created_timestamp&quot;:&quot;0&quot;,&quot;copyright&quot;:&quot;&quot;,&quot;focal_length&quot;:&quot;0&quot;,&quot;iso&quot;:&quot;0&quot;,&quot;shutter_speed&quot;:&quot;0&quot;,&quot;title&quot;:&quot;&quot;,&quot;orientation&quot;:&quot;0&quot;}\" data-image-title=\"tlaxcala\" data-image-description=\"\" data-image-caption=\"\" data-medium-file=\"http:\/\/www.grieta.org.mx\/wp-content\/uploads\/2018\/07\/tlaxcala-300x169.jpg\" data-large-file=\"http:\/\/www.grieta.org.mx\/wp-content\/uploads\/2018\/07\/tlaxcala-1024x576.jpg\" src=\"http:\/\/www.grieta.org.mx\/wp-content\/uploads\/2018\/07\/tlaxcala-1024x576.jpg\" alt=\"\" width=\"1024\" height=\"576\" class=\"aligncenter size-large wp-image-24350\" srcset=\"http:\/\/www.grieta.org.mx\/wp-content\/uploads\/2018\/07\/tlaxcala-1024x576.jpg 1024w, http:\/\/www.grieta.org.mx\/wp-content\/uploads\/2018\/07\/tlaxcala-300x169.jpg 300w, http:\/\/www.grieta.org.mx\/wp-content\/uploads\/2018\/07\/tlaxcala-768x432.jpg 768w, http:\/\/www.grieta.org.mx\/wp-content\/uploads\/2018\/07\/tlaxcala-889x500.jpg 889w, http:\/\/www.grieta.org.mx\/wp-content\/uploads\/2018\/07\/tlaxcala.jpg 1200w\" sizes=\"auto, (max-width: 1024px) 100vw, 1024px\" \/><\/p>\n<p>POR GABRIELA HERN\u00c1NDEZ<\/p>\n<p>Tlaxcala, Tlax., (apro).- Alumnas de la Normal Rural \u201cBenito Ju\u00e1rez\u201d de Panotla marcharon por las calles de esta ciudad en protesta por el violento desalojo que sufrieron el pasado martes 15, y responsabilizaron de los hechos al gobernador Mariano Gonz\u00e1lez Zarur y al secretario de Educaci\u00f3n del estado, Tom\u00e1s Munive Osorno.<\/p>\n<p>En un pronunciamiento, las estudiantes desconocieron a Jorge Arturo Cuatepotzo S\u00e1nchez como director de su escuela, supuestamente porque amenaz\u00f3 a algunas participantes en el movimiento para que no denunciaran la agresi\u00f3n policiaca.<\/p>\n<p>Con la consigna de \u201cPanotla somos todos\u201d, exigieron que la autoridad se desista de los cargos contra las personas detenidas y se atienda el pliego petitorio que presentaron el pasado viernes 11, entre cuyas demandas destaca mejorar la infraestructura y equipamiento de la instituci\u00f3n, y que se reduzca el promedio para el ingreso.<\/p>\n<p>El martes, las alumnas que bloqueaban de manera intermitente el crucero conocido como El Tr\u00e9bol, en la carretera federal que comunica a Tlaxcala y San Mart\u00edn Texmelucan, Puebla, fueron desalojadas por elementos polic\u00edacos de la Comisi\u00f3n Estatal de Seguridad, quienes usaron escudos, macanas, gases lacrim\u00f3genos y balas de goma, \u201cmientras las estudiantes no ten\u00edan en sus manos ning\u00fan tipo de arma, debido a que algunas regresaban de cumplir su servicio social en escuelas primarias\u201d, se\u00f1alaron en su pronunciamiento.<\/p>\n<p>El secretario de Gobierno estatal, Ernesto Ord\u00f3\u00f1ez, asegur\u00f3 que las autoridades est\u00e1n abiertas al di\u00e1logo para que las normalistas retomen sus clases, pero advirti\u00f3 que no permitir\u00e1n que se altere el orden ni se afecten los derechos de terceras personas.<\/p>\n<p>Asimismo, destac\u00f3 que en los hechos fue detenido Brayan Medina Balanzar, de 22 a\u00f1os de edad, originario de Guerrero, quien fue puesto a disposici\u00f3n de la Procuradur\u00eda General de la Rep\u00fablica (PGR) por el delito de obstrucci\u00f3n de v\u00edas de comunicaci\u00f3n.<\/p>\n<p><a href=\"http:\/\/iframe%20src=\/\/www.ultimedia.com\/deliver\/generic\/iframe\/mdtk\/09600435\/src\/rup8z0\/zone\/16\/showtitle\/1\/%20frameborder=0%20scrolling=no%20marginwidth=0%20marginheight=0%20hspace=0%20vspace=0%20webkitallowfullscreen=true%20mozallowfullscreen=true%20allowfullscreen=truewidth=515%20height=340%20allow=autoplay;%20fullscreen\/iframe\"><iframe src=\"\/\/www.ultimedia.com\/deliver\/generic\/iframe\/mdtk\/09600435\/src\/rup8z0\/zone\/16\/showtitle\/1\/\" frameborder=\"0\" scrolling=\"no\" marginwidth=\"0\" marginheight=\"0\" hspace=\"0\" vspace=\"0\" webkitallowfullscreen=\"true\" mozallowfullscreen=\"true\" allowfullscreen=\"true\"width=\"515\" height=\"340\" allow=\"autoplay; fullscreen\"><\/iframe><\/a><\/p>\n<p><a href=\"https:\/\/www.proceso.com.mx\/415688\/responsabilizan-a-gonzalez-zarur-por-desalojo-violento-de-normalistas-en-tlaxcala\">https:\/\/www.proceso.com.mx\/415688\/responsabilizan-a-gonzalez-zarur-por-desalojo-violento-de-normalistas-en-tlaxcala<\/a><\/p>\n","protected":false},"excerpt":{"rendered":"<p>POR GABRIELA HERN\u00c1NDEZ Tlaxcala, Tlax., (apro).- Alumnas de la Normal Rural \u201cBenito Ju\u00e1rez\u201d de Panotla marcharon por las calles de esta ciudad en protesta por el violento desalojo que sufrieron &hellip; <a href=\"http:\/\/www.grieta.org.mx\/index.php\/2015\/09\/17\/responsabilizan-a-gonzalez-zarur-por-desalojo-violento-de-normalistas-en-tlaxcala\/\" class=\"more-link\">Leer m\u00e1s<\/a><\/p>\n","protected":false},"author":2,"featured_media":24350,"comment_status":"closed","ping_status":"closed","sticky":false,"template":"","format":"standard","meta":{"ngg_post_thumbnail":0,"_jetpack_newsletter_access":"","_jetpack_dont_email_post_to_subs":false,"_jetpack_newsletter_tier_id":0,"_jetpack_memberships_contains_paywalled_content":false,"_jetpack_memberships_contains_paid_content":false,"footnotes":""},"categories":[80],"tags":[],"class_list":["post-24349","post","type-post","status-publish","format-standard","has-post-thumbnail","hentry","category-cintillo","entry"],"jetpack_featured_media_url":"http:\/\/www.grieta.org.mx\/wp-content\/uploads\/2018\/07\/tlaxcala.jpg","jetpack_sharing_enabled":true,"jetpack_shortlink":"https:\/\/wp.me\/p7ZJR4-6kJ","jetpack_likes_enabled":false,"jetpack-related-posts":[{"id":24347,"url":"http:\/\/www.grieta.org.mx\/index.php\/2015\/09\/18\/protestan-normalistas-de-tlaxcala-por-desalojo\/","url_meta":{"origin":24349,"position":0},"title":"Protestan normalistas de Tlaxcala por desalojo","author":"grieta","date":"18 septiembre, 2015","format":false,"excerpt":"V\u00edctor Hugo Varela La Jornada de Oriente Alumnas de la Normal Rural Benito Ju\u00e1rez de Panotla marcharon por esta capital para protestar porque el martes pasado granaderos las desalojaron del paraje El Tr\u00e9bol, uno de los principales accesos al centro hist\u00f3rico de la ciudad de Tlaxcala, en la autopista San\u2026","rel":"","context":"En &quot;CINTILLO&quot;","block_context":{"text":"CINTILLO","link":"http:\/\/www.grieta.org.mx\/index.php\/category\/cintillo\/"},"img":{"alt_text":"","src":"https:\/\/i0.wp.com\/www.grieta.org.mx\/wp-content\/uploads\/2018\/03\/14524434_1106112876131411_958039263622046936_o.jpg?resize=350%2C200","width":350,"height":200,"srcset":"https:\/\/i0.wp.com\/www.grieta.org.mx\/wp-content\/uploads\/2018\/03\/14524434_1106112876131411_958039263622046936_o.jpg?resize=350%2C200 1x, https:\/\/i0.wp.com\/www.grieta.org.mx\/wp-content\/uploads\/2018\/03\/14524434_1106112876131411_958039263622046936_o.jpg?resize=525%2C300 1.5x, https:\/\/i0.wp.com\/www.grieta.org.mx\/wp-content\/uploads\/2018\/03\/14524434_1106112876131411_958039263622046936_o.jpg?resize=700%2C400 2x"},"classes":[]},{"id":7514,"url":"http:\/\/www.grieta.org.mx\/index.php\/2015\/09\/16\/que-las-encierren-por-putas-director-de-la-normal-rural\/","url_meta":{"origin":24349,"position":1},"title":"\u201cQue las encierren por putas\u201d: director de la normal rural","author":"grieta","date":"16 septiembre, 2015","format":false,"excerpt":"Xico Corona\/e-consulta Derivado de la protesta pac\u00edfica que llevaron a cabo estudiantes de la normal rural de Panotla, Benito Ju\u00e1rez fueron tres detenidos y decenas de normalistas golpeadas, detenciones y golpes que seg\u00fan el director de la instituci\u00f3n Jorge Arturo Cuatepotzo S\u00e1nchez \u201cse lo ganaron por putas\u201d, de acuerdo con\u2026","rel":"","context":"En &quot;CINTILLO&quot;","block_context":{"text":"CINTILLO","link":"http:\/\/www.grieta.org.mx\/index.php\/category\/cintillo\/"},"img":{"alt_text":"","src":"https:\/\/i0.wp.com\/www.grieta.org.mx\/wp-content\/uploads\/2018\/03\/14524434_1106112876131411_958039263622046936_o.jpg?resize=350%2C200","width":350,"height":200,"srcset":"https:\/\/i0.wp.com\/www.grieta.org.mx\/wp-content\/uploads\/2018\/03\/14524434_1106112876131411_958039263622046936_o.jpg?resize=350%2C200 1x, https:\/\/i0.wp.com\/www.grieta.org.mx\/wp-content\/uploads\/2018\/03\/14524434_1106112876131411_958039263622046936_o.jpg?resize=525%2C300 1.5x, https:\/\/i0.wp.com\/www.grieta.org.mx\/wp-content\/uploads\/2018\/03\/14524434_1106112876131411_958039263622046936_o.jpg?resize=700%2C400 2x"},"classes":[]},{"id":7552,"url":"http:\/\/www.grieta.org.mx\/index.php\/2015\/08\/05\/protestaran-periodistas-de-tlaxcala-por-asesinato-de-ruben-espinosa\/","url_meta":{"origin":24349,"position":2},"title":"Protestar\u00e1n periodistas de Tlaxcala por asesinato de Rub\u00e9n Espinosa","author":"grieta","date":"5 agosto, 2015","format":false,"excerpt":"Alex G\u00f3mez\/Monitor Tlaxcala La Confederaci\u00f3n de Periodistas convoc\u00f3 a todos los integrantes del gremio en la entidad para llevar a cabo un acto de protesta por el asesinato del fotoperiodista Ruben Espinosa este 5 de agosto frente Palacio de Gobierno de Tlaxcala a las 18:30 hrs. Asimismo, la organizaci\u00f3n de\u2026","rel":"","context":"En &quot;CINTILLO&quot;","block_context":{"text":"CINTILLO","link":"http:\/\/www.grieta.org.mx\/index.php\/category\/cintillo\/"},"img":{"alt_text":"","src":"https:\/\/i0.wp.com\/www.grieta.org.mx\/wp-content\/uploads\/2018\/03\/14524434_1106112876131411_958039263622046936_o.jpg?resize=350%2C200","width":350,"height":200,"srcset":"https:\/\/i0.wp.com\/www.grieta.org.mx\/wp-content\/uploads\/2018\/03\/14524434_1106112876131411_958039263622046936_o.jpg?resize=350%2C200 1x, https:\/\/i0.wp.com\/www.grieta.org.mx\/wp-content\/uploads\/2018\/03\/14524434_1106112876131411_958039263622046936_o.jpg?resize=525%2C300 1.5x, https:\/\/i0.wp.com\/www.grieta.org.mx\/wp-content\/uploads\/2018\/03\/14524434_1106112876131411_958039263622046936_o.jpg?resize=700%2C400 2x"},"classes":[]},{"id":7517,"url":"http:\/\/www.grieta.org.mx\/index.php\/2015\/09\/15\/asi-se-enfrento-la-policia-de-tlaxcala-contra-normalistas-video\/","url_meta":{"origin":24349,"position":3},"title":"As\u00ed se enfrent\u00f3 la Polic\u00eda de Tlaxcala contra normalistas (video)","author":"grieta","date":"15 septiembre, 2015","format":false,"excerpt":"Aristegui Noticias Estudiantes de la Normal Rural \u201cBenito Ju\u00e1rez\u201d de Panotla, Tlaxcala, chocaron con granaderos de la Comisi\u00f3n Estatal de Seguridad, al tratar de bloquear la carretera a San Mart\u00edn Texmelucan. Un contingente de aproximadamente un centenar de normalistas fue replegado por los elementos policiacos, quienes incluso arremetieron contra mujeres\u2026","rel":"","context":"En &quot;CINTILLO&quot;","block_context":{"text":"CINTILLO","link":"http:\/\/www.grieta.org.mx\/index.php\/category\/cintillo\/"},"img":{"alt_text":"","src":"https:\/\/i0.wp.com\/www.grieta.org.mx\/wp-content\/uploads\/2018\/03\/14524434_1106112876131411_958039263622046936_o.jpg?resize=350%2C200","width":350,"height":200,"srcset":"https:\/\/i0.wp.com\/www.grieta.org.mx\/wp-content\/uploads\/2018\/03\/14524434_1106112876131411_958039263622046936_o.jpg?resize=350%2C200 1x, https:\/\/i0.wp.com\/www.grieta.org.mx\/wp-content\/uploads\/2018\/03\/14524434_1106112876131411_958039263622046936_o.jpg?resize=525%2C300 1.5x, https:\/\/i0.wp.com\/www.grieta.org.mx\/wp-content\/uploads\/2018\/03\/14524434_1106112876131411_958039263622046936_o.jpg?resize=700%2C400 2x"},"classes":[]},{"id":6425,"url":"http:\/\/www.grieta.org.mx\/index.php\/2015\/09\/22\/fracasa-en-tlaxcala-el-combate-a-la-trata-de-personas\/","url_meta":{"origin":24349,"position":4},"title":"Fracasa en Tlaxcala el combate a la Trata de Personas","author":"grieta","date":"22 septiembre, 2015","format":false,"excerpt":"Pedro Morales\/e-consulta Organizaciones Impulsoras de la Iniciativa Popular contra la Trata de Mujeres y Ni\u00f1as en Tlaxcala alertaron que ya son m\u00e1s de 35 los municipios donde hay presencia de trata de personas y que en cuatro a\u00f1os y medio en Tlaxcala no hay avances en el combate a este\u2026","rel":"","context":"En &quot;CINTILLO&quot;","block_context":{"text":"CINTILLO","link":"http:\/\/www.grieta.org.mx\/index.php\/category\/cintillo\/"},"img":{"alt_text":"","src":"https:\/\/i0.wp.com\/www.grieta.org.mx\/wp-content\/uploads\/2018\/03\/14524434_1106112876131411_958039263622046936_o.jpg?resize=350%2C200","width":350,"height":200,"srcset":"https:\/\/i0.wp.com\/www.grieta.org.mx\/wp-content\/uploads\/2018\/03\/14524434_1106112876131411_958039263622046936_o.jpg?resize=350%2C200 1x, https:\/\/i0.wp.com\/www.grieta.org.mx\/wp-content\/uploads\/2018\/03\/14524434_1106112876131411_958039263622046936_o.jpg?resize=525%2C300 1.5x, https:\/\/i0.wp.com\/www.grieta.org.mx\/wp-content\/uploads\/2018\/03\/14524434_1106112876131411_958039263622046936_o.jpg?resize=700%2C400 2x"},"classes":[]},{"id":7551,"url":"http:\/\/www.grieta.org.mx\/index.php\/2015\/08\/06\/periodistas-de-tlaxcala-se-unen-y-exigen-justicia-para-ruben-espinosa\/","url_meta":{"origin":24349,"position":5},"title":"Periodistas de Tlaxcala se unen y exigen justicia para Rub\u00e9n Espinosa","author":"grieta","date":"6 agosto, 2015","format":false,"excerpt":"La Polila Fue frente a la puerta principal del palacio de gobierno del estado de Tlaxcala que se reunieron periodistas, fot\u00f3grafos y editores de medios convencionales y electr\u00f3nicos locales, con c\u00e1mara en mano y veladoras arribaron de uno en uno. No import\u00f3 de que empresa, ni de qu\u00e9 organizaci\u00f3n, el\u2026","rel":"","context":"En &quot;CINTILLO&quot;","block_context":{"text":"CINTILLO","link":"http:\/\/www.grieta.org.mx\/index.php\/category\/cintillo\/"},"img":{"alt_text":"","src":"https:\/\/i0.wp.com\/www.grieta.org.mx\/wp-content\/uploads\/2018\/03\/14524434_1106112876131411_958039263622046936_o.jpg?resize=350%2C200","width":350,"height":200,"srcset":"https:\/\/i0.wp.com\/www.grieta.org.mx\/wp-content\/uploads\/2018\/03\/14524434_1106112876131411_958039263622046936_o.jpg?resize=350%2C200 1x, https:\/\/i0.wp.com\/www.grieta.org.mx\/wp-content\/uploads\/2018\/03\/14524434_1106112876131411_958039263622046936_o.jpg?resize=525%2C300 1.5x, https:\/\/i0.wp.com\/www.grieta.org.mx\/wp-content\/uploads\/2018\/03\/14524434_1106112876131411_958039263622046936_o.jpg?resize=700%2C400 2x"},"classes":[]}],"_links":{"self":[{"href":"http:\/\/www.grieta.org.mx\/index.php\/wp-json\/wp\/v2\/posts\/24349","targetHints":{"allow":["GET"]}}],"collection":[{"href":"http:\/\/www.grieta.org.mx\/index.php\/wp-json\/wp\/v2\/posts"}],"about":[{"href":"http:\/\/www.grieta.org.mx\/index.php\/wp-json\/wp\/v2\/types\/post"}],"author":[{"embeddable":true,"href":"http:\/\/www.grieta.org.mx\/index.php\/wp-json\/wp\/v2\/users\/2"}],"replies":[{"embeddable":true,"href":"http:\/\/www.grieta.org.mx\/index.php\/wp-json\/wp\/v2\/comments?post=24349"}],"version-history":[{"count":1,"href":"http:\/\/www.grieta.org.mx\/index.php\/wp-json\/wp\/v2\/posts\/24349\/revisions"}],"predecessor-version":[{"id":24351,"href":"http:\/\/www.grieta.org.mx\/index.php\/wp-json\/wp\/v2\/posts\/24349\/revisions\/24351"}],"wp:featuredmedia":[{"embeddable":true,"href":"http:\/\/www.grieta.org.mx\/index.php\/wp-json\/wp\/v2\/media\/24350"}],"wp:attachment":[{"href":"http:\/\/www.grieta.org.mx\/index.php\/wp-json\/wp\/v2\/media?parent=24349"}],"wp:term":[{"taxonomy":"category","embeddable":true,"href":"http:\/\/www.grieta.org.mx\/index.php\/wp-json\/wp\/v2\/categories?post=24349"},{"taxonomy":"post_tag","embeddable":true,"href":"http:\/\/www.grieta.org.mx\/index.php\/wp-json\/wp\/v2\/tags?post=24349"}],"curies":[{"name":"wp","href":"https:\/\/api.w.org\/{rel}","templated":true}]}}