{"id":24117,"date":"2018-06-30T13:53:35","date_gmt":"2018-06-30T18:53:35","guid":{"rendered":"http:\/\/www.grieta.org.mx\/?p=24117"},"modified":"2018-07-06T09:18:32","modified_gmt":"2018-07-06T14:18:32","slug":"las-valientes-de-cloete-coahuila-eran-pocas-pero-estaban-juntas-echaron-a-caciques-y-al-ejercito","status":"publish","type":"post","link":"http:\/\/www.grieta.org.mx\/index.php\/2018\/06\/30\/las-valientes-de-cloete-coahuila-eran-pocas-pero-estaban-juntas-echaron-a-caciques-y-al-ejercito\/","title":{"rendered":"Las valientes de Cloete, Coahuila: eran pocas, pero estaban juntas; echaron a caciques y al Ej\u00e9rcito"},"content":{"rendered":"<p><iframe loading=\"lazy\" src=\"https:\/\/www.youtube.com\/embed\/BQGq8BH8MBg\" width=\"594\" height=\"297\" frameborder=\"0\" allowfullscreen=\"allowfullscreen\"><\/iframe><\/p>\n<p>Cloete, en Sabinas, Coahuila, fue invadida por profundos socavones negros que devoraron \u00e1reas verdes,\u00a0 calles, \u00e1rboles, y cuanto encontraron a su paso. Foto : Cri Rodr\u00edguez\/SIN EMBARGO<\/p>\n<p>Sugevry G\u00e1ndara\/ Sin Embargo<\/p>\n<h3><strong>A las mujeres de Cloete, en el estado norte\u00f1o de Coahuila, empresas mineras adue\u00f1adas por pol\u00edticos priistas, les quisieron quitar sus casas. Pero no pudieron porque se rebelaron. En 2007, la situaci\u00f3n lleg\u00f3 ser tan confusa que por el pueblo corri\u00f3 el rumor que grupos de la organizaci\u00f3n criminal de Los Zetas se hab\u00edan hecho del control de las minas.<\/strong><\/h3>\n<h3><strong>Eso no amedrent\u00f3 a Norma Salda\u00f1<\/strong><strong>a Ram<\/strong><strong>\u00edrez, Martha Alicia Mart\u00ednez Ortiz, ni a Mar\u00eda del Carmen San Miguel Montalvo quien hoy son de las luchadoras en resistencia en esa poblaci\u00f3n del norte mexicano en contra de las minas a cielo abierto. El a\u00f1o pasado se enfrentaron a elementos del Ej\u00e9rcito que intentaron disolver una protesta p\u00fablica en contra de la reapertura de un tajo que hab\u00eda sido clausurado por la Profepa. Ellas, cuyo trabajo antes era el hogar.<\/strong><\/h3>\n<p>&nbsp;<\/p>\n<p>Ciudad\u00a0de\u00a0M\u00e9xico, 29 de junio.\u2013\u00a0A Norma le dijeron que la tierra de su casa no era f\u00e9rtil. Lo dud\u00f3. Cuando esperaba a su quinto hijo, le ofrecieron una cuna y comprar su vivienda. No acept\u00f3. Le secuestraron y torturaron a su esposo. Resisti\u00f3. Le arguyeron que ya no hab\u00eda zetas; pero que los empresarios mineros pod\u00edan excavar en total libertad. Se rebel\u00f3.<\/p>\n<p>Norma Salda\u00f1a Ram\u00edrez es una de las mujeres que defienden su patrimonio ante la voracidad de las minas en Cloete.<\/p>\n<p>Son apenas las 11 de la ma\u00f1ana y el term\u00f3metro ya marca 38 grados. Los rayos penetran el suelo \u00e1rido y de nuevo emergen de \u00e9l.<\/p>\n<p>\u2013 Hay que apurarnos antes de que salga m\u00e1s el sol. Despu\u00e9s de las 12, la temperatura sube a 42 grados cent\u00edgrados, a veces, hasta los 50\u201d, advierten Martha, Norma y Mar\u00eda del Carmen, mientras caminan por el terreno agreste y muestran la destrucci\u00f3n que dejaron las minas a cielo abierto, cuevas y pocitos que irrumpen en Cloete Norte.<\/p>\n<p><img loading=\"lazy\" decoding=\"async\" data-attachment-id=\"24118\" data-permalink=\"http:\/\/www.grieta.org.mx\/index.php\/2018\/06\/30\/las-valientes-de-cloete-coahuila-eran-pocas-pero-estaban-juntas-echaron-a-caciques-y-al-ejercito\/cloete\/\" data-orig-file=\"http:\/\/www.grieta.org.mx\/wp-content\/uploads\/2018\/07\/cloete.jpg\" data-orig-size=\"700,417\" data-comments-opened=\"0\" data-image-meta=\"{&quot;aperture&quot;:&quot;0&quot;,&quot;credit&quot;:&quot;&quot;,&quot;camera&quot;:&quot;&quot;,&quot;caption&quot;:&quot;&quot;,&quot;created_timestamp&quot;:&quot;0&quot;,&quot;copyright&quot;:&quot;&quot;,&quot;focal_length&quot;:&quot;0&quot;,&quot;iso&quot;:&quot;0&quot;,&quot;shutter_speed&quot;:&quot;0&quot;,&quot;title&quot;:&quot;&quot;,&quot;orientation&quot;:&quot;0&quot;}\" data-image-title=\"cloete\" data-image-description=\"\" data-image-caption=\"\" data-medium-file=\"http:\/\/www.grieta.org.mx\/wp-content\/uploads\/2018\/07\/cloete-300x179.jpg\" data-large-file=\"http:\/\/www.grieta.org.mx\/wp-content\/uploads\/2018\/07\/cloete.jpg\" class=\"aligncenter size-full wp-image-24118\" src=\"http:\/\/www.grieta.org.mx\/wp-content\/uploads\/2018\/07\/cloete.jpg\" alt=\"\" width=\"700\" height=\"417\" srcset=\"http:\/\/www.grieta.org.mx\/wp-content\/uploads\/2018\/07\/cloete.jpg 700w, http:\/\/www.grieta.org.mx\/wp-content\/uploads\/2018\/07\/cloete-300x179.jpg 300w\" sizes=\"auto, (max-width: 700px) 100vw, 700px\" \/><\/p>\n<p>Martha, Mar\u00eda del Carmen y Norma, las mujeres que hace tres a\u00f1os organizaron al pueblo de Cloete para echar a los caciques mineros, hacen un recorrido con SinEmbargo para mostrar la destrucci\u00f3n que esas empresas dejaron en su comunidad. Foto: Crisanto Rodr\u00edguez, SinEmbargo<\/p>\n<p>Cloete es un peque\u00f1o poblado, de no m\u00e1s de cuatro mil habitantes, ubicado en Sabinas, dentro de la llamada Regi\u00f3n Carbon\u00edfera de Coahuila, donde yace la mayor concentraci\u00f3n de reservas de este mineral en M\u00e9xico.<\/p>\n<p>Una llanura invadida por profundos socavones negros que devoraron \u00e1rboles, calles, matorrales y cuanto encontraron a su paso. El paisaje evoca a una imagen de guerra tras un bombardeo.<\/p>\n<p>Los boquetes dividen colonias, como la Cocedores, Barrio dos y Lomas Altas. En esos fraccionamientos viven Norma Salda\u00f1a Ram\u00edrez, Martha Alicia Mart\u00ednez Ortiz y Mar\u00eda del Carmen San Miguel Montalvo.<\/p>\n<p>Este tr\u00edo, desde hace tres a\u00f1os y junto otras vecinas, han desafiado a los caciques mineros de la regi\u00f3n.<\/p>\n<blockquote><p>\u201cNosotros nos opusimos a que trabajaran. Tenemos una lucha durante dos a\u00f1os con ellos para que no abrieran sus tajos y minas ilegales. Fueron constantes pleitos para que se retiraran de nuestra comunidad. Ellos no quer\u00edan\u201d, dice Mar\u00eda del Carmen.<\/p>\n<div class=\"ad_center ad-in-content\"><\/div>\n<\/blockquote>\n<p>Al fondo del tajo, ubicado a menos de 80 metros de la colonia Lomas Altas y menos de 30 metros de la casa de Norma Salda\u00f1a, circulan camiones de volteo que descargan tierra y material.<\/p>\n<p>Martha explica que las m\u00e1quinas \u201crellenan\u201d la oquedad abierta a\u00f1os atr\u00e1s, sin los estudios y est\u00e1ndares que ordena la ley. Esto \u2013dice- materializa el \u00e9xito de la lucha.<\/p>\n<p><img loading=\"lazy\" decoding=\"async\" data-attachment-id=\"24119\" data-permalink=\"http:\/\/www.grieta.org.mx\/index.php\/2018\/06\/30\/las-valientes-de-cloete-coahuila-eran-pocas-pero-estaban-juntas-echaron-a-caciques-y-al-ejercito\/cloete-2\/\" data-orig-file=\"http:\/\/www.grieta.org.mx\/wp-content\/uploads\/2018\/07\/Cloete-2.jpg\" data-orig-size=\"700,1051\" data-comments-opened=\"0\" data-image-meta=\"{&quot;aperture&quot;:&quot;0&quot;,&quot;credit&quot;:&quot;&quot;,&quot;camera&quot;:&quot;&quot;,&quot;caption&quot;:&quot;&quot;,&quot;created_timestamp&quot;:&quot;0&quot;,&quot;copyright&quot;:&quot;&quot;,&quot;focal_length&quot;:&quot;0&quot;,&quot;iso&quot;:&quot;0&quot;,&quot;shutter_speed&quot;:&quot;0&quot;,&quot;title&quot;:&quot;&quot;,&quot;orientation&quot;:&quot;0&quot;}\" data-image-title=\"Cloete 2\" data-image-description=\"\" data-image-caption=\"\" data-medium-file=\"http:\/\/www.grieta.org.mx\/wp-content\/uploads\/2018\/07\/Cloete-2-200x300.jpg\" data-large-file=\"http:\/\/www.grieta.org.mx\/wp-content\/uploads\/2018\/07\/Cloete-2-682x1024.jpg\" class=\"aligncenter size-large wp-image-24119\" src=\"http:\/\/www.grieta.org.mx\/wp-content\/uploads\/2018\/07\/Cloete-2-682x1024.jpg\" alt=\"\" width=\"682\" height=\"1024\" srcset=\"http:\/\/www.grieta.org.mx\/wp-content\/uploads\/2018\/07\/Cloete-2-682x1024.jpg 682w, http:\/\/www.grieta.org.mx\/wp-content\/uploads\/2018\/07\/Cloete-2-200x300.jpg 200w, http:\/\/www.grieta.org.mx\/wp-content\/uploads\/2018\/07\/Cloete-2-333x500.jpg 333w, http:\/\/www.grieta.org.mx\/wp-content\/uploads\/2018\/07\/Cloete-2.jpg 700w\" sizes=\"auto, (max-width: 682px) 100vw, 682px\" \/><\/p>\n<p>Los tajos abiertos por las mineras dividen las colonias Cocedores, Barrio dos y Lomas Altas. En esos fraccionamientos viven Norma Salda\u00f1a Ram\u00edrez, Martha Alicia Mart\u00ednez Ortiz y Mar\u00eda del Carmen San Miguel Montalvo, quienes de ser amas de casa pasaron al activismo. Foto: Cri Rodr\u00edguez, SinEmbargo<\/p>\n<p style=\"text-align: center;\"><strong>LA INVASI\u00d3N Y EL TERROR<\/strong><\/p>\n<p>Hace m\u00e1s de 30 a\u00f1os entraron a Cloete y La Agujita las empresas extractivas de carb\u00f3n.<br \/>\nMar\u00eda del Carmen rese\u00f1a que primero aparecieron en la zona sur del pueblo. En aquel entonces ella ve\u00eda lejano el problema, hasta que las excavaciones amenazaron su casa.<\/p>\n<p>Las minas se expandieron como plaga por todo Cloete durante el periodo de Humberto Moreira, quien gobern\u00f3 el estado de 2005 a 2011.<\/p>\n<p>Norma Salda\u00f1a siempre ha vivido ah\u00ed, al menos desde que tiene memoria. En 2003, relata, lleg\u00f3 \u00c1lvaro Jaime, actual regidor del Partido Revolucionario Institucional (PRI) en Sabinas, Coahuila. El pol\u00edtico-minero se present\u00f3 como concesionario y due\u00f1o de los terrenos de Cloete, dice Norma.<br \/>\nAnunci\u00f3 al avecindado que abrir\u00eda tajos y ofreci\u00f3 comprar las propiedades en 30 mil pesos cada una y reubicar a quienes aceptaran.<\/p>\n<p>En ese entonces Norma estaba embarazada, esperaba a su quinto hijo. El minero le ofreci\u00f3 regalarle una cuna y pa\u00f1ales si convenc\u00eda a su esposo de vender. Para tratar de subyugarla, le argument\u00f3 que el terreno donde viv\u00eda no era tierra f\u00e9rtil, y su inmueble carec\u00eda de m\u00e1s valor por estar cimentado en una zona r\u00fastica. Norma y Mart\u00edn, su esposo, rechazaron la oferta.<\/p>\n<p><img loading=\"lazy\" decoding=\"async\" data-attachment-id=\"24120\" data-permalink=\"http:\/\/www.grieta.org.mx\/index.php\/2018\/06\/30\/las-valientes-de-cloete-coahuila-eran-pocas-pero-estaban-juntas-echaron-a-caciques-y-al-ejercito\/cloete-3\/\" data-orig-file=\"http:\/\/www.grieta.org.mx\/wp-content\/uploads\/2018\/07\/Cloete-3.jpg\" data-orig-size=\"700,394\" data-comments-opened=\"0\" data-image-meta=\"{&quot;aperture&quot;:&quot;0&quot;,&quot;credit&quot;:&quot;&quot;,&quot;camera&quot;:&quot;&quot;,&quot;caption&quot;:&quot;&quot;,&quot;created_timestamp&quot;:&quot;0&quot;,&quot;copyright&quot;:&quot;&quot;,&quot;focal_length&quot;:&quot;0&quot;,&quot;iso&quot;:&quot;0&quot;,&quot;shutter_speed&quot;:&quot;0&quot;,&quot;title&quot;:&quot;&quot;,&quot;orientation&quot;:&quot;0&quot;}\" data-image-title=\"Cloete 3\" data-image-description=\"\" data-image-caption=\"\" data-medium-file=\"http:\/\/www.grieta.org.mx\/wp-content\/uploads\/2018\/07\/Cloete-3-300x169.jpg\" data-large-file=\"http:\/\/www.grieta.org.mx\/wp-content\/uploads\/2018\/07\/Cloete-3.jpg\" class=\"aligncenter size-full wp-image-24120\" src=\"http:\/\/www.grieta.org.mx\/wp-content\/uploads\/2018\/07\/Cloete-3.jpg\" alt=\"\" width=\"700\" height=\"394\" srcset=\"http:\/\/www.grieta.org.mx\/wp-content\/uploads\/2018\/07\/Cloete-3.jpg 700w, http:\/\/www.grieta.org.mx\/wp-content\/uploads\/2018\/07\/Cloete-3-300x169.jpg 300w\" sizes=\"auto, (max-width: 700px) 100vw, 700px\" \/>Norma Salda\u00f1a Ram\u00edrez narra c\u00f3mo los mineros intentaron, con amenazas, quitarles sus hogares, y c\u00f3mo se encendi\u00f3 en ella la llama de la indignaci\u00f3n y la b\u00fasqueda de justicia. Foto: Cri Rodr\u00edguez<\/p>\n<p>Otros ejidatarios tampoco aceptaron.<\/p>\n<p>\u201cNos juntamos m\u00e1s de 60 vecinos que no est\u00e1bamos de acuerdo en sus propuestas de reubicaci\u00f3n, mientras que otros pobladores s\u00ed se cambiaron porque no quer\u00edan<br \/>\nemprender una batalla\u201d, rememora.<\/p>\n<p>La gente que se pronunciaba en contra de los tajos y pozos era amenazada y amedrentada.<\/p>\n<blockquote><p>\u201cEn el 2007, como no estuvimos de acuerdo, empezaron a golpear y secuestrar gente para que se fuera de la zona. Dec\u00edan que las minas eran de los zetas; pero no sabemos si de verdad eran zetas o los concesionarios\u201d, platica Norma.<\/p><\/blockquote>\n<p>La poblaci\u00f3n no pod\u00eda oponerse al avance de las minas porque estaba aterrorizada, pues se dec\u00eda que en la Agujita, Cloete, Las Esperanzas y Nueva Rosita eran del sanguinario grupo delictivo.<\/p>\n<p>El temor paraliz\u00f3 a varios habitantes que -como Norma-, en ocasiones, llegaron a quedarse sin salir de sus casas por d\u00edas y noches. Ni siquiera por comida o para enviar a sus hijos a la escuela.<\/p>\n<p>Algunos de los pobladores no soportaron y prefirieron dejar la villa.<\/p>\n<p>La minas a las que se refer\u00edan como propiedad Zeta, eran dos pozos operados, en esos a\u00f1os por el concesionario Servando Guerra, quien hasta la fecha trabaja concesiones del regidor pri\u00edsta \u00c1lvaro Jaime Arellano, detalla la Familia Pasta de Conchos en un informe elaborado en 2018 con apoyo de la organizaci\u00f3n internacional Heinrich-B\u00f6ll-Stiftung.<\/p>\n<p>El costo por resistirse a la mina fue alto para Norma y Mart\u00edn. En ese 2007, el joven carbonero fue privado de la libertad tres d\u00edas y torturado.<\/p>\n<p>Mart\u00edn y un primo de \u00e9l -narra- fueron detenidos por la polic\u00eda municipal de Sabinas. Norma acudi\u00f3 a la comandancia para pedir informaci\u00f3n sobre el arresto de su esposo. Ote\u00f3 el libro de detenciones de la polic\u00eda local,\u00a0 hall\u00f3 el nombre de su pareja y pregunt\u00f3 por \u00e9l; pero no le permitieron verlo. Horas despu\u00e9s regres\u00f3 y le anunciaron que ya hab\u00eda sido liberado.<\/p>\n<p>Norma volvi\u00f3 a su casa pero su esposo no estaba all\u00ed. Por tres d\u00edas no supo nada de \u00e9l. Mart\u00edn, alto y de complexi\u00f3n muy delgada, regres\u00f3 golpeado: hab\u00eda sido entregado a un grupo armado que lo tortur\u00f3.<\/p>\n<blockquote><p>\u201cTen\u00eda la espalda toda molida, yo pens\u00e9 que ya no se iba a levantar porque lleg\u00f3 a rastras. Era un viernes por la noche\u201d, recuerda Norma.<\/p><\/blockquote>\n<p>Los agresores ordenaron a Mart\u00edn, mientras lo vapuleaban, que ten\u00eda que dejar su finca. La golpiza dej\u00f3 incapacitado por m\u00e1s de un a\u00f1o al carbonero, quien es el sustento de su familia.<\/p>\n<p>Mart\u00edn no pod\u00eda mantenerse en pie y, mientras vomitaba sangre, se tragada el dolor, pues no quiso acudir al hospital o alg\u00fan doctor por el temor. Esa hab\u00eda sido otra de las advertencias de los atacantes.<br \/>\nLos parientes del matrimonio y el jefe del minero los apoyaban: la familia con comida y el patr\u00f3n con un poco de dinero.<\/p>\n<p>En el pueblo se esparci\u00f3 el rumor de que a Mart\u00edn lo \u201ctablearon\u201d los Zetas por oponerse a las minas. As\u00ed se someti\u00f3 a los pobladores.<br \/>\nLos colonos que quedaban para combatir las minas fueron divididos.<\/p>\n<p>\u201cEn 2008, dijeron que cinco personas hab\u00edamos vendido la vivienda. En esa versi\u00f3n falsa, nosotros \u00e9ramos de los que (supuestamente) hab\u00edamos vendido. Que mi esposo hab\u00eda agarrado medio mill\u00f3n de pesos y no fue as\u00ed. Los habitantes se fragmentaron. Cada quien andaba por su lado\u201d, abunda Norma.<\/p>\n<h1 style=\"text-align: center;\"><strong>II<\/strong><\/h1>\n<p><strong>LOS SE\u00d1ORES DEL CARB\u00d3N\u00a0<\/strong><\/p>\n<p>El carb\u00f3n que se extrae de Coahuila era adquirido por Promotora para el Desarrollo Minero (Prodemi), un organismo descentralizado del Gobierno de Coahuila -creado en 2003- y que funge como intermediario ante la Comisi\u00f3n Federal de El\u00e9ctricidad (CFE), que usa el mineral para el abastecimiento de las Centrales Termoel\u00e9ctricas Jos\u00e9 L\u00f3pez Portillo y Carb\u00f3n.<\/p>\n<p>\u00c1lvaro Jaime Arellano, primer regidor del PRI del municipio de Sabinas, es el propietario de las concesiones de Cloete Norte [t\u00edtulo 217332] y Cloete Centro [t\u00edtulo 216996]. Unas zonas de estas concesiones est\u00e1n en la superficie que es propiedad de Miguel Vald\u00e9s, y de Fernando Mendoza Bernal, documenta el informe Carb\u00f3n Rojo 2018.<\/p>\n<p>Servando Guerra Rodr\u00edguez y Reynol Bermea Castilla son los que administraban las concesiones de \u00c1lvaro Jaime, sin Manifiesto de Impacto Ambiental.<\/p>\n<p>Las minas de las concesiones Cloete Norte y Cloete Centro son las que, durante el Moreinato, le adjudicaban a los zetas mediante rumores, detalla el reporte de OFPC.<\/p>\n<p>Reynol Bermea Castilla era hermano Joel Bermea Castilla, due\u00f1o Minera Las Cuatas. Gan\u00f3 contratos con Prodemi a partir del a\u00f1o 2009.<\/p>\n<p>Reynol, que no ten\u00eda una compa\u00f1\u00eda, rentaba el\u00a0terreno colindante entre la concesi\u00f3n Cloete Norte.<\/p>\n<blockquote><p>Servando\u00a0Guerra obtuvo tres contratos durante los gobiernos de los priistas Humberto y su hermano Rub\u00e9n Moreira Valdez, quien gobern\u00f3 Coahuila del 1 de diciembre de 2011 al 30 de noviembre de 2017. La Organizaci\u00f3n Familia Pasta de Conchos (OFPC) estima que el tr\u00edo de convenios\u00a0representan al menos 146 millones 250 mil pesos, tomando el\u00a0precio m\u00ednimo pagado que paga Prodemi.<\/p><\/blockquote>\n<p>\u00c1lvaro Jaime Arellano y Antonio Nerio Maltos, actual diputado local por Partido Revolucionario Institucional (PRI), son due\u00f1os de la empresa Integraci\u00f3n Minera.<\/p>\n<aside class=\"ver-ademas\">\n<header>\n<h5><\/h5>\n<\/header>\n<\/aside>\n<h1 style=\"text-align: center;\"><strong>III<\/strong><\/h1>\n<p><strong>C\u00d3MO\u00a0<\/strong><strong>INICIA UNA BATALLA<\/strong><\/p>\n<p>\u00c1lvaro Jaime Arellano, Servando Guerra Rodr\u00edguez y Reynol Bermea Castilla se apropiaron poco a poco de los terrenos en Cloete.<\/p>\n<p>Los tajos se extendieron hasta llegar al patio de la casa de Norma Salda\u00f1a. Un socav\u00f3n estaba a 30 metros al norte de su vivienda y otro al lado. \u201cYa estaban escarbando casi en mi patio hacia abajo de mi casa\u201d.<\/p>\n<p>El miedo segu\u00eda dentro de Norma y su esposo; pero aun as\u00ed recurrieron a los vecinos y familiares, en busca de respaldo para detener la expansi\u00f3n de minas que afectaban su inmueble, el cual ya ten\u00eda severas cuarteaduras, hondas grietas y parte del suelo se sum\u00eda.<\/p>\n<blockquote><p>\u201cFuimos con la gente a que nos ayudaran porque los tajos nos iban a tumbar las casas. Y no es justo. Ese es nuestro patrimonio, de nuestros hijos. Nos est\u00e1n quitando todo lo que hay aqu\u00ed, en Cloete\u201d.<\/p><\/blockquote>\n<p>Los residentes de Barrio Tres y Cocedores hicieron un plant\u00f3n en 2014. Detuvieron parte de la maquinaria que carcom\u00eda el territorio y quer\u00eda avanzar hacia la vivienda de Norma, cuenta la ama de casa.<\/p>\n<p>La calle Australia en Cloete s\u00f3lo se encuentra en los mapas de Google porque en la realidad no existe. Los tajos destruyeron caminos e incomunicaron a colonias de la zona.<\/p>\n<p>El 31 de octubre de 2014, Reynol Bermea Castilla fue ejecutado en Coahuila. No pas\u00f3 mucho tiempo cuando Servando Guerra y \u00c1lvaro Jaime Arellano, junto a\u00a0 autoridades municipales de Sabinas, fueron con los residentes de Cloete y anunciaron que \u201cya no hab\u00eda Zetas\u201d, narra Norma.<\/p>\n<p>Las familias se armaron de valor, pues tem\u00edan que sus hogares, de un momento a otro, fueran absorbidos por la tierra. Desde entonces se enfrentaron a los mineros que \u2013 avalados por las autoridades locales \u2013 extra\u00edan carb\u00f3n bajo la ilegalidad.<\/p>\n<p><img loading=\"lazy\" decoding=\"async\" data-attachment-id=\"24121\" data-permalink=\"http:\/\/www.grieta.org.mx\/index.php\/2018\/06\/30\/las-valientes-de-cloete-coahuila-eran-pocas-pero-estaban-juntas-echaron-a-caciques-y-al-ejercito\/cloete-4\/\" data-orig-file=\"http:\/\/www.grieta.org.mx\/wp-content\/uploads\/2018\/07\/Cloete-4.jpg\" data-orig-size=\"700,467\" data-comments-opened=\"0\" data-image-meta=\"{&quot;aperture&quot;:&quot;0&quot;,&quot;credit&quot;:&quot;&quot;,&quot;camera&quot;:&quot;&quot;,&quot;caption&quot;:&quot;&quot;,&quot;created_timestamp&quot;:&quot;0&quot;,&quot;copyright&quot;:&quot;&quot;,&quot;focal_length&quot;:&quot;0&quot;,&quot;iso&quot;:&quot;0&quot;,&quot;shutter_speed&quot;:&quot;0&quot;,&quot;title&quot;:&quot;&quot;,&quot;orientation&quot;:&quot;0&quot;}\" data-image-title=\"Cloete 4\" data-image-description=\"\" data-image-caption=\"\" data-medium-file=\"http:\/\/www.grieta.org.mx\/wp-content\/uploads\/2018\/07\/Cloete-4-300x200.jpg\" data-large-file=\"http:\/\/www.grieta.org.mx\/wp-content\/uploads\/2018\/07\/Cloete-4.jpg\" class=\"aligncenter size-full wp-image-24121\" src=\"http:\/\/www.grieta.org.mx\/wp-content\/uploads\/2018\/07\/Cloete-4.jpg\" alt=\"\" width=\"700\" height=\"467\" srcset=\"http:\/\/www.grieta.org.mx\/wp-content\/uploads\/2018\/07\/Cloete-4.jpg 700w, http:\/\/www.grieta.org.mx\/wp-content\/uploads\/2018\/07\/Cloete-4-300x200.jpg 300w\" sizes=\"auto, (max-width: 700px) 100vw, 700px\" \/><\/p>\n<p><img loading=\"lazy\" decoding=\"async\" data-attachment-id=\"24122\" data-permalink=\"http:\/\/www.grieta.org.mx\/index.php\/2018\/06\/30\/las-valientes-de-cloete-coahuila-eran-pocas-pero-estaban-juntas-echaron-a-caciques-y-al-ejercito\/cloete-5\/\" data-orig-file=\"http:\/\/www.grieta.org.mx\/wp-content\/uploads\/2018\/07\/Cloete-5.jpg\" data-orig-size=\"700,467\" data-comments-opened=\"0\" data-image-meta=\"{&quot;aperture&quot;:&quot;0&quot;,&quot;credit&quot;:&quot;&quot;,&quot;camera&quot;:&quot;&quot;,&quot;caption&quot;:&quot;&quot;,&quot;created_timestamp&quot;:&quot;0&quot;,&quot;copyright&quot;:&quot;&quot;,&quot;focal_length&quot;:&quot;0&quot;,&quot;iso&quot;:&quot;0&quot;,&quot;shutter_speed&quot;:&quot;0&quot;,&quot;title&quot;:&quot;&quot;,&quot;orientation&quot;:&quot;0&quot;}\" data-image-title=\"Cloete 5\" data-image-description=\"\" data-image-caption=\"\" data-medium-file=\"http:\/\/www.grieta.org.mx\/wp-content\/uploads\/2018\/07\/Cloete-5-300x200.jpg\" data-large-file=\"http:\/\/www.grieta.org.mx\/wp-content\/uploads\/2018\/07\/Cloete-5.jpg\" class=\"aligncenter size-full wp-image-24122\" src=\"http:\/\/www.grieta.org.mx\/wp-content\/uploads\/2018\/07\/Cloete-5.jpg\" alt=\"\" width=\"700\" height=\"467\" srcset=\"http:\/\/www.grieta.org.mx\/wp-content\/uploads\/2018\/07\/Cloete-5.jpg 700w, http:\/\/www.grieta.org.mx\/wp-content\/uploads\/2018\/07\/Cloete-5-300x200.jpg 300w\" sizes=\"auto, (max-width: 700px) 100vw, 700px\" \/><\/p>\n<p>Los da\u00f1os a las casas de Cloete causadas por las minas a cielo abierto en Cloete, una comunidad ubicada en Sabinas, municipio que integra la llamada Regi\u00f3n Carbon\u00edfera de Coahuila. Fotos: Cr\u00ed Rodr\u00edguez, SinEmbargo<\/p>\n<p>Cristina Auerbach Benavides conoci\u00f3 a Norma y a los pobladores de Cloete en el 2015, mientras las residentes trataban de detener las retroexcavadoras.<\/p>\n<p>La defensora de los mineros explic\u00f3 a los pobladores que las minas actuaban mal; que violaban sus derechos y que ellos -los afectados- pod\u00edan denunciar.<\/p>\n<p>Las minas no solo hacen tajos tambi\u00e9n perforan por debajo de las casas.<\/p>\n<blockquote><p>Dentro de los socavones hacen cuevas o, desde un pozo de tiro, meten a los mineros y cavan \u201ct\u00faneles\u201d para extraer carb\u00f3n, seg\u00fan explica Martha Alicia Mart\u00ednez.<\/p><\/blockquote>\n<p>El 9 de febrero de 2015, Norma acudi\u00f3 a las oficinas del Ministerio P\u00fablico local para denunciar a las minas por los tajos.<\/p>\n<p>La joven recuerda que Juan Jaime Zamora, en ese entonces encargado de la agencia receptora de denuncias de Coahuila, se neg\u00f3 a levantar la querella pues ni siquiera le pregunt\u00f3 el nombre. S\u00f3lo le cuestion\u00f3 qu\u00e9 quer\u00eda exponer.<\/p>\n<p>Salda\u00f1a Ram\u00edrez narr\u00f3 su situaci\u00f3n; pero el funcionario le respondi\u00f3 que no pod\u00eda hacer nada porque ese terreno ya estaba vendido. El servidor p\u00fablico le coment\u00f3 que mejor llegara a un acuerdo con los empresarios, asevera la entrevistada.<\/p>\n<blockquote><p>\u201cEl Ministerio P\u00fablico me dijo que yo me fuera de aqu\u00ed; que vendiera y me retirara. Sent\u00ed horrible porque yo fui a a pedir ayuda y me dijeron lo contrario\u201d, abunda.<\/p><\/blockquote>\n<p>Norma no se rindi\u00f3. En compa\u00f1\u00eda de varias mujeres, se apersonaron con el entonces alcalde de Sabinas, Ignacio Lenin Flores Lucio para exhibir el problema.<\/p>\n<p>\u00c1lvaro Jaime Arellano, Servando Guerra Rodr\u00edguez tambi\u00e9n arribaron con el mun\u00edcipe, al igual que Jos\u00e9 Pichardo Gonz\u00e1lez de Protecci\u00f3n Civil local mismo que defendi\u00f3 a los empresarios.<\/p>\n<p>\u201cPichardo dec\u00eda que dej\u00e1ramos trabajar a la mina, que ellos estaban en su derecho porque el concesionario hab\u00eda comprado la casa de enfrente y pod\u00eda hacer lo quisiera\u201d, agrega.<\/p>\n<p>Las pobladoras refutaron.<\/p>\n<p>Norma afirma que el mismo alcalde de Sabinas le sugiri\u00f3 a Servando y a \u00c1lvaro que pod\u00edan demandar a los ciudadanos nos demandaran por despojo. Y as\u00ed sucedi\u00f3..<\/p>\n<p>En el 2016, las mujeres de Cloete fueron acusadas de \u201cdistraer\u201d las maquinas y no dejarlas trabajar. La demanda reclamaba la p\u00e9rdida al menos 80 millones de pesos por parar labores. \u201cNos inculpaban de cosas que no eran ciertas\u201d, acota Norma .<\/p>\n<p><img loading=\"lazy\" decoding=\"async\" data-attachment-id=\"24123\" data-permalink=\"http:\/\/www.grieta.org.mx\/index.php\/2018\/06\/30\/las-valientes-de-cloete-coahuila-eran-pocas-pero-estaban-juntas-echaron-a-caciques-y-al-ejercito\/cloete-6\/\" data-orig-file=\"http:\/\/www.grieta.org.mx\/wp-content\/uploads\/2018\/07\/Cloete-6.jpg\" data-orig-size=\"700,467\" data-comments-opened=\"0\" data-image-meta=\"{&quot;aperture&quot;:&quot;0&quot;,&quot;credit&quot;:&quot;&quot;,&quot;camera&quot;:&quot;&quot;,&quot;caption&quot;:&quot;&quot;,&quot;created_timestamp&quot;:&quot;0&quot;,&quot;copyright&quot;:&quot;&quot;,&quot;focal_length&quot;:&quot;0&quot;,&quot;iso&quot;:&quot;0&quot;,&quot;shutter_speed&quot;:&quot;0&quot;,&quot;title&quot;:&quot;&quot;,&quot;orientation&quot;:&quot;0&quot;}\" data-image-title=\"Cloete 6\" data-image-description=\"\" data-image-caption=\"\" data-medium-file=\"http:\/\/www.grieta.org.mx\/wp-content\/uploads\/2018\/07\/Cloete-6-300x200.jpg\" data-large-file=\"http:\/\/www.grieta.org.mx\/wp-content\/uploads\/2018\/07\/Cloete-6.jpg\" class=\"aligncenter size-full wp-image-24123\" src=\"http:\/\/www.grieta.org.mx\/wp-content\/uploads\/2018\/07\/Cloete-6.jpg\" alt=\"\" width=\"700\" height=\"467\" srcset=\"http:\/\/www.grieta.org.mx\/wp-content\/uploads\/2018\/07\/Cloete-6.jpg 700w, http:\/\/www.grieta.org.mx\/wp-content\/uploads\/2018\/07\/Cloete-6-300x200.jpg 300w\" sizes=\"auto, (max-width: 700px) 100vw, 700px\" \/><\/p>\n<p>Vista de la devastaci\u00f3n de las minas de carb\u00f3n. Las luchadoras han logrado que empresas y gobierno comiencen a rellenar algunos de los tajos abiertos y que ponen en riesgo a la poblaci\u00f3n. Foto: Cri Rodr\u00edguez, SinEmbargo<\/p>\n<h1 style=\"text-align: center;\"><strong>IV<\/strong><\/h1>\n<p><strong>LAS MUJERES DE CLOETE<\/strong><br \/>\nLa distancia cada vez m\u00e1s corta entre el bordillo de la mina y su casa alert\u00f3 a Martha Alicia Mart\u00ednez Ortiz que algo estaba mal. El tajo estaba a 50 metros de su hogar. Fue en 2015.<\/p>\n<p>\u2013\u00bfPor qu\u00e9 est\u00e1n trabajando tan cerca de nuestros hogares?\u2013 cuestion\u00f3 Martha a uno de los trabajadores.<br \/>\nEl supervisor de la obra se limit\u00f3 a decir que ellos ten\u00edan permiso de Antonio Nerio y que ya nada pod\u00eda hacerse.<\/p>\n<p>\u201cNos trataron muy mal. A m\u00ed eso me dio tanto coraje que mi reacci\u00f3n fue de levantarnos y pelear, porque no es justo que vengan a tumbar nuestras casas\u201d, asevera Martha con determinaci\u00f3n.<\/p>\n<p><img loading=\"lazy\" decoding=\"async\" data-attachment-id=\"24124\" data-permalink=\"http:\/\/www.grieta.org.mx\/index.php\/2018\/06\/30\/las-valientes-de-cloete-coahuila-eran-pocas-pero-estaban-juntas-echaron-a-caciques-y-al-ejercito\/cloete-8\/\" data-orig-file=\"http:\/\/www.grieta.org.mx\/wp-content\/uploads\/2018\/07\/Cloete-8.jpg\" data-orig-size=\"700,394\" data-comments-opened=\"0\" data-image-meta=\"{&quot;aperture&quot;:&quot;0&quot;,&quot;credit&quot;:&quot;&quot;,&quot;camera&quot;:&quot;&quot;,&quot;caption&quot;:&quot;&quot;,&quot;created_timestamp&quot;:&quot;0&quot;,&quot;copyright&quot;:&quot;&quot;,&quot;focal_length&quot;:&quot;0&quot;,&quot;iso&quot;:&quot;0&quot;,&quot;shutter_speed&quot;:&quot;0&quot;,&quot;title&quot;:&quot;&quot;,&quot;orientation&quot;:&quot;0&quot;}\" data-image-title=\"Cloete 8\" data-image-description=\"\" data-image-caption=\"\" data-medium-file=\"http:\/\/www.grieta.org.mx\/wp-content\/uploads\/2018\/07\/Cloete-8-300x169.jpg\" data-large-file=\"http:\/\/www.grieta.org.mx\/wp-content\/uploads\/2018\/07\/Cloete-8.jpg\" class=\"aligncenter size-full wp-image-24124\" src=\"http:\/\/www.grieta.org.mx\/wp-content\/uploads\/2018\/07\/Cloete-8.jpg\" alt=\"\" width=\"700\" height=\"394\" srcset=\"http:\/\/www.grieta.org.mx\/wp-content\/uploads\/2018\/07\/Cloete-8.jpg 700w, http:\/\/www.grieta.org.mx\/wp-content\/uploads\/2018\/07\/Cloete-8-300x169.jpg 300w\" sizes=\"auto, (max-width: 700px) 100vw, 700px\" \/><\/p>\n<p>Martha Alicia Mart\u00ednez Ortiz cuenta c\u00f3mo las mineras trabajan a s\u00f3lo unos metros de sus hogares. Eso fue, dijo, un impulso para organizarnos y luchar por su comunidad. Foto: Cri Rodr\u00edguez, SinEmbargo<\/p>\n<p>Mar\u00eda del Carmen Sanmiguel, tambi\u00e9n de Lomas Altas, est\u00e1 en la misma situaci\u00f3n. Las vecinas decidieron ponerse a indagar y pronto encontraron que el diputado pri\u00edsta Antonio Nerio Maltos, ex alcalde de Nueva Rosita y empresario minero, era el hombre detr\u00e1s de la mina que se consum\u00eda la zona y que Miguel Valdez -due\u00f1o del terreno- le otorg\u00f3 un supuesto permiso para trabajar\u201d.<\/p>\n<blockquote><p>\u201cLos alcaldes, los regidores y gobernadores son los que due\u00f1os de todo esto; pero se echan la bolita unos a otros\u201d, dice Mar\u00eda del Carmen.<\/p><\/blockquote>\n<p>Las mujeres empezaron a reunirse para detener la invasi\u00f3n minera en sus hogares.<\/p>\n<p>Cristina Auerbar Benavides, que desde el 2006 da acompa\u00f1amiento a las familias de Pasta de Conchos, asesor\u00f3 a las ciudadanas: les ense\u00f1\u00f3 mapas, las instruy\u00f3 sobre el tema y las puso a estudiar el Manifiesto Ambiental que deben cumplir todas las compa\u00f1\u00edas.<\/p>\n<blockquote><p>\u201cNos ense\u00f1\u00f3 c\u00f3mo nos deb\u00edamos de defender, que hay un manifiesto ambiental de que tiene que respetarse\u201d, detalla Mar\u00eda del Carmen.<\/p><\/blockquote>\n<p>El conocimiento de los reglamentos, en especial el que establece\u00a0 350 metros de distancia entre los borde de las minas y las zonas habitacionales, dio las armas a las ciudadanas para luchar por sus patrimonios.<\/p>\n<p>Desde entonces, salieron a poner un alto a los tajos de Cloete, enfrent\u00e1ndose a mineros e incluso fuerzas policiales.<\/p>\n<p><img loading=\"lazy\" decoding=\"async\" data-attachment-id=\"24125\" data-permalink=\"http:\/\/www.grieta.org.mx\/index.php\/2018\/06\/30\/las-valientes-de-cloete-coahuila-eran-pocas-pero-estaban-juntas-echaron-a-caciques-y-al-ejercito\/cloete-9\/\" data-orig-file=\"http:\/\/www.grieta.org.mx\/wp-content\/uploads\/2018\/07\/Cloete-9.jpg\" data-orig-size=\"700,394\" data-comments-opened=\"0\" data-image-meta=\"{&quot;aperture&quot;:&quot;0&quot;,&quot;credit&quot;:&quot;&quot;,&quot;camera&quot;:&quot;&quot;,&quot;caption&quot;:&quot;&quot;,&quot;created_timestamp&quot;:&quot;0&quot;,&quot;copyright&quot;:&quot;&quot;,&quot;focal_length&quot;:&quot;0&quot;,&quot;iso&quot;:&quot;0&quot;,&quot;shutter_speed&quot;:&quot;0&quot;,&quot;title&quot;:&quot;&quot;,&quot;orientation&quot;:&quot;0&quot;}\" data-image-title=\"Cloete 9\" data-image-description=\"\" data-image-caption=\"\" data-medium-file=\"http:\/\/www.grieta.org.mx\/wp-content\/uploads\/2018\/07\/Cloete-9-300x169.jpg\" data-large-file=\"http:\/\/www.grieta.org.mx\/wp-content\/uploads\/2018\/07\/Cloete-9.jpg\" class=\"aligncenter size-full wp-image-24125\" src=\"http:\/\/www.grieta.org.mx\/wp-content\/uploads\/2018\/07\/Cloete-9.jpg\" alt=\"\" width=\"700\" height=\"394\" srcset=\"http:\/\/www.grieta.org.mx\/wp-content\/uploads\/2018\/07\/Cloete-9.jpg 700w, http:\/\/www.grieta.org.mx\/wp-content\/uploads\/2018\/07\/Cloete-9-300x169.jpg 300w\" sizes=\"auto, (max-width: 700px) 100vw, 700px\" \/><\/p>\n<p>Alcaldes, regidores y gobernadores son los que due\u00f1os de todo esto; pero\u00a0se echan la bolita unos a otros, dice Mar\u00eda del Carmen San Miguel Montalvo, otra de las mujeres l\u00edderes de Cloete. Foto: Cri Rodr\u00edguez, SinEmbargo<\/p>\n<p>Martha recalca: \u201cMientras ellos est\u00e9n a 350 metros nosotros no los debemos molestar, pero si ellos est\u00e1n a menos de eso, nosotros ten\u00edamos que luchar\u201d.<\/p>\n<p>Su batalla empez\u00f3 a rendir frutos en 2016. La Procuradur\u00eda Federal del Medio Ambiente (Profepa) clausur\u00f3 el tajo de Cloete Norte de \u00c1lvaro Jaime y Antonio Nerio por operar a menos de cien metros de la zona habitacional.<\/p>\n<p>Pero los empresarios mineros no se habr\u00edan de quedar de brazos cruzados.<\/p>\n<p>Las Mujeres de Cloete, integrantes de Organizaci\u00f3n Pasta de Conchos, cobraron reconocimiento en la regi\u00f3n carbonera despu\u00e9s de sostener una protesta en la que \u201cenfrentaron\u201d a elementos del Ej\u00e9rcito a inicios del 2017.<\/p>\n<h1 style=\"text-align: center;\">***<\/h1>\n<p>Un fuerte estruendo, seguido de sonidos de la maquinaria pesada en circulaci\u00f3n avisaron a las mujeres de Cloete que pretend\u00edan reiniciar operaciones en el tajo clausurado.<\/p>\n<blockquote><p>Al menos 15 se\u00f1oras se congregaron en el socav\u00f3n y se apostaron frente a la maquinaria que conduc\u00eda un joven obrero. Al muchacho le explicaron que no pod\u00eda seguir y que ellas no permitir\u00edan efectuar ninguna labor extractiva. Despu\u00e9s, se plantaron hasta estar seguras de que no habr\u00eda alg\u00fan otro conato de apertura.<\/p><\/blockquote>\n<p>Mar\u00eda del Carmen cuenta que \u201clos empresarios enviaron a elementos del Ej\u00e9rcito para tratar de ahuyentar a las mujeres\u201d.<\/p>\n<p>La presencia de los militares -seg\u00fan expuso uno de ellos \u2013 se deb\u00eda a que reportaron que en esa manifestaci\u00f3n ten\u00edan a un hombre \u201csecuestrado\u201d. ?En ese momento, el empleado de la mina se tomaba un refresco junto con las manifestantes, -detalla Mar\u00eda-. El obrero aclar\u00f3 que no se trataba de ning\u00fan plagio.<\/p>\n<p>Pero no qued\u00f3 ah\u00ed. Uno de los elementos del Ej\u00e9rcito amenaz\u00f3 con llevarse detenidas a las mujeres si no retiraban la protesta.<\/p>\n<p>Las luchadoras no llevaban pistolas, ni rifles. La \u00fanica arma que ten\u00edan para confrontar a los soldados era argumentos jur\u00eddicos. Y as\u00ed lo hicieron.<\/p>\n<p><img loading=\"lazy\" decoding=\"async\" data-attachment-id=\"24126\" data-permalink=\"http:\/\/www.grieta.org.mx\/index.php\/2018\/06\/30\/las-valientes-de-cloete-coahuila-eran-pocas-pero-estaban-juntas-echaron-a-caciques-y-al-ejercito\/cloete-10\/\" data-orig-file=\"http:\/\/www.grieta.org.mx\/wp-content\/uploads\/2018\/07\/Cloete-10.jpg\" data-orig-size=\"700,394\" data-comments-opened=\"0\" data-image-meta=\"{&quot;aperture&quot;:&quot;0&quot;,&quot;credit&quot;:&quot;&quot;,&quot;camera&quot;:&quot;&quot;,&quot;caption&quot;:&quot;&quot;,&quot;created_timestamp&quot;:&quot;0&quot;,&quot;copyright&quot;:&quot;&quot;,&quot;focal_length&quot;:&quot;0&quot;,&quot;iso&quot;:&quot;0&quot;,&quot;shutter_speed&quot;:&quot;0&quot;,&quot;title&quot;:&quot;&quot;,&quot;orientation&quot;:&quot;0&quot;}\" data-image-title=\"Cloete 10\" data-image-description=\"\" data-image-caption=\"\" data-medium-file=\"http:\/\/www.grieta.org.mx\/wp-content\/uploads\/2018\/07\/Cloete-10-300x169.jpg\" data-large-file=\"http:\/\/www.grieta.org.mx\/wp-content\/uploads\/2018\/07\/Cloete-10.jpg\" class=\"aligncenter size-full wp-image-24126\" src=\"http:\/\/www.grieta.org.mx\/wp-content\/uploads\/2018\/07\/Cloete-10.jpg\" alt=\"\" width=\"700\" height=\"394\" srcset=\"http:\/\/www.grieta.org.mx\/wp-content\/uploads\/2018\/07\/Cloete-10.jpg 700w, http:\/\/www.grieta.org.mx\/wp-content\/uploads\/2018\/07\/Cloete-10-300x169.jpg 300w\" sizes=\"auto, (max-width: 700px) 100vw, 700px\" \/><\/p>\n<p>Las mujeres de Cloete no lucharon contra los elementos del Ej\u00e9rcito con armas ni por la fuerza, sino con argumentos jur\u00eddicos. Foto: Cri Rodr\u00edguez, SinEmbargo<\/p>\n<p>Los caciques mineros arguyeron que la Procuradur\u00eda Federal de Protecci\u00f3n al Ambiente (Profepa) ya les hab\u00eda retirado la clausura. Las mujeres, a sabiendas del comportamiento de los due\u00f1os de las minas, dudaron y solicitaron ayuda para Cristina para corroborar la informaci\u00f3n. En efecto, la dependencia hab\u00eda ordenado el levantamiento de la clausura, pero no para reiniciar operaciones sino para tapar el enorme hoyo que dejaron en la zona.<\/p>\n<p>Integraci\u00f3n Minera y Grupo M\u00e9xico pretend\u00edan extraer carb\u00f3n con el t\u00edtulo ya cancelado de la concesi\u00f3n; pero las mujeres de Cloete lograron impedirlo.<\/p>\n<p>La compa\u00f1\u00eda y \u00c1lvaro Jaime Arellano planeaban obtener 200 millones de pesos (de ese a\u00f1o). Un 10 por ciento ser\u00eda para \u00c1lvaro Jaime, por ser el due\u00f1o de la concesi\u00f3n, mientras tanto, a Miguel Vald\u00e9s se le pagar\u00edan 600 mil pesos, asienta la organizaci\u00f3n \u201cFamilia Pasta de Conchos\u201d en su informe \u201cCarb\u00f3n Rojo 2018\u201d.<br \/>\nCuando las mujeres de Cloete, como parte de la organizaci\u00f3n \u201cPasta de Conchos\u201d se levantaron para defender sus derechos y su patrimonio empezaron a ser se\u00f1aladas. Marta tiene fresco el recuerdo.<\/p>\n<blockquote><p>\u201cFuimos llamadas revoltosas y problem\u00e1ticas. Pero no lo hacemos por capricho. Existen leyes y la ley dice que no puedes trabajar a menos de 350 metros. Fuimos tachadas de muchas maneras [\u2026] pero vamos a seguir, porque hemos visto muchos cambios y uno de ellos aqu\u00ed est\u00e1: \u2014se\u00f1ala al socav\u00f3n\u2013 cerrar un tajo que est\u00e1 tan cerca de nuestras casas\u201d.<\/p><\/blockquote>\n<p>Martha y Norma contin\u00faan caminado por el sinuoso sendero. Muestran una estructura de madera y fierro viejo sobre un agujero angosto y largo del que salen moscos y emanan olores nauseabundos que penetran las fosas nasales hasta hacerlas arder.?\u201cEste iba a ser uno de los pocitos que tambi\u00e9n paramos y cerramos\u201d, dicen con orgullo las mujeres.<\/p>\n<p>Al menos cinco tajos han sido cerrados en la lucha de estas mujeres.<\/p>\n<p>Las vecinas de Cloete y sus familias se mantienen en alerta. Un estallido o cualquier ruido extra\u00f1o y se llaman entre s\u00ed. Ante cualquier indicio de que los \u201ccoyotes del carb\u00f3n\u201d intenten reactivar un tajo, cueva o pozo clausurado, se juntan para ir a evitar que contin\u00faen.<\/p>\n<p>Martha advierte: \u201cNosotros vamos seguir luchando porque ya nos gust\u00f3 el cambio, el vivir en la tranquilidad en tener el pueblo y ver el cambio que hemos logrado\u201d.<\/p>\n<h1 style=\"text-align: center;\"><strong>V<\/strong><\/h1>\n<p><strong>EN TIERRA MACHISTA<\/strong><\/p>\n<p>La pujanza de las mujeres de Cloete y su movimiento sobresale porque nace y crece en las hoscas tierras del carb\u00f3n que a\u00fan conservan un enraizado \u201cmachismo\u201d.<\/p>\n<p>Esto es parte de un cambio en la sociedad de la regi\u00f3n carbon\u00edfera y las familias de los mineros a ra\u00edz de Pasta de Conchos, la tragedia que gir\u00f3 los reflectores a toda esa zona.<\/p>\n<p>Cristina Auerbach explica que en la miner\u00eda del carb\u00f3n se agravan los atributos que, por cultura, se dice pertenecen a los hombres: como la fuerza y la valent\u00eda.<\/p>\n<p>No obstante, la activista considera que, en doce a\u00f1os, las mujeres se han apropiado del tema de la mineras del carb\u00f3n. Ejemplifica que ahora un gran n\u00famero de las mujeres de la regi\u00f3n saben de minas. \u201cEso no exist\u00eda antes, ni siquiera conoc\u00edan el lenguaje. Muchas de ellas no sab\u00edan ni de terrenos, ni de seguridad de las minas; muchas siquiera sab\u00edan donde estaba Pasta de Conchos, no ten\u00edan idea. Ahora las mujeres hablan de miner\u00eda\u201d.<\/p>\n<p>Martha Alicia Mart\u00ednez coincide en que hay una notable transformaci\u00f3n: \u201cAqu\u00ed es tierra de hombres machistas; pero ahora hay muchos hombres que dejan que la mujer vaya adelante, porque antes la mujer era atr\u00e1s, y no pod\u00eda decir nada\u201d.<\/p>\n<blockquote><p>\u201cCuando empezamos nuestra lucha en el tajo, cuando la gente supo de esa vez que luchamos contra el Ej\u00e9rcito, dec\u00edan: \u2018\u00bf\u00a1C\u00f3mo pude ser posible que ustedes hayan luchado y hayan estado frente el Ej\u00e9rcito!?\u2019. Es bonito saber que muchas mujeres se sienten identificadas con nosotros y que nosotros ahora somos ejemplo\u201d comparte.<\/p><\/blockquote>\n<p>Martha era un ama de casa que dedicada sus d\u00edas a los quehaceres del hogar, preparar la comida para su esposo, llevar los ni\u00f1os a la escuela, quedarse en su vivienda y esperar a que su marido retornara del trabajo. Si sal\u00eda, era al supermercado o con sus padres y nada m\u00e1s. Ese era un d\u00eda normal para ella.<\/p>\n<p>Al d\u00eda de hoy, la mujer divide sus tareas hogare\u00f1as con las movilizaciones, las reuniones con su compa\u00f1eras, diligencias, la vigilancia de los tajos y apoyo para otras causas.<\/p>\n<blockquote><p>\u201cAhora me siento orgullosa de saber que logramos mucho [en su pugna contra las minas ilegales]. Me da orgullo saber y decir que somos mujeres. Que somos nosotras las que -con el apoyo nuestras familias que est\u00e1n detr\u00e1s- vamos al frente\u201d expresa con efusividad.<\/p><\/blockquote>\n<p>Mar\u00eda del Carmen San Miguel Montalvo confirma que la batalla emprendida ha sido inspirada y por las familias de Pasta de Conchos.<\/p>\n<p>Cristina Auerbach sostiene: \u201cCreo que Pasta de Conchos es una lucha que ganamos las mujeres en una cultura donde est\u00e1 exacerbado el machismo\u201d.<\/p>\n<p><img loading=\"lazy\" decoding=\"async\" data-attachment-id=\"24127\" data-permalink=\"http:\/\/www.grieta.org.mx\/index.php\/2018\/06\/30\/las-valientes-de-cloete-coahuila-eran-pocas-pero-estaban-juntas-echaron-a-caciques-y-al-ejercito\/cloete-11\/\" data-orig-file=\"http:\/\/www.grieta.org.mx\/wp-content\/uploads\/2018\/07\/Cloete-11.jpg\" data-orig-size=\"700,394\" data-comments-opened=\"0\" data-image-meta=\"{&quot;aperture&quot;:&quot;0&quot;,&quot;credit&quot;:&quot;&quot;,&quot;camera&quot;:&quot;&quot;,&quot;caption&quot;:&quot;&quot;,&quot;created_timestamp&quot;:&quot;0&quot;,&quot;copyright&quot;:&quot;&quot;,&quot;focal_length&quot;:&quot;0&quot;,&quot;iso&quot;:&quot;0&quot;,&quot;shutter_speed&quot;:&quot;0&quot;,&quot;title&quot;:&quot;&quot;,&quot;orientation&quot;:&quot;0&quot;}\" data-image-title=\"Cloete 11\" data-image-description=\"\" data-image-caption=\"\" data-medium-file=\"http:\/\/www.grieta.org.mx\/wp-content\/uploads\/2018\/07\/Cloete-11-300x169.jpg\" data-large-file=\"http:\/\/www.grieta.org.mx\/wp-content\/uploads\/2018\/07\/Cloete-11.jpg\" class=\"aligncenter size-full wp-image-24127\" src=\"http:\/\/www.grieta.org.mx\/wp-content\/uploads\/2018\/07\/Cloete-11.jpg\" alt=\"\" width=\"700\" height=\"394\" srcset=\"http:\/\/www.grieta.org.mx\/wp-content\/uploads\/2018\/07\/Cloete-11.jpg 700w, http:\/\/www.grieta.org.mx\/wp-content\/uploads\/2018\/07\/Cloete-11-300x169.jpg 300w\" sizes=\"auto, (max-width: 700px) 100vw, 700px\" \/><\/p>\n<p>Las luchadoras muestran el escenario de tajos y pozos abiertos por las mineras, y cuentan c\u00f3mo vigilan a mineras clandestinas para evitar que construyan pozos. Foto: Cri Rodr\u00edguez, SinEmbargo<\/p>\n<section class=\"post-content\">\n<h1 style=\"text-align: center;\">***<\/h1>\n<p>Norma llega a su casa apurada para organizar la maleta. La joven madre, que a\u00f1os atr\u00e1s se encerr\u00f3 por temor, hoy se prepara para viajar a otro estado a un encuentro de activistas que confrontan los mega-proyectos de energ\u00eda que violentan la tierra, su sustentabilidad y los derechos de sus hijos.<\/p>\n<p>Su esposo Mart\u00edn, un carbonero y aliado de las mujeres de Cloete, ayuda a Norma con los detalles finales de su viaje y se dispone -junto con su hijo var\u00f3n mayor- a preparar la comida para los invitados: sale de su casa y se dirige a un peque\u00f1o invernadero, al lado de la vivienda. Toma unas cebollas.<\/p>\n<p>All\u00ed, en esa tierra que los caciques del carb\u00f3n les afirmaron era inf\u00e9rtil, el matrimonio ya tiene una modesta cosecha de cebolla, chile, cilantro, y sand\u00eda.<\/p>\n<p>La familias de Norma, Mar\u00eda, Martha y miles de personas de la regi\u00f3n carbon\u00edfera se enfrentan todos los d\u00edas a las violaciones a los derechos humanos, promovidas, protegidas y alentadas por el mismo Estado, y nadie dice nada, destaca Cristina Auerbach.<\/p>\n<p>La activista concluye que hay un mito en torno a los proyectos extractivos porque debieran generar desarrollo y bienestar, pero m\u00e1s bien, afectan a las comunidades sin asumir ninguna responsabilidad.<\/p>\n<blockquote><p>\u201cLa carbon\u00edfera muestra el resultado de una Reforma Energ\u00e9tica que deja en manos de las empresas un modelo extractivo que no se\u00f1ala responsables, culpables y que, adem\u00e1s, no brinda ning\u00fan desarrollo a la regi\u00f3n\u201d, afirma.<\/p><\/blockquote>\n<p>La defensora concluye: \u201cLo que \u00a0muestra esta regi\u00f3n es que es de una fortaleza brutal. Uno entiende\u00a0por qu\u00e9 han sido capaces [empresas y Estado] de tratarlos de esa forma, cuando uno ve lo que son capaces de resistir\u201d.<\/p>\n<\/section>\n<div id=\"author\">\n<p class=\"name\">Por\u00a0Sugeyry G\u00e1ndara<\/p>\n<\/div>\n<p><a href=\"http:\/\/www.sinembargo.mx\/29-06-2018\/3434850\" target=\"_blank\" rel=\"noopener\">http:\/\/www.sinembargo.mx\/29-06-2018\/3434850<\/a><\/p>\n","protected":false},"excerpt":{"rendered":"<p>Cloete, en Sabinas, Coahuila, fue invadida por profundos socavones negros que devoraron \u00e1reas verdes,\u00a0 calles, \u00e1rboles, y cuanto encontraron a su paso. Foto : Cri Rodr\u00edguez\/SIN EMBARGO Sugevry G\u00e1ndara\/ Sin &hellip; <a href=\"http:\/\/www.grieta.org.mx\/index.php\/2018\/06\/30\/las-valientes-de-cloete-coahuila-eran-pocas-pero-estaban-juntas-echaron-a-caciques-y-al-ejercito\/\" class=\"more-link\">Leer m\u00e1s<\/a><\/p>\n","protected":false},"author":2,"featured_media":24125,"comment_status":"closed","ping_status":"closed","sticky":false,"template":"","format":"standard","meta":{"ngg_post_thumbnail":0,"_jetpack_newsletter_access":"","_jetpack_dont_email_post_to_subs":false,"_jetpack_newsletter_tier_id":0,"_jetpack_memberships_contains_paywalled_content":false,"_jetpack_memberships_contains_paid_content":false,"footnotes":""},"categories":[80,419,3,922,6,929,2,1382],"tags":[1383,394,109,253],"class_list":["post-24117","post","type-post","status-publish","format-standard","has-post-thumbnail","hentry","category-cintillo","category-coahuila","category-megaproyectos","category-megaproyectos-estados","category-mineria","category-mp-coahuila","category-noticias-nacionales","category-oposicion-de-pobladores-a-mineria-por-riesgos-y-afectaciones-a-su-vida-en-coahuila","tag-carbon","tag-contaminacion-por-mineria","tag-mineria","tag-region-carbonifera","entry"],"jetpack_featured_media_url":"http:\/\/www.grieta.org.mx\/wp-content\/uploads\/2018\/07\/Cloete-9.jpg","jetpack_sharing_enabled":true,"jetpack_shortlink":"https:\/\/wp.me\/p7ZJR4-6gZ","jetpack_likes_enabled":false,"jetpack-related-posts":[{"id":6612,"url":"http:\/\/www.grieta.org.mx\/index.php\/2016\/07\/23\/pobladores-de-cloete-resisten-a-la-mineria-y-condenan-la-explotacion-laboral-de-menores\/","url_meta":{"origin":24117,"position":0},"title":"Pobladores de Cloete resisten a la miner\u00eda y condenan la explotaci\u00f3n laboral de menores","author":"grieta","date":"23 julio, 2016","format":false,"excerpt":"21\/07\/16. Se manifestaron 9 personas en contra operaci\u00f3n de tajos en Cloete Factor 06\/09\/15. Para los ni\u00f1os mineros de Coahuila, ganar $800 semanales es \u201cuna fortuna\u201d La Jornada 23\/03\/15. Las cuevas letales de Grupo M\u00e9xico y un cacique de Coahuila Proceso 12\/02\/15. Se quejan de da\u00f1os por tajo en Cloete\u2026","rel":"","context":"En &quot;Coahuila&quot;","block_context":{"text":"Coahuila","link":"http:\/\/www.grieta.org.mx\/index.php\/category\/noticias-nacionales\/coahuila\/"},"img":{"alt_text":"","src":"https:\/\/i0.wp.com\/www.grieta.org.mx\/wp-content\/uploads\/2018\/03\/14524434_1106112876131411_958039263622046936_o.jpg?resize=350%2C200","width":350,"height":200,"srcset":"https:\/\/i0.wp.com\/www.grieta.org.mx\/wp-content\/uploads\/2018\/03\/14524434_1106112876131411_958039263622046936_o.jpg?resize=350%2C200 1x, https:\/\/i0.wp.com\/www.grieta.org.mx\/wp-content\/uploads\/2018\/03\/14524434_1106112876131411_958039263622046936_o.jpg?resize=525%2C300 1.5x, https:\/\/i0.wp.com\/www.grieta.org.mx\/wp-content\/uploads\/2018\/03\/14524434_1106112876131411_958039263622046936_o.jpg?resize=700%2C400 2x"},"classes":[]},{"id":13621,"url":"http:\/\/www.grieta.org.mx\/index.php\/2016\/06\/04\/explotacion-y-abuso-infantil-en-coahuila\/","url_meta":{"origin":24117,"position":1},"title":"Explotaci\u00f3n y abuso infantil en Coahuila","author":"grieta","date":"4 junio, 2016","format":false,"excerpt":"02\/06\/16. Toman padres de familia escuela La Prensa de Monclova Rescatan a jornaleros de Coahuila: muchos son menores de edad Pobladores de Cloete resisten a la miner\u00eda y condenan la explotaci\u00f3n laboral de menores","rel":"","context":"En &quot;Coahuila&quot;","block_context":{"text":"Coahuila","link":"http:\/\/www.grieta.org.mx\/index.php\/category\/noticias-nacionales\/coahuila\/"},"img":{"alt_text":"","src":"https:\/\/i0.wp.com\/www.grieta.org.mx\/wp-content\/uploads\/2018\/03\/14524434_1106112876131411_958039263622046936_o.jpg?resize=350%2C200","width":350,"height":200,"srcset":"https:\/\/i0.wp.com\/www.grieta.org.mx\/wp-content\/uploads\/2018\/03\/14524434_1106112876131411_958039263622046936_o.jpg?resize=350%2C200 1x, https:\/\/i0.wp.com\/www.grieta.org.mx\/wp-content\/uploads\/2018\/03\/14524434_1106112876131411_958039263622046936_o.jpg?resize=525%2C300 1.5x, https:\/\/i0.wp.com\/www.grieta.org.mx\/wp-content\/uploads\/2018\/03\/14524434_1106112876131411_958039263622046936_o.jpg?resize=700%2C400 2x"},"classes":[]},{"id":17545,"url":"http:\/\/www.grieta.org.mx\/index.php\/2016\/07\/21\/se-manifestaron-9-personas-en-contra-operacion-de-tajos-en-cloete\/","url_meta":{"origin":24117,"position":2},"title":"Se manifestaron 9 personas en contra operaci\u00f3n de tajos en Cloete","author":"grieta","date":"21 julio, 2016","format":false,"excerpt":"Alejandro L\u00f3pez Garza\/ El Factor Sabinas, Coah.- Un total de nueve personas, entre adultos, mujeres y ni\u00f1os, se manifestaron a orillas de la carretera federal 57, ellos fueron encabezados por Francisco Mijares delegado de la Pastoral Laboral y por la se\u00f1ora Mar\u00eda Monserrat Gonz\u00e1les, vecina de Cloete. Los inconformes que\u2026","rel":"","context":"En &quot;CINTILLO&quot;","block_context":{"text":"CINTILLO","link":"http:\/\/www.grieta.org.mx\/index.php\/category\/cintillo\/"},"img":{"alt_text":"","src":"https:\/\/i0.wp.com\/www.grieta.org.mx\/wp-content\/uploads\/2018\/03\/14524434_1106112876131411_958039263622046936_o.jpg?resize=350%2C200","width":350,"height":200,"srcset":"https:\/\/i0.wp.com\/www.grieta.org.mx\/wp-content\/uploads\/2018\/03\/14524434_1106112876131411_958039263622046936_o.jpg?resize=350%2C200 1x, https:\/\/i0.wp.com\/www.grieta.org.mx\/wp-content\/uploads\/2018\/03\/14524434_1106112876131411_958039263622046936_o.jpg?resize=525%2C300 1.5x, https:\/\/i0.wp.com\/www.grieta.org.mx\/wp-content\/uploads\/2018\/03\/14524434_1106112876131411_958039263622046936_o.jpg?resize=700%2C400 2x"},"classes":[]},{"id":17107,"url":"http:\/\/www.grieta.org.mx\/index.php\/2016\/07\/11\/bloquean-carretera-57-en-sabinas-por-minas-de-carbon-que-ponen-en-riesgo-a-ciudadanos\/","url_meta":{"origin":24117,"position":3},"title":"Bloquean carretera 57 en Sabinas por minas de carb\u00f3n que ponen en riesgo a ciudadanos","author":"grieta","date":"11 julio, 2016","format":false,"excerpt":"Foto: Vanguardia\/Nadia Betancourt Familias exigieron a las autoridades prohibir los tajos mineros, o minas a cielo abierto Nadia Betancourt\/VANGUARDIA Sabinas, Coahuila. Durante una hora fue bloqueada la carretera 57 por m\u00e1s de 100 pobladores de Cloete, Barroter\u00e1n y la Florida en protesta por las 30 minas abandonadas y en operaci\u00f3n\u2026","rel":"","context":"En &quot;CINTILLO&quot;","block_context":{"text":"CINTILLO","link":"http:\/\/www.grieta.org.mx\/index.php\/category\/cintillo\/"},"img":{"alt_text":"","src":"https:\/\/i0.wp.com\/www.grieta.org.mx\/wp-content\/uploads\/2018\/03\/14524434_1106112876131411_958039263622046936_o.jpg?resize=350%2C200","width":350,"height":200,"srcset":"https:\/\/i0.wp.com\/www.grieta.org.mx\/wp-content\/uploads\/2018\/03\/14524434_1106112876131411_958039263622046936_o.jpg?resize=350%2C200 1x, https:\/\/i0.wp.com\/www.grieta.org.mx\/wp-content\/uploads\/2018\/03\/14524434_1106112876131411_958039263622046936_o.jpg?resize=525%2C300 1.5x, https:\/\/i0.wp.com\/www.grieta.org.mx\/wp-content\/uploads\/2018\/03\/14524434_1106112876131411_958039263622046936_o.jpg?resize=700%2C400 2x"},"classes":[]},{"id":40379,"url":"http:\/\/www.grieta.org.mx\/index.php\/2019\/10\/14\/coahuila-es-lider-a-nivel-nacional-en-enfermedades-por-trabajar-en-la-mineria\/","url_meta":{"origin":24117,"position":4},"title":"Coahuila es l\u00edder a nivel nacional en enfermedades por trabajar en la miner\u00eda","author":"grieta","date":"14 octubre, 2019","format":false,"excerpt":"Armando R\u00edos\/ VANGUARDIA.MX En la entidad hay 22 mil 990 casos de empleados en riesgos de trabajo, donde se ocupa el octavo lugar, y de ese total, el 28.3 por ciento terminaron con una incapacidad permanente, siendo seis mil 504 en su totalidad; con ello, la entidad ocupa el lugar\u2026","rel":"","context":"En &quot;CINTILLO&quot;","block_context":{"text":"CINTILLO","link":"http:\/\/www.grieta.org.mx\/index.php\/category\/cintillo\/"},"img":{"alt_text":"","src":"https:\/\/i0.wp.com\/www.grieta.org.mx\/wp-content\/uploads\/2019\/10\/mineria-2.jpg?resize=350%2C200","width":350,"height":200,"srcset":"https:\/\/i0.wp.com\/www.grieta.org.mx\/wp-content\/uploads\/2019\/10\/mineria-2.jpg?resize=350%2C200 1x, https:\/\/i0.wp.com\/www.grieta.org.mx\/wp-content\/uploads\/2019\/10\/mineria-2.jpg?resize=525%2C300 1.5x, https:\/\/i0.wp.com\/www.grieta.org.mx\/wp-content\/uploads\/2019\/10\/mineria-2.jpg?resize=700%2C400 2x"},"classes":[]},{"id":24303,"url":"http:\/\/www.grieta.org.mx\/index.php\/2017\/01\/01\/cloete-la-defensa-de-la-casa-coahuila\/","url_meta":{"origin":24117,"position":5},"title":"Cloete: la defensa de la casa (Coahuila)","author":"grieta","date":"1 enero, 2017","format":false,"excerpt":"Texto y fotograf\u00edas: Jos\u00e9 Ignacio De Alba Una peque\u00f1a comunidad en Coahuila ha enfrentado empresarios y pol\u00edticos para evitar la instalaci\u00f3n de minas de carb\u00f3n en los patios de sus casas. Despu\u00e9s de poner el cuerpo frente a las m\u00e1quinas, los pobladores aprendieron que la informaci\u00f3n y la organizaci\u00f3n son\u2026","rel":"","context":"En &quot;CINTILLO&quot;","block_context":{"text":"CINTILLO","link":"http:\/\/www.grieta.org.mx\/index.php\/category\/cintillo\/"},"img":{"alt_text":"","src":"https:\/\/i0.wp.com\/www.grieta.org.mx\/wp-content\/uploads\/2018\/07\/Cloete-casa-1.jpg?resize=350%2C200","width":350,"height":200,"srcset":"https:\/\/i0.wp.com\/www.grieta.org.mx\/wp-content\/uploads\/2018\/07\/Cloete-casa-1.jpg?resize=350%2C200 1x, https:\/\/i0.wp.com\/www.grieta.org.mx\/wp-content\/uploads\/2018\/07\/Cloete-casa-1.jpg?resize=525%2C300 1.5x, https:\/\/i0.wp.com\/www.grieta.org.mx\/wp-content\/uploads\/2018\/07\/Cloete-casa-1.jpg?resize=700%2C400 2x, https:\/\/i0.wp.com\/www.grieta.org.mx\/wp-content\/uploads\/2018\/07\/Cloete-casa-1.jpg?resize=1050%2C600 3x"},"classes":[]}],"_links":{"self":[{"href":"http:\/\/www.grieta.org.mx\/index.php\/wp-json\/wp\/v2\/posts\/24117","targetHints":{"allow":["GET"]}}],"collection":[{"href":"http:\/\/www.grieta.org.mx\/index.php\/wp-json\/wp\/v2\/posts"}],"about":[{"href":"http:\/\/www.grieta.org.mx\/index.php\/wp-json\/wp\/v2\/types\/post"}],"author":[{"embeddable":true,"href":"http:\/\/www.grieta.org.mx\/index.php\/wp-json\/wp\/v2\/users\/2"}],"replies":[{"embeddable":true,"href":"http:\/\/www.grieta.org.mx\/index.php\/wp-json\/wp\/v2\/comments?post=24117"}],"version-history":[{"count":1,"href":"http:\/\/www.grieta.org.mx\/index.php\/wp-json\/wp\/v2\/posts\/24117\/revisions"}],"predecessor-version":[{"id":24134,"href":"http:\/\/www.grieta.org.mx\/index.php\/wp-json\/wp\/v2\/posts\/24117\/revisions\/24134"}],"wp:featuredmedia":[{"embeddable":true,"href":"http:\/\/www.grieta.org.mx\/index.php\/wp-json\/wp\/v2\/media\/24125"}],"wp:attachment":[{"href":"http:\/\/www.grieta.org.mx\/index.php\/wp-json\/wp\/v2\/media?parent=24117"}],"wp:term":[{"taxonomy":"category","embeddable":true,"href":"http:\/\/www.grieta.org.mx\/index.php\/wp-json\/wp\/v2\/categories?post=24117"},{"taxonomy":"post_tag","embeddable":true,"href":"http:\/\/www.grieta.org.mx\/index.php\/wp-json\/wp\/v2\/tags?post=24117"}],"curies":[{"name":"wp","href":"https:\/\/api.w.org\/{rel}","templated":true}]}}