{"id":23920,"date":"2018-06-23T12:43:04","date_gmt":"2018-06-23T17:43:04","guid":{"rendered":"http:\/\/www.grieta.org.mx\/?p=23920"},"modified":"2018-09-27T00:57:06","modified_gmt":"2018-09-27T05:57:06","slug":"vecinos-de-dos-delegaciones-se-movilizan-en-pedregal-de-carrasco-coyoacan-y-logran-la-suspension-temporal-de-megaproyecto-inmobiliario-ciudad-de-mexico","status":"publish","type":"post","link":"http:\/\/www.grieta.org.mx\/index.php\/2018\/06\/23\/vecinos-de-dos-delegaciones-se-movilizan-en-pedregal-de-carrasco-coyoacan-y-logran-la-suspension-temporal-de-megaproyecto-inmobiliario-ciudad-de-mexico\/","title":{"rendered":"Vecinos de dos delegaciones se movilizan en Pedregal de Carrasco, Coyoac\u00e1n, y logran la suspensi\u00f3n temporal de megaproyecto inmobiliario (Ciudad de M\u00e9xico)."},"content":{"rendered":"<p>COLECTIVO GRIETA<br \/>\nS\u00f3lo dos d\u00edas despu\u00e9s de que residentes de la colonia Isidro Fabela (Tlalpan) detuvieron las obras que la empresa ATS Construcciones pretend\u00eda realizar en la calle 11 Oriente de esa colonia, la ma\u00f1ana del viernes 22 de junio, habitantes de distintas colonias situadas en la codiciada zona de Pedregal de Carrasco, se manifestaron de manera pac\u00edfica sobre la lateral del Perif\u00e9rico Sur a la altura de la unidad Villas del Pedregal. Provenientes de este conjunto habitacional, de Villa Panamericana, Vistas del Maurel y de las colonias Isidro Fabela, Pedregal de Santo Domingo y Ajusco, los afectados por las obras que realizan las inmobiliarias manifestaron su indignaci\u00f3n con la corrupci\u00f3n sin l\u00edmites de las autoridades de la Delegaci\u00f3n Coyoac\u00e1n y exigieron la \u201cclausura definitiva\u201d de las obras que BeGrand, City Express y Mantik realizan en esta zona.<\/p>\n<p><img loading=\"lazy\" decoding=\"async\" width=\"680\" height=\"510\" data-attachment-id=\"23931\" data-permalink=\"http:\/\/www.grieta.org.mx\/index.php\/2018\/06\/23\/vecinos-de-dos-delegaciones-se-movilizan-en-pedregal-de-carrasco-coyoacan-y-logran-la-suspension-temporal-de-megaproyecto-inmobiliario-ciudad-de-mexico\/img_20180622_111329_ch\/\" data-orig-file=\"http:\/\/www.grieta.org.mx\/wp-content\/uploads\/2018\/06\/IMG_20180622_111329_ch.jpg\" data-orig-size=\"680,510\" data-comments-opened=\"0\" data-image-meta=\"{&quot;aperture&quot;:&quot;0&quot;,&quot;credit&quot;:&quot;&quot;,&quot;camera&quot;:&quot;&quot;,&quot;caption&quot;:&quot;&quot;,&quot;created_timestamp&quot;:&quot;0&quot;,&quot;copyright&quot;:&quot;&quot;,&quot;focal_length&quot;:&quot;0&quot;,&quot;iso&quot;:&quot;0&quot;,&quot;shutter_speed&quot;:&quot;0&quot;,&quot;title&quot;:&quot;&quot;,&quot;orientation&quot;:&quot;0&quot;}\" data-image-title=\"IMG_20180622_111329_ch\" data-image-description=\"\" data-image-caption=\"\" data-medium-file=\"http:\/\/www.grieta.org.mx\/wp-content\/uploads\/2018\/06\/IMG_20180622_111329_ch-300x225.jpg\" data-large-file=\"http:\/\/www.grieta.org.mx\/wp-content\/uploads\/2018\/06\/IMG_20180622_111329_ch.jpg\" class=\"aligncenter size-full wp-image-23931\" src=\"http:\/\/www.grieta.org.mx\/wp-content\/uploads\/2018\/06\/IMG_20180622_111329_ch.jpg\" alt=\"80%\" srcset=\"http:\/\/www.grieta.org.mx\/wp-content\/uploads\/2018\/06\/IMG_20180622_111329_ch.jpg 680w, http:\/\/www.grieta.org.mx\/wp-content\/uploads\/2018\/06\/IMG_20180622_111329_ch-300x225.jpg 300w, http:\/\/www.grieta.org.mx\/wp-content\/uploads\/2018\/06\/IMG_20180622_111329_ch-667x500.jpg 667w\" sizes=\"auto, (max-width: 680px) 100vw, 680px\" \/><br \/>\nVecinos de Coyoac\u00e1n y Tlalpan se manifiestan contra las inmobiliarias.<\/p>\n<p><img loading=\"lazy\" decoding=\"async\" width=\"680\" height=\"510\" data-attachment-id=\"23932\" data-permalink=\"http:\/\/www.grieta.org.mx\/index.php\/2018\/06\/23\/vecinos-de-dos-delegaciones-se-movilizan-en-pedregal-de-carrasco-coyoacan-y-logran-la-suspension-temporal-de-megaproyecto-inmobiliario-ciudad-de-mexico\/img_20180622_103214_ch\/\" data-orig-file=\"http:\/\/www.grieta.org.mx\/wp-content\/uploads\/2018\/06\/IMG_20180622_103214_ch.jpg\" data-orig-size=\"680,510\" data-comments-opened=\"0\" data-image-meta=\"{&quot;aperture&quot;:&quot;0&quot;,&quot;credit&quot;:&quot;&quot;,&quot;camera&quot;:&quot;&quot;,&quot;caption&quot;:&quot;&quot;,&quot;created_timestamp&quot;:&quot;0&quot;,&quot;copyright&quot;:&quot;&quot;,&quot;focal_length&quot;:&quot;0&quot;,&quot;iso&quot;:&quot;0&quot;,&quot;shutter_speed&quot;:&quot;0&quot;,&quot;title&quot;:&quot;&quot;,&quot;orientation&quot;:&quot;0&quot;}\" data-image-title=\"IMG_20180622_103214_ch\" data-image-description=\"\" data-image-caption=\"\" data-medium-file=\"http:\/\/www.grieta.org.mx\/wp-content\/uploads\/2018\/06\/IMG_20180622_103214_ch-300x225.jpg\" data-large-file=\"http:\/\/www.grieta.org.mx\/wp-content\/uploads\/2018\/06\/IMG_20180622_103214_ch.jpg\" class=\"aligncenter size-full wp-image-23932\" src=\"http:\/\/www.grieta.org.mx\/wp-content\/uploads\/2018\/06\/IMG_20180622_103214_ch.jpg\" alt=\"80%\" srcset=\"http:\/\/www.grieta.org.mx\/wp-content\/uploads\/2018\/06\/IMG_20180622_103214_ch.jpg 680w, http:\/\/www.grieta.org.mx\/wp-content\/uploads\/2018\/06\/IMG_20180622_103214_ch-300x225.jpg 300w, http:\/\/www.grieta.org.mx\/wp-content\/uploads\/2018\/06\/IMG_20180622_103214_ch-667x500.jpg 667w\" sizes=\"auto, (max-width: 680px) 100vw, 680px\" \/><br \/>\nCartulinas en mano con la exigencia de clausurar los megaproyectos de BeGrand, City Express y Mantik.<\/p>\n<p>Conscientes de que los proyectos de estas empresas atentan directamente contra su calidad de vida, los vecinos de las delegaciones de Coyoac\u00e1n y Tlalpan se unieron \u201cen defensa del agua\u201d por m\u00e1s de tres horas y exigieron tambi\u00e9n poner un alto \u201cal despojo e invasi\u00f3n de predios\u201d por parte de las inmobiliarias.<\/p>\n<p><img loading=\"lazy\" decoding=\"async\" width=\"680\" height=\"907\" data-attachment-id=\"23933\" data-permalink=\"http:\/\/www.grieta.org.mx\/index.php\/2018\/06\/23\/vecinos-de-dos-delegaciones-se-movilizan-en-pedregal-de-carrasco-coyoacan-y-logran-la-suspension-temporal-de-megaproyecto-inmobiliario-ciudad-de-mexico\/img_20180622_104840_ch\/\" data-orig-file=\"http:\/\/www.grieta.org.mx\/wp-content\/uploads\/2018\/06\/IMG_20180622_104840_ch.jpg\" data-orig-size=\"680,907\" data-comments-opened=\"0\" data-image-meta=\"{&quot;aperture&quot;:&quot;0&quot;,&quot;credit&quot;:&quot;&quot;,&quot;camera&quot;:&quot;&quot;,&quot;caption&quot;:&quot;&quot;,&quot;created_timestamp&quot;:&quot;0&quot;,&quot;copyright&quot;:&quot;&quot;,&quot;focal_length&quot;:&quot;0&quot;,&quot;iso&quot;:&quot;0&quot;,&quot;shutter_speed&quot;:&quot;0&quot;,&quot;title&quot;:&quot;&quot;,&quot;orientation&quot;:&quot;0&quot;}\" data-image-title=\"IMG_20180622_104840_ch\" data-image-description=\"\" data-image-caption=\"\" data-medium-file=\"http:\/\/www.grieta.org.mx\/wp-content\/uploads\/2018\/06\/IMG_20180622_104840_ch-225x300.jpg\" data-large-file=\"http:\/\/www.grieta.org.mx\/wp-content\/uploads\/2018\/06\/IMG_20180622_104840_ch.jpg\" class=\"aligncenter size-full wp-image-23933\" src=\"http:\/\/www.grieta.org.mx\/wp-content\/uploads\/2018\/06\/IMG_20180622_104840_ch.jpg\" alt=\"80%\" srcset=\"http:\/\/www.grieta.org.mx\/wp-content\/uploads\/2018\/06\/IMG_20180622_104840_ch.jpg 680w, http:\/\/www.grieta.org.mx\/wp-content\/uploads\/2018\/06\/IMG_20180622_104840_ch-225x300.jpg 225w, http:\/\/www.grieta.org.mx\/wp-content\/uploads\/2018\/06\/IMG_20180622_104840_ch-375x500.jpg 375w\" sizes=\"auto, (max-width: 680px) 100vw, 680px\" \/><br \/>\n&#8220;El futuro no se vende&#8230;&#8221;.<\/p>\n<p><img loading=\"lazy\" decoding=\"async\" width=\"680\" height=\"907\" data-attachment-id=\"23934\" data-permalink=\"http:\/\/www.grieta.org.mx\/index.php\/2018\/06\/23\/vecinos-de-dos-delegaciones-se-movilizan-en-pedregal-de-carrasco-coyoacan-y-logran-la-suspension-temporal-de-megaproyecto-inmobiliario-ciudad-de-mexico\/img_20180622_102820_ch\/\" data-orig-file=\"http:\/\/www.grieta.org.mx\/wp-content\/uploads\/2018\/06\/IMG_20180622_102820_ch.jpg\" data-orig-size=\"680,907\" data-comments-opened=\"0\" data-image-meta=\"{&quot;aperture&quot;:&quot;0&quot;,&quot;credit&quot;:&quot;&quot;,&quot;camera&quot;:&quot;&quot;,&quot;caption&quot;:&quot;&quot;,&quot;created_timestamp&quot;:&quot;0&quot;,&quot;copyright&quot;:&quot;&quot;,&quot;focal_length&quot;:&quot;0&quot;,&quot;iso&quot;:&quot;0&quot;,&quot;shutter_speed&quot;:&quot;0&quot;,&quot;title&quot;:&quot;&quot;,&quot;orientation&quot;:&quot;0&quot;}\" data-image-title=\"IMG_20180622_102820_ch\" data-image-description=\"\" data-image-caption=\"\" data-medium-file=\"http:\/\/www.grieta.org.mx\/wp-content\/uploads\/2018\/06\/IMG_20180622_102820_ch-225x300.jpg\" data-large-file=\"http:\/\/www.grieta.org.mx\/wp-content\/uploads\/2018\/06\/IMG_20180622_102820_ch.jpg\" class=\"aligncenter size-full wp-image-23934\" src=\"http:\/\/www.grieta.org.mx\/wp-content\/uploads\/2018\/06\/IMG_20180622_102820_ch.jpg\" alt=\"80%\" srcset=\"http:\/\/www.grieta.org.mx\/wp-content\/uploads\/2018\/06\/IMG_20180622_102820_ch.jpg 680w, http:\/\/www.grieta.org.mx\/wp-content\/uploads\/2018\/06\/IMG_20180622_102820_ch-225x300.jpg 225w, http:\/\/www.grieta.org.mx\/wp-content\/uploads\/2018\/06\/IMG_20180622_102820_ch-375x500.jpg 375w\" sizes=\"auto, (max-width: 680px) 100vw, 680px\" \/><br \/>\n&#8220;Calidad de vida s\u00ed&#8230;&#8221;.<\/p>\n<p>En una ciudad en la que la satanizaci\u00f3n de quienes protestan es desde hace tiempo pan de cada d\u00eda de las grandes empresas de comunicaci\u00f3n, resulta revelador que parte significativa de los automovilistas que pasaron esta ma\u00f1ana por la lateral del Perif\u00e9rico apoyara esta manifestaci\u00f3n haciendo sonar su claxon y levantando el dedo pulgar. Esto se explica por el hartazgo existente en la zona tanto por las afectaciones directas que el accionar de las inmobiliarias ha provocado como por la ilegalidad e impunidad con la que desde hace varios a\u00f1os vienen actuando las constructoras dentro de la demarcaci\u00f3n. El trabajar de las m\u00e1quinas en las obras \u2013exponen los pobladores de esta circunscripci\u00f3n\u2013 no s\u00f3lo ha provocado un da\u00f1o ecol\u00f3gico (denuncian la destrucci\u00f3n de la flora y la muerte de especies como tlacuaches y cacomixtles), sino que produce contaminaci\u00f3n auditiva y la emisi\u00f3n constante de polvo que va a parar al interior de las casas y departamentos. Incluso \u2013como denunci\u00f3 una vecina de Villa Panamerica\u2013 estas obras han causado da\u00f1os en su casa. \u201cVivo justo junto al predio donde est\u00e1n extrayendo la piedra volc\u00e1nica y despu\u00e9s de que la inmobiliaria comenz\u00f3 a perforar los azulejos de mi ba\u00f1o se comenzaron a agrietar\u201d.<\/p>\n<p><img decoding=\"async\" src=\"http:\/\/www.grieta.org.mx\/wp-content\/uploads\/2018\/06\/IMG_20180622_110903_ch.jpg\" alt=\"80%\" \/><\/p>\n<p>&#8220;Alto a las megaconstrucciones&#8221;.<\/p>\n<p>Durante esta manifestaci\u00f3n pac\u00edfica de descontento, un grupo numeroso de vecinos entre los que hab\u00eda un grupo importante de personas de la tercera edad, denunciaron que, en detrimento del beneficio colectivo, pol\u00edticos inescrupulosos como el hoy ex jefe de gobierno, Miguel \u00c1ngel Mancera y el delegado de Coyoac\u00e1n y su entorno, as\u00ed como las dependencias gubernamentales supuestamente encargadas de regular dichas construcciones, han permitido que las empresas hagan y deshagan a su antojo sin ponerles ning\u00fan l\u00edmite. Al igual que en otras demarcaciones de la Ciudad de M\u00e9xico, este proceder de los pol\u00edticos que se enriquecen a costa de la calidad de vida de la mayor\u00eda \u2013manifestaron los vecinos\u2013 ha sido una constante. Indignados con esta situaci\u00f3n y frustrado de ver como desde hace tiempo grandes moles de cemento son levantadas sin cumplir si quiera con la legislaci\u00f3n a modo que los pol\u00edticos han hecho para beneficiar a las empresas inmobiliarias, los habitantes del lugar se organizan y ayer alzaron una vez m\u00e1s la voz: \u201cAgua s\u00ed, inmobiliarias no\u201d, \u201cParques s\u00ed, m\u00e1s edificios no\u201d, \u201cEl agua es vida y la vida se defiende\u201d, son algunas de las proclamas en que, alzando la voz o escritas a mano en cartulinas, resumen sus exigencias y preocupaciones.<\/p>\n<p><img loading=\"lazy\" decoding=\"async\" width=\"680\" height=\"907\" data-attachment-id=\"23935\" data-permalink=\"http:\/\/www.grieta.org.mx\/index.php\/2018\/06\/23\/vecinos-de-dos-delegaciones-se-movilizan-en-pedregal-de-carrasco-coyoacan-y-logran-la-suspension-temporal-de-megaproyecto-inmobiliario-ciudad-de-mexico\/img_20180622_112931_ch\/\" data-orig-file=\"http:\/\/www.grieta.org.mx\/wp-content\/uploads\/2018\/06\/IMG_20180622_112931_ch.jpg\" data-orig-size=\"680,907\" data-comments-opened=\"0\" data-image-meta=\"{&quot;aperture&quot;:&quot;0&quot;,&quot;credit&quot;:&quot;&quot;,&quot;camera&quot;:&quot;&quot;,&quot;caption&quot;:&quot;&quot;,&quot;created_timestamp&quot;:&quot;0&quot;,&quot;copyright&quot;:&quot;&quot;,&quot;focal_length&quot;:&quot;0&quot;,&quot;iso&quot;:&quot;0&quot;,&quot;shutter_speed&quot;:&quot;0&quot;,&quot;title&quot;:&quot;&quot;,&quot;orientation&quot;:&quot;0&quot;}\" data-image-title=\"IMG_20180622_112931_ch\" data-image-description=\"\" data-image-caption=\"\" data-medium-file=\"http:\/\/www.grieta.org.mx\/wp-content\/uploads\/2018\/06\/IMG_20180622_112931_ch-225x300.jpg\" data-large-file=\"http:\/\/www.grieta.org.mx\/wp-content\/uploads\/2018\/06\/IMG_20180622_112931_ch.jpg\" class=\"aligncenter size-full wp-image-23935\" src=\"http:\/\/www.grieta.org.mx\/wp-content\/uploads\/2018\/06\/IMG_20180622_112931_ch.jpg\" alt=\"80%\" srcset=\"http:\/\/www.grieta.org.mx\/wp-content\/uploads\/2018\/06\/IMG_20180622_112931_ch.jpg 680w, http:\/\/www.grieta.org.mx\/wp-content\/uploads\/2018\/06\/IMG_20180622_112931_ch-225x300.jpg 225w, http:\/\/www.grieta.org.mx\/wp-content\/uploads\/2018\/06\/IMG_20180622_112931_ch-375x500.jpg 375w\" sizes=\"auto, (max-width: 680px) 100vw, 680px\" \/><\/p>\n<p>Defendiendo el agua y patrimonio por el que ha trabajado toda su vida&#8230;<\/p>\n<p><img loading=\"lazy\" decoding=\"async\" width=\"680\" height=\"510\" data-attachment-id=\"23936\" data-permalink=\"http:\/\/www.grieta.org.mx\/index.php\/2018\/06\/23\/vecinos-de-dos-delegaciones-se-movilizan-en-pedregal-de-carrasco-coyoacan-y-logran-la-suspension-temporal-de-megaproyecto-inmobiliario-ciudad-de-mexico\/img_20180622_111214_ch\/\" data-orig-file=\"http:\/\/www.grieta.org.mx\/wp-content\/uploads\/2018\/06\/IMG_20180622_111214_ch.jpg\" data-orig-size=\"680,510\" data-comments-opened=\"0\" data-image-meta=\"{&quot;aperture&quot;:&quot;0&quot;,&quot;credit&quot;:&quot;&quot;,&quot;camera&quot;:&quot;&quot;,&quot;caption&quot;:&quot;&quot;,&quot;created_timestamp&quot;:&quot;0&quot;,&quot;copyright&quot;:&quot;&quot;,&quot;focal_length&quot;:&quot;0&quot;,&quot;iso&quot;:&quot;0&quot;,&quot;shutter_speed&quot;:&quot;0&quot;,&quot;title&quot;:&quot;&quot;,&quot;orientation&quot;:&quot;0&quot;}\" data-image-title=\"IMG_20180622_111214_ch\" data-image-description=\"\" data-image-caption=\"\" data-medium-file=\"http:\/\/www.grieta.org.mx\/wp-content\/uploads\/2018\/06\/IMG_20180622_111214_ch-300x225.jpg\" data-large-file=\"http:\/\/www.grieta.org.mx\/wp-content\/uploads\/2018\/06\/IMG_20180622_111214_ch.jpg\" class=\"aligncenter size-full wp-image-23936\" src=\"http:\/\/www.grieta.org.mx\/wp-content\/uploads\/2018\/06\/IMG_20180622_111214_ch.jpg\" alt=\"80%\" srcset=\"http:\/\/www.grieta.org.mx\/wp-content\/uploads\/2018\/06\/IMG_20180622_111214_ch.jpg 680w, http:\/\/www.grieta.org.mx\/wp-content\/uploads\/2018\/06\/IMG_20180622_111214_ch-300x225.jpg 300w, http:\/\/www.grieta.org.mx\/wp-content\/uploads\/2018\/06\/IMG_20180622_111214_ch-667x500.jpg 667w\" sizes=\"auto, (max-width: 680px) 100vw, 680px\" \/><\/p>\n<p>Por una vida digna para las nuevas generaciones.<\/p>\n<p>Finalmente, con los granaderos de la Secretar\u00eda de Seguridad P\u00fablica a pocos pasos de la protesta y con los empleados de BeGrand grabando a los manifestantes (curioso que para la ocasi\u00f3n esta empresa tap\u00f3 con grandes lonas blancas sus logos y publicidad), los colonos exigieron clausurar estas obras. Casi al terminar la manifestaci\u00f3n, sellos de suspensi\u00f3n del Gobierno del Distrito Federal fueron colocados en la obra que Mantik Pedregal realiza en el predio en litigio de Perif\u00e9rico Sur 5178. Con desconfianza, los vecinos llamaron a estar atentos ya que esto \u201cde ninguna manera resuelve la problem\u00e1tica de fondo\u201d y seguramente pasados algunos d\u00edas se autorizar\u00e1 a la constructora reanudar sus actividades.<\/p>\n<p><img loading=\"lazy\" decoding=\"async\" width=\"680\" height=\"907\" data-attachment-id=\"23937\" data-permalink=\"http:\/\/www.grieta.org.mx\/index.php\/2018\/06\/23\/vecinos-de-dos-delegaciones-se-movilizan-en-pedregal-de-carrasco-coyoacan-y-logran-la-suspension-temporal-de-megaproyecto-inmobiliario-ciudad-de-mexico\/img_20180622_111740_ch\/\" data-orig-file=\"http:\/\/www.grieta.org.mx\/wp-content\/uploads\/2018\/06\/IMG_20180622_111740_ch.jpg\" data-orig-size=\"680,907\" data-comments-opened=\"0\" data-image-meta=\"{&quot;aperture&quot;:&quot;0&quot;,&quot;credit&quot;:&quot;&quot;,&quot;camera&quot;:&quot;&quot;,&quot;caption&quot;:&quot;&quot;,&quot;created_timestamp&quot;:&quot;0&quot;,&quot;copyright&quot;:&quot;&quot;,&quot;focal_length&quot;:&quot;0&quot;,&quot;iso&quot;:&quot;0&quot;,&quot;shutter_speed&quot;:&quot;0&quot;,&quot;title&quot;:&quot;&quot;,&quot;orientation&quot;:&quot;0&quot;}\" data-image-title=\"IMG_20180622_111740_ch\" data-image-description=\"\" data-image-caption=\"\" data-medium-file=\"http:\/\/www.grieta.org.mx\/wp-content\/uploads\/2018\/06\/IMG_20180622_111740_ch-225x300.jpg\" data-large-file=\"http:\/\/www.grieta.org.mx\/wp-content\/uploads\/2018\/06\/IMG_20180622_111740_ch.jpg\" class=\"aligncenter size-full wp-image-23937\" src=\"http:\/\/www.grieta.org.mx\/wp-content\/uploads\/2018\/06\/IMG_20180622_111740_ch.jpg\" alt=\"80%\" srcset=\"http:\/\/www.grieta.org.mx\/wp-content\/uploads\/2018\/06\/IMG_20180622_111740_ch.jpg 680w, http:\/\/www.grieta.org.mx\/wp-content\/uploads\/2018\/06\/IMG_20180622_111740_ch-225x300.jpg 225w, http:\/\/www.grieta.org.mx\/wp-content\/uploads\/2018\/06\/IMG_20180622_111740_ch-375x500.jpg 375w\" sizes=\"auto, (max-width: 680px) 100vw, 680px\" \/><br \/>\nGranaderos a las afueras del edificio Begrand que construye en Perif\u00e9rico Sur, empresa que al enterarse de la protestas vecinales mand\u00f3 a sus empleados a tapar su publicidad.<\/p>\n<p><img loading=\"lazy\" decoding=\"async\" width=\"680\" height=\"907\" data-attachment-id=\"23938\" data-permalink=\"http:\/\/www.grieta.org.mx\/index.php\/2018\/06\/23\/vecinos-de-dos-delegaciones-se-movilizan-en-pedregal-de-carrasco-coyoacan-y-logran-la-suspension-temporal-de-megaproyecto-inmobiliario-ciudad-de-mexico\/img_20180622_123527_ch\/\" data-orig-file=\"http:\/\/www.grieta.org.mx\/wp-content\/uploads\/2018\/06\/IMG_20180622_123527_ch.jpg\" data-orig-size=\"680,907\" data-comments-opened=\"0\" data-image-meta=\"{&quot;aperture&quot;:&quot;0&quot;,&quot;credit&quot;:&quot;&quot;,&quot;camera&quot;:&quot;&quot;,&quot;caption&quot;:&quot;&quot;,&quot;created_timestamp&quot;:&quot;0&quot;,&quot;copyright&quot;:&quot;&quot;,&quot;focal_length&quot;:&quot;0&quot;,&quot;iso&quot;:&quot;0&quot;,&quot;shutter_speed&quot;:&quot;0&quot;,&quot;title&quot;:&quot;&quot;,&quot;orientation&quot;:&quot;0&quot;}\" data-image-title=\"IMG_20180622_123527_ch\" data-image-description=\"\" data-image-caption=\"\" data-medium-file=\"http:\/\/www.grieta.org.mx\/wp-content\/uploads\/2018\/06\/IMG_20180622_123527_ch-225x300.jpg\" data-large-file=\"http:\/\/www.grieta.org.mx\/wp-content\/uploads\/2018\/06\/IMG_20180622_123527_ch.jpg\" class=\"aligncenter size-full wp-image-23938\" src=\"http:\/\/www.grieta.org.mx\/wp-content\/uploads\/2018\/06\/IMG_20180622_123527_ch.jpg\" alt=\"80%\" srcset=\"http:\/\/www.grieta.org.mx\/wp-content\/uploads\/2018\/06\/IMG_20180622_123527_ch.jpg 680w, http:\/\/www.grieta.org.mx\/wp-content\/uploads\/2018\/06\/IMG_20180622_123527_ch-225x300.jpg 225w, http:\/\/www.grieta.org.mx\/wp-content\/uploads\/2018\/06\/IMG_20180622_123527_ch-375x500.jpg 375w\" sizes=\"auto, (max-width: 680px) 100vw, 680px\" \/><br \/>\nSellos de la suspensi\u00f3n de la obra que Mantik intenta realizar con la anuencia de la Delegaci\u00f3n Coyoac\u00e1n en un terreno que est\u00e1 en litigio.<\/p>\n<p><img loading=\"lazy\" decoding=\"async\" width=\"680\" height=\"907\" data-attachment-id=\"23939\" data-permalink=\"http:\/\/www.grieta.org.mx\/index.php\/2018\/06\/23\/vecinos-de-dos-delegaciones-se-movilizan-en-pedregal-de-carrasco-coyoacan-y-logran-la-suspension-temporal-de-megaproyecto-inmobiliario-ciudad-de-mexico\/img_20180622_111408_ch\/\" data-orig-file=\"http:\/\/www.grieta.org.mx\/wp-content\/uploads\/2018\/06\/IMG_20180622_111408_ch.jpg\" data-orig-size=\"680,907\" data-comments-opened=\"0\" data-image-meta=\"{&quot;aperture&quot;:&quot;0&quot;,&quot;credit&quot;:&quot;&quot;,&quot;camera&quot;:&quot;&quot;,&quot;caption&quot;:&quot;&quot;,&quot;created_timestamp&quot;:&quot;0&quot;,&quot;copyright&quot;:&quot;&quot;,&quot;focal_length&quot;:&quot;0&quot;,&quot;iso&quot;:&quot;0&quot;,&quot;shutter_speed&quot;:&quot;0&quot;,&quot;title&quot;:&quot;&quot;,&quot;orientation&quot;:&quot;0&quot;}\" data-image-title=\"IMG_20180622_111408_ch\" data-image-description=\"\" data-image-caption=\"\" data-medium-file=\"http:\/\/www.grieta.org.mx\/wp-content\/uploads\/2018\/06\/IMG_20180622_111408_ch-225x300.jpg\" data-large-file=\"http:\/\/www.grieta.org.mx\/wp-content\/uploads\/2018\/06\/IMG_20180622_111408_ch.jpg\" class=\"aligncenter size-full wp-image-23939\" src=\"http:\/\/www.grieta.org.mx\/wp-content\/uploads\/2018\/06\/IMG_20180622_111408_ch.jpg\" alt=\"80%\" srcset=\"http:\/\/www.grieta.org.mx\/wp-content\/uploads\/2018\/06\/IMG_20180622_111408_ch.jpg 680w, http:\/\/www.grieta.org.mx\/wp-content\/uploads\/2018\/06\/IMG_20180622_111408_ch-225x300.jpg 225w, http:\/\/www.grieta.org.mx\/wp-content\/uploads\/2018\/06\/IMG_20180622_111408_ch-375x500.jpg 375w\" sizes=\"auto, (max-width: 680px) 100vw, 680px\" \/><br \/>\nBloqueos intermitentes en la lateral de Perif\u00e9rico Sur.<\/p>\n","protected":false},"excerpt":{"rendered":"<p>COLECTIVO GRIETA S\u00f3lo dos d\u00edas despu\u00e9s de que residentes de la colonia Isidro Fabela (Tlalpan) detuvieron las obras que la empresa ATS Construcciones pretend\u00eda realizar en la calle 11 Oriente &hellip; <a href=\"http:\/\/www.grieta.org.mx\/index.php\/2018\/06\/23\/vecinos-de-dos-delegaciones-se-movilizan-en-pedregal-de-carrasco-coyoacan-y-logran-la-suspension-temporal-de-megaproyecto-inmobiliario-ciudad-de-mexico\/\" class=\"more-link\">Leer m\u00e1s<\/a><\/p>\n","protected":false},"author":2,"featured_media":23935,"comment_status":"closed","ping_status":"closed","sticky":false,"template":"","format":"standard","meta":{"ngg_post_thumbnail":0,"_jetpack_newsletter_access":"","_jetpack_dont_email_post_to_subs":false,"_jetpack_newsletter_tier_id":0,"_jetpack_memberships_contains_paywalled_content":false,"_jetpack_memberships_contains_paid_content":false,"footnotes":""},"categories":[80,14,1775,1044,3,922,928,2,167,46],"tags":[1046,788,853],"class_list":["post-23920","post","type-post","status-publish","format-standard","has-post-thumbnail","hentry","category-cintillo","category-ciudad-de-mexico","category-colectivo-grieta","category-desarrollos-inmobiliarios-en-la-ciudad-de-mexico","category-megaproyectos","category-megaproyectos-estados","category-mp-ciudad-de-mexico","category-noticias-nacionales","category-nuevo-aeropuerto-de-la-ciudad-de-mexico","category-zonas-de-desarrollo-economico-y-social-zodes","tag-cartel-inmobiliario","tag-inmobiliarias","tag-proyectos-inmobiliarios","entry"],"jetpack_featured_media_url":"http:\/\/www.grieta.org.mx\/wp-content\/uploads\/2018\/06\/IMG_20180622_112931_ch.jpg","jetpack_sharing_enabled":true,"jetpack_shortlink":"https:\/\/wp.me\/p7ZJR4-6dO","jetpack_likes_enabled":false,"jetpack-related-posts":[{"id":23879,"url":"http:\/\/www.grieta.org.mx\/index.php\/2018\/06\/21\/vecinos-de-tlalpan-afectados-por-los-megraproyectos-inmobiliarios-alzan-la-voz-ciudad-de-mexico\/","url_meta":{"origin":23920,"position":0},"title":"Vecinos de Tlalpan afectados por los megraproyectos inmobiliarios se organizan y alzan la voz (Ciudad de M\u00e9xico)","author":"grieta","date":"21 junio, 2018","format":false,"excerpt":"COLECTIVO GRIETA La ma\u00f1ana del jueves 21 de junio, vecinos de la colonia Isidro Fabela se reunieron en la v\u00eda p\u00fablica para manifestar su inconformidad con las megaconstrucciones que distintas empresas realizan del otro lado del perif\u00e9rico, proyectos inmobiliarios que amenazan con colapsar el sistema de drenaje de esta colonia.\u2026","rel":"","context":"En &quot;CINTILLO&quot;","block_context":{"text":"CINTILLO","link":"http:\/\/www.grieta.org.mx\/index.php\/category\/cintillo\/"},"img":{"alt_text":"","src":"https:\/\/i0.wp.com\/www.grieta.org.mx\/wp-content\/uploads\/2018\/03\/14524434_1106112876131411_958039263622046936_o.jpg?resize=350%2C200","width":350,"height":200,"srcset":"https:\/\/i0.wp.com\/www.grieta.org.mx\/wp-content\/uploads\/2018\/03\/14524434_1106112876131411_958039263622046936_o.jpg?resize=350%2C200 1x, https:\/\/i0.wp.com\/www.grieta.org.mx\/wp-content\/uploads\/2018\/03\/14524434_1106112876131411_958039263622046936_o.jpg?resize=525%2C300 1.5x, https:\/\/i0.wp.com\/www.grieta.org.mx\/wp-content\/uploads\/2018\/03\/14524434_1106112876131411_958039263622046936_o.jpg?resize=700%2C400 2x"},"classes":[]},{"id":26208,"url":"http:\/\/www.grieta.org.mx\/index.php\/2018\/09\/05\/habitantes-de-la-unidad-habitacional-villas-del-pedregal-le-ponen-el-cascabel-a-begrand-ciudad-de-mexico\/","url_meta":{"origin":23920,"position":1},"title":"Habitantes de la unidad habitacional Villas del Pedregal le ponen el cascabel a BeGrand (Ciudad de M\u00e9xico)","author":"grieta","date":"5 septiembre, 2018","format":false,"excerpt":"COLECTIVO GRIETA Al filo de las 10 de la ma\u00f1ana del 4 de septiembre, vecinos de la Unidad Villas del Pedregal realizaron una manifestaci\u00f3n rel\u00e1mpago para denunciar a la inmobiliaria BeGrand y las afectaciones que est\u00e1 teniendo ya en su vida cotidiana la megaconstrucci\u00f3n que este grupo construye en Perif\u00e9rico\u2026","rel":"","context":"En &quot;CINTILLO&quot;","block_context":{"text":"CINTILLO","link":"http:\/\/www.grieta.org.mx\/index.php\/category\/cintillo\/"},"img":{"alt_text":"","src":"https:\/\/i0.wp.com\/www.grieta.org.mx\/wp-content\/uploads\/2018\/09\/IMG-20180904-WA0113.jpg?resize=350%2C200","width":350,"height":200,"srcset":"https:\/\/i0.wp.com\/www.grieta.org.mx\/wp-content\/uploads\/2018\/09\/IMG-20180904-WA0113.jpg?resize=350%2C200 1x, https:\/\/i0.wp.com\/www.grieta.org.mx\/wp-content\/uploads\/2018\/09\/IMG-20180904-WA0113.jpg?resize=525%2C300 1.5x, https:\/\/i0.wp.com\/www.grieta.org.mx\/wp-content\/uploads\/2018\/09\/IMG-20180904-WA0113.jpg?resize=700%2C400 2x, https:\/\/i0.wp.com\/www.grieta.org.mx\/wp-content\/uploads\/2018\/09\/IMG-20180904-WA0113.jpg?resize=1050%2C600 3x"},"classes":[]},{"id":50938,"url":"http:\/\/www.grieta.org.mx\/index.php\/2020\/06\/17\/inmobiliaria-aprovecha-la-pandemia-para-reiniciar-obra-ilegal-en-periferico-sur-vecinos-de-villas-del-pedregal-protestan-ante-la-inaccion-de-las-autoridades-capitalinas-ciudad-de-mexico\/","url_meta":{"origin":23920,"position":2},"title":"Inmobiliaria aprovecha la pandemia para reiniciar obra ilegal en perif\u00e9rico sur. Vecinos de Villas del Pedregal protestan ante la inacci\u00f3n de las autoridades capitalinas (Ciudad de M\u00e9xico)","author":"grieta","date":"17 junio, 2020","format":false,"excerpt":"Colectivo Grieta Junio 16, 2020. Ciudad de M\u00e9xico.- Con cubrebocas y venciendo el temor a contagiarse de COVID-19, un grupo de vecinos de la Unidad Villas del Pedregal, ubicada en Perif\u00e9rico Sur, en la alcald\u00eda de Coyoac\u00e1n, salieron a la calle a protestar por la reanudaci\u00f3n de obras en el\u2026","rel":"","context":"En &quot;CINTILLO&quot;","block_context":{"text":"CINTILLO","link":"http:\/\/www.grieta.org.mx\/index.php\/category\/cintillo\/"},"img":{"alt_text":"","src":"https:\/\/i0.wp.com\/www.grieta.org.mx\/wp-content\/uploads\/2020\/06\/IMG-20200616-WA0034.jpg?resize=350%2C200","width":350,"height":200,"srcset":"https:\/\/i0.wp.com\/www.grieta.org.mx\/wp-content\/uploads\/2020\/06\/IMG-20200616-WA0034.jpg?resize=350%2C200 1x, https:\/\/i0.wp.com\/www.grieta.org.mx\/wp-content\/uploads\/2020\/06\/IMG-20200616-WA0034.jpg?resize=525%2C300 1.5x, https:\/\/i0.wp.com\/www.grieta.org.mx\/wp-content\/uploads\/2020\/06\/IMG-20200616-WA0034.jpg?resize=700%2C400 2x"},"classes":[]},{"id":27024,"url":"http:\/\/www.grieta.org.mx\/index.php\/2018\/10\/08\/en-las-obras-de-mantik-pedregal-muere-trabajador-se-abre-averiguacion-por-encubrimiento-de-lesiones-ciudad-de-mexico\/","url_meta":{"origin":23920,"position":3},"title":"En las obras de Mantik Pedregal muere trabajador; se abre averiguaci\u00f3n por encubrimiento de lesiones (Ciudad de M\u00e9xico)","author":"grieta","date":"8 octubre, 2018","format":false,"excerpt":"COLECTIVO GRIETA Sellos que la Procuradur\u00eda General de Justicia de la Ciudad de M\u00e9xico y la Secretar\u00eda de Protecci\u00f3n Civil capitalina colocaron a la entrada del predio localizado en Perif\u00e9rico Sur 5178. La tarde del martes 2 de octubre hacia las 16 hrs., en la obra de Mantik Pedregal muri\u00f3\u2026","rel":"","context":"En &quot;CINTILLO&quot;","block_context":{"text":"CINTILLO","link":"http:\/\/www.grieta.org.mx\/index.php\/category\/cintillo\/"},"img":{"alt_text":"","src":"https:\/\/i0.wp.com\/www.grieta.org.mx\/wp-content\/uploads\/2018\/03\/14524434_1106112876131411_958039263622046936_o.jpg?resize=350%2C200","width":350,"height":200,"srcset":"https:\/\/i0.wp.com\/www.grieta.org.mx\/wp-content\/uploads\/2018\/03\/14524434_1106112876131411_958039263622046936_o.jpg?resize=350%2C200 1x, https:\/\/i0.wp.com\/www.grieta.org.mx\/wp-content\/uploads\/2018\/03\/14524434_1106112876131411_958039263622046936_o.jpg?resize=525%2C300 1.5x, https:\/\/i0.wp.com\/www.grieta.org.mx\/wp-content\/uploads\/2018\/03\/14524434_1106112876131411_958039263622046936_o.jpg?resize=700%2C400 2x"},"classes":[]},{"id":23203,"url":"http:\/\/www.grieta.org.mx\/index.php\/2016\/10\/11\/vecinos-clausuran-edificios-acusan-que-provocan-escasez-de-agua-ciudad-de-mexico\/","url_meta":{"origin":23920,"position":4},"title":"Vecinos &#8216;clausuran&#8217; edificios; acusan que provocan escasez de agua (Ciudad de M\u00e9xico)","author":"grieta","date":"11 octubre, 2016","format":false,"excerpt":"Vecinos de la zona de los Pedregales, en la delegaci\u00f3n Coyoac\u00e1n, clausuraron de forma simb\u00f3lica un desarrollo inmobiliario de cerca de 300 departamentos de lujo en Perif\u00e9rico Sur 5146, pues argumentan que la obra provocar\u00e1 mayor escasez de agua, lo cual afectar\u00e1 principalmente a las colonias populares circundantes. Gerardo Su\u00e1rez\/EL\u2026","rel":"","context":"En &quot;CINTILLO&quot;","block_context":{"text":"CINTILLO","link":"http:\/\/www.grieta.org.mx\/index.php\/category\/cintillo\/"},"img":{"alt_text":"","src":"https:\/\/i0.wp.com\/www.grieta.org.mx\/wp-content\/uploads\/2018\/05\/Be-Grand-Alto-Pedregal.jpg?resize=350%2C200","width":350,"height":200,"srcset":"https:\/\/i0.wp.com\/www.grieta.org.mx\/wp-content\/uploads\/2018\/05\/Be-Grand-Alto-Pedregal.jpg?resize=350%2C200 1x, https:\/\/i0.wp.com\/www.grieta.org.mx\/wp-content\/uploads\/2018\/05\/Be-Grand-Alto-Pedregal.jpg?resize=525%2C300 1.5x"},"classes":[]},{"id":27022,"url":"http:\/\/www.grieta.org.mx\/index.php\/2018\/10\/08\/se-manifiestan-una-vez-mas-frente-a-mantik-pedregal-contra-las-irregularidades-con-que-operan-inmobiliarias-ciudad-de-mexico\/","url_meta":{"origin":23920,"position":5},"title":"Se manifiestan una vez m\u00e1s frente a Mantik Pedregal contra las irregularidades con que operan inmobiliarias (Ciudad de M\u00e9xico).","author":"grieta","date":"8 octubre, 2018","format":false,"excerpt":"La ma\u00f1ana del pasado martes 2 de octubre, un grupo de vecinos de la Unidad Villas del Pedregal volvi\u00f3 a salir a la calle para persistir en su rechazo a la construcci\u00f3n de varios edificios de departamentos y hoteles de lujo en esta zona del sur de la delegaci\u00f3n Coyoac\u00e1n.\u2026","rel":"","context":"En &quot;CINTILLO&quot;","block_context":{"text":"CINTILLO","link":"http:\/\/www.grieta.org.mx\/index.php\/category\/cintillo\/"},"img":{"alt_text":"","src":"https:\/\/i0.wp.com\/www.grieta.org.mx\/wp-content\/uploads\/2018\/10\/IMG-20181001-WA0021.jpg?resize=350%2C200","width":350,"height":200,"srcset":"https:\/\/i0.wp.com\/www.grieta.org.mx\/wp-content\/uploads\/2018\/10\/IMG-20181001-WA0021.jpg?resize=350%2C200 1x, https:\/\/i0.wp.com\/www.grieta.org.mx\/wp-content\/uploads\/2018\/10\/IMG-20181001-WA0021.jpg?resize=525%2C300 1.5x, https:\/\/i0.wp.com\/www.grieta.org.mx\/wp-content\/uploads\/2018\/10\/IMG-20181001-WA0021.jpg?resize=700%2C400 2x"},"classes":[]}],"_links":{"self":[{"href":"http:\/\/www.grieta.org.mx\/index.php\/wp-json\/wp\/v2\/posts\/23920","targetHints":{"allow":["GET"]}}],"collection":[{"href":"http:\/\/www.grieta.org.mx\/index.php\/wp-json\/wp\/v2\/posts"}],"about":[{"href":"http:\/\/www.grieta.org.mx\/index.php\/wp-json\/wp\/v2\/types\/post"}],"author":[{"embeddable":true,"href":"http:\/\/www.grieta.org.mx\/index.php\/wp-json\/wp\/v2\/users\/2"}],"replies":[{"embeddable":true,"href":"http:\/\/www.grieta.org.mx\/index.php\/wp-json\/wp\/v2\/comments?post=23920"}],"version-history":[{"count":1,"href":"http:\/\/www.grieta.org.mx\/index.php\/wp-json\/wp\/v2\/posts\/23920\/revisions"}],"predecessor-version":[{"id":23945,"href":"http:\/\/www.grieta.org.mx\/index.php\/wp-json\/wp\/v2\/posts\/23920\/revisions\/23945"}],"wp:featuredmedia":[{"embeddable":true,"href":"http:\/\/www.grieta.org.mx\/index.php\/wp-json\/wp\/v2\/media\/23935"}],"wp:attachment":[{"href":"http:\/\/www.grieta.org.mx\/index.php\/wp-json\/wp\/v2\/media?parent=23920"}],"wp:term":[{"taxonomy":"category","embeddable":true,"href":"http:\/\/www.grieta.org.mx\/index.php\/wp-json\/wp\/v2\/categories?post=23920"},{"taxonomy":"post_tag","embeddable":true,"href":"http:\/\/www.grieta.org.mx\/index.php\/wp-json\/wp\/v2\/tags?post=23920"}],"curies":[{"name":"wp","href":"https:\/\/api.w.org\/{rel}","templated":true}]}}