{"id":23903,"date":"2018-06-20T18:53:48","date_gmt":"2018-06-20T23:53:48","guid":{"rendered":"http:\/\/www.grieta.org.mx\/?p=23903"},"modified":"2018-06-22T19:01:44","modified_gmt":"2018-06-23T00:01:44","slug":"personal-subrogado-organiza-planton-en-hospital-de-xpujil","status":"publish","type":"post","link":"http:\/\/www.grieta.org.mx\/index.php\/2018\/06\/20\/personal-subrogado-organiza-planton-en-hospital-de-xpujil\/","title":{"rendered":"Personal subrogado organiza plant\u00f3n en Hospital de Xpujil"},"content":{"rendered":"<p><img loading=\"lazy\" decoding=\"async\" data-attachment-id=\"23904\" data-permalink=\"http:\/\/www.grieta.org.mx\/index.php\/2018\/06\/20\/personal-subrogado-organiza-planton-en-hospital-de-xpujil\/xpujiljunio\/\" data-orig-file=\"http:\/\/www.grieta.org.mx\/wp-content\/uploads\/2018\/06\/XpujilJunio.png\" data-orig-size=\"656,387\" data-comments-opened=\"0\" data-image-meta=\"{&quot;aperture&quot;:&quot;0&quot;,&quot;credit&quot;:&quot;&quot;,&quot;camera&quot;:&quot;&quot;,&quot;caption&quot;:&quot;&quot;,&quot;created_timestamp&quot;:&quot;0&quot;,&quot;copyright&quot;:&quot;&quot;,&quot;focal_length&quot;:&quot;0&quot;,&quot;iso&quot;:&quot;0&quot;,&quot;shutter_speed&quot;:&quot;0&quot;,&quot;title&quot;:&quot;&quot;,&quot;orientation&quot;:&quot;0&quot;}\" data-image-title=\"XpujilJunio\" data-image-description=\"\" data-image-caption=\"\" data-medium-file=\"http:\/\/www.grieta.org.mx\/wp-content\/uploads\/2018\/06\/XpujilJunio-300x177.png\" data-large-file=\"http:\/\/www.grieta.org.mx\/wp-content\/uploads\/2018\/06\/XpujilJunio.png\" src=\"http:\/\/www.grieta.org.mx\/wp-content\/uploads\/2018\/06\/XpujilJunio.png\" alt=\"\" width=\"656\" height=\"387\" class=\"aligncenter size-full wp-image-23904\" srcset=\"http:\/\/www.grieta.org.mx\/wp-content\/uploads\/2018\/06\/XpujilJunio.png 656w, http:\/\/www.grieta.org.mx\/wp-content\/uploads\/2018\/06\/XpujilJunio-300x177.png 300w\" sizes=\"auto, (max-width: 656px) 100vw, 656px\" \/><\/p>\n<p>CALAKMUL.\u2014 Nueve trabajadores de seguridad privada y limpieza de la empresa Limpro, que prestan servicios en el Hospital de Xpujil, siguen sin recibir sus sueldos, por lo que ayer desde las 8:00 horas suspendieron labores para plantarse frente al hospital.<\/p>\n<p>Los quejosos manifestaron que son casi dos quincenas que les adeudan y sus jefes inmediatos desde Campeche, v\u00eda telef\u00f3nica, s\u00f3lo les dan largas.<\/p>\n<p>Los afectados expusieron que hasta que les paguen retornar\u00e1n a sus labores; de lo contrario seguir\u00e1n en paro de forma indefinida.<\/p>\n<p>Declararon que desde hace meses Limpro les da atrasados los pagos, por lo que hartos tomaron la decisi\u00f3n de manifestarse para ser escuchados.<\/p>\n<p>Los paristas hicieron un llamado al director del hospital, V\u00edctor Manuel Fiumara Barrera, para que presione a la empresa y se les cumpla con los salarios atrasados, aunque tampoco se sienten respaldados por este lado.<\/p>\n<p><a href=\"http:\/\/tribunacampeche.com\/municipios\/2018\/06\/20\/personal-subrogado-organiza-planton-en-hospital-de-xpujil\/\" rel=\"noopener\" target=\"_blank\">http:\/\/tribunacampeche.com\/municipios\/2018\/06\/20\/personal-subrogado-organiza-planton-en-hospital-de-xpujil\/<\/a><\/p>\n","protected":false},"excerpt":{"rendered":"<p>CALAKMUL.\u2014 Nueve trabajadores de seguridad privada y limpieza de la empresa Limpro, que prestan servicios en el Hospital de Xpujil, siguen sin recibir sus sueldos, por lo que ayer desde &hellip; <a href=\"http:\/\/www.grieta.org.mx\/index.php\/2018\/06\/20\/personal-subrogado-organiza-planton-en-hospital-de-xpujil\/\" class=\"more-link\">Leer m\u00e1s<\/a><\/p>\n","protected":false},"author":2,"featured_media":23904,"comment_status":"closed","ping_status":"closed","sticky":false,"template":"","format":"standard","meta":{"ngg_post_thumbnail":0,"_jetpack_newsletter_access":"","_jetpack_dont_email_post_to_subs":false,"_jetpack_newsletter_tier_id":0,"_jetpack_memberships_contains_paywalled_content":false,"_jetpack_memberships_contains_paid_content":false,"footnotes":""},"categories":[11,80,1040,2],"tags":[113,105],"class_list":["post-23903","post","type-post","status-publish","format-standard","has-post-thumbnail","hentry","category-campeche","category-cintillo","category-conflictos-laborales-en-campeche","category-noticias-nacionales","tag-conflictos-laborales","tag-derechos-laborales","entry"],"jetpack_featured_media_url":"http:\/\/www.grieta.org.mx\/wp-content\/uploads\/2018\/06\/XpujilJunio.png","jetpack_sharing_enabled":true,"jetpack_shortlink":"https:\/\/wp.me\/p7ZJR4-6dx","jetpack_likes_enabled":false,"jetpack-related-posts":[{"id":69356,"url":"http:\/\/www.grieta.org.mx\/index.php\/2024\/07\/23\/trabajadores-de-limpieza-del-hospital-oncologico-en-campeche-exigen-pago-de-su-quincena\/","url_meta":{"origin":23903,"position":0},"title":"Trabajadores de limpieza del Hospital Oncol\u00f3gico en Campeche exigen pago de su quincena","author":"grieta","date":"23 julio, 2024","format":false,"excerpt":"Wilbert Casanova \/ Por Esto! Al menos 17 trabajadoras y trabajadores de la compa\u00f1\u00eda Ah Kim Pech no reciben el pago de su quincena tras laborar en el Hospital Oncol\u00f3gico, denunciaron las inconformes. Explicaron que la empresa termin\u00f3 su contrato con el hospital que atiende a las personas con c\u00e1ncer,\u2026","rel":"","context":"En &quot;Campeche&quot;","block_context":{"text":"Campeche","link":"http:\/\/www.grieta.org.mx\/index.php\/category\/noticias-nacionales\/campeche\/"},"img":{"alt_text":"","src":"https:\/\/i0.wp.com\/www.grieta.org.mx\/wp-content\/uploads\/2024\/07\/Hospital-e1722280675600.jpg?resize=350%2C200","width":350,"height":200,"srcset":"https:\/\/i0.wp.com\/www.grieta.org.mx\/wp-content\/uploads\/2024\/07\/Hospital-e1722280675600.jpg?resize=350%2C200 1x, https:\/\/i0.wp.com\/www.grieta.org.mx\/wp-content\/uploads\/2024\/07\/Hospital-e1722280675600.jpg?resize=525%2C300 1.5x, https:\/\/i0.wp.com\/www.grieta.org.mx\/wp-content\/uploads\/2024\/07\/Hospital-e1722280675600.jpg?resize=700%2C400 2x"},"classes":[]},{"id":28575,"url":"http:\/\/www.grieta.org.mx\/index.php\/2019\/01\/04\/siguen-los-acosos-y-despidos-laborales-en-oceanografia-campeche\/","url_meta":{"origin":23903,"position":1},"title":"Siguen los acosos y despidos laborales en Oceanograf\u00eda (Campeche)","author":"grieta","date":"4 enero, 2019","format":false,"excerpt":"Redacci\u00f3n\/Campeche Hoy CD DEL CARMEN. Contin\u00faan las denuncias en contra de la empresa petrolera Oceanograf\u00eda por abusos laborales, ahora 21 trabajadores activos fueron dados de baja como derechohabientes del Instituto Mexicano del Seguro Social (IMSS) sin previo aviso y a\u00fan les debe ocho meses de salario, pero Jorge Betancourt M\u00e9ndez\u2026","rel":"","context":"En &quot;Campeche&quot;","block_context":{"text":"Campeche","link":"http:\/\/www.grieta.org.mx\/index.php\/category\/noticias-nacionales\/campeche\/"},"img":{"alt_text":"","src":"https:\/\/i0.wp.com\/www.grieta.org.mx\/wp-content\/uploads\/2019\/01\/FOTO-1-6-640x427.jpg?resize=350%2C200","width":350,"height":200,"srcset":"https:\/\/i0.wp.com\/www.grieta.org.mx\/wp-content\/uploads\/2019\/01\/FOTO-1-6-640x427.jpg?resize=350%2C200 1x, https:\/\/i0.wp.com\/www.grieta.org.mx\/wp-content\/uploads\/2019\/01\/FOTO-1-6-640x427.jpg?resize=525%2C300 1.5x"},"classes":[]},{"id":9598,"url":"http:\/\/www.grieta.org.mx\/index.php\/2016\/09\/10\/conflictos-laborales-en-campeche\/","url_meta":{"origin":23903,"position":2},"title":"Conflictos laborales en Campeche","author":"grieta","date":"10 septiembre, 2016","format":false,"excerpt":"10\/09\/16. Despiden a obreros de PASA por protestar (Campeche) Tribuna 09\/09\/16. Jubilados exigen pago de bonos (Campeche) Tribuna 06\/09\/16. Paran otra vez los polic\u00edas; sin bono (Campeche) Tribuna 30\/08\/16. Bloquean Planta de Nitr\u00f3geno Cantarell (Campeche) Tribuna 20\/08\/16. Paralizan labores en Cobacam (Campeche) Tribuna 12\/08\/16. Plantean demandas empleados del INAH (Campeche)\u2026","rel":"","context":"En &quot;Campeche&quot;","block_context":{"text":"Campeche","link":"http:\/\/www.grieta.org.mx\/index.php\/category\/noticias-nacionales\/campeche\/"},"img":{"alt_text":"","src":"https:\/\/i0.wp.com\/www.grieta.org.mx\/wp-content\/uploads\/2018\/03\/14524434_1106112876131411_958039263622046936_o.jpg?resize=350%2C200","width":350,"height":200,"srcset":"https:\/\/i0.wp.com\/www.grieta.org.mx\/wp-content\/uploads\/2018\/03\/14524434_1106112876131411_958039263622046936_o.jpg?resize=350%2C200 1x, https:\/\/i0.wp.com\/www.grieta.org.mx\/wp-content\/uploads\/2018\/03\/14524434_1106112876131411_958039263622046936_o.jpg?resize=525%2C300 1.5x, https:\/\/i0.wp.com\/www.grieta.org.mx\/wp-content\/uploads\/2018\/03\/14524434_1106112876131411_958039263622046936_o.jpg?resize=700%2C400 2x"},"classes":[]},{"id":63323,"url":"http:\/\/www.grieta.org.mx\/index.php\/2022\/01\/24\/exigen-a-layda-sansores-defina-situacion-de-unos-40-trabajadores-que-dejaron-de-recibir-salario-campeche\/","url_meta":{"origin":23903,"position":3},"title":"Exigen a Layda Sansores defina situaci\u00f3n de unos 40 trabajadores que dejaron de recibir salario (Campeche)","author":"grieta","date":"24 enero, 2022","format":false,"excerpt":"Rosa Santana \/ Proceso CAMPECHE, Cam., 24 de enero (apro).- Trabajadores del Servicio Nacional de Empleo se manifestaron hoy a las puertas de la dependencia para pedir que la gobernadora Layda Sansores San Rom\u00e1n les aclare cu\u00e1l es ahora su situaci\u00f3n laboral porque formalmente no han sido despedidos pero dejaron\u2026","rel":"","context":"En &quot;Campeche&quot;","block_context":{"text":"Campeche","link":"http:\/\/www.grieta.org.mx\/index.php\/category\/noticias-nacionales\/campeche\/"},"img":{"alt_text":"","src":"https:\/\/i0.wp.com\/www.grieta.org.mx\/wp-content\/uploads\/2018\/03\/14524434_1106112876131411_958039263622046936_o.jpg?resize=350%2C200","width":350,"height":200,"srcset":"https:\/\/i0.wp.com\/www.grieta.org.mx\/wp-content\/uploads\/2018\/03\/14524434_1106112876131411_958039263622046936_o.jpg?resize=350%2C200 1x, https:\/\/i0.wp.com\/www.grieta.org.mx\/wp-content\/uploads\/2018\/03\/14524434_1106112876131411_958039263622046936_o.jpg?resize=525%2C300 1.5x, https:\/\/i0.wp.com\/www.grieta.org.mx\/wp-content\/uploads\/2018\/03\/14524434_1106112876131411_958039263622046936_o.jpg?resize=700%2C400 2x"},"classes":[]},{"id":29858,"url":"http:\/\/www.grieta.org.mx\/index.php\/2019\/03\/01\/paran-labores-en-los-colegios-de-bachilleres-campeche\/","url_meta":{"origin":23903,"position":4},"title":"Paran labores en los Colegios de Bachilleres (Campeche)","author":"grieta","date":"1 marzo, 2019","format":false,"excerpt":"Redacci\u00f3n \/ Diario Independiente Tribuna Como parte de la acci\u00f3n nacional, personal sindicalizado \u2013administrativo y docente- del Colegio de Bachilleres de Campeche (Cobacam), se manifest\u00f3 ayer con paro laboral, en protesta por la decisi\u00f3n del Gobierno Federal de recortar el presupuesto a la educaci\u00f3n media superior. EN ESC\u00c1RCEGA Carlos Enrique\u2026","rel":"","context":"En &quot;Campeche&quot;","block_context":{"text":"Campeche","link":"http:\/\/www.grieta.org.mx\/index.php\/category\/noticias-nacionales\/campeche\/"},"img":{"alt_text":"","src":"https:\/\/i0.wp.com\/www.grieta.org.mx\/wp-content\/uploads\/2019\/03\/Cobacam..jpg?resize=350%2C200","width":350,"height":200,"srcset":"https:\/\/i0.wp.com\/www.grieta.org.mx\/wp-content\/uploads\/2019\/03\/Cobacam..jpg?resize=350%2C200 1x, https:\/\/i0.wp.com\/www.grieta.org.mx\/wp-content\/uploads\/2019\/03\/Cobacam..jpg?resize=525%2C300 1.5x, https:\/\/i0.wp.com\/www.grieta.org.mx\/wp-content\/uploads\/2019\/03\/Cobacam..jpg?resize=700%2C400 2x, https:\/\/i0.wp.com\/www.grieta.org.mx\/wp-content\/uploads\/2019\/03\/Cobacam..jpg?resize=1050%2C600 3x"},"classes":[]},{"id":65696,"url":"http:\/\/www.grieta.org.mx\/index.php\/2022\/11\/07\/sindicalizados-de-la-universidad-autonoma-del-carmen-se-van-a-paro-indefinido-campeche\/","url_meta":{"origin":23903,"position":5},"title":"Sindicalizados de la Universidad Aut\u00f3noma del Carmen se van a paro indefinido (Campeche)","author":"grieta","date":"7 noviembre, 2022","format":false,"excerpt":"Gerardo Can \/ Por Esto! Por falta de pago de sueldos de un mes, los jubilados y pensionados sindicalizados de la Universidad Aut\u00f3noma del Carmen (Unacar), se manifestaron sobre la calle 31 y 22, adem\u00e1s de irse al paro indefinido de actividades en la m\u00e1xima casa de estudios carmelita o\u2026","rel":"","context":"En &quot;Campeche&quot;","block_context":{"text":"Campeche","link":"http:\/\/www.grieta.org.mx\/index.php\/category\/noticias-nacionales\/campeche\/"},"img":{"alt_text":"","src":"https:\/\/i0.wp.com\/www.grieta.org.mx\/wp-content\/uploads\/2022\/11\/Unacar-e1668709961820.jpg?resize=350%2C200","width":350,"height":200,"srcset":"https:\/\/i0.wp.com\/www.grieta.org.mx\/wp-content\/uploads\/2022\/11\/Unacar-e1668709961820.jpg?resize=350%2C200 1x, https:\/\/i0.wp.com\/www.grieta.org.mx\/wp-content\/uploads\/2022\/11\/Unacar-e1668709961820.jpg?resize=525%2C300 1.5x, https:\/\/i0.wp.com\/www.grieta.org.mx\/wp-content\/uploads\/2022\/11\/Unacar-e1668709961820.jpg?resize=700%2C400 2x"},"classes":[]}],"_links":{"self":[{"href":"http:\/\/www.grieta.org.mx\/index.php\/wp-json\/wp\/v2\/posts\/23903","targetHints":{"allow":["GET"]}}],"collection":[{"href":"http:\/\/www.grieta.org.mx\/index.php\/wp-json\/wp\/v2\/posts"}],"about":[{"href":"http:\/\/www.grieta.org.mx\/index.php\/wp-json\/wp\/v2\/types\/post"}],"author":[{"embeddable":true,"href":"http:\/\/www.grieta.org.mx\/index.php\/wp-json\/wp\/v2\/users\/2"}],"replies":[{"embeddable":true,"href":"http:\/\/www.grieta.org.mx\/index.php\/wp-json\/wp\/v2\/comments?post=23903"}],"version-history":[{"count":1,"href":"http:\/\/www.grieta.org.mx\/index.php\/wp-json\/wp\/v2\/posts\/23903\/revisions"}],"predecessor-version":[{"id":23905,"href":"http:\/\/www.grieta.org.mx\/index.php\/wp-json\/wp\/v2\/posts\/23903\/revisions\/23905"}],"wp:featuredmedia":[{"embeddable":true,"href":"http:\/\/www.grieta.org.mx\/index.php\/wp-json\/wp\/v2\/media\/23904"}],"wp:attachment":[{"href":"http:\/\/www.grieta.org.mx\/index.php\/wp-json\/wp\/v2\/media?parent=23903"}],"wp:term":[{"taxonomy":"category","embeddable":true,"href":"http:\/\/www.grieta.org.mx\/index.php\/wp-json\/wp\/v2\/categories?post=23903"},{"taxonomy":"post_tag","embeddable":true,"href":"http:\/\/www.grieta.org.mx\/index.php\/wp-json\/wp\/v2\/tags?post=23903"}],"curies":[{"name":"wp","href":"https:\/\/api.w.org\/{rel}","templated":true}]}}