{"id":2389,"date":"2014-03-02T19:32:00","date_gmt":"2014-03-02T19:32:00","guid":{"rendered":"http:\/\/50.22.11.12\/~grietaor\/?p=2389"},"modified":"2019-01-19T10:22:45","modified_gmt":"2019-01-19T16:22:45","slug":"mineria-tamaulipeca-en-panales-pero-intentan-impulsarla","status":"publish","type":"post","link":"http:\/\/www.grieta.org.mx\/index.php\/2014\/03\/02\/mineria-tamaulipeca-en-panales-pero-intentan-impulsarla\/","title":{"rendered":"Miner\u00eda tamaulipeca, \u201cen pa\u00f1ales\u201d, pero intentan impulsarla"},"content":{"rendered":"<p>Conexi\u00f3n Total<\/p>\n<p>Ciudad Victoria, Tamaulipas.Desde 1997 se han otorgado 274 concesiones para la explotaci\u00f3n minera en Tamaulipas y de \u00e9stas, el 8 por ciento corresponde a la zona centro del estado, incluido Victoria, confirm\u00f3 la Agencia de Miner\u00eda de la Secretar\u00eda de Econom\u00eda, al resaltar que existen por lo menos 18 concesiones otorgadas desde entonces.<\/p>\n<p>Con la explotaci\u00f3n de minerales como la barita, y de minerales no metales como la grava, la arena, la serpentina, entre otros, la actividad minera en Victoria se reduce a s\u00f3lo siete empresas dedicadas a la explotaci\u00f3n de \u00e9sta, en su mayor\u00eda ubicadas en zonas ejidales, en las orillas de r\u00edos.<\/p>\n<p>En la actualidad Tamaulipas, de acuerdo a la Secretar\u00eda de Energ\u00eda, ocupa un sitio importante en explotaci\u00f3n de minerales no metales como arena, azufre, bentonutam, caliza, grava, piedras de dimensiones y sal.<\/p>\n<p>La zona de Mante y Victoria se caracterizan por tener un alto potencial en minerales no metales como arena, grava, asbesto y minerales como la barita.<\/p>\n<p>De las siete empresas registradas en Victoria que se dedican a la explotaci\u00f3n en superficie de la Miner\u00eda, al menos 6 son trituradoras y una se dedica a la comercializaci\u00f3n de m\u00e1rmol.<\/p>\n<p>La producci\u00f3n minera en Tamaulipas durante el 2010 la resumen de la siguiente manera: 259 mil toneladas de arena, 83 mil de azufre, 95 mil 200 de caliza 1 mill\u00f3n 109 mil toneladas de de grava, 1 mill\u00f3n de toneladas de roca y 5 mil 200 toneladas de sal.<\/p>\n<p>Escasa actividad minEra<\/p>\n<p>Tambi\u00e9n 9 mil 200 toneladas de cantera, que representaron ingresos generales por 279 millones de pesos. Tan s\u00f3lo por arena son 26 millones de pesos; azufre, 102 millones; caliza 6 millones; cantera 662 mil pesos; grava 117 millones de pesos; rocas 24 millones y sal 1 mill\u00f3n de pesos entre otros.<\/p>\n<p>Se estima que la superficie explotada mineralmente en el estado es del 1.44 por ciento; no obstante peritos coinciden en el alto potencial para el zinc, barita, plomo y materiales para la industria<\/p>\n<p>La explotaci\u00f3n minera en el caso de Victoria no tiene un impacto en la econom\u00eda local, de hecho se generan alrededor de 150 empleos, pero se trabaja en grandes proyectos como el del Ca\u00f1\u00f3n del Novillo donde se estima hay 667 millones de tonelada de un material conocido como serpentina, para uso industrial e insecticidas.<\/p>\n<p>En Victoria en los \u00faltimos a\u00f1os han cerrado por lo menos tres empresas, por diversas, dos trituradoras que por operar dentro de la ciudad tuvieron que salir al ser sancionadas por autoridades ambientales.<\/p>\n<p>Alfredo Cant\u00fa Arizpe, titular de la Agencia de Mineria de la Secretar\u00eda de Econom\u00eda, revela que de 1997 a la fecha, se han otorgado 276 concesiones para la explotaci\u00f3n minera de las cuales el 8 por ciento fueron para Ciudad Victoria, sin embargo reconoce que muchos no est\u00e1n explorando ni extrayendo minerales y pagan la concesion cada a\u00f1o.<\/p>\n<p>\u201c\u2019Hay muchas concesiones que no se utilizan, hay quien invierte pagando por el permiso sin hacer la explotaci\u00f3n del \u00e1rea\u201d.<\/p>\n<p><a href=\"http:\/\/conexiontotal.mx\/2014\/03\/02\/mineria-tamaulipeca-en-panales-pero-intentan-impulsarla\/\" target=\"_blank\">conexiontotal.mx\/2014\/03\/02\/mineria-tamaulipeca-en-panales-pero-intentan-impulsarla\/<\/a><\/p>\n","protected":false},"excerpt":{"rendered":"<p>Conexi\u00f3n Total Ciudad Victoria, Tamaulipas.Desde 1997 se han otorgado 274 concesiones para la explotaci\u00f3n minera en Tamaulipas y de \u00e9stas, el 8 por ciento corresponde a la zona centro del &hellip; <a href=\"http:\/\/www.grieta.org.mx\/index.php\/2014\/03\/02\/mineria-tamaulipeca-en-panales-pero-intentan-impulsarla\/\" class=\"more-link\">Leer m\u00e1s<\/a><\/p>\n","protected":false},"author":2,"featured_media":21928,"comment_status":"closed","ping_status":"open","sticky":false,"template":"","format":"standard","meta":{"ngg_post_thumbnail":0,"_jetpack_newsletter_access":"","_jetpack_dont_email_post_to_subs":false,"_jetpack_newsletter_tier_id":0,"_jetpack_memberships_contains_paywalled_content":false,"_jetpack_memberships_contains_paid_content":false,"footnotes":""},"categories":[80,1965,910,1137,6,2,33,259,83],"tags":[109],"class_list":{"0":"post-2389","1":"post","2":"type-post","3":"status-publish","4":"format-standard","5":"has-post-thumbnail","6":"hentry","7":"category-cintillo","8":"category-conflictos-mineros-en-tamaulipas","9":"category-explotacion-y-precariedad-laboral","10":"category-explotacion-y-precariedad-laboral-en-tamaulipas","11":"category-mineria","12":"category-noticias-nacionales","13":"category-tamaulipas","15":"category-temas-nacionales","16":"tag-mineria","17":"entry"},"jetpack_featured_media_url":"http:\/\/www.grieta.org.mx\/wp-content\/uploads\/2018\/03\/14524434_1106112876131411_958039263622046936_o.jpg","jetpack_sharing_enabled":true,"jetpack_shortlink":"https:\/\/wp.me\/p7ZJR4-Cx","jetpack_likes_enabled":false,"jetpack-related-posts":[{"id":35919,"url":"http:\/\/www.grieta.org.mx\/index.php\/2019\/07\/01\/comapa-de-victoria-enfrenta-70-demandas-laborales-tamaulipas\/","url_meta":{"origin":2389,"position":0},"title":"Comapa de Victoria enfrenta 70 demandas laborales (Tamaulipas)","author":"grieta","date":"1 julio, 2019","format":false,"excerpt":"Fotograf\u00eda: El Ma\u00f1ana de Nuevo Laredo Posta En conjunto representan m\u00e1s de cien millones de pesos. TAMAULIPAS.- La Comisi\u00f3n Municipal de Agua Potable y Alcantarillado (Comapa) de Victoria enfrenta casi 70 demandas laborales por parte de ex empleados o trabajadores en activo. La mayor\u00eda de estas denuncias ante juzgados asciende\u2026","rel":"","context":"En &quot;CINTILLO&quot;","block_context":{"text":"CINTILLO","link":"http:\/\/www.grieta.org.mx\/index.php\/category\/cintillo\/"},"img":{"alt_text":"","src":"https:\/\/i0.wp.com\/www.grieta.org.mx\/wp-content\/uploads\/2019\/07\/Comapa-de-Victoria-enfrenta-70-demandas-laborales-tama-jul.jpg?resize=350%2C200","width":350,"height":200,"srcset":"https:\/\/i0.wp.com\/www.grieta.org.mx\/wp-content\/uploads\/2019\/07\/Comapa-de-Victoria-enfrenta-70-demandas-laborales-tama-jul.jpg?resize=350%2C200 1x, https:\/\/i0.wp.com\/www.grieta.org.mx\/wp-content\/uploads\/2019\/07\/Comapa-de-Victoria-enfrenta-70-demandas-laborales-tama-jul.jpg?resize=525%2C300 1.5x"},"classes":[]},{"id":64901,"url":"http:\/\/www.grieta.org.mx\/index.php\/2022\/08\/16\/maquilas-de-tamaulipas-han-despedido-a-casi-cinco-mil-trabajadores\/","url_meta":{"origin":2389,"position":1},"title":"Maquilas de Tamaulipas han despedido a casi cinco mil trabajadores","author":"grieta","date":"16 agosto, 2022","format":false,"excerpt":"Paola Mel\u00e9ndez\/Hoy Tamaulipas 16 agosto 2022 Seg\u00fan el IMSS, en el Estado se ha presentado una baja de cuatro mil 673 obreros entre marzo y julio del 2022. Ciudad Victoria, Tamaulipas.- La industria maquiladora en Tamaulipas ha recortado casi cinco mil empleos en cuatro meses, seg\u00fan el Instituto Mexicano del\u2026","rel":"","context":"En &quot;CINTILLO&quot;","block_context":{"text":"CINTILLO","link":"http:\/\/www.grieta.org.mx\/index.php\/category\/cintillo\/"},"img":{"alt_text":"","src":"https:\/\/i0.wp.com\/www.grieta.org.mx\/wp-content\/uploads\/2022\/08\/Maquilas-de-Tamaulipas-han-despedido-a-casi-cinco-mil-trabajadores-en-cuatro-meses.jpg?resize=350%2C200","width":350,"height":200,"srcset":"https:\/\/i0.wp.com\/www.grieta.org.mx\/wp-content\/uploads\/2022\/08\/Maquilas-de-Tamaulipas-han-despedido-a-casi-cinco-mil-trabajadores-en-cuatro-meses.jpg?resize=350%2C200 1x, https:\/\/i0.wp.com\/www.grieta.org.mx\/wp-content\/uploads\/2022\/08\/Maquilas-de-Tamaulipas-han-despedido-a-casi-cinco-mil-trabajadores-en-cuatro-meses.jpg?resize=525%2C300 1.5x, https:\/\/i0.wp.com\/www.grieta.org.mx\/wp-content\/uploads\/2022\/08\/Maquilas-de-Tamaulipas-han-despedido-a-casi-cinco-mil-trabajadores-en-cuatro-meses.jpg?resize=700%2C400 2x"},"classes":[]},{"id":30267,"url":"http:\/\/www.grieta.org.mx\/index.php\/2019\/03\/07\/arman-paro-obreros-de-maquiladora-de-ciudad-victoria-tamaulipas\/","url_meta":{"origin":2389,"position":2},"title":"Arman paro obreros de maquiladora de Ciudad Victoria (Tamaulipas)","author":"grieta","date":"7 marzo, 2019","format":false,"excerpt":"Marco Esquivel \/ Hoy Tamaulipas Alrededor de un centenar de trabajadores de la maquiladora Spring Windows Fashions se manifiestan en el exterior de la planta Ciudad Victoria, Tamaulipas.- Un grupo de obreros de la maquiladora Springs Windows Fashions ubicada en el Parque Industrial Nuevo Santander sureste de esta ciudad capital\u2026","rel":"","context":"En &quot;CINTILLO&quot;","block_context":{"text":"CINTILLO","link":"http:\/\/www.grieta.org.mx\/index.php\/category\/cintillo\/"},"img":{"alt_text":"","src":"https:\/\/i0.wp.com\/www.grieta.org.mx\/wp-content\/uploads\/2019\/03\/Arman-paro-obreros-de-maquiladora-de-Ciudad-tama-mzo.jpg?resize=350%2C200","width":350,"height":200},"classes":[]},{"id":28799,"url":"http:\/\/www.grieta.org.mx\/index.php\/2019\/02\/04\/corren-inesperadamente-a-trabajadores-de-la-conagua-tamaulipas\/","url_meta":{"origin":2389,"position":3},"title":"Corren inesperadamente a trabajadores de la Conagua (Tamaulipas)","author":"grieta","date":"4 febrero, 2019","format":false,"excerpt":"Jes\u00fas Alberto Garc\u00eda \/ Milenio Fueron despedidos varios empleados de la Comisi\u00f3n Nacional del Agua en seis municipios. Un grupo de 28 trabajadores de Tampico, Madero, Altamira, San Fernando, Ciudad Victoria y P\u00e1nuco, afirman que fueron despedidos este viernes 1 de febrero. De forma verbal se les inform\u00f3 su despido\u2026","rel":"","context":"En &quot;CINTILLO&quot;","block_context":{"text":"CINTILLO","link":"http:\/\/www.grieta.org.mx\/index.php\/category\/cintillo\/"},"img":{"alt_text":"","src":"https:\/\/i0.wp.com\/www.grieta.org.mx\/wp-content\/uploads\/2019\/02\/corren-inesperadamente-cona.jpg?resize=350%2C200","width":350,"height":200,"srcset":"https:\/\/i0.wp.com\/www.grieta.org.mx\/wp-content\/uploads\/2019\/02\/corren-inesperadamente-cona.jpg?resize=350%2C200 1x, https:\/\/i0.wp.com\/www.grieta.org.mx\/wp-content\/uploads\/2019\/02\/corren-inesperadamente-cona.jpg?resize=525%2C300 1.5x, https:\/\/i0.wp.com\/www.grieta.org.mx\/wp-content\/uploads\/2019\/02\/corren-inesperadamente-cona.jpg?resize=700%2C400 2x"},"classes":[]},{"id":32888,"url":"http:\/\/www.grieta.org.mx\/index.php\/2019\/05\/02\/sector-salud-tamaulipas-sin-medicinas-por-adeudo-tamaulipas\/","url_meta":{"origin":2389,"position":4},"title":"Sector Salud Tamaulipas sin medicinas por adeudo (Tamaulipas)","author":"grieta","date":"2 mayo, 2019","format":false,"excerpt":"El Bravo TAMAULIPAS.- La empresa Intercontinental de Medicamentos suspendi\u00f3 la expedici\u00f3n de vales y el abastaecimiento a la farmacia del Hospital Civil y otras instituciones de Salud en Tamaulipas, por un presunto adeudo del sector. Esta situaci\u00f3n representa un serio problema tanto para trabajadores como derechohabientes, indic\u00f3 el delegado sindical\u2026","rel":"","context":"En &quot;CINTILLO&quot;","block_context":{"text":"CINTILLO","link":"http:\/\/www.grieta.org.mx\/index.php\/category\/cintillo\/"},"img":{"alt_text":"","src":"https:\/\/i0.wp.com\/www.grieta.org.mx\/wp-content\/uploads\/2019\/05\/Sector-Salud-Tamaulipas-sin-medicinas-por-adeudo-tama-may.jpg?resize=350%2C200","width":350,"height":200,"srcset":"https:\/\/i0.wp.com\/www.grieta.org.mx\/wp-content\/uploads\/2019\/05\/Sector-Salud-Tamaulipas-sin-medicinas-por-adeudo-tama-may.jpg?resize=350%2C200 1x, https:\/\/i0.wp.com\/www.grieta.org.mx\/wp-content\/uploads\/2019\/05\/Sector-Salud-Tamaulipas-sin-medicinas-por-adeudo-tama-may.jpg?resize=525%2C300 1.5x"},"classes":[]},{"id":2997,"url":"http:\/\/www.grieta.org.mx\/index.php\/2015\/07\/08\/protestan-maestros-en-ciudad-victoria-contra-reforma-educativa\/","url_meta":{"origin":2389,"position":5},"title":"Protestan maestros en Ciudad Victoria contra Reforma Educativa","author":"grieta","date":"8 julio, 2015","format":false,"excerpt":"Hoy Tamaulipas Un grupo de maestros de diferentes ciudades del Estado, principalmente del centro de la entidad, realizaron este mi\u00e9rcoles una marcha para protestar en contra de la evaluaci\u00f3n magisterial, que forma parte de la Reforma Educativa. Los maestros, cerca de mil, se plantaron frente a las instalaciones del Congreso\u2026","rel":"","context":"En &quot;CINTILLO&quot;","block_context":{"text":"CINTILLO","link":"http:\/\/www.grieta.org.mx\/index.php\/category\/cintillo\/"},"img":{"alt_text":"","src":"https:\/\/i0.wp.com\/www.grieta.org.mx\/wp-content\/uploads\/2018\/03\/14524434_1106112876131411_958039263622046936_o.jpg?resize=350%2C200","width":350,"height":200,"srcset":"https:\/\/i0.wp.com\/www.grieta.org.mx\/wp-content\/uploads\/2018\/03\/14524434_1106112876131411_958039263622046936_o.jpg?resize=350%2C200 1x, https:\/\/i0.wp.com\/www.grieta.org.mx\/wp-content\/uploads\/2018\/03\/14524434_1106112876131411_958039263622046936_o.jpg?resize=525%2C300 1.5x, https:\/\/i0.wp.com\/www.grieta.org.mx\/wp-content\/uploads\/2018\/03\/14524434_1106112876131411_958039263622046936_o.jpg?resize=700%2C400 2x"},"classes":[]}],"_links":{"self":[{"href":"http:\/\/www.grieta.org.mx\/index.php\/wp-json\/wp\/v2\/posts\/2389","targetHints":{"allow":["GET"]}}],"collection":[{"href":"http:\/\/www.grieta.org.mx\/index.php\/wp-json\/wp\/v2\/posts"}],"about":[{"href":"http:\/\/www.grieta.org.mx\/index.php\/wp-json\/wp\/v2\/types\/post"}],"author":[{"embeddable":true,"href":"http:\/\/www.grieta.org.mx\/index.php\/wp-json\/wp\/v2\/users\/2"}],"replies":[{"embeddable":true,"href":"http:\/\/www.grieta.org.mx\/index.php\/wp-json\/wp\/v2\/comments?post=2389"}],"version-history":[{"count":1,"href":"http:\/\/www.grieta.org.mx\/index.php\/wp-json\/wp\/v2\/posts\/2389\/revisions"}],"predecessor-version":[{"id":2390,"href":"http:\/\/www.grieta.org.mx\/index.php\/wp-json\/wp\/v2\/posts\/2389\/revisions\/2390"}],"wp:featuredmedia":[{"embeddable":true,"href":"http:\/\/www.grieta.org.mx\/index.php\/wp-json\/wp\/v2\/media\/21928"}],"wp:attachment":[{"href":"http:\/\/www.grieta.org.mx\/index.php\/wp-json\/wp\/v2\/media?parent=2389"}],"wp:term":[{"taxonomy":"category","embeddable":true,"href":"http:\/\/www.grieta.org.mx\/index.php\/wp-json\/wp\/v2\/categories?post=2389"},{"taxonomy":"post_tag","embeddable":true,"href":"http:\/\/www.grieta.org.mx\/index.php\/wp-json\/wp\/v2\/tags?post=2389"}],"curies":[{"name":"wp","href":"https:\/\/api.w.org\/{rel}","templated":true}]}}