{"id":238,"date":"2015-03-15T04:47:29","date_gmt":"2015-03-15T04:47:29","guid":{"rendered":"http:\/\/50.22.11.12\/~grietaor\/?p=238"},"modified":"2016-03-01T01:36:39","modified_gmt":"2016-03-01T01:36:39","slug":"realizan-foros-informativos-en-la-universidad-autonoma-chapingo-sobre-el-paro","status":"publish","type":"post","link":"http:\/\/www.grieta.org.mx\/index.php\/2015\/03\/15\/realizan-foros-informativos-en-la-universidad-autonoma-chapingo-sobre-el-paro\/","title":{"rendered":"Realizan foros informativos en la Universidad Aut\u00f3noma Chapingo sobre el paro"},"content":{"rendered":"<p>por Victor M Maya<\/p>\n<p>M\u00e9xico, 15 de marzo de 2015.- A casi tres semanas de que iniciara el paro en la Universidad Aut\u00f3noma Chapingo (UACh), estudiantes realizan foros informativos y di\u00e1logo con el objetivo de avanzar hacia una soluci\u00f3n que beneficie a esta casa de estudios. En un foro realizado en las canchas del estadio Palomo Ruiz Tapia particip\u00f3 la comunidad estudiantil, maestros y algunos consejeros universitarios.<\/p>\n<p>Los asistentes discutieron sobre la posibilidad de llegar a acuerdos en la ruta a seguir los pr\u00f3ximos d\u00edas entre los cuales est\u00e1 realizar un plebiscito universitario el mi\u00e9rcoles o llamar a una Asamblea General Universitaria (AGU). El plebiscito buscar\u00eda consultar acerca de la continuidad del paro, no obstante la Asamblea General buscar\u00eda la destituci\u00f3n de consejeros universitarios que votan en bloque y la salida del Dr. Ram\u00f3n Valdivia quien se ostenta como rector.<\/p>\n<p>Eduardo Vargas P\u00e9rez, consejero universitario, enfatiz\u00f3 la disposici\u00f3n de parte del Honorable Consejo Universitario (HCU) para llegar a acuerdos que beneficien a la comunidad y que permitan destrabar el conflicto.<\/p>\n<p>Por su parte, estudiantes que tomaron la palabra recriminaron el alejamiento del CU con la comunidad, ya que ha continuado sesionando desde el paro. Reprocharon la poca transparencia y el voto en bloque de al menos 25 consejeros. Recordaron tambi\u00e9n la funci\u00f3n social de la universidad: \u201cVenimos de ejidos y comunidades, se nos da el car\u00e1cter de organizaci\u00f3n comunal. Nuestra lucha es por la necesidad de llevar el conocimiento al campo. \u00bfD\u00f3nde est\u00e1n esos 1,200 maestros? El Consejo no nos representa, por eso pedimos democracia directa\u201d.<\/p>\n<p>En diciembre pasado, el rector de la UACh, el Dr. Carlos Alberto Villase\u00f1or pidi\u00f3 licencia al cargo para contender a la rector\u00eda en un nuevo proceso electoral, pero el HCU nombr\u00f3 rector al entonces Director General Acad\u00e9mico, el Dr. Ram\u00f3n Valdivia Alcal\u00e1. Estudiantes denunciaron como ilegal la rector\u00eda de Valdivia por violar estatutos universitarios y desconocieron su rector\u00eda.<br \/>\nDespu\u00e9s de la inconformidad por el hecho, se realiz\u00f3 un intento de Asamblea General Universitaria (AGU), sin embargo no lleg\u00f3 al qu\u00f3rum legal para ser v\u00e1lida. El 10 de febrero se realiz\u00f3 el segundo llamado a la AGU, la cual tuvo 5,125 de asistentes \u2013la comunidad universitaria de la UACh est\u00e1 conformada por 10,822 acad\u00e9micos y estudiantes.<\/p>\n<p>Entre los acuerdos de esta \u00faltima asamblea fue realizar una nueva AGU, con presencia de los centros regionales del pa\u00eds como los de Zacatecas, Durango, Tabasco, entre otros. Pese a ello, el HCU no proporcion\u00f3 los medios para realizar los traslados. En la asamblea, se acord\u00f3 destituir al rector Carlos Alberto Villa Se\u00f1or y el rector impuesto Ram\u00f3n Valdivia, y se vot\u00f3 por la C. PH.D. Luz Mar\u00eda Hermoso Santamar\u00eda para rectora interna. Se propuso tambi\u00e9n una auditoria a los periodos de funciones de los rectores Aureliano Pe\u00f1a Lomeli y Carlos Alberto Villase\u00f1or. En d\u00edas posteriores la rector\u00eda desconoci\u00f3 la asamblea y obtuvo un amparo.<\/p>\n<p>Entre los puntos del pliego petitorio que demandan los estudiantes en paro est\u00e1 el respeto a los acuerdos de la AGU del 24 de febrero, aclaraci\u00f3n del subejercicio por 280 millones de pesos sobre egresos de la universidad, revisi\u00f3n de la permanencia del tercio de los consejeros universitarios y la revocaci\u00f3n de los acuerdos de HCU de sancionar a alumnos en paro.<\/p>\n<p>Las propuestas en relaci\u00f3n con la duraci\u00f3n del paro, el pliego petitorio, las fechas para realizar la AGU y Congreso Universitario; se discuten actualmente en grupos acad\u00e9micos y foros en la UACh.<\/p>\n<p><a href=\"http:\/\/somoselmedio.org\/article\/realizan-foros-informativos-en-la-universidad-autonoma-chapingo-sobre-el-paro\" target=\"_blank\">somoselmedio.org\/article\/realizan-foros-informativos-en-la-universidad-autonoma-chapingo-sobre-el-paro<\/a><\/p>\n","protected":false},"excerpt":{"rendered":"<p>por Victor M Maya M\u00e9xico, 15 de marzo de 2015.- A casi tres semanas de que iniciara el paro en la Universidad Aut\u00f3noma Chapingo (UACh), estudiantes realizan foros informativos y &hellip; <a href=\"http:\/\/www.grieta.org.mx\/index.php\/2015\/03\/15\/realizan-foros-informativos-en-la-universidad-autonoma-chapingo-sobre-el-paro\/\" class=\"more-link\">Leer m\u00e1s<\/a><\/p>\n","protected":false},"author":2,"featured_media":21928,"comment_status":"closed","ping_status":"open","sticky":false,"template":"","format":"standard","meta":{"ngg_post_thumbnail":0,"_jetpack_newsletter_access":"","_jetpack_dont_email_post_to_subs":false,"_jetpack_newsletter_tier_id":0,"_jetpack_memberships_contains_paywalled_content":false,"_jetpack_memberships_contains_paid_content":false,"footnotes":""},"categories":[80],"tags":[107,92],"class_list":["post-238","post","type-post","status-publish","format-standard","has-post-thumbnail","hentry","category-cintillo","tag-educacion","tag-estado-de-mexico","entry"],"jetpack_featured_media_url":"http:\/\/www.grieta.org.mx\/wp-content\/uploads\/2018\/03\/14524434_1106112876131411_958039263622046936_o.jpg","jetpack_sharing_enabled":true,"jetpack_shortlink":"https:\/\/wp.me\/p7ZJR4-3Q","jetpack_likes_enabled":false,"jetpack-related-posts":[{"id":247,"url":"http:\/\/www.grieta.org.mx\/index.php\/2015\/03\/22\/movilizaciones-en-chapingo-contra-imposicion-de-directores\/","url_meta":{"origin":238,"position":0},"title":"Movilizaciones en Chapingo contra imposici\u00f3n de directores","author":"grieta","date":"22 marzo, 2015","format":false,"excerpt":"22\/03\/15. Finalizan paro en la UACh, el lunes regresan a clasesReporteros en Movimiento 15\/03\/15. Realizan foros informativos en la Universidad Aut\u00f3noma Chapingo sobre el paroSomos el medio 02\/03\/15. Alumnos en paro de Chapingo anuncian marcha a SagarpaReporteros en movimiento 12\/02\/15. PRI intenta tomar el control de la Universidad de Chapingo,\u2026","rel":"","context":"En &quot;Estado de M\u00e9xico&quot;","block_context":{"text":"Estado de M\u00e9xico","link":"http:\/\/www.grieta.org.mx\/index.php\/category\/noticias-nacionales\/estado-de-mexico\/"},"img":{"alt_text":"","src":"https:\/\/i0.wp.com\/www.grieta.org.mx\/wp-content\/uploads\/2018\/03\/14524434_1106112876131411_958039263622046936_o.jpg?resize=350%2C200","width":350,"height":200,"srcset":"https:\/\/i0.wp.com\/www.grieta.org.mx\/wp-content\/uploads\/2018\/03\/14524434_1106112876131411_958039263622046936_o.jpg?resize=350%2C200 1x, https:\/\/i0.wp.com\/www.grieta.org.mx\/wp-content\/uploads\/2018\/03\/14524434_1106112876131411_958039263622046936_o.jpg?resize=525%2C300 1.5x, https:\/\/i0.wp.com\/www.grieta.org.mx\/wp-content\/uploads\/2018\/03\/14524434_1106112876131411_958039263622046936_o.jpg?resize=700%2C400 2x"},"classes":[]},{"id":240,"url":"http:\/\/www.grieta.org.mx\/index.php\/2015\/03\/02\/alumnos-en-paro-de-chapingo-anuncian-marcha-a-sagarpa\/","url_meta":{"origin":238,"position":1},"title":"Alumnos en paro de Chapingo anuncian marcha a Sagarpa","author":"grieta","date":"2 marzo, 2015","format":false,"excerpt":"TEXCOCO, M\u00e9x.- Alumnos del Consejo General de Representantes (CGR) de la Universidad Aut\u00f3noma de Chapingo (UACh), preparan una marcha a la Secretar\u00eda de Agricultura, Ganaderia, Desarrollo Rural Pesca y Alimentaci\u00f3n (SAGARPA), para exigir que se resuelva el conflicto que existe en esta casa de estudios y que a llevado a\u2026","rel":"","context":"En &quot;CINTILLO&quot;","block_context":{"text":"CINTILLO","link":"http:\/\/www.grieta.org.mx\/index.php\/category\/cintillo\/"},"img":{"alt_text":"","src":"https:\/\/i0.wp.com\/www.grieta.org.mx\/wp-content\/uploads\/2018\/03\/14524434_1106112876131411_958039263622046936_o.jpg?resize=350%2C200","width":350,"height":200,"srcset":"https:\/\/i0.wp.com\/www.grieta.org.mx\/wp-content\/uploads\/2018\/03\/14524434_1106112876131411_958039263622046936_o.jpg?resize=350%2C200 1x, https:\/\/i0.wp.com\/www.grieta.org.mx\/wp-content\/uploads\/2018\/03\/14524434_1106112876131411_958039263622046936_o.jpg?resize=525%2C300 1.5x, https:\/\/i0.wp.com\/www.grieta.org.mx\/wp-content\/uploads\/2018\/03\/14524434_1106112876131411_958039263622046936_o.jpg?resize=700%2C400 2x"},"classes":[]},{"id":235,"url":"http:\/\/www.grieta.org.mx\/index.php\/2015\/03\/22\/finalizan-paro-en-la-uach-el-lunes-regresan-a-clases\/","url_meta":{"origin":238,"position":2},"title":"Finalizan paro en la UACh, el lunes regresan a clases","author":"grieta","date":"22 marzo, 2015","format":false,"excerpt":"TEXCOCO, Edomex.- El d\u00eda de ayer, alumnos del Consejo Ejecutivo Estudiantil (CEE), decidieron liberar las instalaciones de la Universidad Aut\u00f3noma Chapingo, luego de que desde el pasado 25 de febrero se encontraba tomada, esto para exigir respeto a una asamblea universitaria en la que se nombr\u00f3 a una rectora interina.\u2026","rel":"","context":"En &quot;CINTILLO&quot;","block_context":{"text":"CINTILLO","link":"http:\/\/www.grieta.org.mx\/index.php\/category\/cintillo\/"},"img":{"alt_text":"","src":"https:\/\/i0.wp.com\/www.grieta.org.mx\/wp-content\/uploads\/2018\/03\/14524434_1106112876131411_958039263622046936_o.jpg?resize=350%2C200","width":350,"height":200,"srcset":"https:\/\/i0.wp.com\/www.grieta.org.mx\/wp-content\/uploads\/2018\/03\/14524434_1106112876131411_958039263622046936_o.jpg?resize=350%2C200 1x, https:\/\/i0.wp.com\/www.grieta.org.mx\/wp-content\/uploads\/2018\/03\/14524434_1106112876131411_958039263622046936_o.jpg?resize=525%2C300 1.5x, https:\/\/i0.wp.com\/www.grieta.org.mx\/wp-content\/uploads\/2018\/03\/14524434_1106112876131411_958039263622046936_o.jpg?resize=700%2C400 2x"},"classes":[]},{"id":29432,"url":"http:\/\/www.grieta.org.mx\/index.php\/2019\/02\/21\/cuatro-universidades-publicas-en-huelga\/","url_meta":{"origin":238,"position":3},"title":"Cuatro universidades p\u00fablicas en huelga","author":"grieta","date":"21 febrero, 2019","format":false,"excerpt":"Diario de M\u00e9xico M\u00e9xico.-Con la huelga instalada este jueves en la Universidad Aut\u00f3noma de Chapingo en el Estado de M\u00e9xico suman cuatro instituciones p\u00fablicas de educaci\u00f3n superior en todo el pa\u00eds, que detienen labores por negociaci\u00f3n salarial. La Universidad Aut\u00f3noma Benito Ju\u00e1rez de Oaxaca (UABJO), la Universidad Aut\u00f3noma Metropolitana (UAM)\u2026","rel":"","context":"En &quot;CINTILLO&quot;","block_context":{"text":"CINTILLO","link":"http:\/\/www.grieta.org.mx\/index.php\/category\/cintillo\/"},"img":{"alt_text":"","src":"https:\/\/i0.wp.com\/www.grieta.org.mx\/wp-content\/uploads\/2019\/02\/paro.jpg?resize=350%2C200","width":350,"height":200,"srcset":"https:\/\/i0.wp.com\/www.grieta.org.mx\/wp-content\/uploads\/2019\/02\/paro.jpg?resize=350%2C200 1x, https:\/\/i0.wp.com\/www.grieta.org.mx\/wp-content\/uploads\/2019\/02\/paro.jpg?resize=525%2C300 1.5x, https:\/\/i0.wp.com\/www.grieta.org.mx\/wp-content\/uploads\/2019\/02\/paro.jpg?resize=700%2C400 2x, https:\/\/i0.wp.com\/www.grieta.org.mx\/wp-content\/uploads\/2019\/02\/paro.jpg?resize=1050%2C600 3x"},"classes":[]},{"id":29438,"url":"http:\/\/www.grieta.org.mx\/index.php\/2019\/02\/21\/academicos-estallan-huelga-en-chapingo-estado-de-mexico\/","url_meta":{"origin":238,"position":4},"title":"Acad\u00e9micos estallan huelga en Chapingo (Estado de M\u00e9xico)","author":"grieta","date":"21 febrero, 2019","format":false,"excerpt":"Ricardo Ort\u00edz\/somoselmedio Con 364 votos a favor, acad\u00e9micos de la Universidad Aut\u00f3noma de Chapingo (UACh) emplazaron a huelga para este 21 de febrero bajo la demanda de incremento salarial. Los trabajadores se\u00f1alaron que no se ha dado soluci\u00f3n a las violaciones al Contrato Colectivo de Trabajo (CCT) y solicitaron que\u2026","rel":"","context":"En &quot;CINTILLO&quot;","block_context":{"text":"CINTILLO","link":"http:\/\/www.grieta.org.mx\/index.php\/category\/cintillo\/"},"img":{"alt_text":"","src":"https:\/\/i0.wp.com\/www.grieta.org.mx\/wp-content\/uploads\/2019\/02\/chapingo.jpg?resize=350%2C200","width":350,"height":200,"srcset":"https:\/\/i0.wp.com\/www.grieta.org.mx\/wp-content\/uploads\/2019\/02\/chapingo.jpg?resize=350%2C200 1x, https:\/\/i0.wp.com\/www.grieta.org.mx\/wp-content\/uploads\/2019\/02\/chapingo.jpg?resize=525%2C300 1.5x"},"classes":[]},{"id":244,"url":"http:\/\/www.grieta.org.mx\/index.php\/2015\/02\/12\/pri-intenta-tomar-el-control-de-la-universidad-de-chapingo-estudiantes-se-organizan\/","url_meta":{"origin":238,"position":5},"title":"PRI intenta tomar el control de la Universidad de Chapingo, estudiantes se organizan","author":"grieta","date":"12 febrero, 2015","format":false,"excerpt":"(12 de febrero, 2015).- La comunidad de la Universidad Aut\u00f3noma de Chapingo (UACh), se encuentra sumergida en una crisis pol\u00edtica y administrativa debido al proceso de elecci\u00f3n del rector de la Universidad. Esto porque, en menos de dos meses, han pasado por el cargo, rectores con escasa credibilidad y representatividad,\u2026","rel":"","context":"En &quot;CINTILLO&quot;","block_context":{"text":"CINTILLO","link":"http:\/\/www.grieta.org.mx\/index.php\/category\/cintillo\/"},"img":{"alt_text":"","src":"https:\/\/i0.wp.com\/www.grieta.org.mx\/wp-content\/uploads\/2018\/03\/14524434_1106112876131411_958039263622046936_o.jpg?resize=350%2C200","width":350,"height":200,"srcset":"https:\/\/i0.wp.com\/www.grieta.org.mx\/wp-content\/uploads\/2018\/03\/14524434_1106112876131411_958039263622046936_o.jpg?resize=350%2C200 1x, https:\/\/i0.wp.com\/www.grieta.org.mx\/wp-content\/uploads\/2018\/03\/14524434_1106112876131411_958039263622046936_o.jpg?resize=525%2C300 1.5x, https:\/\/i0.wp.com\/www.grieta.org.mx\/wp-content\/uploads\/2018\/03\/14524434_1106112876131411_958039263622046936_o.jpg?resize=700%2C400 2x"},"classes":[]}],"_links":{"self":[{"href":"http:\/\/www.grieta.org.mx\/index.php\/wp-json\/wp\/v2\/posts\/238","targetHints":{"allow":["GET"]}}],"collection":[{"href":"http:\/\/www.grieta.org.mx\/index.php\/wp-json\/wp\/v2\/posts"}],"about":[{"href":"http:\/\/www.grieta.org.mx\/index.php\/wp-json\/wp\/v2\/types\/post"}],"author":[{"embeddable":true,"href":"http:\/\/www.grieta.org.mx\/index.php\/wp-json\/wp\/v2\/users\/2"}],"replies":[{"embeddable":true,"href":"http:\/\/www.grieta.org.mx\/index.php\/wp-json\/wp\/v2\/comments?post=238"}],"version-history":[{"count":1,"href":"http:\/\/www.grieta.org.mx\/index.php\/wp-json\/wp\/v2\/posts\/238\/revisions"}],"predecessor-version":[{"id":239,"href":"http:\/\/www.grieta.org.mx\/index.php\/wp-json\/wp\/v2\/posts\/238\/revisions\/239"}],"wp:featuredmedia":[{"embeddable":true,"href":"http:\/\/www.grieta.org.mx\/index.php\/wp-json\/wp\/v2\/media\/21928"}],"wp:attachment":[{"href":"http:\/\/www.grieta.org.mx\/index.php\/wp-json\/wp\/v2\/media?parent=238"}],"wp:term":[{"taxonomy":"category","embeddable":true,"href":"http:\/\/www.grieta.org.mx\/index.php\/wp-json\/wp\/v2\/categories?post=238"},{"taxonomy":"post_tag","embeddable":true,"href":"http:\/\/www.grieta.org.mx\/index.php\/wp-json\/wp\/v2\/tags?post=238"}],"curies":[{"name":"wp","href":"https:\/\/api.w.org\/{rel}","templated":true}]}}