{"id":2379,"date":"2016-03-01T17:07:59","date_gmt":"2016-03-01T17:07:59","guid":{"rendered":"http:\/\/50.22.11.12\/~grietaor\/?p=2379"},"modified":"2016-03-12T17:13:56","modified_gmt":"2016-03-12T17:13:56","slug":"tierra-blanca-hoy-como-iguala-ayer-padres-piden-pruebas-de-que-sus-hijos-estan-muertos","status":"publish","type":"post","link":"http:\/\/www.grieta.org.mx\/index.php\/2016\/03\/01\/tierra-blanca-hoy-como-iguala-ayer-padres-piden-pruebas-de-que-sus-hijos-estan-muertos\/","title":{"rendered":"Tierra Blanca hoy, como Iguala ayer: padres piden pruebas de que sus hijos est\u00e1n muertos"},"content":{"rendered":"<blockquote><p>Los padres de Tierra Blanca repiten el triste camino de los 43: seg\u00fan las declaraciones del octavo polic\u00eda detenido, dadas a conocer hoy, los cinco j\u00f3venes fueron quemados, triturados y tirados a un r\u00edo. En enero de 2015 el entonces Fiscal Jes\u00fas Murillo present\u00f3 la \u201cverdad hist\u00f3rica\u201d del caso, seg\u00fan la cual los 43 estudiantes fueron entregados por polic\u00edas corruptos de Iguala al c\u00e1rtel Guerreros Unidos, quienes los asesinaron y quemaron el municipio aleda\u00f1o de Cocula.<\/p><\/blockquote>\n<p>M\u00e9xico, 1 mar (EFE).- El demoledor relato de uno de los polic\u00edas implicados en la desaparici\u00f3n de cinco j\u00f3venes en Tierra Blanca, Veracruz, seg\u00fan el cual fueron quemados, triturados y tirados a un r\u00edo, ahond\u00f3 la herida abierta por el caso Iguala debido a la similitud entre ambos sucesos.<\/p>\n<p>Los j\u00f3venes \u201cfueron quemados, posteriormente fueron molidos, seguramente en un molino de ca\u00f1a, y fueron tirados a un peque\u00f1o r\u00edo\u201d, dijo hoy a Primero Noticias el subsecretario de Derechos Humanos de la Secretar\u00eda de Gobernaci\u00f3n, Roberto Campa, citando a Rub\u00e9n P\u00e9rez, el octavo polic\u00eda detenido por este suceso.<\/p>\n<p>A diferencia de los estudiantes de la escuela para maestros de Ayotzinapa, no son 43 ni han llenado las primeras planas en los medios, pero su historia pone de manifiesto la impunidad que impera en M\u00e9xico, que acumula m\u00e1s de 27 mil de desaparecidos en la \u00faltima d\u00e9cada.<\/p>\n<p>Jos\u00e9 Ben\u00edtez, Mario Arturo Orozco, Alfredo Gonz\u00e1lez y Bernardo Ben\u00edtez, de entre 24 y 27 a\u00f1os, y Susana Tapia, de 16, regresaban el 11 de enero de unas vacaciones en el puerto de Veracruz cuando fueron detenidos por policiales estatales en el municipio de Tierra Blanca, a dos horas de su natal Playa Vicente, en el interior del estado.<br \/>\nEl arresto tuvo lugar en una gasolinera, fue captado por c\u00e1maras de v\u00eddeo ubicadas en esa zona y no tuvo un motivo aparente. Fueron detenidos \u201csimplemente porque (a los agentes) les parecieron sospechosos\u201d, se\u00f1al\u00f3 Campa.<\/p>\n<p>Seg\u00fan el relato de P\u00e9rez, quien presenci\u00f3 lo ocurrido a los j\u00f3venes tras su detenci\u00f3n, las cinco v\u00edctimas fueron trasladadas a distintos puntos e interrogadas.<\/p>\n<p>Su \u00faltima parada fue en el rancho El Lim\u00f3n, en el municipio de Tlalixcoyan, donde \u201clos privan de la vida\u201d y da \u201cinicio el proceso de desaparici\u00f3n de los cuerpos\u201d, explic\u00f3 el subsecretario.<\/p>\n<p>El Fiscal de Veracruz, Luis \u00c1ngel Bravo, detall\u00f3 a una emisora de radio que P\u00e9rez admiti\u00f3 su participaci\u00f3n en los hechos luego que la geolocalizaci\u00f3n de su tel\u00e9fono m\u00f3vil revelara que su coartada fallaba.<\/p>\n<p>En El Lim\u00f3n los polic\u00edas entregaron las v\u00edctimas a seis sujetos -continu\u00f3 el fiscal- y P\u00e9rez presenci\u00f3 su \u201cejecuci\u00f3n\u201d.<\/p>\n<p>En este lugar, las autoridades encontraron manchas hep\u00e1ticas y restos \u00f3seos calcinados. Con estos se identific\u00f3 a uno de los j\u00f3venes, Bernardo Ben\u00edtez, mientras que, a partir del hallazgo de un pedazo de tela de la camiseta y una costra, se reconoci\u00f3 a Alfredo Gonz\u00e1lez D\u00edaz.<\/p>\n<p>No obstante, los familiares de las v\u00edctimas desconfiaron de estas pruebas gen\u00e9ticas y encomendaron d\u00edas m\u00e1s tarde al prestigioso Equipo Argentino de Antropolog\u00eda Forense (EAAF) analizar los restos hallados, que acept\u00f3 la tarea.<\/p>\n<p>El EAAF se ha convertido, junto a otros actores internacionales como el grupo de expertos de la Comisi\u00f3n Interamericana de Derechos Humanos (CIDH), en la piedra del zapato del Gobierno y su versi\u00f3n de lo ocurrido en Iguala el 26 de septiembre de 2014.<\/p>\n<p>En enero de 2015 el entonces Fiscal Jes\u00fas Murillo present\u00f3 la \u201cverdad hist\u00f3rica\u201d del caso, seg\u00fan la cual los 43 estudiantes fueron entregados por polic\u00edas corruptos de Iguala al c\u00e1rtel Guerreros Unidos, quienes los asesinaron y quemaron el municipio aleda\u00f1o de Cocula.<\/p>\n<p>Los paralelismos con el caso de Tierra Blanca se vuelven m\u00e1s evidentes cuando el \u00faltimo polic\u00eda arrestado afirma que los restos de los cinco j\u00f3venes fueron tirados a un r\u00edo, cuando en el caso Iguala se encontraron bolsas con restos calcinados cerca del r\u00edo San Juan a partir de las cuales se identific\u00f3 a una de las v\u00edctimas.<\/p>\n<p>Pero inconsistencias en la investigaci\u00f3n han hecho desconfiar tanto al EAAF como a la CIDH sobre la procedencia de dichas bolsas, y ambos organismos niegan la posibilidad de un incendio en la zona en septiembre de 2014.<\/p>\n<p>El Gobierno anunci\u00f3 el domingo el inicio de un nuevo peritaje en Cocula, esta vez llevado a cabo con expertos internacionales con una reconocida trayectoria en la materia, a fin pasar de la \u201cverdad hist\u00f3rica\u201d a la \u201cverdad jur\u00eddica\u201d, dijo hoy una fuente gubernamental.<\/p>\n<p>Por el caso de Tierra Blanca hay ocho polic\u00edas detenidos, entre ellos el delegado de la Secretar\u00eda de Seguridad P\u00fablica estatal en Tierra Blanca, Marcos Conde Hern\u00e1ndez, adem\u00e1s de Francisco Navarrete Serna, presunto l\u00edder del C\u00e1rtel Jalisco Nueva Generaci\u00f3n en ese municipio.<\/p>\n<p>Seg\u00fan medios locales, Conde podr\u00eda estar relacionado con la desaparici\u00f3n de m\u00e1s personas en varios puntos del estado donde trabaj\u00f3, lo que revelar\u00eda, como en Iguala, la connivencia de cuerpos policiales y el crimen organizado.<\/p>\n<p>El fiscal de Veracruz dijo hoy que ya se conoce el m\u00f3vil de los hechos de Tierra Blanca, si bien no quiso revelarlo para no entorpecer la investigaci\u00f3n.<\/p>\n<p>No obstante, el titular de la Polic\u00eda Federal, Enrique Galindo, record\u00f3 que el testimonio del polic\u00eda \u201cno es definitivo\u201d y remarc\u00f3 que la b\u00fasqueda contin\u00faa.<\/p>\n<p>La respuesta de Galindo no sorprende, pues entre las desapariciones de Iguala y Tierra Blanca pasaron m\u00e1s de quince meses de duras cr\u00edticas al Gobierno por su gesti\u00f3n del caso de los 43.<\/p>\n<p>\u201cEL D\u00cdA QUE HAYA PRUEBAS\u201d ACEPT\u00c1REMOS LA MUERTE DE NUESTROS HIJOS<\/p>\n<p>Los familiares de los cinco j\u00f3venes desaparecidos el pasado 11 de enero en el municipio de Tierra Blanca, en Veracruz, aceptar\u00e1n que las v\u00edctimas est\u00e1n muertas \u201cel d\u00eda que haya pruebas\u201d, dijo hoy uno de los padres.<\/p>\n<p>\u201cNo estamos satisfechos\u201d con las declaraciones del subsecretario de Gobernaci\u00f3n Roberto Campa en torno al caso, dijo en una entrevista con Efe Bernardo Ben\u00edtez, padre de una de las v\u00edctimas.<\/p>\n<p>El testimonio del \u00faltimo polic\u00eda detenido por este caso, identificado como Rub\u00e9n P\u00e9rez y seg\u00fan el cual los j\u00f3venes fueron quemados y sus restos triturados, \u201cse debe tomar como una declaraci\u00f3n mas de la investigaci\u00f3n\u201d, se\u00f1al\u00f3.<\/p>\n<p>\u201cAs\u00ed como ha habido siete declaraciones anteriores (de otros polic\u00edas), \u00e9sta es la octava declaraci\u00f3n que da una persona que al parecer estuvo en los hechos\u201d, dijo Ben\u00edtez, cuyo hijo Bernardo y sobrino Jos\u00e9 son dos de los cinco desaparecidos en el municipio de Tierra Blanca.<\/p>\n<p>Sobre si aceptan la muerte de los j\u00f3venes, dijo que lo har\u00e1n cuando existan pruebas. \u201cCon dichos no aceptamos; con pruebas fehacientes s\u00ed lo aceptar\u00edamos\u201d, a\u00f1adi\u00f3.<br \/>\nBen\u00edtez indic\u00f3 que los familiares permanecer\u00e1n acampados en las oficinas de la Fiscal\u00eda de Veracruz en Tierra Blanca hasta que se esclarezca plenamente el caso y sean capturados los autores intelectuales.<\/p>\n<p>\u201cPorque debemos recordar que siempre hay un jefe y debemos llegar hasta ellos porque aqu\u00ed ha habido muchas desgracias y queremos que esta sea la \u00faltima que suceda para que caiga hasta el \u00faltimo de los delincuentes\u201d, abund\u00f3.<\/p>\n<p>Enfatiz\u00f3 que lo que los padres desean \u201cson resultados, que aparezcan los cinco muchachos, de una u otra forma, y a partir de ah\u00ed se empiece a hacer justicia, porque no se vale que est\u00e9 sucediendo esta situaci\u00f3n con tantas desapariciones y tant\u00edsimas personas que buscan a sus familiares\u201d.<\/p>\n<p><a href=\"http:\/\/www.sinembargo.mx\/01-03-2016\/1630981\" target=\"_blank\">http:\/\/www.sinembargo.mx\/01-03-2016\/1630981<\/a><\/p>\n","protected":false},"excerpt":{"rendered":"<p>Los padres de Tierra Blanca repiten el triste camino de los 43: seg\u00fan las declaraciones del octavo polic\u00eda detenido, dadas a conocer hoy, los cinco j\u00f3venes fueron quemados, triturados y &hellip; <a href=\"http:\/\/www.grieta.org.mx\/index.php\/2016\/03\/01\/tierra-blanca-hoy-como-iguala-ayer-padres-piden-pruebas-de-que-sus-hijos-estan-muertos\/\" class=\"more-link\">Leer m\u00e1s<\/a><\/p>\n","protected":false},"author":2,"featured_media":21928,"comment_status":"closed","ping_status":"open","sticky":false,"template":"","format":"standard","meta":{"ngg_post_thumbnail":0,"_jetpack_newsletter_access":"","_jetpack_dont_email_post_to_subs":false,"_jetpack_newsletter_tier_id":0,"_jetpack_memberships_contains_paywalled_content":false,"_jetpack_memberships_contains_paid_content":false,"footnotes":""},"categories":[80,257],"tags":[121,258],"class_list":["post-2379","post","type-post","status-publish","format-standard","has-post-thumbnail","hentry","category-cintillo","category-veracruz","tag-desaparecidos","tag-tierra-blanca","entry"],"jetpack_featured_media_url":"http:\/\/www.grieta.org.mx\/wp-content\/uploads\/2018\/03\/14524434_1106112876131411_958039263622046936_o.jpg","jetpack_sharing_enabled":true,"jetpack_shortlink":"https:\/\/wp.me\/p7ZJR4-Cn","jetpack_likes_enabled":false,"jetpack-related-posts":[{"id":4960,"url":"http:\/\/www.grieta.org.mx\/index.php\/2016\/03\/02\/desaparecidos-en-tierra-blanca-fueron-asesinados-y-triturados\/","url_meta":{"origin":2379,"position":0},"title":"Desaparecidos en Tierra Blanca fueron \u2018\u2018asesinados y triturados\u2019\u2019","author":"Admin","date":"2 marzo, 2016","format":false,"excerpt":"Fabiola Mart\u00ednez A los cinco j\u00f3venes del caso Tierra Blanca, Veracruz, los levantaron porque a juicio de los polic\u00edas estatales, al servicio del crimen, los muchachos eran \u2018\u2018sospechosos\u2019\u2019: estaban \u2018\u2018fortachones\u2019\u2019 y ven\u00edan en un autom\u00f3vil con placas for\u00e1neas. En eso basaron su \u2018\u2018sospecha\u2019\u2019 el pasado 11 de enero. Todas las\u2026","rel":"","context":"En &quot;CINTILLO&quot;","block_context":{"text":"CINTILLO","link":"http:\/\/www.grieta.org.mx\/index.php\/category\/cintillo\/"},"img":{"alt_text":"","src":"https:\/\/i0.wp.com\/www.grieta.org.mx\/wp-content\/uploads\/2018\/03\/14524434_1106112876131411_958039263622046936_o.jpg?resize=350%2C200","width":350,"height":200,"srcset":"https:\/\/i0.wp.com\/www.grieta.org.mx\/wp-content\/uploads\/2018\/03\/14524434_1106112876131411_958039263622046936_o.jpg?resize=350%2C200 1x, https:\/\/i0.wp.com\/www.grieta.org.mx\/wp-content\/uploads\/2018\/03\/14524434_1106112876131411_958039263622046936_o.jpg?resize=525%2C300 1.5x, https:\/\/i0.wp.com\/www.grieta.org.mx\/wp-content\/uploads\/2018\/03\/14524434_1106112876131411_958039263622046936_o.jpg?resize=700%2C400 2x"},"classes":[]},{"id":10560,"url":"http:\/\/www.grieta.org.mx\/index.php\/2016\/09\/12\/desaparecidos-en-veracruz\/","url_meta":{"origin":2379,"position":1},"title":"Desaparecidos en Veracruz","author":"grieta","date":"12 septiembre, 2016","format":false,"excerpt":"El Colectivo Solecito Veracruzano contin\u00faa labores de b\u00fasqueda de desaparecidos 12\/09\/16. Mujeres que buscan fosas acusan que Fiscal\u00eda de Veracruz entorpece su b\u00fasqueda Animal Pol\u00edtico 29\/08\/16. Un narcocementerio llamado Veracruz Proceso 15\/08\/16. Encuentran 37 fosas clandestinas en ocho d\u00edas en Veracruz El Financiero 15\/08\/16. Encuentran fosas clandestinas en Veracruz, suman\u2026","rel":"","context":"En &quot;Desaparecidos&quot;","block_context":{"text":"Desaparecidos","link":"http:\/\/www.grieta.org.mx\/index.php\/category\/temas-nacionales\/desaparecidos\/"},"img":{"alt_text":"","src":"https:\/\/i0.wp.com\/www.grieta.org.mx\/wp-content\/uploads\/2018\/03\/14524434_1106112876131411_958039263622046936_o.jpg?resize=350%2C200","width":350,"height":200,"srcset":"https:\/\/i0.wp.com\/www.grieta.org.mx\/wp-content\/uploads\/2018\/03\/14524434_1106112876131411_958039263622046936_o.jpg?resize=350%2C200 1x, https:\/\/i0.wp.com\/www.grieta.org.mx\/wp-content\/uploads\/2018\/03\/14524434_1106112876131411_958039263622046936_o.jpg?resize=525%2C300 1.5x, https:\/\/i0.wp.com\/www.grieta.org.mx\/wp-content\/uploads\/2018\/03\/14524434_1106112876131411_958039263622046936_o.jpg?resize=700%2C400 2x"},"classes":[]},{"id":4955,"url":"http:\/\/www.grieta.org.mx\/index.php\/2016\/03\/17\/padres-de-desaparecidos-en-tierra-blanca-confirman-muerte-de-uno-de-sus-hijos\/","url_meta":{"origin":2379,"position":2},"title":"Padres de desaparecidos en Tierra Blanca confirman muerte de uno de sus hijos","author":"Admin","date":"17 marzo, 2016","format":false,"excerpt":"CIUDAD DE M\u00c9XICO, (apro).- Los padres de los cinco j\u00f3venes que fueron privados de su libertad en Tierra Blanca, Veracruz, reconocieron que las investigaciones arrojan que uno de sus hijos fue asesinado. En una carta p\u00fablica, los padres de los j\u00f3venes confirman que los resultados del peritaje independiente realizado por\u2026","rel":"","context":"En &quot;CINTILLO&quot;","block_context":{"text":"CINTILLO","link":"http:\/\/www.grieta.org.mx\/index.php\/category\/cintillo\/"},"img":{"alt_text":"","src":"https:\/\/i0.wp.com\/www.grieta.org.mx\/wp-content\/uploads\/2018\/03\/14524434_1106112876131411_958039263622046936_o.jpg?resize=350%2C200","width":350,"height":200,"srcset":"https:\/\/i0.wp.com\/www.grieta.org.mx\/wp-content\/uploads\/2018\/03\/14524434_1106112876131411_958039263622046936_o.jpg?resize=350%2C200 1x, https:\/\/i0.wp.com\/www.grieta.org.mx\/wp-content\/uploads\/2018\/03\/14524434_1106112876131411_958039263622046936_o.jpg?resize=525%2C300 1.5x, https:\/\/i0.wp.com\/www.grieta.org.mx\/wp-content\/uploads\/2018\/03\/14524434_1106112876131411_958039263622046936_o.jpg?resize=700%2C400 2x"},"classes":[]},{"id":4979,"url":"http:\/\/www.grieta.org.mx\/index.php\/2016\/02\/08\/hallan-restos-de-dos-de-los-cinco-jovenes-desaparecidos-en-tierra-blanca-veracruz\/","url_meta":{"origin":2379,"position":3},"title":"Hallan restos de dos de los cinco j\u00f3venes desaparecidos en Tierra Blanca, Veracruz","author":"Admin","date":"8 febrero, 2016","format":false,"excerpt":"Polic\u00edas federales encontraron los restos en un rancho ubicado en el municipio de Tlalixcoyan, en Veracruz, y, luego de confrontar las muestras, se determin\u00f3 la coincidencia con dos de los j\u00f3venes desaparecidos, se\u00f1al\u00f3 la Segob. Elementos de la Polic\u00eda Federal encontraron los restos de dos de los cinco j\u00f3venes desaparecidos\u2026","rel":"","context":"En &quot;CINTILLO&quot;","block_context":{"text":"CINTILLO","link":"http:\/\/www.grieta.org.mx\/index.php\/category\/cintillo\/"},"img":{"alt_text":"","src":"https:\/\/i0.wp.com\/www.grieta.org.mx\/wp-content\/uploads\/2018\/03\/14524434_1106112876131411_958039263622046936_o.jpg?resize=350%2C200","width":350,"height":200,"srcset":"https:\/\/i0.wp.com\/www.grieta.org.mx\/wp-content\/uploads\/2018\/03\/14524434_1106112876131411_958039263622046936_o.jpg?resize=350%2C200 1x, https:\/\/i0.wp.com\/www.grieta.org.mx\/wp-content\/uploads\/2018\/03\/14524434_1106112876131411_958039263622046936_o.jpg?resize=525%2C300 1.5x, https:\/\/i0.wp.com\/www.grieta.org.mx\/wp-content\/uploads\/2018\/03\/14524434_1106112876131411_958039263622046936_o.jpg?resize=700%2C400 2x"},"classes":[]},{"id":5004,"url":"http:\/\/www.grieta.org.mx\/index.php\/2016\/03\/25\/ahora-es-en-papantla-3-jovenes-desaparecieron-hace-6-dias-se-los-llevaron-policias-padres\/","url_meta":{"origin":2379,"position":4},"title":"Ahora es en Papantla: 3 j\u00f3venes desaparecieron hace 6 d\u00edas; se los llevaron polic\u00edas: padres","author":"Admin","date":"25 marzo, 2016","format":false,"excerpt":"Jes\u00fas Alan Ticante Olmedo, Luis Humberto Morales y Alberto Uriel P\u00e9rez Cruz son los nombres de los j\u00f3venes que desaparecieron el pasado 19 de marzo en dos hechos distintos y que fueron detenidos, dicen las familias, por elementos de la Polic\u00eda Municipal de Papantla. Han pasado seis d\u00edas. No se\u2026","rel":"","context":"En &quot;CINTILLO&quot;","block_context":{"text":"CINTILLO","link":"http:\/\/www.grieta.org.mx\/index.php\/category\/cintillo\/"},"img":{"alt_text":"","src":"https:\/\/i0.wp.com\/www.grieta.org.mx\/wp-content\/uploads\/2018\/03\/14524434_1106112876131411_958039263622046936_o.jpg?resize=350%2C200","width":350,"height":200,"srcset":"https:\/\/i0.wp.com\/www.grieta.org.mx\/wp-content\/uploads\/2018\/03\/14524434_1106112876131411_958039263622046936_o.jpg?resize=350%2C200 1x, https:\/\/i0.wp.com\/www.grieta.org.mx\/wp-content\/uploads\/2018\/03\/14524434_1106112876131411_958039263622046936_o.jpg?resize=525%2C300 1.5x, https:\/\/i0.wp.com\/www.grieta.org.mx\/wp-content\/uploads\/2018\/03\/14524434_1106112876131411_958039263622046936_o.jpg?resize=700%2C400 2x"},"classes":[]},{"id":2377,"url":"http:\/\/www.grieta.org.mx\/index.php\/2016\/02\/29\/policia-detenido-confiesa-tortura-y-homicidio-de-los-5-jovenes-de-tierra-blanca-segun-autoridades\/","url_meta":{"origin":2379,"position":5},"title":"Polic\u00eda detenido confiesa tortura y homicidio de los 5 j\u00f3venes de Tierra Blanca, seg\u00fan autoridades","author":"grieta","date":"29 febrero, 2016","format":false,"excerpt":"Rub\u00e9n P\u00e9rez Andrade fue detenido y consignado por su probable responsabilidad en el delito de desaparici\u00f3n forzada, informaron representantes del gobierno federal; \"perdimos a nuestros chamacos\u201d, dice Jos\u00e9 Ben\u00edtez, padre y t\u00edo de dos de las v\u00edctimas. Rub\u00e9n P\u00e9rez Andrade, el octavo polic\u00eda estatal de Veracruz detenido por la desaparici\u00f3n\u2026","rel":"","context":"En &quot;CINTILLO&quot;","block_context":{"text":"CINTILLO","link":"http:\/\/www.grieta.org.mx\/index.php\/category\/cintillo\/"},"img":{"alt_text":"","src":"https:\/\/i0.wp.com\/www.grieta.org.mx\/wp-content\/uploads\/2018\/03\/14524434_1106112876131411_958039263622046936_o.jpg?resize=350%2C200","width":350,"height":200,"srcset":"https:\/\/i0.wp.com\/www.grieta.org.mx\/wp-content\/uploads\/2018\/03\/14524434_1106112876131411_958039263622046936_o.jpg?resize=350%2C200 1x, https:\/\/i0.wp.com\/www.grieta.org.mx\/wp-content\/uploads\/2018\/03\/14524434_1106112876131411_958039263622046936_o.jpg?resize=525%2C300 1.5x, https:\/\/i0.wp.com\/www.grieta.org.mx\/wp-content\/uploads\/2018\/03\/14524434_1106112876131411_958039263622046936_o.jpg?resize=700%2C400 2x"},"classes":[]}],"_links":{"self":[{"href":"http:\/\/www.grieta.org.mx\/index.php\/wp-json\/wp\/v2\/posts\/2379","targetHints":{"allow":["GET"]}}],"collection":[{"href":"http:\/\/www.grieta.org.mx\/index.php\/wp-json\/wp\/v2\/posts"}],"about":[{"href":"http:\/\/www.grieta.org.mx\/index.php\/wp-json\/wp\/v2\/types\/post"}],"author":[{"embeddable":true,"href":"http:\/\/www.grieta.org.mx\/index.php\/wp-json\/wp\/v2\/users\/2"}],"replies":[{"embeddable":true,"href":"http:\/\/www.grieta.org.mx\/index.php\/wp-json\/wp\/v2\/comments?post=2379"}],"version-history":[{"count":1,"href":"http:\/\/www.grieta.org.mx\/index.php\/wp-json\/wp\/v2\/posts\/2379\/revisions"}],"predecessor-version":[{"id":2383,"href":"http:\/\/www.grieta.org.mx\/index.php\/wp-json\/wp\/v2\/posts\/2379\/revisions\/2383"}],"wp:featuredmedia":[{"embeddable":true,"href":"http:\/\/www.grieta.org.mx\/index.php\/wp-json\/wp\/v2\/media\/21928"}],"wp:attachment":[{"href":"http:\/\/www.grieta.org.mx\/index.php\/wp-json\/wp\/v2\/media?parent=2379"}],"wp:term":[{"taxonomy":"category","embeddable":true,"href":"http:\/\/www.grieta.org.mx\/index.php\/wp-json\/wp\/v2\/categories?post=2379"},{"taxonomy":"post_tag","embeddable":true,"href":"http:\/\/www.grieta.org.mx\/index.php\/wp-json\/wp\/v2\/tags?post=2379"}],"curies":[{"name":"wp","href":"https:\/\/api.w.org\/{rel}","templated":true}]}}