{"id":2367,"date":"2015-03-08T15:03:57","date_gmt":"2015-03-08T15:03:57","guid":{"rendered":"http:\/\/50.22.11.12\/~grietaor\/?p=2367"},"modified":"2016-03-12T15:08:24","modified_gmt":"2016-03-12T15:08:24","slug":"con-performance-denuncian-su-hartazgo-de-vivir-con-miedo-de-ser-la-siguiente-desaparecida","status":"publish","type":"post","link":"http:\/\/www.grieta.org.mx\/index.php\/2015\/03\/08\/con-performance-denuncian-su-hartazgo-de-vivir-con-miedo-de-ser-la-siguiente-desaparecida\/","title":{"rendered":"Con performance denuncian su hartazgo de vivir con miedo de ser la siguiente desaparecida"},"content":{"rendered":"<p>Ecatepec, Estado de M\u00e9xico 8 de febrero 2015.- Alumnas de la Escuela Preparatoria Oficial 128 General Francisco Villa de Ecatepec reclamaron al Gobierno del Estado de M\u00e9xico con un performance la creciente violencia, desapariciones y feminicidios en la entidad.<\/p>\n<p>En la explanada de la colonia San Andr\u00e9s de la Ca\u00f1ada, en Ecatepec Estado de M\u00e9xico, un grupo de adolescentes encabezaron un performance para protestar por el alto \u00edndice de feminicidios en la regi\u00f3n.<\/p>\n<p>Simulando la presentaci\u00f3n de sus XV a\u00f1os, una por una, las adolescentes caminaron frente a m\u00e1s de 200 personas que asistieron al evento: \u201cSoy Rosita, fui violada, asesinada y tirada en un bote de basura\u201d, \u201csoy margarita y fui violada y asesinada por un militar\u201d, \u201csoy Kenia y fui violada por mi t\u00edo\u201d, \u201cSoy Rub\u00ed, fui secuestrada y asesinada\u201d, \u201cSoy Karina y fui violada en un cami\u00f3n y luego arrojada al bordo\u201d.<\/p>\n<p>El profesor Manuel Amador denunci\u00f3 que en los \u00faltimos dos meses se han registrado 4 feminicidios en al menos tres colonias aleda\u00f1as a la preparatoria: \u201cen Santa Clara el 12 de febrero asesinaron a una joven a balazos afuera de su casa; y en la colonia Hank Gonz\u00e1lez el 19 de febrero, vecinos encontraron el cuerpo de una mujer descuartizada; el 24 de febrero se encontr\u00f3 dentro de un cami\u00f3n de basura el cad\u00e1ver de Rosa quien tambi\u00e9n hab\u00eda sido abusada sexualmente, \u00e9sta \u00faltima de tan solo 20 a\u00f1os de edad.\u201d<\/p>\n<p>El Estado de M\u00e9xico ocupa el primer lugar en feminicidios y Ecatepec es el n\u00famero uno, seg\u00fan los reportes del Observatorio Ciudadano Nacional Contra los Feminicidios.<\/p>\n<p>\u201cEstamos harta de ser acosadas en la calle y ser vistas como objeto sexual. Estamos hartas de que se nos mire con estereotipos, hartas de ser vistas con menosprecio, de ser vistas como nada, como mujeres que no importamos porque somos pobres; hartas de ser vistas como objetos desechables, como mujeres que se puede utilizar y tirar en un bote de basura\u201d gritaba Teresa Mart\u00ednez, una de las estudiantes que particip\u00f3 en el performance.<\/p>\n<p><a href=\"http:\/\/www.somoselmedio.org\/article\/%C2%A1basta-ya-los-feminicidios-en-el-estado-de-m%C3%A9xico\" target=\"_blank\">www.somoselmedio.org\/article\/%C2%A1basta-ya-los-feminicidios-en-el-estado-de-m%C3%A9xico<\/a><\/p>\n","protected":false},"excerpt":{"rendered":"<p>Ecatepec, Estado de M\u00e9xico 8 de febrero 2015.- Alumnas de la Escuela Preparatoria Oficial 128 General Francisco Villa de Ecatepec reclamaron al Gobierno del Estado de M\u00e9xico con un performance &hellip; <a href=\"http:\/\/www.grieta.org.mx\/index.php\/2015\/03\/08\/con-performance-denuncian-su-hartazgo-de-vivir-con-miedo-de-ser-la-siguiente-desaparecida\/\" class=\"more-link\">Leer m\u00e1s<\/a><\/p>\n","protected":false},"author":2,"featured_media":21928,"comment_status":"closed","ping_status":"open","sticky":false,"template":"","format":"standard","meta":{"ngg_post_thumbnail":0,"_jetpack_newsletter_access":"","_jetpack_dont_email_post_to_subs":false,"_jetpack_newsletter_tier_id":0,"_jetpack_memberships_contains_paywalled_content":false,"_jetpack_memberships_contains_paid_content":false,"footnotes":""},"categories":[80],"tags":[92,81],"class_list":["post-2367","post","type-post","status-publish","format-standard","has-post-thumbnail","hentry","category-cintillo","tag-estado-de-mexico","tag-feminicidios","entry"],"jetpack_featured_media_url":"http:\/\/www.grieta.org.mx\/wp-content\/uploads\/2018\/03\/14524434_1106112876131411_958039263622046936_o.jpg","jetpack_sharing_enabled":true,"jetpack_shortlink":"https:\/\/wp.me\/p7ZJR4-Cb","jetpack_likes_enabled":false,"jetpack-related-posts":[{"id":30458,"url":"http:\/\/www.grieta.org.mx\/index.php\/2019\/03\/09\/mujeres-de-ecatepec-se-manifiestan-contra-la-violencia-feminicida-estado-de-mexico\/","url_meta":{"origin":2367,"position":0},"title":"Mujeres de Ecatepec se manifiestan contra la violencia feminicida (Estado de M\u00e9xico)","author":"grieta","date":"9 marzo, 2019","format":false,"excerpt":"Elisa Mart\u00ednez\/somoselmedio Este 8 de marzo, feministas del Estado de M\u00e9xico marcharon del puente de fierro al Palacio Municipal en Ecatepec para exigir un alto a los feminicidios, desapariciones y a la violencia contra las mujeres. Para dar comienzo a la marcha se realiz\u00f3 un ritual prehisp\u00e1nico a los dioses\u2026","rel":"","context":"En &quot;CINTILLO&quot;","block_context":{"text":"CINTILLO","link":"http:\/\/www.grieta.org.mx\/index.php\/category\/cintillo\/"},"img":{"alt_text":"","src":"https:\/\/i0.wp.com\/www.grieta.org.mx\/wp-content\/uploads\/2019\/03\/WhatsApp-Image-2019-03-09-at-00.19.21-696x464.jpeg?resize=350%2C200","width":350,"height":200,"srcset":"https:\/\/i0.wp.com\/www.grieta.org.mx\/wp-content\/uploads\/2019\/03\/WhatsApp-Image-2019-03-09-at-00.19.21-696x464.jpeg?resize=350%2C200 1x, https:\/\/i0.wp.com\/www.grieta.org.mx\/wp-content\/uploads\/2019\/03\/WhatsApp-Image-2019-03-09-at-00.19.21-696x464.jpeg?resize=525%2C300 1.5x"},"classes":[]},{"id":45793,"url":"http:\/\/www.grieta.org.mx\/index.php\/2020\/03\/06\/con-cacerolazo-protestan-contra-los-feminicidios-en-ecatepec-estado-de-mexico\/","url_meta":{"origin":2367,"position":1},"title":"Con cacerolazo, protestan contra los feminicidios en Ecatepec (Estado de M\u00e9xico)","author":"grieta","date":"6 marzo, 2020","format":false,"excerpt":"Foto: Cortes\u00eda de @abismada_ Karina Almaraz T\u00e9llez \/ La Raz\u00f3n de M\u00e9xico Colectivos feministas protestaron en las afueras del metro R\u00edo de los Remedios, punto emblem\u00e1tico de la violencia que padecen las mujeres en ese municipio. Colectivos feministas protestaron con un cacerolazo en las afueras del metro R\u00edo de los\u2026","rel":"","context":"En &quot;CINTILLO&quot;","block_context":{"text":"CINTILLO","link":"http:\/\/www.grieta.org.mx\/index.php\/category\/cintillo\/"},"img":{"alt_text":"","src":"https:\/\/i0.wp.com\/www.grieta.org.mx\/wp-content\/uploads\/2020\/03\/Con-cacerolazo-protestan-contra-los-feminicidios-en-Ecatepec-edomex-mzo.jpeg?resize=350%2C200","width":350,"height":200,"srcset":"https:\/\/i0.wp.com\/www.grieta.org.mx\/wp-content\/uploads\/2020\/03\/Con-cacerolazo-protestan-contra-los-feminicidios-en-Ecatepec-edomex-mzo.jpeg?resize=350%2C200 1x, https:\/\/i0.wp.com\/www.grieta.org.mx\/wp-content\/uploads\/2020\/03\/Con-cacerolazo-protestan-contra-los-feminicidios-en-Ecatepec-edomex-mzo.jpeg?resize=525%2C300 1.5x"},"classes":[]},{"id":3661,"url":"http:\/\/www.grieta.org.mx\/index.php\/2016\/03\/13\/ecatepec-se-inunda-de-cruces-rosas\/","url_meta":{"origin":2367,"position":2},"title":"Ecatepec se inunda de cruces rosas","author":"grieta","date":"13 marzo, 2016","format":false,"excerpt":"Paco Dorado Ecatepec, Estado de M\u00e9xico, 13 de marzo de 2016.- Este domingo organizaciones civiles se dieron cita en la explanada del Palacio Municipal de Ecatepec para la instalaci\u00f3n de 600 cruces rosas, realizadas por los mismos colectivos, en protesta por los m\u00e1s de 600 feminicidios ocurridos en menos de\u2026","rel":"","context":"En &quot;CINTILLO&quot;","block_context":{"text":"CINTILLO","link":"http:\/\/www.grieta.org.mx\/index.php\/category\/cintillo\/"},"img":{"alt_text":"","src":"https:\/\/i0.wp.com\/www.grieta.org.mx\/wp-content\/uploads\/2018\/03\/14524434_1106112876131411_958039263622046936_o.jpg?resize=350%2C200","width":350,"height":200,"srcset":"https:\/\/i0.wp.com\/www.grieta.org.mx\/wp-content\/uploads\/2018\/03\/14524434_1106112876131411_958039263622046936_o.jpg?resize=350%2C200 1x, https:\/\/i0.wp.com\/www.grieta.org.mx\/wp-content\/uploads\/2018\/03\/14524434_1106112876131411_958039263622046936_o.jpg?resize=525%2C300 1.5x, https:\/\/i0.wp.com\/www.grieta.org.mx\/wp-content\/uploads\/2018\/03\/14524434_1106112876131411_958039263622046936_o.jpg?resize=700%2C400 2x"},"classes":[]},{"id":51131,"url":"http:\/\/www.grieta.org.mx\/index.php\/2020\/06\/18\/alto-a-la-violencia-feminicida-exigen-organizaciones-de-la-periferia-del-valle-de-mexico-estado-de-mexico\/","url_meta":{"origin":2367,"position":3},"title":"Alto a la violencia feminicida, exigen organizaciones de la periferia del Valle de M\u00e9xico (Estado de M\u00e9xico)","author":"grieta","date":"18 junio, 2020","format":false,"excerpt":"Texto: Vania Pigeonutt Foto: Daniela Rea Pie de P\u00e1gina En el memorial virtual, integrantes de organizaciones contra la violencia de g\u00e9nero en el oriente del Estado de M\u00e9xico recordaron que la violencia durante la pandemia no ha cedido y exigieron justicia En la primera escena del video se observan madres\u2026","rel":"","context":"En &quot;CINTILLO&quot;","block_context":{"text":"CINTILLO","link":"http:\/\/www.grieta.org.mx\/index.php\/category\/cintillo\/"},"img":{"alt_text":"","src":"https:\/\/i0.wp.com\/www.grieta.org.mx\/wp-content\/uploads\/2020\/06\/Alto-a-la-violencia-feminicida-exigen-organizaciones-de-la-periferia-del-Valle-de-M%C3%A9xico-edomex-junio.jpg?resize=350%2C200","width":350,"height":200,"srcset":"https:\/\/i0.wp.com\/www.grieta.org.mx\/wp-content\/uploads\/2020\/06\/Alto-a-la-violencia-feminicida-exigen-organizaciones-de-la-periferia-del-Valle-de-M%C3%A9xico-edomex-junio.jpg?resize=350%2C200 1x, https:\/\/i0.wp.com\/www.grieta.org.mx\/wp-content\/uploads\/2020\/06\/Alto-a-la-violencia-feminicida-exigen-organizaciones-de-la-periferia-del-Valle-de-M%C3%A9xico-edomex-junio.jpg?resize=525%2C300 1.5x, https:\/\/i0.wp.com\/www.grieta.org.mx\/wp-content\/uploads\/2020\/06\/Alto-a-la-violencia-feminicida-exigen-organizaciones-de-la-periferia-del-Valle-de-M%C3%A9xico-edomex-junio.jpg?resize=700%2C400 2x, https:\/\/i0.wp.com\/www.grieta.org.mx\/wp-content\/uploads\/2020\/06\/Alto-a-la-violencia-feminicida-exigen-organizaciones-de-la-periferia-del-Valle-de-M%C3%A9xico-edomex-junio.jpg?resize=1050%2C600 3x"},"classes":[]},{"id":32597,"url":"http:\/\/www.grieta.org.mx\/index.php\/2019\/04\/23\/chimalhuacan-y-ecatepec-encabezan-la-lista-en-numero-de-feminicidios-en-edomex\/","url_meta":{"origin":2367,"position":4},"title":"Chimalhuac\u00e1n y Ecatepec encabezan la lista en n\u00famero de feminicidios en Edomex","author":"grieta","date":"23 abril, 2019","format":false,"excerpt":"Mariana Cervantes\/Grupo F\u00f3rmula Las cifras aumentaron entre 2017 y 2018 Desde hace cuatro a\u00f1os el municipio de Chimalhuac\u00e1n lidera la lista de los municipios del Estado de M\u00e9xico con el n\u00famero m\u00e1s alto de feminicidios, con 2.4 casos por cada cien mil habitantes, seg\u00fan cifras oficiales. A partir del asesinato\u2026","rel":"","context":"En &quot;CINTILLO&quot;","block_context":{"text":"CINTILLO","link":"http:\/\/www.grieta.org.mx\/index.php\/category\/cintillo\/"},"img":{"alt_text":"","src":"https:\/\/i0.wp.com\/www.grieta.org.mx\/wp-content\/uploads\/2018\/03\/14524434_1106112876131411_958039263622046936_o.jpg?resize=350%2C200","width":350,"height":200,"srcset":"https:\/\/i0.wp.com\/www.grieta.org.mx\/wp-content\/uploads\/2018\/03\/14524434_1106112876131411_958039263622046936_o.jpg?resize=350%2C200 1x, https:\/\/i0.wp.com\/www.grieta.org.mx\/wp-content\/uploads\/2018\/03\/14524434_1106112876131411_958039263622046936_o.jpg?resize=525%2C300 1.5x, https:\/\/i0.wp.com\/www.grieta.org.mx\/wp-content\/uploads\/2018\/03\/14524434_1106112876131411_958039263622046936_o.jpg?resize=700%2C400 2x"},"classes":[]},{"id":25292,"url":"http:\/\/www.grieta.org.mx\/index.php\/2018\/08\/01\/hallan-a-mujer-estrangulada-en-ecatepec-van-100-feminicidios-en-edomex-en-los-ultimos-2-anos\/","url_meta":{"origin":2367,"position":5},"title":"Hallan a mujer estrangulada en Ecatepec; van 100 feminicidios en Edomex en los \u00faltimos 2 a\u00f1os","author":"grieta","date":"1 agosto, 2018","format":false,"excerpt":"Animal Pol\u00edtico La madrugada de este mi\u00e9rcoles, el cuerpo de una mujer fue hallado en la v\u00eda p\u00fablica, en la colonia Solidaridad del municipio de Ecatepec, Estado de M\u00e9xico. De acuerdo con reportes del diario Reforma, vecinos de la colonia reportaron el hallazgo del cuerpo \u2013 que ten\u00eda un cable\u2026","rel":"","context":"En &quot;CINTILLO&quot;","block_context":{"text":"CINTILLO","link":"http:\/\/www.grieta.org.mx\/index.php\/category\/cintillo\/"},"img":{"alt_text":"","src":"https:\/\/i0.wp.com\/www.grieta.org.mx\/wp-content\/uploads\/2018\/08\/Puebla_Marcha_Feminicidios-1-e1533144300176-960x500.jpg?resize=350%2C200","width":350,"height":200,"srcset":"https:\/\/i0.wp.com\/www.grieta.org.mx\/wp-content\/uploads\/2018\/08\/Puebla_Marcha_Feminicidios-1-e1533144300176-960x500.jpg?resize=350%2C200 1x, https:\/\/i0.wp.com\/www.grieta.org.mx\/wp-content\/uploads\/2018\/08\/Puebla_Marcha_Feminicidios-1-e1533144300176-960x500.jpg?resize=525%2C300 1.5x, https:\/\/i0.wp.com\/www.grieta.org.mx\/wp-content\/uploads\/2018\/08\/Puebla_Marcha_Feminicidios-1-e1533144300176-960x500.jpg?resize=700%2C400 2x"},"classes":[]}],"_links":{"self":[{"href":"http:\/\/www.grieta.org.mx\/index.php\/wp-json\/wp\/v2\/posts\/2367","targetHints":{"allow":["GET"]}}],"collection":[{"href":"http:\/\/www.grieta.org.mx\/index.php\/wp-json\/wp\/v2\/posts"}],"about":[{"href":"http:\/\/www.grieta.org.mx\/index.php\/wp-json\/wp\/v2\/types\/post"}],"author":[{"embeddable":true,"href":"http:\/\/www.grieta.org.mx\/index.php\/wp-json\/wp\/v2\/users\/2"}],"replies":[{"embeddable":true,"href":"http:\/\/www.grieta.org.mx\/index.php\/wp-json\/wp\/v2\/comments?post=2367"}],"version-history":[{"count":1,"href":"http:\/\/www.grieta.org.mx\/index.php\/wp-json\/wp\/v2\/posts\/2367\/revisions"}],"predecessor-version":[{"id":2372,"href":"http:\/\/www.grieta.org.mx\/index.php\/wp-json\/wp\/v2\/posts\/2367\/revisions\/2372"}],"wp:featuredmedia":[{"embeddable":true,"href":"http:\/\/www.grieta.org.mx\/index.php\/wp-json\/wp\/v2\/media\/21928"}],"wp:attachment":[{"href":"http:\/\/www.grieta.org.mx\/index.php\/wp-json\/wp\/v2\/media?parent=2367"}],"wp:term":[{"taxonomy":"category","embeddable":true,"href":"http:\/\/www.grieta.org.mx\/index.php\/wp-json\/wp\/v2\/categories?post=2367"},{"taxonomy":"post_tag","embeddable":true,"href":"http:\/\/www.grieta.org.mx\/index.php\/wp-json\/wp\/v2\/tags?post=2367"}],"curies":[{"name":"wp","href":"https:\/\/api.w.org\/{rel}","templated":true}]}}