{"id":2355,"date":"2015-04-17T14:56:01","date_gmt":"2015-04-17T14:56:01","guid":{"rendered":"http:\/\/50.22.11.12\/~grietaor\/?p=2355"},"modified":"2016-03-12T14:58:57","modified_gmt":"2016-03-12T14:58:57","slug":"el-edomex-es-donde-hay-mas-mujeres-por-eso-hay-mas-feminicidios-justifica-titular-de-gobierno","status":"publish","type":"post","link":"http:\/\/www.grieta.org.mx\/index.php\/2015\/04\/17\/el-edomex-es-donde-hay-mas-mujeres-por-eso-hay-mas-feminicidios-justifica-titular-de-gobierno\/","title":{"rendered":"El Edomex es donde hay m\u00e1s mujeres, por eso hay m\u00e1s feminicidios, justifica titular de Gobierno"},"content":{"rendered":"<p>Sergio Rinc\u00f3n<\/p>\n<p>Ciudad de M\u00e9xico, 17 de abril (SinEmbargo).\u2013 A pesar que organizaciones civiles, legisladores, investigadores y m\u00e1s ciudadanos han denunciado una ola de violencia contra la mujer en el Estado de M\u00e9xico, el gobierno que encabeza Eruviel \u00c1vila Villegas acept\u00f3 que persiste este problema, pero no ha actuado con todos los mecanismos porque, inform\u00f3, no hay denuncias, no es de su competencia e incluso rechaz\u00f3 la gravedad de este tipo de delitos al compararlo con el n\u00famero de habitantes.<\/p>\n<p>Durante una reuni\u00f3n de trabajo con la Comisi\u00f3n de Derechos Humanos de la C\u00e1mara de Diputados, el Secretario de Gobierno mexiquense Jos\u00e9 Manzur Quiroga, en representaci\u00f3n del Gobernador, Eruviel \u00c1vila Villegas, dijo: \u201c\u00bfEn el Estado de M\u00e9xico es donde m\u00e1s delitos contra mujeres hay? \u00a1S\u00ed! pero tambi\u00e9n es donde existen m\u00e1s mujeres\u201d.<br \/>\n\u201cEs algo que nos angustia, pero tendr\u00edamos que comparar cada uno de los delitos por cada 100 mil habitantes. No podemos nosotros hablar de un n\u00famero tan importante, como reconocemos que hay de muertes de mujeres y muertes de hombres, sin considerar el n\u00famero de habitantes que hay en el Estado de M\u00e9xico. No es posible comparar el estado de Tlaxcala con el Estado de M\u00e9xico, simplemente por el n\u00famero de habitantes\u201d, detall\u00f3 el funcionario.<\/p>\n<p>Datos de la Procuradur\u00eda General de Justicia del Estado de M\u00e9xico (PGJEM) exponen que en la entidad existen registro de 194 casos de feminicidio, de los cuales 124 han sido judicializados en lo que lleva la actual administraci\u00f3n. En contraste, el Observatorio Ciudadano Nacional de Feminicidios asegura que existen al menos mil 258 ni\u00f1as y mujeres fueron reportadas como desaparecidas en el Estado de M\u00e9xico de 2011 a 2012; el 53 por ciento de ellas ten\u00eda entre 10 y 17 a\u00f1os.<\/p>\n<p>En la entidad se han registrado 922 homicidios entre 2005 y 2011. El municipio de Ecatepec ocupa el quinto lugar de feminicidios a nivel nacional, seguido por Chimalhuac\u00e1n, Cuautitl\u00e1n y Nezahualc\u00f3yotl.<\/p>\n<p>Desde 2010, el Observatorio \u2013una coalici\u00f3n de 43 grupos que documentan graves cr\u00edmenes contra las mujeres\u2013 ha solicitado una alerta por la violencia basada en el g\u00e9nero para que se active en el Estado de M\u00e9xico.<\/p>\n<p>La Diputada panista Leticia L\u00f3pez Salas expuso que \u201cen el Estado de M\u00e9xico 54 de cada 100 mujeres son v\u00edctimas de alg\u00fan tipo de violencia infringida por su pareja. Sin embargo, por temor a represalias, se denuncian ante las autoridades \u00fanicamente nueve casos por cada 100 maltratos\u201d.<\/p>\n<p>Ante el cuestionamiento de la legisladora del Partido de la Revoluci\u00f3n Democr\u00e1tica (PRD) Elena Tapia Fonllem sobre la falta de Alerta por Violencia de G\u00e9nero en el Edomex, Manzur Quiroga dijo que no es competencia de ese estado emitirla, pero de aprobarse la aceptar\u00edan porque \u201cbeneficiar\u00eda a las mujeres que habitan en el territorio mexiquense\u201d.<\/p>\n<p>\u201cEs facultad del Sistema Nacional para Prevenir, Atender, Sancionar y Erradicar la Violencia contra las Mujeres\u201d, asegur\u00f3.<\/p>\n<p>Por su parte, el Procurador mexiquense Alejandro G\u00f3mez S\u00e1nchez asever\u00f3 que aunque el feminicidio ya est\u00e1 tipificado en la entidad, \u201cno hemos aprendido a medir el feminicidio. No sabemos c\u00f3mo comparar una entidad federativa con otra, o c\u00f3mo comparar los hechos violentos contra las mujeres, y eso ser\u00eda un buen punto de partida\u201d.<\/p>\n<p>Ante los cuestionamientos sobre las acciones que se han realizado, tanto el Secretario como el Procurador explicaron que est\u00e1n listos para atender este tipo de delitos y que incluso se ha capacitado a las autoridades para darle un enfoque de g\u00e9nero a cada caso, pero que si no hay denuncias las instituciones no podr\u00e1n actuar.<\/p>\n<p>A pesar que los legisladores de la comisi\u00f3n preguntaron diversas cosas, Manzur se comprometi\u00f3 a atender las dudas y resolverlas en el futuro.<\/p>\n<p>\u201cEPIDEMIA\u201d EN EDOMEX<\/p>\n<p>M\u00e9xico vive los dos tipos de violencia de g\u00e9nero m\u00e1s extremos: feminicidio y tortura: sexual. Foto: Francisco Ca\u00f1edo, SinEmbargo<\/p>\n<p>El diario brit\u00e1nico The Guardian public\u00f3 el jueves un reportaje amplio firmado por la periodista Nina Lakhani desde Ecatepec en donde detall\u00f3 que ni la oficina del Gobernador Eruviel \u00c1vila, ni las de las procuradur\u00edas local y federal respondieron a varias solicitudes de informaci\u00f3n respecto a los feminicidios.<\/p>\n<p>El medio calific\u00f3 de \u201cepidemia\u201d a la ola de feminicidios de la entidad. El reportaje tuvo como t\u00edtulo The \u2018invisible victims of Edomex, Mexico\u2019s most dangerous place to be female (Las v\u00edctimas \u2018invisibles\u2019 de Edomex, el lugar m\u00e1s peligroso de M\u00e9xico para ser mujer).<\/p>\n<p>El rotativo relat\u00f3 que muchos de los cuerpos estaban mutilados y fueron abandonados en lugares p\u00fablicos como carreteras, parques y centros comerciales, una acci\u00f3n que acad\u00e9micos ligaron a cr\u00edmenes de odio de g\u00e9nero. Desde la d\u00e9cada de 1950, la poblaci\u00f3n de la entidad ha aumentado 16 millones. El crecimiento urbano por etapas ha creado un mosaico de comunidades dispares que carecen de un centro discernible o de identidad compartida, inform\u00f3.<\/p>\n<p>\u201cEl Edomex es tierra de nadie; no existe en el mundo exterior\u201d, dijo Cynthia Galicia, experta legal de la Universidad Nacional Aut\u00f3noma de M\u00e9xico (UNAM). Entre 2005 y 2011, el estado fue gobernado por el actual Presidente de M\u00e9xico, Enrique Pe\u00f1a Nieto, quien fue duramente criticado por no hacer frente a la violencia contra las mujeres: otras mil 200 fueron asesinadas en el estado en el mismo per\u00edodo.<\/p>\n<p>El diario document\u00f3 que la violencia en el Edomex es tan desconcertante \u201cque recuerda a una epidemia anterior de feminicidios: entre 1993 y 2005, 379 mujeres fueron asesinadas en Ciudad Ju\u00e1rez, una ciudad en el estado fronterizo de Chihuahua. Muchas fueron agredidos sexualmente y desmembrados antes de que sus cuerpos fueran abandonados en el desierto\u201d.<br \/>\nLas protestas en Ju\u00e1rez llamaron la atenci\u00f3n de la cobertura de los medios al norte de la frontera, que a su vez ayud\u00f3 a galvanizar la indignaci\u00f3n internacional, a lanzar m\u00faltiples consultas, una nueva legislaci\u00f3n y al menos dos pel\u00edculas de Hollywood, public\u00f3 The Guardian. \u201cPero en el mismo per\u00edodo, fueron asesinadas m\u00e1s mujeres, al menos 10 veces m\u00e1s en el Edomex que en Ciudad Ju\u00e1rez. La mayor\u00eda de estos asesinatos han sido reportados y han pasado desapercibidos por el mundo exterior, s\u00f3lo las v\u00edctimas lloraron por sus seres queridos\u201d.<\/p>\n<p>\u201cEdomex es un estado pobre, la gente es an\u00f3nima, y no existen grupos de protesta, por lo que se ha mantenido invisible\u201d, explic\u00f3 Galicia al diario brit\u00e1nico.<\/p>\n<p>Activistas le dijeron al diario que no hay una explicaci\u00f3n para la ola de violencia contra las mujeres en el estado que gobern\u00f3 el Presidente Enrique Pe\u00f1a Nieto. Al igual que en Ciudad Ju\u00e1rez, la evidencia sugiere que algunas ni\u00f1as y mujeres han sido objeto de trata para la prostituci\u00f3n, mientras que otras han sido v\u00edctimas de asesinatos de odio de g\u00e9nero, asegur\u00f3 Luc\u00eda Melgar, l\u00edder acad\u00e9mica sobre cultura y g\u00e9nero.<\/p>\n<p>\u201cTambi\u00e9n podemos plantear la hip\u00f3tesis de la violencia est\u00e1 relacionada con los propietarios de las grandes empresas, los pol\u00edticos corruptos y el crimen organizado al igual que en Ju\u00e1rez, pero realmente no sabemos ya que no existen investigaciones. La impunidad en Edomex es brutal\u201d, opin\u00f3.<br \/>\n\u201cPero menos del 5 por ciento de los asesinatos \u2013y s\u00f3lo un pu\u00f1ado de casos de trata\u2013 son procesados con \u00e9xito en M\u00e9xico\u201d, cit\u00f3 el diario.<\/p>\n<p>Perseo Quiroz Rend\u00f3n, director de Amnist\u00eda Internacional M\u00e9xico, dijo: \u201cLa ineficiencia terrible en la justicia penal significa que no sabemos por qu\u00e9 la violencia ha aumentado, o incluso exactamente lo malo que es\u201d.<\/p>\n<p><a href=\"http:\/\/www.sinembargo.mx\/17-04-2015\/1315057\" target=\"_blank\">www.sinembargo.mx\/17-04-2015\/1315057<\/a><\/p>\n","protected":false},"excerpt":{"rendered":"<p>Sergio Rinc\u00f3n Ciudad de M\u00e9xico, 17 de abril (SinEmbargo).\u2013 A pesar que organizaciones civiles, legisladores, investigadores y m\u00e1s ciudadanos han denunciado una ola de violencia contra la mujer en el &hellip; <a href=\"http:\/\/www.grieta.org.mx\/index.php\/2015\/04\/17\/el-edomex-es-donde-hay-mas-mujeres-por-eso-hay-mas-feminicidios-justifica-titular-de-gobierno\/\" class=\"more-link\">Leer m\u00e1s<\/a><\/p>\n","protected":false},"author":2,"featured_media":21928,"comment_status":"closed","ping_status":"open","sticky":false,"template":"","format":"standard","meta":{"ngg_post_thumbnail":0,"_jetpack_newsletter_access":"","_jetpack_dont_email_post_to_subs":false,"_jetpack_newsletter_tier_id":0,"_jetpack_memberships_contains_paywalled_content":false,"_jetpack_memberships_contains_paid_content":false,"footnotes":""},"categories":[80],"tags":[92,81],"class_list":["post-2355","post","type-post","status-publish","format-standard","has-post-thumbnail","hentry","category-cintillo","tag-estado-de-mexico","tag-feminicidios","entry"],"jetpack_featured_media_url":"http:\/\/www.grieta.org.mx\/wp-content\/uploads\/2018\/03\/14524434_1106112876131411_958039263622046936_o.jpg","jetpack_sharing_enabled":true,"jetpack_shortlink":"https:\/\/wp.me\/p7ZJR4-BZ","jetpack_likes_enabled":false,"jetpack-related-posts":[{"id":3372,"url":"http:\/\/www.grieta.org.mx\/index.php\/2015\/12\/17\/preso-politico-de-eruviel-avila-acusa-a-la-cndh-y-a-la-codhem-de-omision\/","url_meta":{"origin":2355,"position":0},"title":"Preso pol\u00edtico de Eruviel \u00c1vila acusa a la CNDH y a la CODHEM de omisi\u00f3n","author":"grieta","date":"17 diciembre, 2015","format":false,"excerpt":"Veneranda Mendoza ECATEPEC, Edomex. (apro).- Desde su celda en el penal de Chiconautla, Jos\u00e9 Humbertus P\u00e9rez, presidente y representante legal del Frente Mexiquense en Defensa para una Vivienda Digna A.C., acus\u00f3 al gobernador Eruviel \u00c1vila de perseguirlo pol\u00edticamente y a las comisiones nacional y estatal de Derechos Humanos de negarse\u2026","rel":"","context":"En &quot;CINTILLO&quot;","block_context":{"text":"CINTILLO","link":"http:\/\/www.grieta.org.mx\/index.php\/category\/cintillo\/"},"img":{"alt_text":"","src":"https:\/\/i0.wp.com\/www.grieta.org.mx\/wp-content\/uploads\/2018\/03\/14524434_1106112876131411_958039263622046936_o.jpg?resize=350%2C200","width":350,"height":200,"srcset":"https:\/\/i0.wp.com\/www.grieta.org.mx\/wp-content\/uploads\/2018\/03\/14524434_1106112876131411_958039263622046936_o.jpg?resize=350%2C200 1x, https:\/\/i0.wp.com\/www.grieta.org.mx\/wp-content\/uploads\/2018\/03\/14524434_1106112876131411_958039263622046936_o.jpg?resize=525%2C300 1.5x, https:\/\/i0.wp.com\/www.grieta.org.mx\/wp-content\/uploads\/2018\/03\/14524434_1106112876131411_958039263622046936_o.jpg?resize=700%2C400 2x"},"classes":[]},{"id":1655,"url":"http:\/\/www.grieta.org.mx\/index.php\/2015\/07\/16\/alerta-de-genero-debe-darse-a-todo-el-edomex-ongs\/","url_meta":{"origin":2355,"position":1},"title":"Alerta de g\u00e9nero debe darse a todo el Edomex: ONGs","author":"grieta","date":"16 julio, 2015","format":false,"excerpt":"Sergio Rinc\u00f3n Ciudad de M\u00e9xico, 16 de julio (SinEmbargo).\u2013 Organizaciones civiles que luchan contra la violencia hacia la mujer aseguraron que es insuficiente la solicitud de alerta de g\u00e9nero para 11 municipios del Estado de M\u00e9xico, realizada por el Gobernador Eruviel \u00c1vila Villegas, pues sostuvieron que la ola de feminicidios\u2026","rel":"","context":"En &quot;CINTILLO&quot;","block_context":{"text":"CINTILLO","link":"http:\/\/www.grieta.org.mx\/index.php\/category\/cintillo\/"},"img":{"alt_text":"","src":"https:\/\/i0.wp.com\/www.grieta.org.mx\/wp-content\/uploads\/2018\/03\/14524434_1106112876131411_958039263622046936_o.jpg?resize=350%2C200","width":350,"height":200,"srcset":"https:\/\/i0.wp.com\/www.grieta.org.mx\/wp-content\/uploads\/2018\/03\/14524434_1106112876131411_958039263622046936_o.jpg?resize=350%2C200 1x, https:\/\/i0.wp.com\/www.grieta.org.mx\/wp-content\/uploads\/2018\/03\/14524434_1106112876131411_958039263622046936_o.jpg?resize=525%2C300 1.5x, https:\/\/i0.wp.com\/www.grieta.org.mx\/wp-content\/uploads\/2018\/03\/14524434_1106112876131411_958039263622046936_o.jpg?resize=700%2C400 2x"},"classes":[]},{"id":1660,"url":"http:\/\/www.grieta.org.mx\/index.php\/2015\/06\/24\/25-de-feminicidios-se-cometen-en-el-edomex-violencia-de-genero-tiene-sin-cuidado-a-eruviel-avila\/","url_meta":{"origin":2355,"position":2},"title":"25 % de feminicidios se cometen en el Edomex; violencia de g\u00e9nero tiene sin cuidado a Eruviel \u00c1vila","author":"grieta","date":"24 junio, 2015","format":false,"excerpt":"Cecilia Balderas (24 de junio, 2015. Revoluci\u00f3n TRESPUNTOCERO).- Al menos el 25 % de los feminicidios que se comenten en nuestro pa\u00eds, ocurre en territorio mexiquense, cuna del grupo pol\u00edtico de Atlacomulco, al que pertenece Pe\u00f1a Nieto, quien gobern\u00f3 la entidad de 2005 a 2011 y desde donde arm\u00f3 toda\u2026","rel":"","context":"En &quot;CINTILLO&quot;","block_context":{"text":"CINTILLO","link":"http:\/\/www.grieta.org.mx\/index.php\/category\/cintillo\/"},"img":{"alt_text":"","src":"https:\/\/i0.wp.com\/www.grieta.org.mx\/wp-content\/uploads\/2018\/03\/14524434_1106112876131411_958039263622046936_o.jpg?resize=350%2C200","width":350,"height":200,"srcset":"https:\/\/i0.wp.com\/www.grieta.org.mx\/wp-content\/uploads\/2018\/03\/14524434_1106112876131411_958039263622046936_o.jpg?resize=350%2C200 1x, https:\/\/i0.wp.com\/www.grieta.org.mx\/wp-content\/uploads\/2018\/03\/14524434_1106112876131411_958039263622046936_o.jpg?resize=525%2C300 1.5x, https:\/\/i0.wp.com\/www.grieta.org.mx\/wp-content\/uploads\/2018\/03\/14524434_1106112876131411_958039263622046936_o.jpg?resize=700%2C400 2x"},"classes":[]},{"id":2356,"url":"http:\/\/www.grieta.org.mx\/index.php\/2015\/04\/15\/the-guardian-evidencia-epidemia-de-feminicidios-en-el-estado-de-mexico\/","url_meta":{"origin":2355,"position":3},"title":"The Guardian evidencia \u201cepidemia\u201d de feminicidios en el Estado de M\u00e9xico","author":"grieta","date":"15 abril, 2015","format":false,"excerpt":"M\u00c9XICO, D.F.- El peri\u00f3dico ingl\u00e9s The Guardian public\u00f3 un reportaje en el que evidencia \u201cla epidemia\u201d de feminicidios en el Estado de M\u00e9xico y la omisi\u00f3n de las autoridades gubernamentales para resolver los casos. Entre 2011 y 2012, un total de mil 258 ni\u00f1as y mujeres fueron reportadas como desaparecidas\u2026","rel":"","context":"En &quot;CINTILLO&quot;","block_context":{"text":"CINTILLO","link":"http:\/\/www.grieta.org.mx\/index.php\/category\/cintillo\/"},"img":{"alt_text":"","src":"https:\/\/i0.wp.com\/www.grieta.org.mx\/wp-content\/uploads\/2018\/03\/14524434_1106112876131411_958039263622046936_o.jpg?resize=350%2C200","width":350,"height":200,"srcset":"https:\/\/i0.wp.com\/www.grieta.org.mx\/wp-content\/uploads\/2018\/03\/14524434_1106112876131411_958039263622046936_o.jpg?resize=350%2C200 1x, https:\/\/i0.wp.com\/www.grieta.org.mx\/wp-content\/uploads\/2018\/03\/14524434_1106112876131411_958039263622046936_o.jpg?resize=525%2C300 1.5x, https:\/\/i0.wp.com\/www.grieta.org.mx\/wp-content\/uploads\/2018\/03\/14524434_1106112876131411_958039263622046936_o.jpg?resize=700%2C400 2x"},"classes":[]},{"id":725,"url":"http:\/\/www.grieta.org.mx\/index.php\/2015\/01\/24\/eruviel-murillo-cienfuegos-y-plascencia-encubrieron-el-crimen-en-tlatlaya-analistas\/","url_meta":{"origin":2355,"position":4},"title":"Eruviel, Murillo, Cienfuegos y Plascencia encubrieron el crimen en Tlatlaya: analistas","author":"grieta","date":"24 enero, 2015","format":false,"excerpt":"Shaila Rosagel y Ariadna Ortega Ciudad de M\u00e9xico, 24 de enero (SinEmbargo).\u2013 En la ejecuci\u00f3n extrajudicial de Tlatlaya existe una clara red de complicidades y de encubrimiento para proteger al Ej\u00e9rcito mexicano, porque de \u00e9l depende la estrategia de seguridad del gobierno federal, coincidieron expertos consultados por SinEmbargo. El encubrimiento\u2026","rel":"","context":"En &quot;CINTILLO&quot;","block_context":{"text":"CINTILLO","link":"http:\/\/www.grieta.org.mx\/index.php\/category\/cintillo\/"},"img":{"alt_text":"","src":"https:\/\/i0.wp.com\/www.grieta.org.mx\/wp-content\/uploads\/2018\/03\/14524434_1106112876131411_958039263622046936_o.jpg?resize=350%2C200","width":350,"height":200,"srcset":"https:\/\/i0.wp.com\/www.grieta.org.mx\/wp-content\/uploads\/2018\/03\/14524434_1106112876131411_958039263622046936_o.jpg?resize=350%2C200 1x, https:\/\/i0.wp.com\/www.grieta.org.mx\/wp-content\/uploads\/2018\/03\/14524434_1106112876131411_958039263622046936_o.jpg?resize=525%2C300 1.5x, https:\/\/i0.wp.com\/www.grieta.org.mx\/wp-content\/uploads\/2018\/03\/14524434_1106112876131411_958039263622046936_o.jpg?resize=700%2C400 2x"},"classes":[]},{"id":19272,"url":"http:\/\/www.grieta.org.mx\/index.php\/2016\/08\/02\/avg-edomex-un-ano-de-omision-y-discurso-mediatico\/","url_meta":{"origin":2355,"position":5},"title":"AVG Edomex, un a\u00f1o de omisi\u00f3n y discurso medi\u00e1tico","author":"grieta","date":"2 agosto, 2016","format":false,"excerpt":"Paco Dorado Fotograf\u00eda Manuel Amador Ciudad de M\u00e9xico, 02 de agosto 2016 El pasado 28 de julio se cumpli\u00f3 un a\u00f1o de que el gobernador del Estado de M\u00e9xico, Eruviel \u00c1vila Villegas, solicitara al Gobierno Federal, por medio de la Secretar\u00eda de Gobernaci\u00f3n se implementara el recurso de la Alerta\u2026","rel":"","context":"En &quot;CINTILLO&quot;","block_context":{"text":"CINTILLO","link":"http:\/\/www.grieta.org.mx\/index.php\/category\/cintillo\/"},"img":{"alt_text":"","src":"https:\/\/i0.wp.com\/www.grieta.org.mx\/wp-content\/uploads\/2018\/03\/14524434_1106112876131411_958039263622046936_o.jpg?resize=350%2C200","width":350,"height":200,"srcset":"https:\/\/i0.wp.com\/www.grieta.org.mx\/wp-content\/uploads\/2018\/03\/14524434_1106112876131411_958039263622046936_o.jpg?resize=350%2C200 1x, https:\/\/i0.wp.com\/www.grieta.org.mx\/wp-content\/uploads\/2018\/03\/14524434_1106112876131411_958039263622046936_o.jpg?resize=525%2C300 1.5x, https:\/\/i0.wp.com\/www.grieta.org.mx\/wp-content\/uploads\/2018\/03\/14524434_1106112876131411_958039263622046936_o.jpg?resize=700%2C400 2x"},"classes":[]}],"_links":{"self":[{"href":"http:\/\/www.grieta.org.mx\/index.php\/wp-json\/wp\/v2\/posts\/2355","targetHints":{"allow":["GET"]}}],"collection":[{"href":"http:\/\/www.grieta.org.mx\/index.php\/wp-json\/wp\/v2\/posts"}],"about":[{"href":"http:\/\/www.grieta.org.mx\/index.php\/wp-json\/wp\/v2\/types\/post"}],"author":[{"embeddable":true,"href":"http:\/\/www.grieta.org.mx\/index.php\/wp-json\/wp\/v2\/users\/2"}],"replies":[{"embeddable":true,"href":"http:\/\/www.grieta.org.mx\/index.php\/wp-json\/wp\/v2\/comments?post=2355"}],"version-history":[{"count":1,"href":"http:\/\/www.grieta.org.mx\/index.php\/wp-json\/wp\/v2\/posts\/2355\/revisions"}],"predecessor-version":[{"id":2360,"href":"http:\/\/www.grieta.org.mx\/index.php\/wp-json\/wp\/v2\/posts\/2355\/revisions\/2360"}],"wp:featuredmedia":[{"embeddable":true,"href":"http:\/\/www.grieta.org.mx\/index.php\/wp-json\/wp\/v2\/media\/21928"}],"wp:attachment":[{"href":"http:\/\/www.grieta.org.mx\/index.php\/wp-json\/wp\/v2\/media?parent=2355"}],"wp:term":[{"taxonomy":"category","embeddable":true,"href":"http:\/\/www.grieta.org.mx\/index.php\/wp-json\/wp\/v2\/categories?post=2355"},{"taxonomy":"post_tag","embeddable":true,"href":"http:\/\/www.grieta.org.mx\/index.php\/wp-json\/wp\/v2\/tags?post=2355"}],"curies":[{"name":"wp","href":"https:\/\/api.w.org\/{rel}","templated":true}]}}