{"id":2339,"date":"2016-03-08T04:11:34","date_gmt":"2016-03-08T04:11:34","guid":{"rendered":"http:\/\/50.22.11.12\/~grietaor\/?p=2339"},"modified":"2016-03-12T04:32:26","modified_gmt":"2016-03-12T04:32:26","slug":"la-zona-arqueologica-que-el-inah-permite-destruir-en-valle-de-bravo","status":"publish","type":"post","link":"http:\/\/www.grieta.org.mx\/index.php\/2016\/03\/08\/la-zona-arqueologica-que-el-inah-permite-destruir-en-valle-de-bravo\/","title":{"rendered":"La zona arqueol\u00f3gica que el INAH permite destruir en Valle de Bravo"},"content":{"rendered":"<p>Gisela Mart\u00ednez<\/p>\n<p>(Valle de Bravo, Estado de M\u00e9xico).- El Instituto Nacional de Antropolog\u00eda e Historia (INAH) autoriz\u00f3 la destrucci\u00f3n de ruinas arqueol\u00f3gicas en Valle de Bravo, municipio del Estado de M\u00e9xico, para la construcci\u00f3n de un centro comercial nombrado \u201cPlaza Comercial Patio Valle\u201d.<\/p>\n<p>Este proyecto tendr\u00e1 una Bodega Aurrer\u00e1, cines, \u00e1rea de comida, locales comerciales, estacionamiento y \u00e1reas verdes en una superficie de 17,355.32 m2 (17km2, superficie equivalente al municipio mexiquense de Melchor Ocampo), seg\u00fan lo asienta la Manifestaci\u00f3n de Impacto Ambiental (MIA) del 3 de diciembre de 2013, otorgada por la Secretar\u00eda del Medio Ambiente del Estado de M\u00e9xico, a trav\u00e9s de la Direcci\u00f3n General de Ordenamiento e Impacto Ambiental.<\/p>\n<p><img loading=\"lazy\" decoding=\"async\" class=\"alignnone\" src=\"http:\/\/www.masde131.com\/wp-content\/uploads\/2016\/03\/plaza_comercial_patio_valle_poder_masde131.jpg\" alt=\"\" width=\"739\" height=\"875\" \/><br \/>\nPlano del proyecto \u201cPlaza Comercial Patio Valle\u201d. Mapa elaborado por PODER con informaci\u00f3n del archivo t\u00e9cnico del INAH.<\/p>\n<p>Las estructuras rescatadas servir\u00e1n para decorar los jardines del centro comercial, el resto ser\u00e1n enterradas para \u201csu mejor preservaci\u00f3n\u201d, se\u00f1ala el INAH en su oficio de liberaci\u00f3n del 18 de diciembre de 2015, 401.B(4)77.2015\/3062 sobre el predio \u201cCasa de \u00cddolos\u201d:<\/p>\n<p>.<\/p>\n<p>\u201cEl grupo de estructuras descubiertas deber\u00e1n ser restauradas para que sean expuestas a la vista p\u00fablica dentro de las \u00e1reas comunes de la Plaza Comercial Valle de Bravo. Las otras estructuras deber\u00e1n ser enterradas para su mejor preservaci\u00f3n\u201d..<\/p>\n<p>.<\/p>\n<p>Quien est\u00e1 a cargo de este proyecto es \u201cDesarrollo de Las Monjas Valle de Bravo, S.A. de C.V.\u201d, empresa constituida el 21 de junio de 2006 seg\u00fan la escritura p\u00fablica 16056, firmada por el notario publico 99, Lic. Juan Jos\u00e9 Ru\u00edz Ortega.<\/p>\n<p>Esta empresa es propiedad de Alejandro Joaqu\u00edn Mart\u00ed Garc\u00eda (o sea Alejandro Mart\u00ed, s\u00ed, el de los deportes Mart\u00ed) y Alejandro Aboumrad Gabriel \u2013presidente de Grupo Proa, empresa parte de Grupo Carso, quien ha sido consejero de este corporativo por 24 a\u00f1os-[1].<\/p>\n<p><img loading=\"lazy\" decoding=\"async\" class=\"alignnone\" src=\"http:\/\/www.masde131.com\/wp-content\/uploads\/2016\/03\/Valle2.jpg\" alt=\"\" width=\"750\" height=\"500\" \/><br \/>\nPredio \u201cCasa de \u00cddolos\u201d. Foto: Erika Lozano @Kururh<\/p>\n<p>Pero tambi\u00e9n hay otros nombres y empresas involucradas. Entre las contratistas para la construcci\u00f3n est\u00e1n CUMHISA, S.A. de C.V., el Consorcio de Ingenieros y Mexico Retail Properties Fund I, S. de R.L. de C.V. (MRP)[2], esta \u00faltima constituida en 2003 por Jer\u00f3nimo Marcos Gerard Rivero \u2013hermano de Ana Paula Gerard y cu\u00f1ado de Carlos Salinas de Gortari\u2014y John A. Blumberg.<\/p>\n<p>La empresa CUMHISA es filial del fondo de inversi\u00f3n inmobiliario Black Creek Group, desarrolla y opera centros comerciales en el pa\u00eds, al estilo \u201cbig-box\u201d de Estados Unidos, en ellos se instalan franquicias de Walmart, Home Depot o Costco, entre otros, como ya ha reportado la Revista Proceso, donde tambi\u00e9n da cuenta de los v\u00ednculos de las filiales de Black Creek Group con el empresario Juan Armando Hinojosa Cant\u00fa.<\/p>\n<p>.<\/p>\n<p>Video por @Kururh:<\/p>\n<div class=\"jetpack-video-wrapper\"><iframe loading=\"lazy\" title=\"Reportaje Especial: La zona arqueol\u00f3gica que el INAH deja destruir en Valle de Bravo\" width=\"1170\" height=\"658\" src=\"https:\/\/www.youtube.com\/embed\/S4LC739t0DU?feature=oembed\" frameborder=\"0\" allow=\"accelerometer; autoplay; clipboard-write; encrypted-media; gyroscope; picture-in-picture\" allowfullscreen><\/iframe><\/div>\n<p>RESPONSABILIDAD DEL INAH<\/p>\n<p>La autorizaci\u00f3n de la MIA ordena a la empresa suspender los trabajos de desplante y construcci\u00f3n del centro comercial si encuentran material arqueol\u00f3gico o restos \u00f3seos en las etapas se\u00f1aladas, de acorde a lo que ordena el art\u00edculo 29 de la Ley Federal sobre Monumentos y Zonas Arqueol\u00f3gicos, Art\u00edsticos e Hist\u00f3ricos (LFMZAAH):<\/p>\n<p>.<\/p>\n<p>\u201cQuien encuentre bienes arqueol\u00f3gicos deber\u00e1 dar aviso a la autoridad civil m\u00e1s cercana. La autoridad correspondiente expedir\u00e1 la constancia oficial del aviso, o entrega en su caso, y deber\u00e1 informar al Instituto Nacional de Antropolog\u00eda e Historia, dentro de las 24 horas siguientes, para que \u00e9ste determine lo que corresponda\u201d.<\/p>\n<p>.<\/p>\n<p>La misma Ley Federal en su art\u00edculo 52 establece sanciones con multas y c\u00e1rcel de tres a diez a\u00f1os a quien \u201cpor cualquier medio da\u00f1e, altere o destruya un monumento arqueol\u00f3gico, art\u00edstico o hist\u00f3rico\u201d.<\/p>\n<p>Pero el INAH actu\u00f3 tarde: en enero de 2014 entr\u00f3 \u201cmaquinaria pesada a destruir la parte superior de las estructuras que guardaban los mont\u00edculos que resguardaban el cementerio sagrado de tiempos prehisp\u00e1nicos; fue cometido un grave delito federal contra Patrimonio Nacional\u201d, denunciaron vecinos agrupados en el colectivo \u201cPatrimonio Valle de Bravo\u201d. Esto fue corroborado por el propio INAH en el informe t\u00e9cnico de septiembre de 2015: \u201cel Rescate Arqueol\u00f3gico \u201cCasa de \u00cddolos\u201d se inicia por la afectaci\u00f3n que hubo en el predio debido a que la superficie original del terreno hab\u00eda sido alterada por el despalme, lo cual anunciaba la destrucci\u00f3n de patrimonio arqueol\u00f3gico[3]\u201d.<\/p>\n<p>Aunque es algo que el representante legal de Desarrollo de las Monjas, Adalberto Arellano, niega. En entrevista para M\u00e9xicoleaks, Arellano se\u00f1ala:<\/p>\n<p>.<\/p>\n<p>\u201cNo sab\u00edamos que el predio no estaba liberado hasta que el INAH nos hizo ver que el predio no hab\u00eda pasado por el proceso de liberaci\u00f3n, se detuvieron los procesos y empezamos el procedimiento\u201d.<\/p>\n<p>.<\/p>\n<p>A lo anterior se debe sumar que el proceso para construir el centro comercial ha tenido varias irregularidades. Si bien el 18 de diciembre de 2012, la Secretar\u00eda del Medio Ambiente del Estado de M\u00e9xico, a trav\u00e9s de la Direcci\u00f3n General de Ordenamiento e Impacto Ambiental, autoriz\u00f3 la MIA, lo hizo de manera condicionada, con base en la liberaci\u00f3n que el INAH realiz\u00f3 el 22 de mayo de 2011. Sin embargo es un equ\u00edvoco, pues el dictamen del INAH hace referencia al predio \u201cLas Monjas\u201d, tambi\u00e9n propiedad de la misma empresa y que para entonces fusion\u00f3, pues ambos predios \u2013Casa de \u00cddolos y Las Monjas- son colindantes[4].<\/p>\n<p>.<\/p>\n<p><img loading=\"lazy\" decoding=\"async\" class=\"alignnone\" src=\"http:\/\/www.masde131.com\/wp-content\/uploads\/2016\/03\/zona_arqueologica_destruida_valle_de_bravo_masde131_droncita.jpg\" alt=\"\" width=\"739\" height=\"414\" \/><br \/>\nFoto: @droncita<br \/>\n.<\/p>\n<p>\u00bfQU\u00c9 DESTRUYEN? UN LUGAR COMO TEOTIHUAC\u00c1N<\/p>\n<p>La historia de este Pueblo M\u00e1gico inicia antes del Festival de Av\u00e1ndaro (el Woodstock mexicano); mucho antes de que el gobierno mexicano inundara el valle agr\u00edcola con la presa \u201cValle de Bravo\u201d y dejara al descubierto s\u00f3lo las laderas monta\u00f1osas; incluso, la memoria de este lugar se remonta a siglos atr\u00e1s de la construcci\u00f3n de las haciendas y catedrales coloniales.<\/p>\n<p>Valle (como popularmente se le nombra) estuvo habitado por la cultura matlatzinca, entre el 300 al 650 d.N.E. Fue una cultura relacionada con los teotihuacanos y tarascos. Construyeron un importante centro ceremonial. De acuerdo a los informes t\u00e9cnicos que el INAH ha elaborado en los diversos proyectos de salvamento, el sitio arqueol\u00f3gico contaba con estructuras an\u00e1logas a las presentadas por las altas culturas mesoamericanas[5].<\/p>\n<p><img loading=\"lazy\" decoding=\"async\" class=\"alignnone\" src=\"http:\/\/www.masde131.com\/wp-content\/uploads\/2016\/03\/Captura-de-pantalla-2016-03-08-a-las-12.37.24-a.m..png\" alt=\"\" width=\"741\" height=\"599\" \/><br \/>\nIlustraci\u00f3n tomada de &#8220;Problem\u00e1tica y propuestas de protecci\u00f3n para la zona arqueol\u00f3gica La Pe\u00f1a, Valle de Bravo, Callejas y otros, 2014&#8221;<br \/>\n.<\/p>\n<p>Cuando los matlatzincas abandonaron este centro-urbano, fue reutilizado en el postcl\u00e1sico tard\u00edo como un cementerio ritual por peregrinos provenientes del sur del Nevado de Toluca, la importancia fue tal que crearon una cer\u00e1mica funeraria exclusiva[6].<\/p>\n<p>Las primeras exploraciones tienen registro en 1939 a cargo de la arque\u00f3loga Florencia M\u00fcller; no se conservan registros sino de las de 1972 a cargo del arque\u00f3logo Manfred Reinhold, quien abandon\u00f3 intempestivamente su trabajo por \u201c\u00f3rdenes superiores\u201d, seg\u00fan un relato que el INAH recoge en el mismo documento.<\/p>\n<p>.<\/p>\n<p>LA CONSTANTE OMISI\u00d3N DEL INAH<\/p>\n<p>Para los arque\u00f3logos responsables del rescate, el auge de Valle de Bravo como sitio de descanso provoc\u00f3 que se construyeran residencias y fraccionamientos sobre la zona arqueol\u00f3gica de forma irregular, sin mediar trabajos de exploraci\u00f3n profundos. Se trata de una zona poco investigada y conocida de Mesoam\u00e9rica[7].<\/p>\n<p>En los a\u00f1os 80 se desarroll\u00f3 un fuerte periodo de saqueos de los que el Custodio residente (persona designada por el INAH para velar en la zona) dio cuenta de manera insistente al Instituto, sin que hubieran otro tipo de acciones de protecci\u00f3n o de investigaci\u00f3n, salvo la delimitaci\u00f3n del sitio que fue efectuada por el arque\u00f3logo Morrison Limon Boyce. Esto da cuenta el informe de Rescate Arqueol\u00f3gico \u201cCasa de \u00cddolos\u201d Zona Arqueol\u00f3gica La Pe\u00f1a, Valle de Bravo, Estado de M\u00e9xico.<\/p>\n<p>Los arque\u00f3logos narran que en este mismo periodo corresponde una serie de liberaciones del INAH que fueron otorgadas de manera irregular (porque no se hac\u00edan trabajos previos de rescate) por lo que el lado sureste de La Pe\u00f1a, que tambi\u00e9n conten\u00eda importantes vestigios arqueol\u00f3gicos, se perdi\u00f3 totalmente[8].<\/p>\n<p>Fue hasta 1984 que el INAH declar\u00f3 un pol\u00edgono de protecci\u00f3n para investigar y proteger al sitio arqueol\u00f3gico, se le nombr\u00f3 \u201cLa Pe\u00f1a\u201d por el emblem\u00e1tico risco, pero abarca en total 30 hect\u00e1reas con diversos conjuntos arquitect\u00f3nicos, entre ellos \u201cLas Monjas\u201d, \u201cLa Cruz\u201d, \u201cLa Palma\u201d y \u201cCasa de \u00cddolos\u201d, por se\u00f1alar algunos.<\/p>\n<p><img loading=\"lazy\" decoding=\"async\" class=\"alignnone\" src=\"http:\/\/www.masde131.com\/wp-content\/uploads\/2016\/03\/predios_valle_de_bravo_poder_masde131.jpg\" alt=\"\" width=\"754\" height=\"414\" \/><br \/>\nPredios en que fue dividida la poligonal de protecci\u00f3n. Mapa elaborado por PODER con informaci\u00f3n del archivo t\u00e9cnico del INAH.<br \/>\n.<\/p>\n<p>Pero esta declaratoria lleg\u00f3 tarde no s\u00f3lo por los saqueos. En la d\u00e9cada de los 40, Valle fue inundado por la construcci\u00f3n de la presa \u201cValle de Bravo\u201d, de esa inundaci\u00f3n se form\u00f3 el lago artificial representativo del lugar, con ello parte de la zona arqueol\u00f3gica qued\u00f3 bajo agua al igual que las tierras de cultivo de los pobladores, lo que provoc\u00f3 un conflicto social.<\/p>\n<p>.<\/p>\n<p><img loading=\"lazy\" decoding=\"async\" class=\"alignnone\" src=\"http:\/\/www.masde131.com\/wp-content\/uploads\/2016\/03\/zona_arqueologica_valle_de_bravo_masde131.jpg\" alt=\"\" width=\"742\" height=\"419\" \/><br \/>\n<img loading=\"lazy\" decoding=\"async\" class=\"alignnone\" src=\"http:\/\/www.masde131.com\/wp-content\/uploads\/2016\/03\/zona_arqueologica_destruida_valle_de_bravo_masde131_droncita_2.jpg\" alt=\"\" width=\"742\" height=\"417\" \/><br \/>\nFoto: @droncita<br \/>\n.<\/p>\n<p>En 1986 el Consejo de Bienes Comunales de Valle de Bravo gan\u00f3 un amparo por el derecho a poseer las tierras del paraje de \u201cLa Pe\u00f1a\u201d. Con ello demostraron ser los leg\u00edtimos propietarios de estos terrenos, dado que los terrenos agr\u00edcolas del antiguo valle fueron expropiados y los comuneros tuvieron que ocupar las laderas.<\/p>\n<p>La reforma constitucional al art\u00edculo 27, realizada por el entonces presidente Carlos Salinas de Gortari, permiti\u00f3 que la propiedad comunal pudiera ser vendida. \u201cAmplias zonas comunales pasaron al mercado de la oferta y la demanda. Este es el caso de \u201cLa Pe\u00f1a\u201d en Valle de Bravo, donde se encuentran asentamientos prehisp\u00e1nicos\u201d, seg\u00fan documentaron en su informe t\u00e9cnico de 1997 los propios arque\u00f3logos del INAH[9].<\/p>\n<p>.<\/p>\n<p>LOS PREDIOS DE LA ZONA ARQUEOL\u00d3GICA<\/p>\n<p>La declaraci\u00f3n del pol\u00edgono de protecci\u00f3n imped\u00eda que dentro de esas hect\u00e1reas se construyera o se realizar\u00e1 actividades agr\u00edcolas para no da\u00f1ar los vestigios arqueol\u00f3gicos, aunque algunas eran tierras comunales; en la pr\u00e1ctica eso no impidi\u00f3 que se construyeran residencias de descanso.<\/p>\n<p>En entrevista para la alianza M\u00e9xicoleaks, Jos\u00e9 Hern\u00e1ndez Rivero \u2013arque\u00f3logo responsable de los trabajos de investigaci\u00f3n y salvamento en La Pe\u00f1a de 1996 a 2014- se\u00f1ala: \u201cah\u00ed hubo un problema con la que fue mi jefa en los a\u00f1os 80 porque dio permisos para hacer un desarrollo campestre donde nosotros le llamamos el lado sur de la pe\u00f1a el que da hacia el lago. Se llama Sylvia Guti\u00e9rrez y Vera y eso le cost\u00f3 el empleo por eso fue despedida de la instituci\u00f3n. Ella era la arque\u00f3loga que hizo el dictamen y dijo que no hab\u00eda problema y liber\u00f3 toda la parte que conocemos como La Pe\u00f1a rica. La parte sur de la pe\u00f1a se libera sin hacer ni un s\u00f3lo pozo de sondeo. As\u00ed empezaron las construcciones\u201d.<\/p>\n<p>En una nota publicada por \u201cEl Sol de Toluca\u201d el 5 de octubre de 2006, da cuenta del malestar de los comuneros: \u201cNos odian los ricos, y cuando solicitamos permisos para construir nuestras viviendas siempre nos manifestaban que no se pod\u00eda porque era zona arqueol\u00f3gica, sin embargo, otras familias con buena posici\u00f3n edificaron lujosas residencias y ahora est\u00e1n asentadas posiblemente entre pir\u00e1mides\u201d. Esto en referencia a que denunciaban que \u201calgunos comuneros fueron expulsados de la mencionada zona por gentes poderosas que en a\u00f1os anteriores ocuparon importantes cargos dentro del gobierno estatal y federal\u201d[10].<\/p>\n<p>La larga negativa del INAH a liberar las tierras comunales para que se pudieran vender o construir, alarg\u00f3 el conflicto social; el Consejo de Bienes Comunales de Valle de Bravo amenaz\u00f3 con hacer efectivo el amparo de 1986 e impedir que los y las arque\u00f3logas continuaran con los trabajos de salvamento, incluido la salida de materiales recuperados, seg\u00fan una carta enviada al director del centro INAH por el Presidente de los Bienes Comunales de La Pe\u00f1a Valle de Bravo, el 12 de julio de 1997[11].<\/p>\n<p>El INAH trat\u00f3 de sortear el conflicto liberando predios de forma anticipada o con restricciones; sin embargo, los arque\u00f3logos dan cuenta en sus diversos informes t\u00e9cnicos que esas restricciones nunca fueron respetadas, tampoco hubo sanci\u00f3n a los infractores[12]\u201d.<\/p>\n<p>Pero no s\u00f3lo era el tema de las liberaciones lo que tensaba las relaciones entre el Consejo y el INAH, en el referido escrito de 1997 Bienes Comunales exige que \u201cse devuelvan los materiales extra\u00eddos por el equipo de Z\u00fa\u00f1iga B\u00e1rcenas; se defina el destino de los materiales obtenidos por distintos equipos, y se defina la situaci\u00f3n de los predios que no podr\u00e1n liberarse\u201d.<\/p>\n<p>Ah\u00ed mismo piden que se construya un museo, que d\u00e9 cuenta de los vestigios, ofrendas y dem\u00e1s materiales recuperados en la zona. Esta demanda ser\u00e1 retomada por el entonces candidato a la gobernatura del Estado de M\u00e9xico, Enrique Pe\u00f1a Nieto, como promesa de campa\u00f1a. En 2011, publicar\u00e1 el Plan de Desarrollo. Estado de M\u00e9xico 2005-2011, donde parte de los \u201cCompromisos municipales. Pilar II. Seguridad Econ\u00f3mica\u201d se encuentra el \u201cRescate de la zona arqueol\u00f3gica y construcci\u00f3n del museo de sitio en La Pe\u00f1a\u201d.<\/p>\n<p>EPN no cumpli\u00f3 con ese compromiso de campa\u00f1a, pues en noviembre de 2010 se inaugur\u00f3 un museo arqueol\u00f3gico, ubicado a 2 kil\u00f3metros de la zona y no un museo de sitio como era la demanda original y que todav\u00eda exigen los vecinos de Valle. Sin mencionar que la zona arqueol\u00f3gica no ser\u00e1 rescatada.<\/p>\n<p><img loading=\"lazy\" decoding=\"async\" class=\"alignnone\" src=\"http:\/\/www.masde131.com\/wp-content\/uploads\/2016\/03\/Valle3.jpg\" alt=\"\" width=\"750\" height=\"500\" \/><br \/>\nFoto: @Kururh<br \/>\n.<\/p>\n<p>CASA DE \u00cdDOLOS, CASA COMERCIAL<\/p>\n<p>El predio donde se ubicar\u00e1 este centro comercial es nombrado \u201cCasa de \u00cddolos\u201d porque en ese lugar fueron encontradas cabezas de serpiente (expuestas en el museo de arqueolog\u00eda de Valle) y rocas labradas de grandes dimensiones, \u201clas cuales incluso serv\u00edan de pelda\u00f1os y bases de macetas de la casa que en lugar se encontraba\u201d, seg\u00fan dan cuenta los arque\u00f3logos encargados del rescate.<\/p>\n<p>Este caso es uno m\u00e1s en esta serie de liberaciones irregulares y omisi\u00f3n que destruyeron el sitio arqueol\u00f3gico de \u201cLa Pe\u00f1a\u201d.<\/p>\n<p>A trav\u00e9s de los informes t\u00e9cnicos, los diferentes arque\u00f3logos han expresado su molestia por las malas pr\u00e1cticas de almacenamiento, cuidado y trabajos en la zona, y la \u201cfalta de presupuesto e inter\u00e9s, prometido por algunas autoridades del INAH[13]\u201d.<\/p>\n<p>As\u00ed mismo, en septiembre de 2015 dan cuenta de su descontento ante la orden de \u201cdesmantelaci\u00f3n de estructuras, como una medida para evitar la destrucci\u00f3n masiva de los elementos arquitect\u00f3nicos\u201d, firmada por el arque\u00f3logo Jos\u00e9 Hern\u00e1ndez Rivero como responsable institucional del rescate de \u201cCasa de \u00cddolos\u201d: \u201cSe tuvo que cumplir con dicha acci\u00f3n aunque no se estuviera de acuerdo\u201d[14].<\/p>\n<p>Como se\u00f1ala el arque\u00f3logo Hern\u00e1ndez en entrevista:<\/p>\n<p>.<\/p>\n<p>\u201cCualquier cent\u00edmetro de Valle de Bravo urbanizable es muy cotizado. El problema ah\u00ed es que todo lo que se pueda construir va a valer mucho dinero y por eso hay tanta rebatinga por las tierras y por la arqueolog\u00eda\u201d.<\/p>\n<p><img loading=\"lazy\" decoding=\"async\" class=\"alignnone\" src=\"http:\/\/www.masde131.com\/wp-content\/uploads\/2016\/03\/zona_arqueologica_destruida_valle_de_bravo_masde131_droncita_1.jpg\" alt=\"\" width=\"761\" height=\"426\" \/><br \/>\nFoto: @droncita<br \/>\n.<\/p>\n<p>@GISELEANDO<\/p>\n<p>\u00c9sta es una investigaci\u00f3n colaborativa de largo aliento realizada por quienes integramos la alianza M\u00e9xicoleaks; fue posible gracias a una filtraci\u00f3n a la plataforma.<\/p>\n<p>Si tienes informaci\u00f3n de inter\u00e9s p\u00fablico o documentos que prueben violaciones graves a derechos humanos puedes envi\u00e1rnosla de forma segura a trav\u00e9s de la p\u00e1gina: https:\/\/mexicoleaks.mx<\/p>\n<p>.<\/p>\n<p>NOTAS:<\/p>\n<p>[1] Reporte de Grupo Carso Presentado a la Bolsa de Valores en 2014, p\u00e1g 83: http:\/\/www.carso.com.mx\/ES\/inversionistas\/informacion-financiera\/Reportes%20anuales\/Reporte%20Anual%202014.pdf<\/p>\n<p>[2] INAH. Proyecto de Salvamento Arqueol\u00f3gico \u201cCasa De \u00cddolos\u201d. Zona Arqueol\u00f3gica La Pe\u00f1a Valle De Bravo, M\u00e9xico. Segunda Fase De Rescate 2014. Autores: Jos\u00e9 Hern\u00e1ndez Rivero, Tania Hern\u00e1ndez Balderas, Viridiana Gonz\u00e1lez Nava y Viridiana Hern\u00e1ndez S\u00e1nchez<\/p>\n<p>[3] INAH. Informe T\u00e9cnico Parcial, Salvamento Arqueol\u00f3gico \u201cCasa de \u00cddolos\u201d, Zona Arqueol\u00f3gica La Pe\u00f1a, Valle de Bravo, Estado de M\u00e9xico. Autores H\u00e9ctor P\u00e9rez Garc\u00eda, Tania Hern\u00e1ndez Balderas, Viridiana Gonz\u00e1lez Nava y Daniela Mac\u00edas Herrera. Septiembre de 2015.<\/p>\n<p>[4] Esa misma confusi\u00f3n dan cuenta los arque\u00f3logos Jos\u00e9 Hern\u00e1ndez Rivero y Fernando Ba\u00e9z Urincho, al momento de realizar el rescate arqueol\u00f3gico de \u201cCasa de \u00cddolos\u201d en 2014. INAH. Rescate Arqueol\u00f3gico \u201cCasa de \u00cddolos\u201d Zona Arqueol\u00f3gica La Pe\u00f1a, Valle de Bravo, Estado de M\u00e9xico. Arque\u00f3logos Jos\u00e9 Hern\u00e1ndez Rivero y Fernando B\u00e1ez Urincho, 2014.<\/p>\n<p>[5] INAH. Informe parcial de las actividades efectuadas por el proyecto de salvamento arqueol\u00f3gico La Pe\u00f1a Valle de Bravo, segunda fase (Mayo \u2013 Octubre \u2013 Diciembre de 1996. Mayo 1997; 184 p\u00e1gs., 110 fotos, 28 dib. Autor: Arqlgo. Jos\u00e9 Hern\u00e1ndez Rivero, David Escobedo Ram\u00edrez. Arqlgo. Agust\u00edn Ortega Esquinca. P. Admvo. L\u00e1zaro Elizalde Castro.<\/p>\n<p>[6] INAH. Rescate Arqueol\u00f3gico \u201cCasa de \u00cddolos\u201d Zona Arqueol\u00f3gica La Pe\u00f1a, Valle de Bravo, Estado de M\u00e9xico. Arque\u00f3logos Jos\u00e9 Hern\u00e1ndez Rivero y Fernando B\u00e1ez Urincho, 2014.<\/p>\n<p>[7] \u00cddem.<\/p>\n<p>[8] \u00cddem.<\/p>\n<p>[9] Cfr. 5<\/p>\n<p>[10] Nota citada en el Informe parcial de las actividades efectuadas por el proyecto de salvamento arqueol\u00f3gico La Pe\u00f1a Valle de Bravo, segunda fase (Mayo \u2013 Octubre \u2013 Diciembre de 1996. Mayo 1997; 184 p\u00e1gs., 110 fotos, 28 dib. Autor: Arqlgo. Jos\u00e9 Hern\u00e1ndez Rivero, David Escobedo Ram\u00edrez. Arqlgo. Agust\u00edn Ortega Esquinca. P. Admvo. L\u00e1zaro Elizalde Castro.<\/p>\n<p>[11] Carta citada en el Segundo informe parcial de los trabajos de salvamento efectuados por el proyecto La Pe\u00f1a, Valle de Bravo, M\u00e9xico, temporada 1997. 21 de Abril al 18 de Julio; 155 p\u00e1gs., 41 dib., 96 fotos orig., 5 croquis. Autor: Arqlgo. Jos\u00e9 Hern\u00e1ndez Rivero Arqlgo. Oscar Basante Guti\u00e9rrez Arqlgo. Agust\u00edn Ortega Esquinca.<\/p>\n<p>[12] INAH. Segundo informe parcial de los trabajos de salvamento efectuados por el proyecto La Pe\u00f1a, Valle de Bravo, M\u00e9xico, temporada 1997. 21 de Abril al 18 de Julio; 155 p\u00e1gs., 41 dib., 96 fotos orig., 5 croquis. Autor: Arqlgo. Jos\u00e9 Hern\u00e1ndez Rivero Arqlgo. Oscar Basante Guti\u00e9rrez Arqlgo. Agust\u00edn Ortega Esquinca.<\/p>\n<p>[13] INAH. Informe correspondiente al trabajo realizado en la zona arqueol\u00f3gica de la Pe\u00f1a, Mpio de Valle de Bravo, Edo. de M\u00e9xico, realizado de Julio a Diciembre del 95;27 p\u00e1gs., 99 fotos orig., 12 dib. Autor: Arqlgo. Alfredo Dumaine L\u00f3pez.<\/p>\n<p>[14] INAH. Informe T\u00e9cnico Parcial, Salvamento Arqueol\u00f3gico \u201cCasa de \u00cddolos\u201d, Zona Arqueol\u00f3gica La Pe\u00f1a, Valle de Bravo, Estado de M\u00e9xico. Autores H\u00e9ctor P\u00e9rez Garc\u00eda, Tania Hern\u00e1ndez Balderas, Viridiana Gonz\u00e1lez Nava y Daniela Mac\u00edas Herrera. Septiembre de 2015.<\/p>\n<p><a href=\"http:\/\/www.masde131.com\/2016\/03\/reportaje-especial-la-zona-arqueologica-que-el-inah-deja-destruir-en-valle-de-bravo\/\" target=\"_blank\">http:\/\/www.masde131.com\/2016\/03\/reportaje-especial-la-zona-arqueologica-que-el-inah-deja-destruir-en-valle-de-bravo\/<\/a><\/p>\n","protected":false},"excerpt":{"rendered":"<p>Gisela Mart\u00ednez (Valle de Bravo, Estado de M\u00e9xico).- El Instituto Nacional de Antropolog\u00eda e Historia (INAH) autoriz\u00f3 la destrucci\u00f3n de ruinas arqueol\u00f3gicas en Valle de Bravo, municipio del Estado de &hellip; <a href=\"http:\/\/www.grieta.org.mx\/index.php\/2016\/03\/08\/la-zona-arqueologica-que-el-inah-permite-destruir-en-valle-de-bravo\/\" class=\"more-link\">Leer m\u00e1s<\/a><\/p>\n","protected":false},"author":2,"featured_media":21928,"comment_status":"closed","ping_status":"open","sticky":false,"template":"","format":"standard","meta":{"ngg_post_thumbnail":0,"_jetpack_newsletter_access":"","_jetpack_dont_email_post_to_subs":false,"_jetpack_newsletter_tier_id":0,"_jetpack_memberships_contains_paywalled_content":false,"_jetpack_memberships_contains_paid_content":false,"footnotes":""},"categories":[80],"tags":[92],"class_list":["post-2339","post","type-post","status-publish","format-standard","has-post-thumbnail","hentry","category-cintillo","tag-estado-de-mexico","entry"],"jetpack_featured_media_url":"http:\/\/www.grieta.org.mx\/wp-content\/uploads\/2018\/03\/14524434_1106112876131411_958039263622046936_o.jpg","jetpack_sharing_enabled":true,"jetpack_shortlink":"https:\/\/wp.me\/p7ZJR4-BJ","jetpack_likes_enabled":false,"jetpack-related-posts":[{"id":2342,"url":"http:\/\/www.grieta.org.mx\/index.php\/2016\/04\/04\/acusan-destruccion-de-zona-arqueologica-en-valle-de-bravo-por-centro-comercial\/","url_meta":{"origin":2339,"position":0},"title":"Acusan destrucci\u00f3n de zona arqueol\u00f3gica en Valle de Bravo por centro comercial","author":"grieta","date":"4 abril, 2016","format":false,"excerpt":"04\/04\/16. Defienden sitio arqueol\u00f3gico de Valle de BravoEl Universal 08\/03\/16. La zona arqueol\u00f3gica que el INAH permite destruir en Valle de BravoM\u00e1s de 131","rel":"","context":"En &quot;Estado de M\u00e9xico&quot;","block_context":{"text":"Estado de M\u00e9xico","link":"http:\/\/www.grieta.org.mx\/index.php\/category\/noticias-nacionales\/estado-de-mexico\/"},"img":{"alt_text":"","src":"https:\/\/i0.wp.com\/www.grieta.org.mx\/wp-content\/uploads\/2018\/03\/14524434_1106112876131411_958039263622046936_o.jpg?resize=350%2C200","width":350,"height":200,"srcset":"https:\/\/i0.wp.com\/www.grieta.org.mx\/wp-content\/uploads\/2018\/03\/14524434_1106112876131411_958039263622046936_o.jpg?resize=350%2C200 1x, https:\/\/i0.wp.com\/www.grieta.org.mx\/wp-content\/uploads\/2018\/03\/14524434_1106112876131411_958039263622046936_o.jpg?resize=525%2C300 1.5x, https:\/\/i0.wp.com\/www.grieta.org.mx\/wp-content\/uploads\/2018\/03\/14524434_1106112876131411_958039263622046936_o.jpg?resize=700%2C400 2x"},"classes":[]},{"id":9897,"url":"http:\/\/www.grieta.org.mx\/index.php\/2016\/04\/04\/defienden-sitio-arqueologico-de-valle-de-bravo\/","url_meta":{"origin":2339,"position":1},"title":"Defienden sitio arqueol\u00f3gico de Valle de Bravo","author":"grieta","date":"4 abril, 2016","format":false,"excerpt":"Abida Ventura Desde lo alto de La Pe\u00f1a, cerro que en tiempos prehisp\u00e1nicos funcion\u00f3 como centro ceremonial y que hoy es uno de los atractivos tur\u00edsticos de este Pueblo M\u00e1gico, entre los \u00e1rboles y techos de teja de las casas, se alcanza a ver una serie de mont\u00edculos de tierra,\u2026","rel":"","context":"En &quot;CINTILLO&quot;","block_context":{"text":"CINTILLO","link":"http:\/\/www.grieta.org.mx\/index.php\/category\/cintillo\/"},"img":{"alt_text":"","src":"https:\/\/i0.wp.com\/www.grieta.org.mx\/wp-content\/uploads\/2018\/03\/14524434_1106112876131411_958039263622046936_o.jpg?resize=350%2C200","width":350,"height":200,"srcset":"https:\/\/i0.wp.com\/www.grieta.org.mx\/wp-content\/uploads\/2018\/03\/14524434_1106112876131411_958039263622046936_o.jpg?resize=350%2C200 1x, https:\/\/i0.wp.com\/www.grieta.org.mx\/wp-content\/uploads\/2018\/03\/14524434_1106112876131411_958039263622046936_o.jpg?resize=525%2C300 1.5x, https:\/\/i0.wp.com\/www.grieta.org.mx\/wp-content\/uploads\/2018\/03\/14524434_1106112876131411_958039263622046936_o.jpg?resize=700%2C400 2x"},"classes":[]},{"id":54640,"url":"http:\/\/www.grieta.org.mx\/index.php\/2020\/10\/30\/recuerdan-a-victimas-de-feminicidio-en-valle-de-bravo-estado-de-mexico\/","url_meta":{"origin":2339,"position":2},"title":"Recuerdan a v\u00edctimas de feminicidio en Valle de Bravo (Estado de M\u00e9xico)","author":"grieta","date":"30 octubre, 2020","format":false,"excerpt":"Fotos: Arturo Aguilar | El Sol de Toluca Arturo Aguilar | El Sol de Toluca Tras la negativa de las autoridades municipales, el altar fue colocado dentro de una propiedad privada en el barrio de Santa Mar\u00eda Ahuacatl\u00e1n El grupo Feminista de Valle de Bravo coloc\u00f3 una ofrenda tradicional recordando\u2026","rel":"","context":"En &quot;Abuso policiaco y tortura en el Estado de M\u00e9xico&quot;","block_context":{"text":"Abuso policiaco y tortura en el Estado de M\u00e9xico","link":"http:\/\/www.grieta.org.mx\/index.php\/category\/noticias-nacionales\/estado-de-mexico\/abuso-policiaco-y-tortura-en-el-estado-de-mexico\/"},"img":{"alt_text":"","src":"https:\/\/i0.wp.com\/www.grieta.org.mx\/wp-content\/uploads\/2020\/11\/Recuerdan-a-victimas-de-feminicidio-en-Valle-de-Bravo-edomex-nov.jpg?resize=350%2C200","width":350,"height":200,"srcset":"https:\/\/i0.wp.com\/www.grieta.org.mx\/wp-content\/uploads\/2020\/11\/Recuerdan-a-victimas-de-feminicidio-en-Valle-de-Bravo-edomex-nov.jpg?resize=350%2C200 1x, https:\/\/i0.wp.com\/www.grieta.org.mx\/wp-content\/uploads\/2020\/11\/Recuerdan-a-victimas-de-feminicidio-en-Valle-de-Bravo-edomex-nov.jpg?resize=525%2C300 1.5x, https:\/\/i0.wp.com\/www.grieta.org.mx\/wp-content\/uploads\/2020\/11\/Recuerdan-a-victimas-de-feminicidio-en-Valle-de-Bravo-edomex-nov.jpg?resize=700%2C400 2x"},"classes":[]},{"id":60903,"url":"http:\/\/www.grieta.org.mx\/index.php\/2021\/07\/21\/denuncian-tala-inmoderada-de-bosque-en-valle-de-bravo-edomex\/","url_meta":{"origin":2339,"position":3},"title":"Denuncian tala inmoderada de bosque en Valle de Bravo (EdoMex)","author":"grieta","date":"21 julio, 2021","format":false,"excerpt":"Foto: Cortes\u00eda Comuneros de Acatl\u00e1n Rodrigo Miranda \/ El Sol de Toluca Comuneros de Acatitl\u00e1n denuncian que varios \u00e1rboles ubicados en una zona protegida, han sido derribados debido a varias obras que se realizan en la zona Comuneros de Acatitl\u00e1n, en Valle de Bravo, denunciaron una incontrolable tala de \u00e1rboles\u2026","rel":"","context":"En &quot;CINTILLO&quot;","block_context":{"text":"CINTILLO","link":"http:\/\/www.grieta.org.mx\/index.php\/category\/cintillo\/"},"img":{"alt_text":"","src":"https:\/\/i0.wp.com\/www.grieta.org.mx\/wp-content\/uploads\/2021\/08\/Denuncian-tala-inmoderada-de-bosque-en-Valle-de-Bravo-edomex-ago.jpg?resize=350%2C200","width":350,"height":200,"srcset":"https:\/\/i0.wp.com\/www.grieta.org.mx\/wp-content\/uploads\/2021\/08\/Denuncian-tala-inmoderada-de-bosque-en-Valle-de-Bravo-edomex-ago.jpg?resize=350%2C200 1x, https:\/\/i0.wp.com\/www.grieta.org.mx\/wp-content\/uploads\/2021\/08\/Denuncian-tala-inmoderada-de-bosque-en-Valle-de-Bravo-edomex-ago.jpg?resize=525%2C300 1.5x, https:\/\/i0.wp.com\/www.grieta.org.mx\/wp-content\/uploads\/2021\/08\/Denuncian-tala-inmoderada-de-bosque-en-Valle-de-Bravo-edomex-ago.jpg?resize=700%2C400 2x"},"classes":[]},{"id":35306,"url":"http:\/\/www.grieta.org.mx\/index.php\/2019\/05\/23\/constructora-de-city-center-en-leon-catalogo-de-irregularidades-guanajuato\/","url_meta":{"origin":2339,"position":4},"title":"Constructora de City Center en Le\u00f3n: cat\u00e1logo de irregularidades (Guanajuato)","author":"grieta","date":"23 mayo, 2019","format":false,"excerpt":"Por Kennia-Velazquez\/ Pie de P\u00e1gina, 23 de mayo de 2019 Fotos: PopLab La oposici\u00f3n al proyecto comercial City Center, en Le\u00f3n, Guanajuato, que pone en peligro a Los C\u00e1rcamos, el \u00faltimo humedal del municipio, es una m\u00e1s de las batallas ciudadanas contra la empresa M\u00e9xico Retail Properties (MRP), que se\u2026","rel":"","context":"En &quot;CINTILLO&quot;","block_context":{"text":"CINTILLO","link":"http:\/\/www.grieta.org.mx\/index.php\/category\/cintillo\/"},"img":{"alt_text":"","src":"https:\/\/i0.wp.com\/www.grieta.org.mx\/wp-content\/uploads\/2019\/06\/pdp_poplab_kennv-1140x570-1.jpg?resize=350%2C200","width":350,"height":200,"srcset":"https:\/\/i0.wp.com\/www.grieta.org.mx\/wp-content\/uploads\/2019\/06\/pdp_poplab_kennv-1140x570-1.jpg?resize=350%2C200 1x, https:\/\/i0.wp.com\/www.grieta.org.mx\/wp-content\/uploads\/2019\/06\/pdp_poplab_kennv-1140x570-1.jpg?resize=525%2C300 1.5x, https:\/\/i0.wp.com\/www.grieta.org.mx\/wp-content\/uploads\/2019\/06\/pdp_poplab_kennv-1140x570-1.jpg?resize=700%2C400 2x, https:\/\/i0.wp.com\/www.grieta.org.mx\/wp-content\/uploads\/2019\/06\/pdp_poplab_kennv-1140x570-1.jpg?resize=1050%2C600 3x"},"classes":[]},{"id":9685,"url":"http:\/\/www.grieta.org.mx\/index.php\/2015\/03\/20\/sin-licencia-correspondiente-inicio-construccion-de-plaza-patio-tlalpan\/","url_meta":{"origin":2339,"position":5},"title":"Sin licencia correspondiente, inici\u00f3 construcci\u00f3n de plaza Patio Tlalpan","author":"grieta","date":"20 marzo, 2015","format":false,"excerpt":"La Jornada Por Agust\u00edn Salgado M\u00e9xico, DF. Iniciar la construcci\u00f3n de desarrollos comerciales sin contar con la autorizaci\u00f3n en materia ambiental no es cosa nueva en el Distrito Federal: la edificaci\u00f3n de Patio Tlalpan, centro comercial que tendr\u00e1 un Walmart como una de sus tiendas anclas, fue objeto, en abril\u2026","rel":"","context":"En &quot;CINTILLO&quot;","block_context":{"text":"CINTILLO","link":"http:\/\/www.grieta.org.mx\/index.php\/category\/cintillo\/"},"img":{"alt_text":"","src":"https:\/\/i0.wp.com\/www.grieta.org.mx\/wp-content\/uploads\/2018\/03\/14524434_1106112876131411_958039263622046936_o.jpg?resize=350%2C200","width":350,"height":200,"srcset":"https:\/\/i0.wp.com\/www.grieta.org.mx\/wp-content\/uploads\/2018\/03\/14524434_1106112876131411_958039263622046936_o.jpg?resize=350%2C200 1x, https:\/\/i0.wp.com\/www.grieta.org.mx\/wp-content\/uploads\/2018\/03\/14524434_1106112876131411_958039263622046936_o.jpg?resize=525%2C300 1.5x, https:\/\/i0.wp.com\/www.grieta.org.mx\/wp-content\/uploads\/2018\/03\/14524434_1106112876131411_958039263622046936_o.jpg?resize=700%2C400 2x"},"classes":[]}],"_links":{"self":[{"href":"http:\/\/www.grieta.org.mx\/index.php\/wp-json\/wp\/v2\/posts\/2339","targetHints":{"allow":["GET"]}}],"collection":[{"href":"http:\/\/www.grieta.org.mx\/index.php\/wp-json\/wp\/v2\/posts"}],"about":[{"href":"http:\/\/www.grieta.org.mx\/index.php\/wp-json\/wp\/v2\/types\/post"}],"author":[{"embeddable":true,"href":"http:\/\/www.grieta.org.mx\/index.php\/wp-json\/wp\/v2\/users\/2"}],"replies":[{"embeddable":true,"href":"http:\/\/www.grieta.org.mx\/index.php\/wp-json\/wp\/v2\/comments?post=2339"}],"version-history":[{"count":1,"href":"http:\/\/www.grieta.org.mx\/index.php\/wp-json\/wp\/v2\/posts\/2339\/revisions"}],"predecessor-version":[{"id":2341,"href":"http:\/\/www.grieta.org.mx\/index.php\/wp-json\/wp\/v2\/posts\/2339\/revisions\/2341"}],"wp:featuredmedia":[{"embeddable":true,"href":"http:\/\/www.grieta.org.mx\/index.php\/wp-json\/wp\/v2\/media\/21928"}],"wp:attachment":[{"href":"http:\/\/www.grieta.org.mx\/index.php\/wp-json\/wp\/v2\/media?parent=2339"}],"wp:term":[{"taxonomy":"category","embeddable":true,"href":"http:\/\/www.grieta.org.mx\/index.php\/wp-json\/wp\/v2\/categories?post=2339"},{"taxonomy":"post_tag","embeddable":true,"href":"http:\/\/www.grieta.org.mx\/index.php\/wp-json\/wp\/v2\/tags?post=2339"}],"curies":[{"name":"wp","href":"https:\/\/api.w.org\/{rel}","templated":true}]}}