{"id":23365,"date":"2018-05-29T20:19:10","date_gmt":"2018-05-30T01:19:10","guid":{"rendered":"http:\/\/www.grieta.org.mx\/?p=23365"},"modified":"2018-06-01T20:59:58","modified_gmt":"2018-06-02T01:59:58","slug":"fundacion-melipona-maya-comete-biopirateria-reitera-la-asamblea-muuch-xiinbal","status":"publish","type":"post","link":"http:\/\/www.grieta.org.mx\/index.php\/2018\/05\/29\/fundacion-melipona-maya-comete-biopirateria-reitera-la-asamblea-muuch-xiinbal\/","title":{"rendered":"Fundaci\u00f3n Melipona Maya comete biopirater\u00eda, reitera la asamblea M\u00fauch\u2019 X\u00edinbal"},"content":{"rendered":"<p>La Asamblea M\u00fauch\u2019 X\u00edinbal envi\u00f3 a nuestra redacci\u00f3n este texto donde reitera su acusaci\u00f3n contra Fundaci\u00f3n Melipona Maya y su presidente, y exhorta a las cooperativas de Tulum a no firmar ning\u00fan convenio bajo los conceptos del Protocolo de Nagoya, que con ello se legalizar\u00eda el despojo del pueblo maya.<\/p>\n<p>M\u00e9rida, 28 de mayo de 2018 (Asamblea Muuch\u2019 Xiinbal).\u2013 Alto a la biopirater\u00eda en tierra Maya . El pueblo maya no se vende, no se le burla, no se le amenaza. La Asamblea de Defensores del Territorio Maya \u201cM\u00fauch X\u00edinbal\u201d puntualiza que la denuncia presentada el 1 de mayo pasado contra la Fundaci\u00f3n Melipona Maya A.C. (FMM) y de su presidente, se\u00f1or Stephane Palmieri, est\u00e1 fundamentada en informaci\u00f3n ver\u00eddica, y con todas las pruebas.<\/p>\n<p>La FMM ha saqueado la selva, ha realizado despojo y crimen cultural al pueblo maya.  El saqueo de la selva para la extracci\u00f3n de colmenas de abejas meliponas, el despojo por el arrebato de jobones sagrados que son tradicionales en las comunidades mayas, el crimen cultural que se comete con la destrucci\u00f3n de jobones para promover su tecnificaci\u00f3n, la folclorizaci\u00f3n de ceremonias mayas en beneficio de la FMM que vela por los intereses del \u201cuso fruto de la miel\u201d y no por el pueblo maya y sus pr\u00e1cticas ancestrales; la implementaci\u00f3n del \u201cPlan de rescate del patrimonio gen\u00e9tico con m\u00e1s de doscientas colmenas madres\u201c producto del robo y crimen ecol\u00f3gico, el modelo de negocio de la FMM donde a las comunidades de ind\u00edgenas se les devuelve la semilla robada de la melipona, y m\u00e1s, est\u00e1 publicado a trav\u00e9s de textos y videos en diferentes secciones de la misma p\u00e1gina institucional de la Fundaci\u00f3n Melipona Maya A.C.<\/p>\n<p>\u00bfQu\u00e9 tanto es tantito?  Sin embargo,  a pesar de todos los hechos denunciados la respuesta de la FMM en su comunicado del 17 de mayo, argumenta c\u00ednicamente que han devuelto m\u00e1s de lo que confiesan haber robado y destrozado, con las cuentas siempre distintas y revueltas para que no se comprenda el total de las colmenas que han saqueado. Lo cierto es, que nada en absoluto subsana el tama\u00f1o de la agresi\u00f3n cometida<\/p>\n<p>El se\u00f1or Stephane Palmieri se jacta de ser el mes\u00edas y redentor de la melipona en Tulum, pero ya es hora tambi\u00e9n de poner un alto a su fantas\u00eda. El que la FMM haya prestado parte de las colmenas saqueadas a nuevas familias mayas en \u201ccomodato\u201d no quiere decir que la abeja melipona no existiera en Tulum, o que los ind\u00edgenas le deban \u201cal salvador\u201d el regreso de la meliponicultura por ense\u00f1arles a pasar las m\u00e1s de doscientas colmenas robadas a las cajitas y extraer la miel con jeringa. La meliponicultura, a\u00fan con sus declives por m\u00faltiples factores, ha persistido siempre en los solares de las comunidades Mayas.<\/p>\n<p><img decoding=\"async\" data-attachment-id=\"23367\" data-permalink=\"http:\/\/www.grieta.org.mx\/index.php\/2018\/05\/29\/fundacion-melipona-maya-comete-biopirateria-reitera-la-asamblea-muuch-xiinbal\/meliponaimagen01\/\" data-orig-file=\"http:\/\/www.grieta.org.mx\/wp-content\/uploads\/2018\/06\/Meliponaimagen01.png\" data-orig-size=\"489,254\" data-comments-opened=\"0\" data-image-meta=\"{&quot;aperture&quot;:&quot;0&quot;,&quot;credit&quot;:&quot;&quot;,&quot;camera&quot;:&quot;&quot;,&quot;caption&quot;:&quot;&quot;,&quot;created_timestamp&quot;:&quot;0&quot;,&quot;copyright&quot;:&quot;&quot;,&quot;focal_length&quot;:&quot;0&quot;,&quot;iso&quot;:&quot;0&quot;,&quot;shutter_speed&quot;:&quot;0&quot;,&quot;title&quot;:&quot;&quot;,&quot;orientation&quot;:&quot;0&quot;}\" data-image-title=\"Meliponaimagen01\" data-image-description=\"\" data-image-caption=\"\" data-medium-file=\"http:\/\/www.grieta.org.mx\/wp-content\/uploads\/2018\/06\/Meliponaimagen01-300x156.png\" data-large-file=\"http:\/\/www.grieta.org.mx\/wp-content\/uploads\/2018\/06\/Meliponaimagen01.png\" src=\"http:\/\/www.grieta.org.mx\/wp-content\/uploads\/2018\/06\/Meliponaimagen01.png\" alt=\"\" width=\"100%\" class=\"aligncenter size-full wp-image-23367\" srcset=\"http:\/\/www.grieta.org.mx\/wp-content\/uploads\/2018\/06\/Meliponaimagen01.png 489w, http:\/\/www.grieta.org.mx\/wp-content\/uploads\/2018\/06\/Meliponaimagen01-300x156.png 300w\" sizes=\"(max-width: 489px) 100vw, 489px\" \/><br \/>\nCorte de  jobones sagrados mayas y troncos. Primer enlace  \/ Segundo enlace <\/p>\n<p><img loading=\"lazy\" decoding=\"async\" data-attachment-id=\"23368\" data-permalink=\"http:\/\/www.grieta.org.mx\/index.php\/2018\/05\/29\/fundacion-melipona-maya-comete-biopirateria-reitera-la-asamblea-muuch-xiinbal\/meliponaimagen02\/\" data-orig-file=\"http:\/\/www.grieta.org.mx\/wp-content\/uploads\/2018\/06\/Meliponaimagen02.png\" data-orig-size=\"452,282\" data-comments-opened=\"0\" data-image-meta=\"{&quot;aperture&quot;:&quot;0&quot;,&quot;credit&quot;:&quot;&quot;,&quot;camera&quot;:&quot;&quot;,&quot;caption&quot;:&quot;&quot;,&quot;created_timestamp&quot;:&quot;0&quot;,&quot;copyright&quot;:&quot;&quot;,&quot;focal_length&quot;:&quot;0&quot;,&quot;iso&quot;:&quot;0&quot;,&quot;shutter_speed&quot;:&quot;0&quot;,&quot;title&quot;:&quot;&quot;,&quot;orientation&quot;:&quot;0&quot;}\" data-image-title=\"Meliponaimagen02\" data-image-description=\"\" data-image-caption=\"\" data-medium-file=\"http:\/\/www.grieta.org.mx\/wp-content\/uploads\/2018\/06\/Meliponaimagen02-300x187.png\" data-large-file=\"http:\/\/www.grieta.org.mx\/wp-content\/uploads\/2018\/06\/Meliponaimagen02.png\" src=\"http:\/\/www.grieta.org.mx\/wp-content\/uploads\/2018\/06\/Meliponaimagen02.png\" alt=\"\" width=\"452\" height=\"282\" class=\"aligncenter size-full wp-image-23368\" srcset=\"http:\/\/www.grieta.org.mx\/wp-content\/uploads\/2018\/06\/Meliponaimagen02.png 452w, http:\/\/www.grieta.org.mx\/wp-content\/uploads\/2018\/06\/Meliponaimagen02-300x187.png 300w\" sizes=\"auto, (max-width: 452px) 100vw, 452px\" \/><br \/>\nCorte de troncos talados de la selva para extraer colmenas.<\/p>\n<p>La FMM y el Sr. Stephane Palmieri se coronan en la biopirater\u00eda a costa de la meliponicultura del pueblo Maya. Enlace en el que fueron anunciados productos de la l\u00ednea MELIPONA por la empresa Ballot Flurin en convenio con la Fundaci\u00f3n Melipona Maya en el hotel Don Diego de la Selva, propiedad del Sr. Stephane Palmieri en Tulum Qroo. https:\/\/www.youtube.com\/watch?v=JmvzefIHaIY<\/p>\n<p> En respuesta a nuestra denuncia, la FMM argumenta que no es posible que se realizara los actos denunciados de BIOPIRATERIA, ya que seg\u00fan sus propias palabras \u201c\u2026sin la validaci\u00f3n de los acuerdos entre una empresa y los productores por parte de las autoridades, en el caso de M\u00e9xico la Semarnat, no existen posibilidades de mandar al extranjero muestras de miel para su an\u00e1lisis y menos sus patentes\u201c  <\/p>\n<p> Lo cierto es que con el Stephane Palmieri se viol\u00f3 todo proceso legal y m\u00e1s, puesto que gracias a \u00e9l, desde hace a\u00f1os hay productos con miel de melipona en venta por la empresa francesa Ballot Flurin, que agradece nada m\u00e1s ni nada menos que a Palmieri y a su FMM con un convenio de compra venta de miel y beneficios en donativos.<\/p>\n<p>Ballot Flurin tiene a la venta en euros una l\u00ednea de cosm\u00e9ticos con miel melipona que cuenta con una marca registrada y patentada con el nombre comercial \u201cMELIPONA\u201d, la cual es vendida en diversas tiendas a nivel internacional. Compartimos como prueba algunos enlaces de ellas:<\/p>\n<p> <img loading=\"lazy\" decoding=\"async\" data-attachment-id=\"23369\" data-permalink=\"http:\/\/www.grieta.org.mx\/index.php\/2018\/05\/29\/fundacion-melipona-maya-comete-biopirateria-reitera-la-asamblea-muuch-xiinbal\/meliponaimagen03\/\" data-orig-file=\"http:\/\/www.grieta.org.mx\/wp-content\/uploads\/2018\/06\/Meliponaimagen03.png\" data-orig-size=\"452,243\" data-comments-opened=\"0\" data-image-meta=\"{&quot;aperture&quot;:&quot;0&quot;,&quot;credit&quot;:&quot;&quot;,&quot;camera&quot;:&quot;&quot;,&quot;caption&quot;:&quot;&quot;,&quot;created_timestamp&quot;:&quot;0&quot;,&quot;copyright&quot;:&quot;&quot;,&quot;focal_length&quot;:&quot;0&quot;,&quot;iso&quot;:&quot;0&quot;,&quot;shutter_speed&quot;:&quot;0&quot;,&quot;title&quot;:&quot;&quot;,&quot;orientation&quot;:&quot;0&quot;}\" data-image-title=\"Meliponaimagen03\" data-image-description=\"\" data-image-caption=\"\" data-medium-file=\"http:\/\/www.grieta.org.mx\/wp-content\/uploads\/2018\/06\/Meliponaimagen03-300x161.png\" data-large-file=\"http:\/\/www.grieta.org.mx\/wp-content\/uploads\/2018\/06\/Meliponaimagen03.png\" src=\"http:\/\/www.grieta.org.mx\/wp-content\/uploads\/2018\/06\/Meliponaimagen03.png\" alt=\"\" width=\"452\" height=\"243\" class=\"aligncenter size-full wp-image-23369\" srcset=\"http:\/\/www.grieta.org.mx\/wp-content\/uploads\/2018\/06\/Meliponaimagen03.png 452w, http:\/\/www.grieta.org.mx\/wp-content\/uploads\/2018\/06\/Meliponaimagen03-300x161.png 300w\" sizes=\"auto, (max-width: 452px) 100vw, 452px\" \/><\/p>\n<p>Foto del enlace en donde se puede ver la l\u00ednea MELIPONA con marca registrada de la empresa Ballot-Flurin<\/p>\n<p> <img loading=\"lazy\" decoding=\"async\" data-attachment-id=\"23370\" data-permalink=\"http:\/\/www.grieta.org.mx\/index.php\/2018\/05\/29\/fundacion-melipona-maya-comete-biopirateria-reitera-la-asamblea-muuch-xiinbal\/meliponafotodelfacebook\/\" data-orig-file=\"http:\/\/www.grieta.org.mx\/wp-content\/uploads\/2018\/06\/Meliponafotodelfacebook.png\" data-orig-size=\"565,238\" data-comments-opened=\"0\" data-image-meta=\"{&quot;aperture&quot;:&quot;0&quot;,&quot;credit&quot;:&quot;&quot;,&quot;camera&quot;:&quot;&quot;,&quot;caption&quot;:&quot;&quot;,&quot;created_timestamp&quot;:&quot;0&quot;,&quot;copyright&quot;:&quot;&quot;,&quot;focal_length&quot;:&quot;0&quot;,&quot;iso&quot;:&quot;0&quot;,&quot;shutter_speed&quot;:&quot;0&quot;,&quot;title&quot;:&quot;&quot;,&quot;orientation&quot;:&quot;0&quot;}\" data-image-title=\"Meliponafotodelfacebook\" data-image-description=\"\" data-image-caption=\"\" data-medium-file=\"http:\/\/www.grieta.org.mx\/wp-content\/uploads\/2018\/06\/Meliponafotodelfacebook-300x126.png\" data-large-file=\"http:\/\/www.grieta.org.mx\/wp-content\/uploads\/2018\/06\/Meliponafotodelfacebook.png\" src=\"http:\/\/www.grieta.org.mx\/wp-content\/uploads\/2018\/06\/Meliponafotodelfacebook.png\" alt=\"\" width=\"565\" height=\"238\" class=\"aligncenter size-full wp-image-23370\" srcset=\"http:\/\/www.grieta.org.mx\/wp-content\/uploads\/2018\/06\/Meliponafotodelfacebook.png 565w, http:\/\/www.grieta.org.mx\/wp-content\/uploads\/2018\/06\/Meliponafotodelfacebook-300x126.png 300w\" sizes=\"auto, (max-width: 565px) 100vw, 565px\" \/><\/p>\n<p>Foto del Facebook de Ballot-Flurin en donde se puede ver la l\u00ednea de productos MELIPONA que incluye: B\u00e1lsamo para labios, cremas de manos, para el cutis y ampolletas de serum, todos fabricados con miel melipona. En el enlace tambi\u00e9n se da una explicaci\u00f3n sobre las abejas meliponas, y los beneficios de su miel.<\/p>\n<p>Con muestras de miel, Stephane Palmieri, presidente de la Fundaci\u00f3n Melipona Maya fue con el cuento a Francia de que ser\u00edan los salvadores de la melipona, lo cual le vali\u00f3 para que Catherine y su empresa Ballot-Flurin le apoyara con dinero por adelantado para financiar sus biopir\u00e1ticas promesas con venta de miel melipona a la firma, y con ella, realizaran productos, los registraran, los patentaran, y los comercializaran con la l\u00ednea MELIPONA que sali\u00f3 al mercado desde noviembre de 2014. Desde entonces, la firma francesa ha pagado en donativo el 10% de las ganancias por la venta de los productos a la FMM. En este enlace se comprueba lo dicho.<\/p>\n<p>Ballot Flurin expresa en su p\u00e1gina web una descripci\u00f3n detallada de las bondades de las mieles de melipona utilizadas en sus productos, mencionando que el origen de las mismas es la Pen\u00ednsula de Yucat\u00e1n, M\u00e9xico, y que son compradas en convenio con la Fundaci\u00f3n Melipona Maya. Menciona que despu\u00e9s del lanzamiento de productos naturales con la l\u00ednea MELIPONA, el crecimiento anual de la empresa se increment\u00f3 un 15 %, con jugosas ganancias en euros que tambi\u00e9n van al bolsillo del se\u00f1or Palmieri y  su fundaci\u00f3n, a costa del pueblo maya quien es due\u00f1o del conocimiento ancestral, de las abejas y de la miel que vende a Palmieri al \u201cprecio justo\u201d que a \u00e9l y a su FMM le conviene.<\/p>\n<p>Adicionalmente compartimos enlaces a otras tiendas en donde se menciona o comercializan los productos de la marca MELIPONA de la empresa francesa Ballot-Flurin:<\/p>\n<p>Primer enlace <\/p>\n<p>Segundo enlace <\/p>\n<p>Tercer enlace<\/p>\n<p>Cuarto enlace <\/p>\n<p> <img loading=\"lazy\" decoding=\"async\" data-attachment-id=\"23371\" data-permalink=\"http:\/\/www.grieta.org.mx\/index.php\/2018\/05\/29\/fundacion-melipona-maya-comete-biopirateria-reitera-la-asamblea-muuch-xiinbal\/meliponalineadeproduccion\/\" data-orig-file=\"http:\/\/www.grieta.org.mx\/wp-content\/uploads\/2018\/06\/Meliponalineadeproduccion.png\" data-orig-size=\"432,323\" data-comments-opened=\"0\" data-image-meta=\"{&quot;aperture&quot;:&quot;0&quot;,&quot;credit&quot;:&quot;&quot;,&quot;camera&quot;:&quot;&quot;,&quot;caption&quot;:&quot;&quot;,&quot;created_timestamp&quot;:&quot;0&quot;,&quot;copyright&quot;:&quot;&quot;,&quot;focal_length&quot;:&quot;0&quot;,&quot;iso&quot;:&quot;0&quot;,&quot;shutter_speed&quot;:&quot;0&quot;,&quot;title&quot;:&quot;&quot;,&quot;orientation&quot;:&quot;0&quot;}\" data-image-title=\"Meliponalineadeproduccion\" data-image-description=\"\" data-image-caption=\"\" data-medium-file=\"http:\/\/www.grieta.org.mx\/wp-content\/uploads\/2018\/06\/Meliponalineadeproduccion-300x224.png\" data-large-file=\"http:\/\/www.grieta.org.mx\/wp-content\/uploads\/2018\/06\/Meliponalineadeproduccion.png\" src=\"http:\/\/www.grieta.org.mx\/wp-content\/uploads\/2018\/06\/Meliponalineadeproduccion.png\" alt=\"\" width=\"432\" height=\"323\" class=\"aligncenter size-full wp-image-23371\" srcset=\"http:\/\/www.grieta.org.mx\/wp-content\/uploads\/2018\/06\/Meliponalineadeproduccion.png 432w, http:\/\/www.grieta.org.mx\/wp-content\/uploads\/2018\/06\/Meliponalineadeproduccion-300x224.png 300w\" sizes=\"auto, (max-width: 432px) 100vw, 432px\" \/><\/p>\n<p>L\u00ednea de productos marca Melipona de ballot flurin de venta en l\u00ednea con precio en euros.<\/p>\n<p> As\u00ed es como se coron\u00f3 la biopirater\u00eda que Stephane Palmieri protagoniz\u00f3 a trav\u00e9s de la Fundaci\u00f3n Melipona Maya A.C.<\/p>\n<p>\u00bfC\u00f3mo es posible que exista en el mercado una l\u00ednea de productos fabricados, registrados y patentados en Francia con miel melipona de la Pen\u00ednsula de Yucat\u00e1n?<\/p>\n<p>Esta venta NO tuvo ning\u00fan proceso de consulta con el pueblo maya, y mucho menos su autorizaci\u00f3n.<\/p>\n<p>Para que esta l\u00ednea de productos se haya desarrollado fue necesaria la venta ilegal de miel melipona en Francia, de lo cual acusamos a la FMM y al biopirata Stephane Palmieri, ya que realiz\u00f3 la extracci\u00f3n ilegal de los productos de las colmenas de la abeja melipona beecheiii del pa\u00eds por a\u00f1os.<\/p>\n<p>Actualmente, la FMM pretende continuar con este robo y biopirater\u00eda trav\u00e9s del protocolo de Nagoya.<\/p>\n<p>El Sr. Stephane Palmieri y la FMM promueven el protocolo de Nagoya para continuar con los despojos al pueblo Maya en contubernio con BIOMAR A.C., la SEDARPE, el Instituto Tecnol\u00f3gico Superior de Felipe Carrillo Puerto, la Universidad Intercultural Maya y la CDI.<\/p>\n<p>Implementando el protocolo de Nagoya, lo que se pretende es \u201clegalizar\u201d el saqueo de recursos de pa\u00edses ricos en biodiversidad como M\u00e9xico, para su comercio en mercados globales a trav\u00e9s de patentes en productos con material b\u00edogen\u00e9tico, aprovech\u00e1ndose de comunidades ind\u00edgenas para firmar con el supuesto modelo de \u201ccomercio justo\u201d que les promete asegurar el protocolo. Adem\u00e1s, a la firma del mismo se da paso a la industrializaci\u00f3n de una pr\u00e1ctica tradicional, cambiando la esencia y modo de vida de un pueblo y su cultura, que a la larga los despoja de la misma, amenazando tambi\u00e9n a la naturaleza.<\/p>\n<p>En otras palabras, el protocolo de Nagoya se disfraza como \u201cel instrumento legal\u201d dando cabida que a nivel internacional se exploten indiscriminadamente en un modelo industrial \u201crecursos naturales y bioculturales\u201d por empresas nacionales o extranjeras, que son quienes se apropian del conocimiento que por miles de a\u00f1os ha pertenecido a grupos originarios nativos, como el pueblo Maya.<\/p>\n<p>    \u201cEl protocolo de Nagoya y el sistema de patentes son una nueva forma de colonizar las comunidades ind\u00edgenas por medio de la apropiaci\u00f3n y mercantilizaci\u00f3n de seres vivos o elementos de los mismos, as\u00ed como de los conocimientos tradicionales de una cultura local para expandirse a mercados globales\u201d<\/p>\n<p>Desde un inicio, el objetivo del Palmieri ha sido promover la producci\u00f3n de miel melipona y que las comunidades ind\u00edgenas mayas le  vendan en el \u201cprecio justo\u201d en pesos, bajo la tutela del mercado de la Fundaci\u00f3n Melipona Maya para redituarle a \u00e9sta en euros.<\/p>\n<p>Para ello, a la FMM no s\u00f3lo la ha apoyado la empresa francesa Ballot-Flurin; como ya ha sido denunciado: el Sr. Stephane Palmieri ha embaucado a m\u00e1s personas, y ha firmado convenios de colaboraci\u00f3n con organizaciones, instituciones acad\u00e9micas y gubernamentales. Entre ellas ha recibido apoyo de la SEDARPE, que ha presentado n\u00fameros confusos en un proyecto dedazo que le fue designado a la FMM como estrat\u00e9gico, donde los beneficiarios no fueron realmente las comunidades mayas, sino el Instituto Tecnol\u00f3gico Superior de Felipe Carrillo Puerto, la Universidad Intercultural Maya y la misma FMM con quienes de manera \u201cintegral\u201d pretenden despojar al pueblo maya, pero ahora con la empresa BIOMAR A.C. y la gran farmac\u00e9utica francesa transnacional Expanscience.<\/p>\n<p>\u00bfPor qu\u00e9 el gobierno de Quintana Roo ha decidido entregar el recurso a la fundaci\u00f3n de un biopirata corrupto en lugar de darle el recurso directamente a las comunidades Mayas?<\/p>\n<p>En la denuncia realizada el 1 de mayo proporcionamos fotograf\u00edas tomadas de los videos institucionales publicados en la p\u00e1gina web oficial de la FMM, cifras, nombres con apellido, cargos, nombres de empresas, instituciones nacionales e internacionales y sus respectivas participaciones en todo este circo promovido por el Sr. Stephane Palmieri y su FMM.<\/p>\n<p>Para cerrar con broche de oro, en nuestra denuncia hacemos referencia al documento que  Palmieri present\u00f3 por primera vez a la CDI de Felipe Carrillo Puerto, (como si \u00e9l fuera ind\u00edgena maya), el cual fue rechazado en 2017. Posteriormente, el mismo documento se ingres\u00f3 nuevamente en 2018 a la CDI, solicitando apoyo econ\u00f3mico para el proyecto con la implementaci\u00f3n del protocolo de Nagoya, a trav\u00e9s de la empresa BIOMAR A.C. en contubernio con la FMM.<\/p>\n<p><img loading=\"lazy\" decoding=\"async\" data-attachment-id=\"23372\" data-permalink=\"http:\/\/www.grieta.org.mx\/index.php\/2018\/05\/29\/fundacion-melipona-maya-comete-biopirateria-reitera-la-asamblea-muuch-xiinbal\/meliponaportadadelproyecto\/\" data-orig-file=\"http:\/\/www.grieta.org.mx\/wp-content\/uploads\/2018\/06\/Meliponaportadadelproyecto.png\" data-orig-size=\"345,400\" data-comments-opened=\"0\" data-image-meta=\"{&quot;aperture&quot;:&quot;0&quot;,&quot;credit&quot;:&quot;&quot;,&quot;camera&quot;:&quot;&quot;,&quot;caption&quot;:&quot;&quot;,&quot;created_timestamp&quot;:&quot;0&quot;,&quot;copyright&quot;:&quot;&quot;,&quot;focal_length&quot;:&quot;0&quot;,&quot;iso&quot;:&quot;0&quot;,&quot;shutter_speed&quot;:&quot;0&quot;,&quot;title&quot;:&quot;&quot;,&quot;orientation&quot;:&quot;0&quot;}\" data-image-title=\"Meliponaportadadelproyecto\" data-image-description=\"\" data-image-caption=\"\" data-medium-file=\"http:\/\/www.grieta.org.mx\/wp-content\/uploads\/2018\/06\/Meliponaportadadelproyecto-259x300.png\" data-large-file=\"http:\/\/www.grieta.org.mx\/wp-content\/uploads\/2018\/06\/Meliponaportadadelproyecto.png\" src=\"http:\/\/www.grieta.org.mx\/wp-content\/uploads\/2018\/06\/Meliponaportadadelproyecto.png\" alt=\"\" width=\"345\" height=\"400\" class=\"aligncenter size-full wp-image-23372\" srcset=\"http:\/\/www.grieta.org.mx\/wp-content\/uploads\/2018\/06\/Meliponaportadadelproyecto.png 345w, http:\/\/www.grieta.org.mx\/wp-content\/uploads\/2018\/06\/Meliponaportadadelproyecto-259x300.png 259w\" sizes=\"auto, (max-width: 345px) 100vw, 345px\" \/><br \/>\nPortada del proyecto para el acceso a miel de meliponas y  la firma del Protocolo de Nagoya por BIOMAR A.C<\/p>\n<p> En ese documento se amenaza literalmente al pueblo maya en la p\u00e1gina no. 13. Amenaza que va incluso en contra del mismo mercenario protocolo de Nagoya, y donde es claro el dolo de todos los involucrados que desean la firma aprobatoria de los representantes de las cooperativas, que promovi\u00f3 con ese fin Palmieri con la FMM.<\/p>\n<p><img loading=\"lazy\" decoding=\"async\" data-attachment-id=\"23373\" data-permalink=\"http:\/\/www.grieta.org.mx\/index.php\/2018\/05\/29\/fundacion-melipona-maya-comete-biopirateria-reitera-la-asamblea-muuch-xiinbal\/meliponanagoya-1\/\" data-orig-file=\"http:\/\/www.grieta.org.mx\/wp-content\/uploads\/2018\/06\/Meliponanagoya-1.png\" data-orig-size=\"1195,538\" data-comments-opened=\"0\" data-image-meta=\"{&quot;aperture&quot;:&quot;0&quot;,&quot;credit&quot;:&quot;&quot;,&quot;camera&quot;:&quot;&quot;,&quot;caption&quot;:&quot;&quot;,&quot;created_timestamp&quot;:&quot;0&quot;,&quot;copyright&quot;:&quot;&quot;,&quot;focal_length&quot;:&quot;0&quot;,&quot;iso&quot;:&quot;0&quot;,&quot;shutter_speed&quot;:&quot;0&quot;,&quot;title&quot;:&quot;&quot;,&quot;orientation&quot;:&quot;0&quot;}\" data-image-title=\"Meliponanagoya-1\" data-image-description=\"\" data-image-caption=\"\" data-medium-file=\"http:\/\/www.grieta.org.mx\/wp-content\/uploads\/2018\/06\/Meliponanagoya-1-300x135.png\" data-large-file=\"http:\/\/www.grieta.org.mx\/wp-content\/uploads\/2018\/06\/Meliponanagoya-1-1024x461.png\" src=\"http:\/\/www.grieta.org.mx\/wp-content\/uploads\/2018\/06\/Meliponanagoya-1-1024x461.png\" alt=\"\" width=\"819\" height=\"368\" class=\"aligncenter size-large wp-image-23373\" srcset=\"http:\/\/www.grieta.org.mx\/wp-content\/uploads\/2018\/06\/Meliponanagoya-1-1024x461.png 1024w, http:\/\/www.grieta.org.mx\/wp-content\/uploads\/2018\/06\/Meliponanagoya-1-300x135.png 300w, http:\/\/www.grieta.org.mx\/wp-content\/uploads\/2018\/06\/Meliponanagoya-1-768x346.png 768w, http:\/\/www.grieta.org.mx\/wp-content\/uploads\/2018\/06\/Meliponanagoya-1-1111x500.png 1111w, http:\/\/www.grieta.org.mx\/wp-content\/uploads\/2018\/06\/Meliponanagoya-1.png 1195w\" sizes=\"auto, (max-width: 819px) 100vw, 819px\" \/><br \/>\nP\u00e1gina no.13 del Proyecto de Nagoya para el acceso a miel de melipona de BIOMAR A.C. y la FMM en donde marcado con color amarillo est\u00e1 el p\u00e1rrafo en donde se amenaza al pueblo Maya referido en nuestra denuncia.<\/p>\n<p>Este proyecto fue aceptado y apoyado por la CDI, en donde es palpable la agresi\u00f3n en contra del pueblo maya, la cual transcribimos nuevamente:<\/p>\n<p>    \u201cEn caso de no desarrollarse el Protocolo de Nagoya, entre el laboratorio franc\u00e9s y las comunidades ind\u00edgenas de la zona Maya de Tulum, el recurso gen\u00e9tico y los conocimientos tradicionales asociados a ella, quedar\u00e1 a disponibilidad de la empresa, pudi\u00e9ndola patentar y gozar de sus beneficios de manera exclusiva y sin la obligaci\u00f3n de compartir con los guardianes del recurso biol\u00f3gico\u201d<\/p>\n<p>Hacemos un llamado a nuestros hermanos mayas de las comunidades de Tulum, con la advertencia de NO FIRMAR ning\u00fan \u201cconvenio\u201d que les presenten con el protocolo de Nagoya. El inter\u00e9s de la empresa Expanscience, al igual que Ballot-Flurin y los coludidos en contubernio \u201clegal\u201d con este protocolo, es lograr que representantes de las nueve cooperativas promovidas por Stehpane Palmieri y la FMM firmen para vender la sabidur\u00eda maya, as\u00ed como la gen\u00e9tica de nuestras abejas y las propiedades de sus mieles. Firmar ese documento es dar la espalda a todo el pueblo maya de la Pen\u00ednsula de Yucat\u00e1n para que ajenos usurpen nuestro legado a su conveniencia.<\/p>\n<p>    El pueblo maya no est\u00e1 en venta. La vida de nuestra gente, nuestra madre tierra, la biodiversidad de nuestras selvas, nuestras abejas meliponas y el legado ancestral sagrado de nuestra cultura no se vende, no se burla y no se amenaza<\/p>\n<p>Para concluir, queremos aclarar en respuesta al comunicado oficial de la Fundaci\u00f3n Melipona Maya, que el Sr. Stephane Palmieri es un biopirata; que con su FMM miente, roba despoja y burla a mujeres y hombres de familias mayas, y que en cambio, la Asamblea Maya \u201cM\u00fauch X\u00edinbal\u201d trabaja en la defensa de nuestro territorio y de todo lo que en \u00e9l se encuentra, la naturaleza, la cultura y el pueblo Maya. Ambos NO somos lo mismo.<\/p>\n<p>La Asamblea de Defensores del Territorio Maya \u201cMuuch Xiinbal\u201d con todos los pueblos que nos respaldan de la Pen\u00ednsula de Yucat\u00e1n, as\u00ed como con las personas y organizaciones que nos apoyan, caminaremos lo necesario hasta lograr la cancelaci\u00f3n de patentes ilegales promovidas por el Sr. Stephane Palmieri y la Fundaci\u00f3n Melipona Maya A.C. Evitaremos a toda costa la biopirater\u00eda, y el protocolo de Nagoya que pretende legalizar el robo del conocimiento tradicional ancestral maya, nuestras abejas, y los productos de sus colmenas para beneficio de unos cuantos y extranjeros.<\/p>\n<p>Exigimos respeto y justicia al pueblo Maya, en nuestro territorio y en el mundo.\u2013 M\u00e9rida, 28 de mayo de 2018.<\/p>\n<p><a href=\"http:\/\/mayapolitikon.com\/biopirateria-fundacion\/\" rel=\"noopener\" target=\"_blank\">http:\/\/mayapolitikon.com\/biopirateria-fundacion\/<\/a><\/p>\n","protected":false},"excerpt":{"rendered":"<p>La Asamblea M\u00fauch\u2019 X\u00edinbal envi\u00f3 a nuestra redacci\u00f3n este texto donde reitera su acusaci\u00f3n contra Fundaci\u00f3n Melipona Maya y su presidente, y exhorta a las cooperativas de Tulum a no &hellip; <a href=\"http:\/\/www.grieta.org.mx\/index.php\/2018\/05\/29\/fundacion-melipona-maya-comete-biopirateria-reitera-la-asamblea-muuch-xiinbal\/\" class=\"more-link\">Leer m\u00e1s<\/a><\/p>\n","protected":false},"author":2,"featured_media":23367,"comment_status":"closed","ping_status":"closed","sticky":false,"template":"","format":"standard","meta":{"ngg_post_thumbnail":0,"_jetpack_newsletter_access":"","_jetpack_dont_email_post_to_subs":false,"_jetpack_newsletter_tier_id":0,"_jetpack_memberships_contains_paywalled_content":false,"_jetpack_memberships_contains_paid_content":false,"footnotes":""},"categories":[1294,1190,80,2,28,36],"tags":[160,1191,1295],"class_list":["post-23365","post","type-post","status-publish","format-standard","has-post-thumbnail","hentry","category-biopirateria-en-la-peninsula-de-yucatan","category-denuncian-biopirateria-en-la-peninsula-de-yucatan","category-cintillo","category-noticias-nacionales","category-quintana-roo","category-yucatan","tag-apicultores","tag-biopirateria","tag-melipona","entry"],"jetpack_featured_media_url":"http:\/\/www.grieta.org.mx\/wp-content\/uploads\/2018\/06\/Meliponaimagen01.png","jetpack_sharing_enabled":true,"jetpack_shortlink":"https:\/\/wp.me\/p7ZJR4-64R","jetpack_likes_enabled":false,"jetpack-related-posts":[{"id":22904,"url":"http:\/\/www.grieta.org.mx\/index.php\/2018\/05\/04\/con-la-fundacion-melipona-maya-un-extranjero-se-apodera-de-recurso-ancestral\/","url_meta":{"origin":23365,"position":0},"title":"Con la fundaci\u00f3n Melipona Maya, un extranjero se apodera de recurso ancestral (Quintana Roo)","author":"grieta","date":"4 mayo, 2018","format":false,"excerpt":"Por Fabiola Cort\u00e9s CANC\u00daN, MX.- En el 2010, el franc\u00e9s Stephane Palmieri, presidente de la Fundaci\u00f3n Melipona Maya, se asent\u00f3 en Tulum desde donde ide\u00f3 un proyecto: \u201crecuperar\u201d las \u2018colmenas\u2019 de meliponas, una especie de abeja end\u00e9mica de la Pen\u00ednsula, y cuya miel es altamente apreciada por sus atributos medicinales\u2026","rel":"","context":"En &quot;Biopirater\u00eda en la pen\u00ednsula de Yucat\u00e1n&quot;","block_context":{"text":"Biopirater\u00eda en la pen\u00ednsula de Yucat\u00e1n","link":"http:\/\/www.grieta.org.mx\/index.php\/category\/noticias-nacionales\/yucatan\/biopirateria-en-la-peninsula-de-yucatan\/"},"img":{"alt_text":"","src":"https:\/\/i0.wp.com\/www.grieta.org.mx\/wp-content\/uploads\/2018\/05\/BiopirateriaMelipona.jpg?resize=350%2C200","width":350,"height":200,"srcset":"https:\/\/i0.wp.com\/www.grieta.org.mx\/wp-content\/uploads\/2018\/05\/BiopirateriaMelipona.jpg?resize=350%2C200 1x, https:\/\/i0.wp.com\/www.grieta.org.mx\/wp-content\/uploads\/2018\/05\/BiopirateriaMelipona.jpg?resize=525%2C300 1.5x, https:\/\/i0.wp.com\/www.grieta.org.mx\/wp-content\/uploads\/2018\/05\/BiopirateriaMelipona.jpg?resize=700%2C400 2x"},"classes":[]},{"id":42500,"url":"http:\/\/www.grieta.org.mx\/index.php\/2019\/12\/19\/defensores-del-territorio-maya-cierran-2019-con-cinco-amenazas-en-su-contra\/","url_meta":{"origin":23365,"position":1},"title":"Defensores del territorio maya cierran 2019 con cinco amenazas en su contra","author":"grieta","date":"19 diciembre, 2019","format":false,"excerpt":"JOS\u00c9 NATIVIDAD IC XEC\/ Mayapolitikon Defensores del territorio maya M\u00fauch\u2019 X\u00edinbal, en Yucatan, se enfrentaron a cinco amenazas, unos a muerte, en menos de un a\u00f1o. La m\u00e1s reciente y la m\u00e1s grave fue la hecha contra el poeta Pedro Uc Be. Una de las primeras amenazas la recibieron la\u2026","rel":"","context":"En &quot;Agresiones y amenazas a defensor@s de derechos humanos y activistas en Yucat\u00e1n&quot;","block_context":{"text":"Agresiones y amenazas a defensor@s de derechos humanos y activistas en Yucat\u00e1n","link":"http:\/\/www.grieta.org.mx\/index.php\/category\/noticias-nacionales\/yucatan\/ataques-a-defensors-de-derechos-humanos-en-yucatan\/"},"img":{"alt_text":"","src":"https:\/\/i0.wp.com\/www.grieta.org.mx\/wp-content\/uploads\/2019\/12\/ConferenciaMuuch.png?resize=350%2C200","width":350,"height":200,"srcset":"https:\/\/i0.wp.com\/www.grieta.org.mx\/wp-content\/uploads\/2019\/12\/ConferenciaMuuch.png?resize=350%2C200 1x, https:\/\/i0.wp.com\/www.grieta.org.mx\/wp-content\/uploads\/2019\/12\/ConferenciaMuuch.png?resize=525%2C300 1.5x, https:\/\/i0.wp.com\/www.grieta.org.mx\/wp-content\/uploads\/2019\/12\/ConferenciaMuuch.png?resize=700%2C400 2x"},"classes":[]},{"id":62518,"url":"http:\/\/www.grieta.org.mx\/index.php\/2021\/10\/27\/jimenez-pons-suena-siniestro-y-criminal-advierten-opositores-del-tren-maya\/","url_meta":{"origin":23365,"position":2},"title":"Jim\u00e9nez Pons suena siniestro y criminal, advierten opositores del Tren Maya","author":"grieta","date":"27 octubre, 2021","format":false,"excerpt":"Herbeth Escalante \/ Haz Ruido La Asamblea M\u00fauch\u2019 X\u00edinbal recalc\u00f3 que el Gobierno federal diariamente ejerce descalificaci\u00f3n y amedrentamiento en contra de quienes luchan por la defensa de su territorio M\u00e9rida, Yucat\u00e1n, 27 de octubre de 2021.- Luego de que el director del Fondo Nacional de Fomento al Turismo (Fonatur),\u2026","rel":"","context":"En &quot;Campeche&quot;","block_context":{"text":"Campeche","link":"http:\/\/www.grieta.org.mx\/index.php\/category\/noticias-nacionales\/campeche\/"},"img":{"alt_text":"","src":"https:\/\/i0.wp.com\/www.grieta.org.mx\/wp-content\/uploads\/2021\/10\/TrenMayaAmenazas-e1635529330484.png?resize=350%2C200","width":350,"height":200,"srcset":"https:\/\/i0.wp.com\/www.grieta.org.mx\/wp-content\/uploads\/2021\/10\/TrenMayaAmenazas-e1635529330484.png?resize=350%2C200 1x, https:\/\/i0.wp.com\/www.grieta.org.mx\/wp-content\/uploads\/2021\/10\/TrenMayaAmenazas-e1635529330484.png?resize=525%2C300 1.5x, https:\/\/i0.wp.com\/www.grieta.org.mx\/wp-content\/uploads\/2021\/10\/TrenMayaAmenazas-e1635529330484.png?resize=700%2C400 2x"},"classes":[]},{"id":63716,"url":"http:\/\/www.grieta.org.mx\/index.php\/2022\/03\/09\/organizacion-indigena-condena-que-amlo-afirme-que-obras-del-tren-maya-no-se-detendran\/","url_meta":{"origin":23365,"position":3},"title":"Organizaci\u00f3n ind\u00edgena condena que AMLO afirme que obras del Tren Maya no se detendr\u00e1n","author":"grieta","date":"9 marzo, 2022","format":false,"excerpt":"Gloria Leticia D\u00edaz \/ Proceso CIUDAD DE M\u00c9XICO (apro).- La Asamblea de Defensores del Territorio Maya, M\u00fauch\u2019 X\u00edinbal, conden\u00f3 las declaraciones del presidente Andr\u00e9s Manuel L\u00f3pez Obrador quien sostuvo que las obras del Tren Maya continuar\u00e1n a pesar de resoluciones del Poder Judicial que ordenan parar su construcci\u00f3n en el\u2026","rel":"","context":"En &quot;Campeche&quot;","block_context":{"text":"Campeche","link":"http:\/\/www.grieta.org.mx\/index.php\/category\/noticias-nacionales\/campeche\/"},"img":{"alt_text":"","src":"https:\/\/i0.wp.com\/www.grieta.org.mx\/wp-content\/uploads\/2022\/03\/TrenOrganizacionIndigenaCondena-e1647560160318.png?resize=350%2C200","width":350,"height":200,"srcset":"https:\/\/i0.wp.com\/www.grieta.org.mx\/wp-content\/uploads\/2022\/03\/TrenOrganizacionIndigenaCondena-e1647560160318.png?resize=350%2C200 1x, https:\/\/i0.wp.com\/www.grieta.org.mx\/wp-content\/uploads\/2022\/03\/TrenOrganizacionIndigenaCondena-e1647560160318.png?resize=525%2C300 1.5x, https:\/\/i0.wp.com\/www.grieta.org.mx\/wp-content\/uploads\/2022\/03\/TrenOrganizacionIndigenaCondena-e1647560160318.png?resize=700%2C400 2x"},"classes":[]},{"id":62725,"url":"http:\/\/www.grieta.org.mx\/index.php\/2021\/11\/22\/asamblea-maya-acusa-a-torruco-y-jimenez-pons-de-ser-sicarios-del-turismo\/","url_meta":{"origin":23365,"position":4},"title":"Asamblea Maya acusa a Torruco y Jim\u00e9nez Pons de ser sicarios del turismo","author":"grieta","date":"22 noviembre, 2021","format":false,"excerpt":"Herbeth Escalante \/ Haz Ruido Tras las m\u00e1s recientes declaraciones de dichos funcionarios de la 4T en contra de los opositores del Tren Maya, M\u00fauch\u2019 X\u00edinbal critic\u00f3 que AMLO deja sueltos a sus sicarios para menospreciar, discriminar, atropellar, insultar y despojar a los pueblos originarios de sus derechos M\u00e9rida, Yucat\u00e1n,\u2026","rel":"","context":"En &quot;Campeche&quot;","block_context":{"text":"Campeche","link":"http:\/\/www.grieta.org.mx\/index.php\/category\/noticias-nacionales\/campeche\/"},"img":{"alt_text":"","src":"https:\/\/i0.wp.com\/www.grieta.org.mx\/wp-content\/uploads\/2021\/11\/Sicarios-e1637718991440.png?resize=350%2C200","width":350,"height":200,"srcset":"https:\/\/i0.wp.com\/www.grieta.org.mx\/wp-content\/uploads\/2021\/11\/Sicarios-e1637718991440.png?resize=350%2C200 1x, https:\/\/i0.wp.com\/www.grieta.org.mx\/wp-content\/uploads\/2021\/11\/Sicarios-e1637718991440.png?resize=525%2C300 1.5x, https:\/\/i0.wp.com\/www.grieta.org.mx\/wp-content\/uploads\/2021\/11\/Sicarios-e1637718991440.png?resize=700%2C400 2x"},"classes":[]},{"id":37688,"url":"http:\/\/www.grieta.org.mx\/index.php\/2019\/08\/08\/la-asamblea-de-defensores-del-territorio-maya-muuchxiinbal-denuncia-amenazas-y-hostigamiento-dirigidos-contra-el-defensor-del-territorio-gregorio-hau-caamal-y-otros-miembros-de-la-asamblea\/","url_meta":{"origin":23365,"position":5},"title":"La Asamblea de Defensores del Territorio Maya M\u00fauch\u00b4X\u00edinbal denuncia amenazas y hostigamiento dirigidos contra el defensor del territorio Gregorio Hau Caamal y otros miembros de  la Asamblea.","author":"grieta","date":"8 agosto, 2019","format":false,"excerpt":"ACCI\u00d3N URGENTE #1 LA ASAMBLEA DE DEFENSORES DEL TERRITORIO MAYA M\u00daUCH\u2019 X\u00cdINBAL DENUNCIA AMENAZAS Y HOSTIGAMIENTO DIRIGIDOS CONTRA EL DEFENSOR DEL TERRITORIO GREGORIO HAU CAAMAL Y OTROS MIEMBROS DE LA ASAMBLEA. A los medios nacionales e internacionales A las organizaciones en defensa de los derechos humanos A las comunidades ind\u00edgenas\u2026","rel":"","context":"En &quot;CINTILLO&quot;","block_context":{"text":"CINTILLO","link":"http:\/\/www.grieta.org.mx\/index.php\/category\/cintillo\/"},"img":{"alt_text":"","src":"https:\/\/i0.wp.com\/www.grieta.org.mx\/wp-content\/uploads\/2019\/08\/cni.png?resize=350%2C200","width":350,"height":200},"classes":[]}],"_links":{"self":[{"href":"http:\/\/www.grieta.org.mx\/index.php\/wp-json\/wp\/v2\/posts\/23365","targetHints":{"allow":["GET"]}}],"collection":[{"href":"http:\/\/www.grieta.org.mx\/index.php\/wp-json\/wp\/v2\/posts"}],"about":[{"href":"http:\/\/www.grieta.org.mx\/index.php\/wp-json\/wp\/v2\/types\/post"}],"author":[{"embeddable":true,"href":"http:\/\/www.grieta.org.mx\/index.php\/wp-json\/wp\/v2\/users\/2"}],"replies":[{"embeddable":true,"href":"http:\/\/www.grieta.org.mx\/index.php\/wp-json\/wp\/v2\/comments?post=23365"}],"version-history":[{"count":1,"href":"http:\/\/www.grieta.org.mx\/index.php\/wp-json\/wp\/v2\/posts\/23365\/revisions"}],"predecessor-version":[{"id":23376,"href":"http:\/\/www.grieta.org.mx\/index.php\/wp-json\/wp\/v2\/posts\/23365\/revisions\/23376"}],"wp:featuredmedia":[{"embeddable":true,"href":"http:\/\/www.grieta.org.mx\/index.php\/wp-json\/wp\/v2\/media\/23367"}],"wp:attachment":[{"href":"http:\/\/www.grieta.org.mx\/index.php\/wp-json\/wp\/v2\/media?parent=23365"}],"wp:term":[{"taxonomy":"category","embeddable":true,"href":"http:\/\/www.grieta.org.mx\/index.php\/wp-json\/wp\/v2\/categories?post=23365"},{"taxonomy":"post_tag","embeddable":true,"href":"http:\/\/www.grieta.org.mx\/index.php\/wp-json\/wp\/v2\/tags?post=23365"}],"curies":[{"name":"wp","href":"https:\/\/api.w.org\/{rel}","templated":true}]}}