{"id":2332,"date":"2015-08-24T03:43:24","date_gmt":"2015-08-24T03:43:24","guid":{"rendered":"http:\/\/50.22.11.12\/~grietaor\/?p=2332"},"modified":"2016-03-12T03:46:02","modified_gmt":"2016-03-12T03:46:02","slug":"han-declarado-303-personas-por-ninos-jornaleros-en-coahuila-pgje","status":"publish","type":"post","link":"http:\/\/www.grieta.org.mx\/index.php\/2015\/08\/24\/han-declarado-303-personas-por-ninos-jornaleros-en-coahuila-pgje\/","title":{"rendered":"Han declarado 303 personas por ni\u00f1os jornaleros en Coahuila: PGJE"},"content":{"rendered":"<p>Alma Gudi\u00f1o<\/p>\n<p><strong>7<\/strong> detenidos hasta el momento; <strong>307 <\/strong>personas fueron aseguradas, <strong>78<\/strong> menores y <strong>229<\/strong> adultos.<\/p>\n<p>SALTILLO, COAH., 24 de agosto.- La<strong> Procuradur\u00eda General de Justicia del Estado de Coahuila <\/strong>ha obtenido<strong> 303 declaraciones de testigos<\/strong> ligados a la<strong> explotaci\u00f3n de menores<\/strong> en dos <strong>predios El Pedregal y Santa Cruz, en el ejido Higo<\/strong>, del municipio de <strong>Ramos Arizpe<\/strong>.<\/p>\n<p><strong>Homero Ramos Gloria, procurador general de Justicia del Estado<\/strong>, dijo que se busca fincar la responsabilidad por trata de personas en su modalidad de explotaci\u00f3n laboral, por lo que la investigaci\u00f3n est\u00e1 integrada bajo este delito.<\/p>\n<p>En la <strong>Sala de Juicios Orales del Centro de Justicia Penal<\/strong>, ubicado sobre la carretera a Torre\u00f3n, en la colonia Saltillo 2000, de la capital del estado, se est\u00e1n desarrollando las audiencias que concluyen el d\u00eda 28 de este mes, donde se dictar\u00e1 la sentencia definitiva.<\/p>\n<p>Detall\u00f3 que al momento hay siete detenidos, entre ellos el due\u00f1o de la empresa Prokarne, propietaria de los predios agr\u00edcolas donde fueron aseguradas, 307 personas, 78 menores, entre ni\u00f1os, ni\u00f1as y adolescentes y 229 adultos.<\/p>\n<p>Ramos Gloria, a\u00f1adi\u00f3 que por la magnitud de la situaci\u00f3n y por tratarse de menores se consign\u00f3 la investigaci\u00f3n por parte de la Procuradur\u00eda del Estado como ya se hizo, pero ser\u00e1 el Juez quien determine lo conducente.<\/p>\n<p>Al ser cuestionado sobre la penalidad que podr\u00edan alcanzar los imputados, prefiri\u00f3 no adelantarse ya que todo se encuentra en manos de los jueces.<\/p>\n<p>Homero Ramos Gloria, dijo que \u00d3scar Lozano Ch\u00e1vez, propietario de la empresa de Prokarne, hasta el momento no ha tramitado ning\u00fan amparo, como se ha ventilado en algunos medios locales.<\/p>\n<p>Dejo en claro que en caso de que exista alguna otra conducta que determine alg\u00fan delito, se har\u00e1 lo correspondiente, sobre todo por tratarse de menores de edad.<\/p>\n<p><a href=\"http:\/\/www.excelsior.com.mx\/nacional\/2015\/08\/24\/1041906\" target=\"_blank\">www.excelsior.com.mx\/nacional\/2015\/08\/24\/1041906<\/a><\/p>\n","protected":false},"excerpt":{"rendered":"<p>Alma Gudi\u00f1o 7 detenidos hasta el momento; 307 personas fueron aseguradas, 78 menores y 229 adultos. SALTILLO, COAH., 24 de agosto.- La Procuradur\u00eda General de Justicia del Estado de Coahuila &hellip; <a href=\"http:\/\/www.grieta.org.mx\/index.php\/2015\/08\/24\/han-declarado-303-personas-por-ninos-jornaleros-en-coahuila-pgje\/\" class=\"more-link\">Leer m\u00e1s<\/a><\/p>\n","protected":false},"author":2,"featured_media":21928,"comment_status":"closed","ping_status":"open","sticky":false,"template":"","format":"standard","meta":{"ngg_post_thumbnail":0,"_jetpack_newsletter_access":"","_jetpack_dont_email_post_to_subs":false,"_jetpack_newsletter_tier_id":0,"_jetpack_memberships_contains_paywalled_content":false,"_jetpack_memberships_contains_paid_content":false,"footnotes":""},"categories":[80,250],"tags":[254,204],"class_list":["post-2332","post","type-post","status-publish","format-standard","has-post-thumbnail","hentry","category-cintillo","category-coahuila","tag-explotacion-de-menores","tag-jornaleros","entry"],"jetpack_featured_media_url":"http:\/\/www.grieta.org.mx\/wp-content\/uploads\/2018\/03\/14524434_1106112876131411_958039263622046936_o.jpg","jetpack_sharing_enabled":true,"jetpack_shortlink":"https:\/\/wp.me\/p7ZJR4-BC","jetpack_likes_enabled":false,"jetpack-related-posts":[{"id":2330,"url":"http:\/\/www.grieta.org.mx\/index.php\/2015\/08\/24\/coahuila-devuelve-jornaleros-a-sus-comunidades\/","url_meta":{"origin":2332,"position":0},"title":"Coahuila devuelve jornaleros a sus comunidades","author":"grieta","date":"24 agosto, 2015","format":false,"excerpt":"Leopoldo Ramos Corresponsal Peri\u00f3dico La Jornada Lunes 24 de agosto de 2015, p. 33 Saltillo, Coah. Autoridades estatales trasladaron a sus lugares de origen a 49 de los 78 menores de edad encontrados en dos campos agr\u00edcolas del municipio de Ramos Arizpe, donde eran explotados por la empresa ProKarne, cuyo\u2026","rel":"","context":"En &quot;CINTILLO&quot;","block_context":{"text":"CINTILLO","link":"http:\/\/www.grieta.org.mx\/index.php\/category\/cintillo\/"},"img":{"alt_text":"","src":"https:\/\/i0.wp.com\/www.grieta.org.mx\/wp-content\/uploads\/2018\/03\/14524434_1106112876131411_958039263622046936_o.jpg?resize=350%2C200","width":350,"height":200,"srcset":"https:\/\/i0.wp.com\/www.grieta.org.mx\/wp-content\/uploads\/2018\/03\/14524434_1106112876131411_958039263622046936_o.jpg?resize=350%2C200 1x, https:\/\/i0.wp.com\/www.grieta.org.mx\/wp-content\/uploads\/2018\/03\/14524434_1106112876131411_958039263622046936_o.jpg?resize=525%2C300 1.5x, https:\/\/i0.wp.com\/www.grieta.org.mx\/wp-content\/uploads\/2018\/03\/14524434_1106112876131411_958039263622046936_o.jpg?resize=700%2C400 2x"},"classes":[]},{"id":6618,"url":"http:\/\/www.grieta.org.mx\/index.php\/2015\/09\/14\/rescatan-a-jornaleros-de-coahuila-muchos-son-menores-de-edad\/","url_meta":{"origin":2332,"position":1},"title":"Rescatan a jornaleros de Coahuila: muchos son menores de edad","author":"grieta","date":"14 septiembre, 2015","format":false,"excerpt":"14\/09\/15. Denuncian nuevo caso de explotaci\u00f3n a jornaleros de SLP en Coahuila Pulso de San Luis 24\/08\/15. Coahuila devuelve jornaleros a sus comunidades La Jornada 24\/08\/15. Han declarado 303 personas por ni\u00f1os jornaleros en Coahuila: PGJE Excelsior 22\/08\/15. Ubican segundo predio en Coahuila donde explotaban a 209 jornaleros La Jornada\u2026","rel":"","context":"En &quot;Coahuila&quot;","block_context":{"text":"Coahuila","link":"http:\/\/www.grieta.org.mx\/index.php\/category\/noticias-nacionales\/coahuila\/"},"img":{"alt_text":"","src":"https:\/\/i0.wp.com\/www.grieta.org.mx\/wp-content\/uploads\/2018\/03\/14524434_1106112876131411_958039263622046936_o.jpg?resize=350%2C200","width":350,"height":200,"srcset":"https:\/\/i0.wp.com\/www.grieta.org.mx\/wp-content\/uploads\/2018\/03\/14524434_1106112876131411_958039263622046936_o.jpg?resize=350%2C200 1x, https:\/\/i0.wp.com\/www.grieta.org.mx\/wp-content\/uploads\/2018\/03\/14524434_1106112876131411_958039263622046936_o.jpg?resize=525%2C300 1.5x, https:\/\/i0.wp.com\/www.grieta.org.mx\/wp-content\/uploads\/2018\/03\/14524434_1106112876131411_958039263622046936_o.jpg?resize=700%2C400 2x"},"classes":[]},{"id":24141,"url":"http:\/\/www.grieta.org.mx\/index.php\/2015\/08\/20\/rescatan-a-54-ninos-explotados-como-jornaleros-en-coahuila\/","url_meta":{"origin":2332,"position":2},"title":"Rescatan a 54 ni\u00f1os explotados como jornaleros en Coahuila","author":"grieta","date":"20 agosto, 2015","format":false,"excerpt":"REGENERACI\u00d3N\/EFE La Procuradur\u00eda de los Ni\u00f1os, las Ni\u00f1as y la Familia (Pronnif) rescat\u00f3 54 ni\u00f1os de entre 200 jornaleros de un rancho propiedad de la empresa Prokarne del estado de Coahuila donde eran explotados A trav\u00e9s de un comunicado, se explic\u00f3 que las autoridades detectaron y aseguraron dos predios en\u2026","rel":"","context":"En &quot;CINTILLO&quot;","block_context":{"text":"CINTILLO","link":"http:\/\/www.grieta.org.mx\/index.php\/category\/cintillo\/"},"img":{"alt_text":"","src":"https:\/\/i0.wp.com\/www.grieta.org.mx\/wp-content\/uploads\/2018\/07\/Ni%C3%B1os-jornaleros-Coahuila.jpg?resize=350%2C200","width":350,"height":200,"srcset":"https:\/\/i0.wp.com\/www.grieta.org.mx\/wp-content\/uploads\/2018\/07\/Ni%C3%B1os-jornaleros-Coahuila.jpg?resize=350%2C200 1x, https:\/\/i0.wp.com\/www.grieta.org.mx\/wp-content\/uploads\/2018\/07\/Ni%C3%B1os-jornaleros-Coahuila.jpg?resize=525%2C300 1.5x"},"classes":[]},{"id":2336,"url":"http:\/\/www.grieta.org.mx\/index.php\/2015\/08\/21\/coahuila-explotan-a-200-menores-en-un-rancho-agricola\/","url_meta":{"origin":2332,"position":3},"title":"Coahuila: explotan a 200 menores en un rancho agr\u00edcola","author":"grieta","date":"21 agosto, 2015","format":false,"excerpt":"Leopoldo Ramos Corresponsal Peri\u00f3dico La Jornada Viernes 21 de agosto de 2015, p. 29 Saltillo, Coah. Unos 200 ni\u00f1os y adolescentes de entre ocho y 17 a\u00f1os de edad eran explotados en un campo agr\u00edcola del ejido Estaci\u00f3n Higo, en Ramos Arizpe, municipio conurbado a esta capital; 58 fueron rescatados\u2026","rel":"","context":"En &quot;CINTILLO&quot;","block_context":{"text":"CINTILLO","link":"http:\/\/www.grieta.org.mx\/index.php\/category\/cintillo\/"},"img":{"alt_text":"","src":"https:\/\/i0.wp.com\/www.grieta.org.mx\/wp-content\/uploads\/2018\/03\/14524434_1106112876131411_958039263622046936_o.jpg?resize=350%2C200","width":350,"height":200,"srcset":"https:\/\/i0.wp.com\/www.grieta.org.mx\/wp-content\/uploads\/2018\/03\/14524434_1106112876131411_958039263622046936_o.jpg?resize=350%2C200 1x, https:\/\/i0.wp.com\/www.grieta.org.mx\/wp-content\/uploads\/2018\/03\/14524434_1106112876131411_958039263622046936_o.jpg?resize=525%2C300 1.5x, https:\/\/i0.wp.com\/www.grieta.org.mx\/wp-content\/uploads\/2018\/03\/14524434_1106112876131411_958039263622046936_o.jpg?resize=700%2C400 2x"},"classes":[]},{"id":2334,"url":"http:\/\/www.grieta.org.mx\/index.php\/2015\/08\/22\/ubican-segundo-predio-en-coahuila-donde-explotaban-a-209-jornaleros\/","url_meta":{"origin":2332,"position":4},"title":"Ubican segundo predio en Coahuila donde explotaban a 209 jornaleros","author":"grieta","date":"22 agosto, 2015","format":false,"excerpt":"Leopoldo Ramos Corresponsal Peri\u00f3dico La Jornada S\u00e1bado 22 de agosto de 2015, p. 27 Saltillo, Coah. Autoridades estatales de Coahuila encontraron un segundo campo agr\u00edcola en el municipio conurbado de Ramos Arizpe, donde 209 personas (15 menores, 20 ancianos y 174 adultos) trabajaban jornadas hasta de 15 horas de lunes\u2026","rel":"","context":"En &quot;CINTILLO&quot;","block_context":{"text":"CINTILLO","link":"http:\/\/www.grieta.org.mx\/index.php\/category\/cintillo\/"},"img":{"alt_text":"","src":"https:\/\/i0.wp.com\/www.grieta.org.mx\/wp-content\/uploads\/2018\/03\/14524434_1106112876131411_958039263622046936_o.jpg?resize=350%2C200","width":350,"height":200,"srcset":"https:\/\/i0.wp.com\/www.grieta.org.mx\/wp-content\/uploads\/2018\/03\/14524434_1106112876131411_958039263622046936_o.jpg?resize=350%2C200 1x, https:\/\/i0.wp.com\/www.grieta.org.mx\/wp-content\/uploads\/2018\/03\/14524434_1106112876131411_958039263622046936_o.jpg?resize=525%2C300 1.5x, https:\/\/i0.wp.com\/www.grieta.org.mx\/wp-content\/uploads\/2018\/03\/14524434_1106112876131411_958039263622046936_o.jpg?resize=700%2C400 2x"},"classes":[]},{"id":13621,"url":"http:\/\/www.grieta.org.mx\/index.php\/2016\/06\/04\/explotacion-y-abuso-infantil-en-coahuila\/","url_meta":{"origin":2332,"position":5},"title":"Explotaci\u00f3n y abuso infantil en Coahuila","author":"grieta","date":"4 junio, 2016","format":false,"excerpt":"02\/06\/16. Toman padres de familia escuela La Prensa de Monclova Rescatan a jornaleros de Coahuila: muchos son menores de edad Pobladores de Cloete resisten a la miner\u00eda y condenan la explotaci\u00f3n laboral de menores","rel":"","context":"En &quot;Coahuila&quot;","block_context":{"text":"Coahuila","link":"http:\/\/www.grieta.org.mx\/index.php\/category\/noticias-nacionales\/coahuila\/"},"img":{"alt_text":"","src":"https:\/\/i0.wp.com\/www.grieta.org.mx\/wp-content\/uploads\/2018\/03\/14524434_1106112876131411_958039263622046936_o.jpg?resize=350%2C200","width":350,"height":200,"srcset":"https:\/\/i0.wp.com\/www.grieta.org.mx\/wp-content\/uploads\/2018\/03\/14524434_1106112876131411_958039263622046936_o.jpg?resize=350%2C200 1x, https:\/\/i0.wp.com\/www.grieta.org.mx\/wp-content\/uploads\/2018\/03\/14524434_1106112876131411_958039263622046936_o.jpg?resize=525%2C300 1.5x, https:\/\/i0.wp.com\/www.grieta.org.mx\/wp-content\/uploads\/2018\/03\/14524434_1106112876131411_958039263622046936_o.jpg?resize=700%2C400 2x"},"classes":[]}],"_links":{"self":[{"href":"http:\/\/www.grieta.org.mx\/index.php\/wp-json\/wp\/v2\/posts\/2332","targetHints":{"allow":["GET"]}}],"collection":[{"href":"http:\/\/www.grieta.org.mx\/index.php\/wp-json\/wp\/v2\/posts"}],"about":[{"href":"http:\/\/www.grieta.org.mx\/index.php\/wp-json\/wp\/v2\/types\/post"}],"author":[{"embeddable":true,"href":"http:\/\/www.grieta.org.mx\/index.php\/wp-json\/wp\/v2\/users\/2"}],"replies":[{"embeddable":true,"href":"http:\/\/www.grieta.org.mx\/index.php\/wp-json\/wp\/v2\/comments?post=2332"}],"version-history":[{"count":1,"href":"http:\/\/www.grieta.org.mx\/index.php\/wp-json\/wp\/v2\/posts\/2332\/revisions"}],"predecessor-version":[{"id":2333,"href":"http:\/\/www.grieta.org.mx\/index.php\/wp-json\/wp\/v2\/posts\/2332\/revisions\/2333"}],"wp:featuredmedia":[{"embeddable":true,"href":"http:\/\/www.grieta.org.mx\/index.php\/wp-json\/wp\/v2\/media\/21928"}],"wp:attachment":[{"href":"http:\/\/www.grieta.org.mx\/index.php\/wp-json\/wp\/v2\/media?parent=2332"}],"wp:term":[{"taxonomy":"category","embeddable":true,"href":"http:\/\/www.grieta.org.mx\/index.php\/wp-json\/wp\/v2\/categories?post=2332"},{"taxonomy":"post_tag","embeddable":true,"href":"http:\/\/www.grieta.org.mx\/index.php\/wp-json\/wp\/v2\/tags?post=2332"}],"curies":[{"name":"wp","href":"https:\/\/api.w.org\/{rel}","templated":true}]}}