{"id":23296,"date":"2018-05-24T21:34:17","date_gmt":"2018-05-25T02:34:17","guid":{"rendered":"http:\/\/www.grieta.org.mx\/?p=23296"},"modified":"2018-05-24T21:34:17","modified_gmt":"2018-05-25T02:34:17","slug":"trabajo-si-hay-pero-precario-san-luis-potosi","status":"publish","type":"post","link":"http:\/\/www.grieta.org.mx\/index.php\/2018\/05\/24\/trabajo-si-hay-pero-precario-san-luis-potosi\/","title":{"rendered":"Trabajo s\u00ed hay, pero precario (San Luis Potos\u00ed)"},"content":{"rendered":"<p><img decoding=\"async\" data-attachment-id=\"23297\" data-permalink=\"http:\/\/www.grieta.org.mx\/index.php\/2018\/05\/24\/trabajo-si-hay-pero-precario-san-luis-potosi\/trabajo-si-hay-pero-precario\/\" data-orig-file=\"http:\/\/www.grieta.org.mx\/wp-content\/uploads\/2018\/05\/Trabajo-s\u00ed-hay-pero-precario.jpeg\" data-orig-size=\"1600,1063\" data-comments-opened=\"0\" data-image-meta=\"{&quot;aperture&quot;:&quot;0&quot;,&quot;credit&quot;:&quot;&quot;,&quot;camera&quot;:&quot;&quot;,&quot;caption&quot;:&quot;&quot;,&quot;created_timestamp&quot;:&quot;0&quot;,&quot;copyright&quot;:&quot;&quot;,&quot;focal_length&quot;:&quot;0&quot;,&quot;iso&quot;:&quot;0&quot;,&quot;shutter_speed&quot;:&quot;0&quot;,&quot;title&quot;:&quot;&quot;,&quot;orientation&quot;:&quot;0&quot;}\" data-image-title=\"Trabajo s\u00ed hay, pero precario\" data-image-description=\"\" data-image-caption=\"\" data-medium-file=\"http:\/\/www.grieta.org.mx\/wp-content\/uploads\/2018\/05\/Trabajo-s\u00ed-hay-pero-precario-300x199.jpeg\" data-large-file=\"http:\/\/www.grieta.org.mx\/wp-content\/uploads\/2018\/05\/Trabajo-s\u00ed-hay-pero-precario-1024x680.jpeg\" src=\"http:\/\/www.grieta.org.mx\/wp-content\/uploads\/2018\/05\/Trabajo-s\u00ed-hay-pero-precario.jpeg\" alt=\"\" width=\"100%\" class=\"aligncenter size-full wp-image-23297\" srcset=\"http:\/\/www.grieta.org.mx\/wp-content\/uploads\/2018\/05\/Trabajo-s\u00ed-hay-pero-precario.jpeg 1600w, http:\/\/www.grieta.org.mx\/wp-content\/uploads\/2018\/05\/Trabajo-s\u00ed-hay-pero-precario-300x199.jpeg 300w, http:\/\/www.grieta.org.mx\/wp-content\/uploads\/2018\/05\/Trabajo-s\u00ed-hay-pero-precario-768x510.jpeg 768w, http:\/\/www.grieta.org.mx\/wp-content\/uploads\/2018\/05\/Trabajo-s\u00ed-hay-pero-precario-1024x680.jpeg 1024w, http:\/\/www.grieta.org.mx\/wp-content\/uploads\/2018\/05\/Trabajo-s\u00ed-hay-pero-precario-753x500.jpeg 753w\" sizes=\"(max-width: 1600px) 100vw, 1600px\" \/><\/p>\n<p>Lilia Quevedo\/Plano Informativo<\/p>\n<blockquote><p>Para comprar una canasta b\u00e1sica se necesitan de 4.5 a 6 salarios m\u00ednimos: Guillermo Lu\u00e9vano, investigador de la UASLP<\/p><\/blockquote>\n<p>Seg\u00fan los datos del Instituto Nacional de Estad\u00edstica y Geograf\u00eda (Inegi), el 2017 arroj\u00f3 el incremento de casi medio mill\u00f3n de plazas laborales.<\/p>\n<p>\u201cS\u00ed hay incremento de empleo, de puestos de trabajo, pero son los m\u00e1s mal pagados y los m\u00e1s precarizados, aquellos que no tienen prestaciones sociales\u201d, se\u00f1al\u00f3 Guillermo Luevano Bustamante, profesor-investigador de la Facultad de Derecho de la Universidad Aut\u00f3noma de San Luis Potos\u00ed (UASLP).<\/p>\n<p>El sesenta por ciento de los trabajadores en este pa\u00eds no cuentan con seguridad social, ni expectativas de condiciones para jubilarse.<\/p>\n<p>Si bien es cierto que la tasa de desempleo est\u00e1 por debajo del \u00e1mbito nacional (2.5% de acuerdo a cifras del Inegi), lo cierto es que los trabajos que se est\u00e1n ofertando son precarios y ofrecen de uno a dos salarios m\u00ednimos, explic\u00f3 el investigador universitario.<\/p>\n<p>Por el contrario, dijo, el salario que ha desaparecido es el de los trabajadores del sector privado que ganan hasta tres, cuatro y cinco salarios m\u00ednimos.<\/p>\n<p>\u201cIncluso con las nuevas inversiones de las plantas reci\u00e9n llegadas, de las f\u00e1bricas reci\u00e9n llegadas, ese empleo es normalmente pactado con sindicatos corporativos, con contratos de trabajo que no responden a las necesidades econ\u00f3micas de esta ciudad\u201d.<\/p>\n<p>Los candidatos a las presidencias municipales, diputaciones locales, federales y senadur\u00edas no est\u00e1n tomando como tema prioritario la pol\u00edtica laboral, no se trata de presumir la creaci\u00f3n de empleos, sino que se trata de la mejora de los espacios y las condiciones laborales.<\/p>\n<p>En las candidaturas locales y federales no se han escuchado propuestas para la inclusi\u00f3n de la seguridad social, pensiones y la mejora de salarios de la clase trabajadora.<\/p>\n<p>\u201cSimplemente ahora, para comprar la canasta b\u00e1sica se supone que bastar\u00eda con el salario m\u00ednimo y no es as\u00ed, se necesitan entre cuatro y medio y seis salarios m\u00ednimos para que den la canasta b\u00e1sica, se ha depreciado el salario m\u00ednimo en los \u00faltimos treinta a\u00f1os\u201d.<\/p>\n<p>La Organizaci\u00f3n Internacional del Trabajo (OIT) se\u00f1ala que no basta con que los candidatos o mandatarios prometan o presuman respectivamente la creaci\u00f3n de empleos, sino que se demanda calidad y seguridad a largo plazo.<\/p>\n<p><a href=\"http:\/\/planoinformativo.com\/592414\/trabajo-si-hay-pero-precario-slp\" rel=\"noopener\" target=\"_blank\">http:\/\/planoinformativo.com\/592414\/trabajo-si-hay-pero-precario-slp<\/a><\/p>\n","protected":false},"excerpt":{"rendered":"<p>Lilia Quevedo\/Plano Informativo Para comprar una canasta b\u00e1sica se necesitan de 4.5 a 6 salarios m\u00ednimos: Guillermo Lu\u00e9vano, investigador de la UASLP Seg\u00fan los datos del Instituto Nacional de Estad\u00edstica &hellip; <a href=\"http:\/\/www.grieta.org.mx\/index.php\/2018\/05\/24\/trabajo-si-hay-pero-precario-san-luis-potosi\/\" class=\"more-link\">Leer m\u00e1s<\/a><\/p>\n","protected":false},"author":2,"featured_media":23297,"comment_status":"closed","ping_status":"closed","sticky":false,"template":"","format":"standard","meta":{"ngg_post_thumbnail":0,"_jetpack_newsletter_access":"","_jetpack_dont_email_post_to_subs":false,"_jetpack_newsletter_tier_id":0,"_jetpack_memberships_contains_paywalled_content":false,"_jetpack_memberships_contains_paid_content":false,"footnotes":""},"categories":[80,910,1273,29,141,83],"tags":[1274,195,201,1275,378,147],"class_list":{"0":"post-23296","1":"post","2":"type-post","3":"status-publish","4":"format-standard","5":"has-post-thumbnail","6":"hentry","7":"category-cintillo","8":"category-explotacion-y-precariedad-laboral","9":"category-explotacion-y-precariedad-laboral-en-san-luis-potosi","10":"category-san-luis-potosi","12":"category-temas-nacionales","13":"tag-canasta-basica","14":"tag-explotacion","15":"tag-salarios","16":"tag-seguridad-social","17":"tag-sindicatos","18":"tag-trabajo","19":"entry"},"jetpack_featured_media_url":"http:\/\/www.grieta.org.mx\/wp-content\/uploads\/2018\/05\/Trabajo-s\u00ed-hay-pero-precario.jpeg","jetpack_sharing_enabled":true,"jetpack_shortlink":"https:\/\/wp.me\/p7ZJR4-63K","jetpack_likes_enabled":false,"jetpack-related-posts":[{"id":25545,"url":"http:\/\/www.grieta.org.mx\/index.php\/2018\/08\/15\/data-solo-el-4-4-de-los-potosinos-ganan-mas-de-5-salarios-minimos-san-luis-potosi\/","url_meta":{"origin":23296,"position":0},"title":"#Data: S\u00f3lo el 4.4% de los potosinos ganan m\u00e1s de 5 salarios m\u00ednimos (San Luis Potos\u00ed)","author":"grieta","date":"15 agosto, 2018","format":false,"excerpt":"Antena San Luis ES DECIR, PERCIBEN UN SUELDO ARRIBA DE LOS 441 PESOS DIARIOS En San Luis Potos\u00ed, s\u00f3lo el 4.4% de la Poblaci\u00f3n Econ\u00f3micamente Activa gana m\u00e1s de cinco salarios m\u00ednimos, es decir, perciben un sueldo arriba de los 441.80 pesos diarios. El resto sobrevive con un ingreso de\u2026","rel":"","context":"En &quot;CINTILLO&quot;","block_context":{"text":"CINTILLO","link":"http:\/\/www.grieta.org.mx\/index.php\/category\/cintillo\/"},"img":{"alt_text":"","src":"https:\/\/i0.wp.com\/www.grieta.org.mx\/wp-content\/uploads\/2018\/08\/Data-S%C3%B3lo-el-4.4-de-los-potosinos-ganan-m%C3%A1s-de-5-salarios-m%C3%ADnimos.jpg?resize=350%2C200","width":350,"height":200,"srcset":"https:\/\/i0.wp.com\/www.grieta.org.mx\/wp-content\/uploads\/2018\/08\/Data-S%C3%B3lo-el-4.4-de-los-potosinos-ganan-m%C3%A1s-de-5-salarios-m%C3%ADnimos.jpg?resize=350%2C200 1x, https:\/\/i0.wp.com\/www.grieta.org.mx\/wp-content\/uploads\/2018\/08\/Data-S%C3%B3lo-el-4.4-de-los-potosinos-ganan-m%C3%A1s-de-5-salarios-m%C3%ADnimos.jpg?resize=525%2C300 1.5x, https:\/\/i0.wp.com\/www.grieta.org.mx\/wp-content\/uploads\/2018\/08\/Data-S%C3%B3lo-el-4.4-de-los-potosinos-ganan-m%C3%A1s-de-5-salarios-m%C3%ADnimos.jpg?resize=700%2C400 2x"},"classes":[]},{"id":33100,"url":"http:\/\/www.grieta.org.mx\/index.php\/2019\/05\/02\/trabajadores-del-parque-tangamanga-reclaman-salario-san-luis-potosi\/","url_meta":{"origin":23296,"position":1},"title":"Trabajadores del Parque Tangamanga reclaman salario (San Luis Potos\u00ed)","author":"grieta","date":"2 mayo, 2019","format":false,"excerpt":"Plano Informativo Hay una presunta retenci\u00f3n del salario correspondiente a la segunda quincena del mes de abril y por la falta de seguridad social. San Luis Potos\u00ed, SLP.- Trabajadores de los parques Tangamanga I y II, se manifestaron al exterior del Palacio del Gobierno del Estado, por la presunta retenci\u00f3n\u2026","rel":"","context":"En &quot;CINTILLO&quot;","block_context":{"text":"CINTILLO","link":"http:\/\/www.grieta.org.mx\/index.php\/category\/cintillo\/"},"img":{"alt_text":"","src":"https:\/\/i0.wp.com\/www.grieta.org.mx\/wp-content\/uploads\/2019\/05\/Trabajadores-del-Parque-Tangamanga-reclaman-salario-slp-may.jpg?resize=350%2C200","width":350,"height":200,"srcset":"https:\/\/i0.wp.com\/www.grieta.org.mx\/wp-content\/uploads\/2019\/05\/Trabajadores-del-Parque-Tangamanga-reclaman-salario-slp-may.jpg?resize=350%2C200 1x, https:\/\/i0.wp.com\/www.grieta.org.mx\/wp-content\/uploads\/2019\/05\/Trabajadores-del-Parque-Tangamanga-reclaman-salario-slp-may.jpg?resize=525%2C300 1.5x, https:\/\/i0.wp.com\/www.grieta.org.mx\/wp-content\/uploads\/2019\/05\/Trabajadores-del-Parque-Tangamanga-reclaman-salario-slp-may.jpg?resize=700%2C400 2x, https:\/\/i0.wp.com\/www.grieta.org.mx\/wp-content\/uploads\/2019\/05\/Trabajadores-del-Parque-Tangamanga-reclaman-salario-slp-may.jpg?resize=1050%2C600 3x"},"classes":[]},{"id":55014,"url":"http:\/\/www.grieta.org.mx\/index.php\/2020\/11\/12\/trabajadores-del-canal-13-de-san-luis-potosi-estallan-huelga-por-adeudo-salarial\/","url_meta":{"origin":23296,"position":2},"title":"Trabajadores del Canal 13 de San Luis Potos\u00ed estallan huelga por adeudo salarial","author":"grieta","date":"12 noviembre, 2020","format":false,"excerpt":"Felipe C\u00e1rdenas\/El Sol de San Luis 12 noviembre 2020 Luego de 25 a\u00f1os de transmitir ininterrumpidamente la se\u00f1al de televisora potosina Canal 13 se apag\u00f3 debido a un estallamiento de huelga por adeudos salariales a la plantilla laboral. El estallamiento de huelga lo encabez\u00f3 el l\u00edder local del Sitatyr, Diego\u2026","rel":"","context":"En &quot;CINTILLO&quot;","block_context":{"text":"CINTILLO","link":"http:\/\/www.grieta.org.mx\/index.php\/category\/cintillo\/"},"img":{"alt_text":"","src":"https:\/\/i0.wp.com\/www.grieta.org.mx\/wp-content\/uploads\/2020\/11\/El-lider-del-Sitatyr-en-SLP-estallo%CC%81-la-huelga.jpg?resize=350%2C200","width":350,"height":200,"srcset":"https:\/\/i0.wp.com\/www.grieta.org.mx\/wp-content\/uploads\/2020\/11\/El-lider-del-Sitatyr-en-SLP-estallo%CC%81-la-huelga.jpg?resize=350%2C200 1x, https:\/\/i0.wp.com\/www.grieta.org.mx\/wp-content\/uploads\/2020\/11\/El-lider-del-Sitatyr-en-SLP-estallo%CC%81-la-huelga.jpg?resize=525%2C300 1.5x, https:\/\/i0.wp.com\/www.grieta.org.mx\/wp-content\/uploads\/2020\/11\/El-lider-del-Sitatyr-en-SLP-estallo%CC%81-la-huelga.jpg?resize=700%2C400 2x"},"classes":[]},{"id":35746,"url":"http:\/\/www.grieta.org.mx\/index.php\/2019\/07\/02\/empleados-de-cervecera-paran-labores-denuncian-bajos-sueldos-y-largas-jornadas-laborales-san-luis-potosi\/","url_meta":{"origin":23296,"position":3},"title":"Empleados de cervecera paran labores; denuncian bajos sueldos y largas jornadas laborales (San Luis Potos\u00ed)","author":"grieta","date":"2 julio, 2019","format":false,"excerpt":"Fotograf\u00eda: Pulso Imelda Hern\u00e1ndez \/ Pulso Alrededor de 250 empleados de la empresa Cervera Corona, ubicada en el Anillo Perif\u00e9rico iniciaron un paro de labores por tiempo indefinido, como protesta por los bajos salarios que perciben y la extensi\u00f3n en su horario de trabajo, el cual no se compensa econ\u00f3micamente.\u2026","rel":"","context":"En &quot;CINTILLO&quot;","block_context":{"text":"CINTILLO","link":"http:\/\/www.grieta.org.mx\/index.php\/category\/cintillo\/"},"img":{"alt_text":"","src":"https:\/\/i0.wp.com\/www.grieta.org.mx\/wp-content\/uploads\/2019\/07\/Empleados-de-cervecera-paran-labores-denuncian-bajos-sueldos-y-largas-jornadas-laborales-slp-jul.jpg?resize=350%2C200","width":350,"height":200,"srcset":"https:\/\/i0.wp.com\/www.grieta.org.mx\/wp-content\/uploads\/2019\/07\/Empleados-de-cervecera-paran-labores-denuncian-bajos-sueldos-y-largas-jornadas-laborales-slp-jul.jpg?resize=350%2C200 1x, https:\/\/i0.wp.com\/www.grieta.org.mx\/wp-content\/uploads\/2019\/07\/Empleados-de-cervecera-paran-labores-denuncian-bajos-sueldos-y-largas-jornadas-laborales-slp-jul.jpg?resize=525%2C300 1.5x"},"classes":[]},{"id":32012,"url":"http:\/\/www.grieta.org.mx\/index.php\/2019\/04\/10\/en-rezago-4-mil-demandas-laborales-en-slp-styps-san-luis-potosi\/","url_meta":{"origin":23296,"position":4},"title":"En rezago 4 mil demandas laborales en SLP: STyPS (San Luis Potos\u00ed)","author":"grieta","date":"10 abril, 2019","format":false,"excerpt":"Berenice Guti\u00e9rrez \/ GlobalMedia La cantidad es mayor a las que se prev\u00e9n anualmente, adem\u00e1s en el marco de la reforma laboral el secretario del Trabajo Manuel Lozano consider\u00f3 que dos o m\u00e1s organizaciones sindicales en una misma compa\u00f1\u00eda no es pr\u00e1ctico San Luis Potos\u00ed, M\u00e9xico (10 abril 2019).- En\u2026","rel":"","context":"En &quot;CINTILLO&quot;","block_context":{"text":"CINTILLO","link":"http:\/\/www.grieta.org.mx\/index.php\/category\/cintillo\/"},"img":{"alt_text":"","src":"https:\/\/i0.wp.com\/www.grieta.org.mx\/wp-content\/uploads\/2019\/04\/En-rezago-4-mil-demandas-laborales-en-SLP-STyPS-slp-abr.jpg?resize=350%2C200","width":350,"height":200,"srcset":"https:\/\/i0.wp.com\/www.grieta.org.mx\/wp-content\/uploads\/2019\/04\/En-rezago-4-mil-demandas-laborales-en-SLP-STyPS-slp-abr.jpg?resize=350%2C200 1x, https:\/\/i0.wp.com\/www.grieta.org.mx\/wp-content\/uploads\/2019\/04\/En-rezago-4-mil-demandas-laborales-en-SLP-STyPS-slp-abr.jpg?resize=525%2C300 1.5x"},"classes":[]},{"id":23802,"url":"http:\/\/www.grieta.org.mx\/index.php\/2018\/06\/17\/en-slp-mas-de-50-mil-ninos-y-ninas-trabajaron-en-2017-san-luis-potosi\/","url_meta":{"origin":23296,"position":5},"title":"En SLP m\u00e1s de 50 mil ni\u00f1os y ni\u00f1as trabajaron en 2017 (San Luis Potos\u00ed)","author":"grieta","date":"17 junio, 2018","format":false,"excerpt":"Roberto Mart\u00ednez\/Global Media Actualmente el estado ocupa el 15\u00b0 lugar a nivel nacional con mayor tasa de ocupaci\u00f3n infantil no permitida. Un total de 54 mil 148 menores de edad en San Luis Potos\u00ed realizaron en este 2017 alg\u00fan tipo de trabajo en actividades econ\u00f3micas no permitidas, ya sea debajo\u2026","rel":"","context":"En &quot;CINTILLO&quot;","block_context":{"text":"CINTILLO","link":"http:\/\/www.grieta.org.mx\/index.php\/category\/cintillo\/"},"img":{"alt_text":"","src":"https:\/\/i0.wp.com\/www.grieta.org.mx\/wp-content\/uploads\/2018\/06\/En-SLP-m%C3%A1s-de-50-mil-ni%C3%B1os-y-ni%C3%B1as-trabajaron-en-2017.jpg?resize=350%2C200","width":350,"height":200,"srcset":"https:\/\/i0.wp.com\/www.grieta.org.mx\/wp-content\/uploads\/2018\/06\/En-SLP-m%C3%A1s-de-50-mil-ni%C3%B1os-y-ni%C3%B1as-trabajaron-en-2017.jpg?resize=350%2C200 1x, https:\/\/i0.wp.com\/www.grieta.org.mx\/wp-content\/uploads\/2018\/06\/En-SLP-m%C3%A1s-de-50-mil-ni%C3%B1os-y-ni%C3%B1as-trabajaron-en-2017.jpg?resize=525%2C300 1.5x"},"classes":[]}],"_links":{"self":[{"href":"http:\/\/www.grieta.org.mx\/index.php\/wp-json\/wp\/v2\/posts\/23296","targetHints":{"allow":["GET"]}}],"collection":[{"href":"http:\/\/www.grieta.org.mx\/index.php\/wp-json\/wp\/v2\/posts"}],"about":[{"href":"http:\/\/www.grieta.org.mx\/index.php\/wp-json\/wp\/v2\/types\/post"}],"author":[{"embeddable":true,"href":"http:\/\/www.grieta.org.mx\/index.php\/wp-json\/wp\/v2\/users\/2"}],"replies":[{"embeddable":true,"href":"http:\/\/www.grieta.org.mx\/index.php\/wp-json\/wp\/v2\/comments?post=23296"}],"version-history":[{"count":1,"href":"http:\/\/www.grieta.org.mx\/index.php\/wp-json\/wp\/v2\/posts\/23296\/revisions"}],"predecessor-version":[{"id":23298,"href":"http:\/\/www.grieta.org.mx\/index.php\/wp-json\/wp\/v2\/posts\/23296\/revisions\/23298"}],"wp:featuredmedia":[{"embeddable":true,"href":"http:\/\/www.grieta.org.mx\/index.php\/wp-json\/wp\/v2\/media\/23297"}],"wp:attachment":[{"href":"http:\/\/www.grieta.org.mx\/index.php\/wp-json\/wp\/v2\/media?parent=23296"}],"wp:term":[{"taxonomy":"category","embeddable":true,"href":"http:\/\/www.grieta.org.mx\/index.php\/wp-json\/wp\/v2\/categories?post=23296"},{"taxonomy":"post_tag","embeddable":true,"href":"http:\/\/www.grieta.org.mx\/index.php\/wp-json\/wp\/v2\/tags?post=23296"}],"curies":[{"name":"wp","href":"https:\/\/api.w.org\/{rel}","templated":true}]}}