{"id":23236,"date":"2018-04-20T13:33:36","date_gmt":"2018-04-20T18:33:36","guid":{"rendered":"http:\/\/www.grieta.org.mx\/?p=23236"},"modified":"2018-07-03T10:26:42","modified_gmt":"2018-07-03T15:26:42","slug":"precarizacion-laboral-el-precio-del-boom-economico-del-bajio","status":"publish","type":"post","link":"http:\/\/www.grieta.org.mx\/index.php\/2018\/04\/20\/precarizacion-laboral-el-precio-del-boom-economico-del-bajio\/","title":{"rendered":"Precarizaci\u00f3n laboral, el precio del &#8220;boom&#8221; econ\u00f3mico del Baj\u00edo"},"content":{"rendered":"<figure id=\"attachment_23237\" aria-describedby=\"caption-attachment-23237\" style=\"width: 770px\" class=\"wp-caption aligncenter\"><img loading=\"lazy\" decoding=\"async\" data-attachment-id=\"23237\" data-permalink=\"http:\/\/www.grieta.org.mx\/index.php\/2018\/04\/20\/precarizacion-laboral-el-precio-del-boom-economico-del-bajio\/trabajadores-reuters-770\/\" data-orig-file=\"http:\/\/www.grieta.org.mx\/wp-content\/uploads\/2018\/05\/trabajadores-reuters-770.jpg\" data-orig-size=\"770,420\" data-comments-opened=\"0\" data-image-meta=\"{&quot;aperture&quot;:&quot;0&quot;,&quot;credit&quot;:&quot;&quot;,&quot;camera&quot;:&quot;&quot;,&quot;caption&quot;:&quot;&quot;,&quot;created_timestamp&quot;:&quot;0&quot;,&quot;copyright&quot;:&quot;&quot;,&quot;focal_length&quot;:&quot;0&quot;,&quot;iso&quot;:&quot;0&quot;,&quot;shutter_speed&quot;:&quot;0&quot;,&quot;title&quot;:&quot;&quot;,&quot;orientation&quot;:&quot;0&quot;}\" data-image-title=\"trabajadores-reuters-770\" data-image-description=\"\" data-image-caption=\"&lt;p&gt;Sector automotriz, el que ha impulsado el crecimiento de la regi\u00f3n, principalmente (Foto: Reuters)&lt;\/p&gt;\n\" data-medium-file=\"http:\/\/www.grieta.org.mx\/wp-content\/uploads\/2018\/05\/trabajadores-reuters-770-300x164.jpg\" data-large-file=\"http:\/\/www.grieta.org.mx\/wp-content\/uploads\/2018\/05\/trabajadores-reuters-770.jpg\" class=\"size-full wp-image-23237\" src=\"http:\/\/www.grieta.org.mx\/wp-content\/uploads\/2018\/05\/trabajadores-reuters-770.jpg\" alt=\"\" width=\"770\" height=\"420\" srcset=\"http:\/\/www.grieta.org.mx\/wp-content\/uploads\/2018\/05\/trabajadores-reuters-770.jpg 770w, http:\/\/www.grieta.org.mx\/wp-content\/uploads\/2018\/05\/trabajadores-reuters-770-300x164.jpg 300w, http:\/\/www.grieta.org.mx\/wp-content\/uploads\/2018\/05\/trabajadores-reuters-770-768x419.jpg 768w\" sizes=\"auto, (max-width: 770px) 100vw, 770px\" \/><figcaption id=\"caption-attachment-23237\" class=\"wp-caption-text\">Sector automotriz, el que ha impulsado el crecimiento de la regi\u00f3n, principalmente (Foto: Reuters)<\/figcaption><\/figure>\n<blockquote><p>Aguascalientes tiene un crecimiento tres veces mayor que el nacional<\/p><\/blockquote>\n<p>Laura Quintero\/ Econom\u00eda Hoy<\/p>\n<p>En los \u00faltimos a\u00f1os la regi\u00f3n del Baj\u00edo se ha posicionado como la zona de mayor crecimiento econ\u00f3mico del pa\u00eds, del 2010 al 2016 Aguascalientes obtuvo un crecimiento anual promedio de 6.1%, a este le sigui\u00f3 Quer\u00e9taro con 5.1% y Guanajuato con un 5.0%, mientras que la econom\u00eda nacional apenas creci\u00f3 por encima del 2%. Sin embargo, especialistas advierten que el crecimiento dispar y concentrado en entidades que han priorizado su industrializaci\u00f3n y que est\u00e1n vinculadas con el sector manufacturero y de exportaci\u00f3n han conseguido este crecimiento a costa de la precarizaci\u00f3n y el empobrecimiento laboral.<\/p>\n<p>Jos\u00e9 Luis de la Cruz, director del Instituto para el Desarrollo Industrial y Crecimiento Econ\u00f3mico (IDIC), explic\u00f3 que despu\u00e9s de la crisis del 2009 los estados que ten\u00edan menor precariedad como Nuevo Le\u00f3n y Aguascalientes se precarizaron para sobrellevarla, pero &#8220;una vez que pas\u00f3 la crisis la precariedad se elev\u00f3 a\u00fan m\u00e1s, la recuperaci\u00f3n econ\u00f3mica no lo revirti\u00f3, al contrario lo hizo con una informalidad que si bien retrocedi\u00f3 alcanz\u00f3 niveles de 2005&#8221;, asegur\u00f3 el especialista.<\/p>\n<p>En los \u00faltimos diez a\u00f1os Aguascalientes tuvo un crecimiento del 80% en la parte industrial mientras que Quer\u00e9taro creci\u00f3 70%. No obstante, el crecimiento no se vio reflejado en los salarios, ya que de acuerdo con la Encuesta Nacional de Ocupaci\u00f3n y Empleo (ENOE), elaborado por el Inegi, Aguascalientes tiene la posici\u00f3n n\u00famero 13 en salario promedio, a pesar de liderar en crecimiento econ\u00f3mico, al respecto el especialista detall\u00f3: &#8220;los estados en donde se ha tenido \u00e9xito en funci\u00f3n de las exportaciones, que es Aguascalientes y Quer\u00e9taro, principalmente, se obtuvo con base a precarizaci\u00f3n salarial, el modelo de apertura gener\u00f3 crecimiento en esos estados, son estados muy competitivos pero los buenos salarios han ido en retroceso&#8221;.<\/p>\n<p>De acuerdo con el \u00cdndice de Tendencia Laboral de la Pobreza del Coneval 28 entidades han tenido un incremento en el empobrecimiento de sus trabajadores en los \u00faltimos 10 a\u00f1os, es decir, son cada vez m\u00e1s los trabajadores que no puede adquirir la canasta alimentaria con el ingreso de su trabajo.<\/p>\n<p>Jos\u00e9 Luis de la Cruz indic\u00f3 que despu\u00e9s de la crisis econ\u00f3mica que se vivi\u00f3 a nivel global en el 2009 la desocupaci\u00f3n regres\u00f3 a sus tasas originales pero los salarios no se recuperaron, al contrario, siguieron en detrimento y la informalidad tampoco se redujo en la mayor\u00eda de los estados.<\/p>\n<p>De la Cruz detall\u00f3 que en el caso de Quer\u00e9taro tuvo un incremento en precariedad, en desocupaci\u00f3n pero logr\u00f3 reducir la informalidad, &#8220;lo que hay que preguntarse es en d\u00f3nde qued\u00f3 el crecimiento econ\u00f3mico si hubo reacci\u00f3n de malos salarios, en el caso Aguascalientes hubo m\u00e1s precarizaci\u00f3n pero logr\u00f3 reducir la informalidad&#8221;.<\/p>\n<p>Por su parte, Miguel Reyes, director del Observatorio de Salarios de la IBERO Puebla, explic\u00f3 que hay un patr\u00f3n que le ha sucedido a todas las entidades cuyo desarrollo est\u00e1 vinculado al comercio exterior y al TLCAN; son los corredores industriales de Quer\u00e9taro, Puebla-Tlaxcala, Aguascalientes, Guanajuato, tienen un alto dinamismo que s\u00ed generan empleos pero son precarios, de baja remuneraci\u00f3n y sin seguridad social, los salarios se establecen sin vinculaci\u00f3n a la productividad.<\/p>\n<p><strong>Sector automotriz, el &#8216;motor&#8217; del crecimiento<\/strong><\/p>\n<p>Los estados que conforman el Baj\u00edo han sido considerados la joya de la corona automotriz en M\u00e9xico, ya que el 60% de las plantas industriales de la regi\u00f3n pertenecen a este sector, en donde adem\u00e1s est\u00e1n instaladas grandes armadoras como General Motors, Nissan y Renault, Mazda, Foton, Honda y Toyota.<\/p>\n<p>Derivado de su actividad econ\u00f3mica del 2007 al 2016 las exportaciones de Quer\u00e9taro crecieron m\u00e1s del 200% y las de Aguascalientes el 77%, &#8220;pero lo hicieron con mayor precarizaci\u00f3n laboral. En t\u00e9rminos macroecon\u00f3micos estas entidades reflejan una gran econom\u00eda, pero cuando lo vemos por tama\u00f1o de la poblaci\u00f3n hay niveles muy bajos&#8221;, asegur\u00f3 Jos\u00e9 Luis de la Cruz.<\/p>\n<p>&#8220;En t\u00e9rminos de la distribuci\u00f3n de lo que se produce no les toca a los asalariados nada, hay empresas que tienen crecimiento extraordinarios pero que no tienen un contrapeso en los salarios. Tienes corredores industriales que tienen un auge, son muy grandes y que han crecido por su vinculaci\u00f3n con el comercio exterior&#8221;, explic\u00f3 Miguel Reyes.<\/p>\n<p><strong>El problema, m\u00e1s all\u00e1 del salario m\u00ednimo<\/strong><\/p>\n<p>De acuerdo con datos del Coneval entre 2010 y 2016 se pas\u00f3 de 59 millones 600,000 personas con ingreso menor a la l\u00ednea de bienestar a 66 millones 53,000, esto indica que hay un incremento de precarizaci\u00f3n. Adem\u00e1s, de acuerdo con cifras del Instituto Mexicano del Seguro Social (IMSS) de un total de 52 millones 400,000 personas ocupadas \u00fanicamente 531,000 tienen ingresos que superan los 10 salarios m\u00ednimos (26,500 pesos mensuales), lo que representa el 1% de la poblaci\u00f3n ocupada.<\/p>\n<p>&#8220;El problema no tiene que ver s\u00f3lo con el salario m\u00ednimo, si no con el mercado laboral donde lo que abunda es la precarizaci\u00f3n y la informalidad. Ha habido una p\u00e9rdida de los buenos salarios y lo que ha crecido son los bajos salarios&#8221;, asegur\u00f3 De la Cruz.<\/p>\n<p>Por ejemplo, en el caso de Quer\u00e9taro s\u00f3lo el 0.72% de la poblaci\u00f3n ocupada gana m\u00e1s de 10 salarios m\u00ednimos, y a pesar de que tiene una econom\u00eda en la que predomina la manufactura de exportaci\u00f3n &#8220;es evidente que hay un problema estructural, los estados que m\u00e1s crecen tampoco est\u00e1n creando el mejor empleo, el problema va m\u00e1s all\u00e1 del salario m\u00ednimo y lo que se requiere es revertir la precarizaci\u00f3n salarial&#8221;, afirm\u00f3.<\/p>\n<p>De acuerdo con un reporte de HR Raitings, de 2009 a 2017 la poblaci\u00f3n ocupada en M\u00e9xico con m\u00e1s de tres salarios m\u00ednimos se redujo en m\u00e1s de 3.1 millones. Al cierre del a\u00f1o pasado el mercado laboral mexicano continu\u00f3 expandi\u00e9ndose, pero la proporci\u00f3n de personas que perciben m\u00e1s de tres salarios m\u00ednimos y hasta cinco disminuy\u00f3 en los \u00faltimos 12 a\u00f1os, al pasar de cerca del 20% en 2005 a 16.2% en 2017. Es decir, s\u00f3lo el 16% de los ocupados percibe entre 5,763 y 9,605 pesos mensuales.<\/p>\n<p>&nbsp;<\/p>\n<p><a href=\"http:\/\/www.economiahoy.mx\/economia-eAm-mexico\/noticias\/9084694\/04\/18\/Precarizacion-laboral-el-precio-del-boom-economico-del-Bajio.html\">http:\/\/www.economiahoy.mx\/economia-eAm-mexico\/noticias\/9084694\/04\/18\/Precarizacion-laboral-el-precio-del-boom-economico-del-Bajio.html<\/a><\/p>\n","protected":false},"excerpt":{"rendered":"<p>Aguascalientes tiene un crecimiento tres veces mayor que el nacional Laura Quintero\/ Econom\u00eda Hoy En los \u00faltimos a\u00f1os la regi\u00f3n del Baj\u00edo se ha posicionado como la zona de mayor &hellip; <a href=\"http:\/\/www.grieta.org.mx\/index.php\/2018\/04\/20\/precarizacion-laboral-el-precio-del-boom-economico-del-bajio\/\" class=\"more-link\">Leer m\u00e1s<\/a><\/p>\n","protected":false},"author":2,"featured_media":23237,"comment_status":"closed","ping_status":"closed","sticky":false,"template":"","format":"standard","meta":{"ngg_post_thumbnail":0,"_jetpack_newsletter_access":"","_jetpack_dont_email_post_to_subs":false,"_jetpack_newsletter_tier_id":0,"_jetpack_memberships_contains_paywalled_content":false,"_jetpack_memberships_contains_paid_content":false,"footnotes":""},"categories":[4,80,911,1373,1258,17,2,27,83],"tags":[634,195,96],"class_list":["post-23236","post","type-post","status-publish","format-standard","has-post-thumbnail","hentry","category-aguascalientes","category-cintillo","category-explotacion-y-precariedad-laboral-analisis","category-explotacion-y-precariedad-laboral-en-aguascalientes","category-explotacion-y-precariedad-laboral-en-guanajuato","category-guanajuato","category-noticias-nacionales","category-queretaro","category-temas-nacionales","tag-condiciones-laborales","tag-explotacion","tag-megaproyectos","entry"],"jetpack_featured_media_url":"http:\/\/www.grieta.org.mx\/wp-content\/uploads\/2018\/05\/trabajadores-reuters-770.jpg","jetpack_sharing_enabled":true,"jetpack_shortlink":"https:\/\/wp.me\/p7ZJR4-62M","jetpack_likes_enabled":false,"jetpack-related-posts":[{"id":34022,"url":"http:\/\/www.grieta.org.mx\/index.php\/2019\/05\/28\/34-6-de-la-poblacion-de-aguascalientes-con-ingreso-insuficiente-para-una-alimentacion-basica\/","url_meta":{"origin":23236,"position":0},"title":"34.6% de la poblaci\u00f3n de Aguascalientes, con ingreso insuficiente para una alimentaci\u00f3n b\u00e1sica","author":"grieta","date":"28 mayo, 2019","format":false,"excerpt":"Redacci\u00f3n\/Desde la red Es de $1,542.40 per c\u00e1pita Aguascalientes, Ags.- En el primer trimestre de este a\u00f1o, los ingresos laborales del 34.6% de la poblaci\u00f3n de Aguascalientes fueron inferiores a lo necesario para cubrir el costo de la canasta alimentaria b\u00e1sica. Fue un porcentaje m\u00e1s bajo al 38.7% que se\u2026","rel":"","context":"En &quot;Aguascalientes&quot;","block_context":{"text":"Aguascalientes","link":"http:\/\/www.grieta.org.mx\/index.php\/category\/noticias-nacionales\/aguascalientes\/"},"img":{"alt_text":"","src":"https:\/\/i0.wp.com\/www.grieta.org.mx\/wp-content\/uploads\/2019\/05\/a3.jpg?resize=350%2C200","width":350,"height":200},"classes":[]},{"id":34016,"url":"http:\/\/www.grieta.org.mx\/index.php\/2019\/05\/29\/aguascalientes-supero-en-desempleo-a-zacatecas-san-luis-y-jalisco\/","url_meta":{"origin":23236,"position":1},"title":"Aguascalientes Super\u00f3 En Desempleo A Zacatecas, San Luis Y Jalisco","author":"grieta","date":"29 mayo, 2019","format":false,"excerpt":"Fabiola Cornejo\/Ultranoticias Para Aguascalientes La tasa de desempleo en abril pasado se ubic\u00f3 por encima de estados vecinos como Zacatecas, San Luis Potos\u00ed y Jalisco. De acuerdo para el INEGI, el mes de abril, Aguascalientes cerr\u00f3 con una desocupaci\u00f3n del 3.4%, mientras en Zacatecas fue del 3.2%, Jalisco 3.2% y\u2026","rel":"","context":"En &quot;Aguascalientes&quot;","block_context":{"text":"Aguascalientes","link":"http:\/\/www.grieta.org.mx\/index.php\/category\/noticias-nacionales\/aguascalientes\/"},"img":{"alt_text":"","src":"https:\/\/i0.wp.com\/www.grieta.org.mx\/wp-content\/uploads\/2019\/05\/a1.jpg?resize=350%2C200","width":350,"height":200,"srcset":"https:\/\/i0.wp.com\/www.grieta.org.mx\/wp-content\/uploads\/2019\/05\/a1.jpg?resize=350%2C200 1x, https:\/\/i0.wp.com\/www.grieta.org.mx\/wp-content\/uploads\/2019\/05\/a1.jpg?resize=525%2C300 1.5x, https:\/\/i0.wp.com\/www.grieta.org.mx\/wp-content\/uploads\/2019\/05\/a1.jpg?resize=700%2C400 2x, https:\/\/i0.wp.com\/www.grieta.org.mx\/wp-content\/uploads\/2019\/05\/a1.jpg?resize=1050%2C600 3x"},"classes":[]},{"id":63510,"url":"http:\/\/www.grieta.org.mx\/index.php\/2022\/02\/24\/acusan-represalias-en-mazda-salamanca-tras-despido-de-280-trabajadores-guanajuato\/","url_meta":{"origin":23236,"position":2},"title":"Acusan represalias en Mazda Salamanca tras despido de 280 trabajadores (Guanajuato","author":"grieta","date":"24 febrero, 2022","format":false,"excerpt":"Por: Redacci\u00f3n\/El Pulso Laboral, 24 de febrero de 2022 Otro conflicto laboral de grandes proporciones toca la puerta en el Baj\u00edo mexicano, ahora protagonizado por trabajadores de la empresa Mazda planta Salamanca, quienes acusan 280 despidos injustificados. El Movimiento Industrial Automotriz Independiente (MIAI) aglutina a un grupo de trabajadores de\u2026","rel":"","context":"En &quot;CINTILLO&quot;","block_context":{"text":"CINTILLO","link":"http:\/\/www.grieta.org.mx\/index.php\/category\/cintillo\/"},"img":{"alt_text":"","src":"https:\/\/i0.wp.com\/www.grieta.org.mx\/wp-content\/uploads\/2022\/02\/284UO_MAZDA.jpg?resize=350%2C200","width":350,"height":200,"srcset":"https:\/\/i0.wp.com\/www.grieta.org.mx\/wp-content\/uploads\/2022\/02\/284UO_MAZDA.jpg?resize=350%2C200 1x, https:\/\/i0.wp.com\/www.grieta.org.mx\/wp-content\/uploads\/2022\/02\/284UO_MAZDA.jpg?resize=525%2C300 1.5x, https:\/\/i0.wp.com\/www.grieta.org.mx\/wp-content\/uploads\/2022\/02\/284UO_MAZDA.jpg?resize=700%2C400 2x, https:\/\/i0.wp.com\/www.grieta.org.mx\/wp-content\/uploads\/2022\/02\/284UO_MAZDA.jpg?resize=1050%2C600 3x"},"classes":[]},{"id":51268,"url":"http:\/\/www.grieta.org.mx\/index.php\/2020\/06\/16\/trabajadores-y-ex-empleados-protestan-en-planta-de-nissan-en-aguascalientes\/","url_meta":{"origin":23236,"position":3},"title":"Trabajadores y ex empleados protestan en planta de Nissan, en Aguascalientes","author":"grieta","date":"16 junio, 2020","format":false,"excerpt":"Liberto Ure\u00f1a\/Milenio 16 junio 2020 Los manifestantes impidieron el tr\u00e1nsito en la carretera 45 Sur; exigen libertad sindical, reajuste en salarios y horarios de funciones. Los manifestantes se instalaron frente a los accesos de la empresa en Aguascalientes. (Foto: Liberto Ure\u00f1a) Cerca de 100 trabajadores despedidos y algunos en activo\u2026","rel":"","context":"En &quot;Aguascalientes&quot;","block_context":{"text":"Aguascalientes","link":"http:\/\/www.grieta.org.mx\/index.php\/category\/noticias-nacionales\/aguascalientes\/"},"img":{"alt_text":"","src":"https:\/\/i0.wp.com\/www.grieta.org.mx\/wp-content\/uploads\/2020\/06\/manifestantes-instalaron-frente-accesos-empresa_0_27_1200_746.jpeg?resize=350%2C200","width":350,"height":200,"srcset":"https:\/\/i0.wp.com\/www.grieta.org.mx\/wp-content\/uploads\/2020\/06\/manifestantes-instalaron-frente-accesos-empresa_0_27_1200_746.jpeg?resize=350%2C200 1x, https:\/\/i0.wp.com\/www.grieta.org.mx\/wp-content\/uploads\/2020\/06\/manifestantes-instalaron-frente-accesos-empresa_0_27_1200_746.jpeg?resize=525%2C300 1.5x, https:\/\/i0.wp.com\/www.grieta.org.mx\/wp-content\/uploads\/2020\/06\/manifestantes-instalaron-frente-accesos-empresa_0_27_1200_746.jpeg?resize=700%2C400 2x"},"classes":[]},{"id":50376,"url":"http:\/\/www.grieta.org.mx\/index.php\/2020\/06\/04\/nissan-despide-300-personas-en-aguascalientes\/","url_meta":{"origin":23236,"position":4},"title":"Nissan despide 300 personas en Aguascalientes","author":"grieta","date":"4 junio, 2020","format":false,"excerpt":"Jennifer Gonz\u00e1lez\/Expansi\u00f3n 4 junio 2020 500 personas dejar\u00e1n de trabajar en la planta de Nissan y en el sector de autopartes a partir de este lunes, informaron organizaciones sindicales. M\u00e9xico es el mayor proveedor de partes y componentes automotrices para Estados Unidos. (gerenme\/Getty Images\/iStockphoto) La armadora japonesa Nissan, que emplea\u2026","rel":"","context":"En &quot;CINTILLO&quot;","block_context":{"text":"CINTILLO","link":"http:\/\/www.grieta.org.mx\/index.php\/category\/cintillo\/"},"img":{"alt_text":"","src":"https:\/\/i0.wp.com\/www.grieta.org.mx\/wp-content\/uploads\/2020\/06\/autopartes.jpg?resize=350%2C200","width":350,"height":200,"srcset":"https:\/\/i0.wp.com\/www.grieta.org.mx\/wp-content\/uploads\/2020\/06\/autopartes.jpg?resize=350%2C200 1x, https:\/\/i0.wp.com\/www.grieta.org.mx\/wp-content\/uploads\/2020\/06\/autopartes.jpg?resize=525%2C300 1.5x, https:\/\/i0.wp.com\/www.grieta.org.mx\/wp-content\/uploads\/2020\/06\/autopartes.jpg?resize=700%2C400 2x, https:\/\/i0.wp.com\/www.grieta.org.mx\/wp-content\/uploads\/2020\/06\/autopartes.jpg?resize=1050%2C600 3x, https:\/\/i0.wp.com\/www.grieta.org.mx\/wp-content\/uploads\/2020\/06\/autopartes.jpg?resize=1400%2C800 4x"},"classes":[]},{"id":28058,"url":"http:\/\/www.grieta.org.mx\/index.php\/2018\/12\/19\/nissan-recorta-a-mil-trabajadores-en-aguascalientes-y-cuernavaca\/","url_meta":{"origin":23236,"position":5},"title":"Nissan recorta a mil trabajadores en Aguascalientes y Cuernavaca","author":"grieta","date":"19 diciembre, 2018","format":false,"excerpt":"AGUASCALIENTES, Ags., (apro).- La empresa automotriz Nissan Mexicana anunci\u00f3 un recorte de mil plazas en las plantas armadoras con las que cuenta, ubicadas en Aguascalientes y Cuernavaca, argumentando las cambiantes condiciones de mercado en M\u00e9xico y Estados Unidos. A trav\u00e9s de un comunicado oficial, Nissan explic\u00f3 que se ajustar\u00e1 a\u2026","rel":"","context":"En &quot;Aguascalientes&quot;","block_context":{"text":"Aguascalientes","link":"http:\/\/www.grieta.org.mx\/index.php\/category\/noticias-nacionales\/aguascalientes\/"},"img":{"alt_text":"","src":"https:\/\/i0.wp.com\/www.grieta.org.mx\/wp-content\/uploads\/2018\/03\/14524434_1106112876131411_958039263622046936_o.jpg?resize=350%2C200","width":350,"height":200,"srcset":"https:\/\/i0.wp.com\/www.grieta.org.mx\/wp-content\/uploads\/2018\/03\/14524434_1106112876131411_958039263622046936_o.jpg?resize=350%2C200 1x, https:\/\/i0.wp.com\/www.grieta.org.mx\/wp-content\/uploads\/2018\/03\/14524434_1106112876131411_958039263622046936_o.jpg?resize=525%2C300 1.5x, https:\/\/i0.wp.com\/www.grieta.org.mx\/wp-content\/uploads\/2018\/03\/14524434_1106112876131411_958039263622046936_o.jpg?resize=700%2C400 2x"},"classes":[]}],"_links":{"self":[{"href":"http:\/\/www.grieta.org.mx\/index.php\/wp-json\/wp\/v2\/posts\/23236","targetHints":{"allow":["GET"]}}],"collection":[{"href":"http:\/\/www.grieta.org.mx\/index.php\/wp-json\/wp\/v2\/posts"}],"about":[{"href":"http:\/\/www.grieta.org.mx\/index.php\/wp-json\/wp\/v2\/types\/post"}],"author":[{"embeddable":true,"href":"http:\/\/www.grieta.org.mx\/index.php\/wp-json\/wp\/v2\/users\/2"}],"replies":[{"embeddable":true,"href":"http:\/\/www.grieta.org.mx\/index.php\/wp-json\/wp\/v2\/comments?post=23236"}],"version-history":[{"count":1,"href":"http:\/\/www.grieta.org.mx\/index.php\/wp-json\/wp\/v2\/posts\/23236\/revisions"}],"predecessor-version":[{"id":24090,"href":"http:\/\/www.grieta.org.mx\/index.php\/wp-json\/wp\/v2\/posts\/23236\/revisions\/24090"}],"wp:featuredmedia":[{"embeddable":true,"href":"http:\/\/www.grieta.org.mx\/index.php\/wp-json\/wp\/v2\/media\/23237"}],"wp:attachment":[{"href":"http:\/\/www.grieta.org.mx\/index.php\/wp-json\/wp\/v2\/media?parent=23236"}],"wp:term":[{"taxonomy":"category","embeddable":true,"href":"http:\/\/www.grieta.org.mx\/index.php\/wp-json\/wp\/v2\/categories?post=23236"},{"taxonomy":"post_tag","embeddable":true,"href":"http:\/\/www.grieta.org.mx\/index.php\/wp-json\/wp\/v2\/tags?post=23236"}],"curies":[{"name":"wp","href":"https:\/\/api.w.org\/{rel}","templated":true}]}}