{"id":23231,"date":"2018-05-15T12:57:21","date_gmt":"2018-05-15T17:57:21","guid":{"rendered":"http:\/\/www.grieta.org.mx\/?p=23231"},"modified":"2018-05-20T13:06:14","modified_gmt":"2018-05-20T18:06:14","slug":"otro-periodista-asesinado-ejecutan-a-juan-carlos-huerta-en-tabasco-2","status":"publish","type":"post","link":"http:\/\/www.grieta.org.mx\/index.php\/2018\/05\/15\/otro-periodista-asesinado-ejecutan-a-juan-carlos-huerta-en-tabasco-2\/","title":{"rendered":"OTRO PERIODISTA ASESINADO: EJECUTAN A JUAN CARLOS HUERTA EN TABASCO"},"content":{"rendered":"<p>J. de Jes\u00fas Lemus, Reporte Indigo<\/p>\n<blockquote><p>Apenas el pasado mes de diciembre este comunicador fue reconocido en su labor profesional por el Senado de la Rep\u00fablica, en donde recibi\u00f3 el Premio Nacional de Locuci\u00f3n 2017 en el g\u00e9nero de noticias, el que otorga la Asociaci\u00f3n Nacional de Locutores<\/p><\/blockquote>\n<p><img decoding=\"async\" data-attachment-id=\"23232\" data-permalink=\"http:\/\/www.grieta.org.mx\/index.php\/2018\/05\/15\/otro-periodista-asesinado-ejecutan-a-juan-carlos-huerta-en-tabasco-2\/asesinan-al-periodista-juan-carlos-huerta-1024x598-2\/\" data-orig-file=\"http:\/\/www.grieta.org.mx\/wp-content\/uploads\/2018\/05\/asesinan-al-periodista-juan-carlos-huerta-1024x598-1.jpg\" data-orig-size=\"1024,598\" data-comments-opened=\"0\" data-image-meta=\"{&quot;aperture&quot;:&quot;0&quot;,&quot;credit&quot;:&quot;&quot;,&quot;camera&quot;:&quot;&quot;,&quot;caption&quot;:&quot;&quot;,&quot;created_timestamp&quot;:&quot;0&quot;,&quot;copyright&quot;:&quot;&quot;,&quot;focal_length&quot;:&quot;0&quot;,&quot;iso&quot;:&quot;0&quot;,&quot;shutter_speed&quot;:&quot;0&quot;,&quot;title&quot;:&quot;&quot;,&quot;orientation&quot;:&quot;0&quot;}\" data-image-title=\"asesinan-al-periodista-juan-carlos-huerta-1024&amp;#215;598\" data-image-description=\"\" data-image-caption=\"\" data-medium-file=\"http:\/\/www.grieta.org.mx\/wp-content\/uploads\/2018\/05\/asesinan-al-periodista-juan-carlos-huerta-1024x598-1-300x175.jpg\" data-large-file=\"http:\/\/www.grieta.org.mx\/wp-content\/uploads\/2018\/05\/asesinan-al-periodista-juan-carlos-huerta-1024x598-1-1024x598.jpg\" src=\"http:\/\/www.grieta.org.mx\/wp-content\/uploads\/2018\/05\/asesinan-al-periodista-juan-carlos-huerta-1024x598-1.jpg\" alt=\"\" width=\"100%\" class=\"aligncenter size-full wp-image-23232\" srcset=\"http:\/\/www.grieta.org.mx\/wp-content\/uploads\/2018\/05\/asesinan-al-periodista-juan-carlos-huerta-1024x598-1.jpg 1024w, http:\/\/www.grieta.org.mx\/wp-content\/uploads\/2018\/05\/asesinan-al-periodista-juan-carlos-huerta-1024x598-1-300x175.jpg 300w, http:\/\/www.grieta.org.mx\/wp-content\/uploads\/2018\/05\/asesinan-al-periodista-juan-carlos-huerta-1024x598-1-768x449.jpg 768w, http:\/\/www.grieta.org.mx\/wp-content\/uploads\/2018\/05\/asesinan-al-periodista-juan-carlos-huerta-1024x598-1-856x500.jpg 856w\" sizes=\"(max-width: 1024px) 100vw, 1024px\" \/><\/p>\n<p>El periodista tabasque\u00f1o Juan Carlos Huerta Guti\u00e9rrez fue asesinado este d\u00eda; las primeras investigaciones apuntan que fue v\u00edctima de un intento de asalto, en donde se le pretendi\u00f3 despojar del veh\u00edculo de lujo que conduc\u00eda, aunque dicha versi\u00f3n contrasta con el procisionamiento de la Fiscal\u00eda General del Estado.<\/p>\n<p>Los hechos ocurrieron en el fraccionamiento Flor del Tr\u00f3pico, en el municipio de Centro, Tabasco, en donde el periodista recibi\u00f3 al menos cuatro impactos de bala, luego que le fue cerrado el paso por un veh\u00edculo cuando conduc\u00eda su auto BMW color gris placas WUB-9999 de esa entidad.<\/p>\n<p>El asesinato de Juan Carlos Huerta Guti\u00e9rrez es el quinto que ocurre en lo que va de este a\u00f1o y sucedi\u00f3 justo a un a\u00f1o del asesinato del periodista Javier Valdez C\u00e1rdenas, quien fue ejecutado en Sinaloa por miembros del crimen organizado.<\/p>\n<p>Juan Carlos Huerta era reconocido por su trabajo de an\u00e1lisis pol\u00edtico que realizaba a trav\u00e9s de las emisoras radiof\u00f3nicas del Grupo Presente Multimedios, en donde era titular de los programas \u201cNotinueve\u201d y \u201cPanorama Sin Reservas\u201d, desde donde revisaba el quehacer pol\u00edtico del estado y del pa\u00eds.<\/p>\n<p>Apenas el pasado mes de diciembre este comunicador fue reconocido en su labor profesional por el Senado de la Rep\u00fablica, en donde recibi\u00f3 el Premio Nacional de Locuci\u00f3n 2017 en el g\u00e9nero de noticias, el que otorga la Asociaci\u00f3n Nacional de Locutores.<\/p>\n<p>Los trabajos de investigaci\u00f3n sobre este homicidio los encabeza el propio fiscal general del estado, Fernando Valenzuela Pernas, quien se hizo presente en el lugar de los hechos para coordinar las pesquisas, estableciendo que ninguna l\u00ednea de investigaci\u00f3n quedar\u00e1 al margen de estos trabajos.<\/p>\n<p>Antes que Juan Carlos Huerta, en este mismo a\u00f1o ya fueron asesinados los periodistas Jose Gerardo Mart\u00ednez, en la Ciudad de M\u00e9xico; Carlos Dom\u00ednguez, en Nuevo Laredo, Tamaulipas; Pedro Dami\u00e1n G\u00f3mez Bonifaz, en Tijuana y Leobardo V\u00e1squez Atzin, en Veracruz.<\/p>\n<p>POSICIONAMIENTO DE LA FISCAL\u00cdA<br \/>\nLa Fiscal\u00eda indic\u00f3 que, seg\u00fan versiones de testigos, una camioneta gris impact\u00f3 el BMW del comunicador mientras circulaba por la calle flor de tr\u00f3pico.<\/p>\n<p>El periodista se vio obligado a detener la marcha del veh\u00edculo, de la camioneta descendi\u00f3 un sujeto que dispar\u00f3 en diversas ocasiones contra Huerta Guti\u00e9rrez.<\/p>\n<p>\u201cEste gobierno est\u00e1 comprometido en el esclarecimiento de los hechos, garantizando que se llegar\u00e1 a las \u00faltimas consecuencias para la identificaci\u00f3n de los responsables del artero crimen para que rindan cuentas ante la justicia y para los cuales se pedir\u00e1n las penas m\u00e1s altas que permite el C\u00f3digo Penal en el Estado de Tabasco\u201d, indic\u00f3 la Fiscal\u00eda.<\/p>\n<p><a href=\"https:\/\/www.reporteindigo.com\/reporte\/asesinan-al-periodista-juan-carlos-huerta-tabasco\/\">https:\/\/www.reporteindigo.com\/reporte\/asesinan-al-periodista-juan-carlos-huerta-tabasco\/<\/a><\/p>\n","protected":false},"excerpt":{"rendered":"<p>J. de Jes\u00fas Lemus, Reporte Indigo Apenas el pasado mes de diciembre este comunicador fue reconocido en su labor profesional por el Senado de la Rep\u00fablica, en donde recibi\u00f3 el &hellip; <a href=\"http:\/\/www.grieta.org.mx\/index.php\/2018\/05\/15\/otro-periodista-asesinado-ejecutan-a-juan-carlos-huerta-en-tabasco-2\/\" class=\"more-link\">Leer m\u00e1s<\/a><\/p>\n","protected":false},"author":2,"featured_media":23232,"comment_status":"closed","ping_status":"closed","sticky":false,"template":"","format":"standard","meta":{"ngg_post_thumbnail":0,"_jetpack_newsletter_access":"","_jetpack_dont_email_post_to_subs":false,"_jetpack_newsletter_tier_id":0,"_jetpack_memberships_contains_paywalled_content":false,"_jetpack_memberships_contains_paid_content":false,"footnotes":""},"categories":[80,32,88,1263],"tags":[],"class_list":["post-23231","post","type-post","status-publish","format-standard","has-post-thumbnail","hentry","category-cintillo","category-tabasco","category-violencia-contra-periodistas","category-violencia-contra-periodistas-en-tabasco","entry"],"jetpack_featured_media_url":"http:\/\/www.grieta.org.mx\/wp-content\/uploads\/2018\/05\/asesinan-al-periodista-juan-carlos-huerta-1024x598-1.jpg","jetpack_sharing_enabled":true,"jetpack_shortlink":"https:\/\/wp.me\/p7ZJR4-62H","jetpack_likes_enabled":false,"jetpack-related-posts":[{"id":23228,"url":"http:\/\/www.grieta.org.mx\/index.php\/2018\/05\/15\/ejecutan-al-periodista-juan-carlos-huerta-tabasco\/","url_meta":{"origin":23231,"position":0},"title":"Ejecutan al periodista Juan Carlos Huerta (Tabasco)","author":"grieta","date":"15 mayo, 2018","format":false,"excerpt":"Redacci\u00f3n\/Tabasco Hoy Una movilizaci\u00f3n polic\u00edaca en fraccionamiento Flor del Tr\u00f3pico se dio esta ma\u00f1ana por el asesinato del periodista Juan Carlos Huerta. De acuerdo a los primeros reportes, Juan Carlos Huerta iba saliendo del fraccionamiento en su veh\u00edculo, un BMW color gris placas WUB-9999, cuando sujetos que arribaron en una\u2026","rel":"","context":"En &quot;CINTILLO&quot;","block_context":{"text":"CINTILLO","link":"http:\/\/www.grieta.org.mx\/index.php\/category\/cintillo\/"},"img":{"alt_text":"","src":"https:\/\/i0.wp.com\/www.grieta.org.mx\/wp-content\/uploads\/2018\/05\/439683_grande_77f9Xd1w-1.jpg?resize=350%2C200","width":350,"height":200,"srcset":"https:\/\/i0.wp.com\/www.grieta.org.mx\/wp-content\/uploads\/2018\/05\/439683_grande_77f9Xd1w-1.jpg?resize=350%2C200 1x, https:\/\/i0.wp.com\/www.grieta.org.mx\/wp-content\/uploads\/2018\/05\/439683_grande_77f9Xd1w-1.jpg?resize=525%2C300 1.5x, https:\/\/i0.wp.com\/www.grieta.org.mx\/wp-content\/uploads\/2018\/05\/439683_grande_77f9Xd1w-1.jpg?resize=700%2C400 2x"},"classes":[]},{"id":6279,"url":"http:\/\/www.grieta.org.mx\/index.php\/2016\/02\/23\/violencia-contra-periodistas-en-tabasco\/","url_meta":{"origin":23231,"position":1},"title":"Violencia contra periodistas en Tabasco","author":"grieta","date":"23 febrero, 2016","format":false,"excerpt":"23\/02\/16. Asesinan a locutor de radio en TabascoVoces 11\/02\/16. La violencia en contra de periodistas sigue: un reportero de Tabasco es agredido en su casaSin Embargo 02\/10\/15. Tabasco, una zona del silencio m\u00e1s en M\u00e9xico por impunidad ante cr\u00edmenes contra periodistas: CDPP\u00e1gina 3 25\/09\/15. Se investigan muertes de periodistas en\u2026","rel":"","context":"En &quot;NOTICIAS NACIONALES&quot;","block_context":{"text":"NOTICIAS NACIONALES","link":"http:\/\/www.grieta.org.mx\/index.php\/category\/noticias-nacionales\/"},"img":{"alt_text":"","src":"https:\/\/i0.wp.com\/www.grieta.org.mx\/wp-content\/uploads\/2018\/03\/14524434_1106112876131411_958039263622046936_o.jpg?resize=350%2C200","width":350,"height":200,"srcset":"https:\/\/i0.wp.com\/www.grieta.org.mx\/wp-content\/uploads\/2018\/03\/14524434_1106112876131411_958039263622046936_o.jpg?resize=350%2C200 1x, https:\/\/i0.wp.com\/www.grieta.org.mx\/wp-content\/uploads\/2018\/03\/14524434_1106112876131411_958039263622046936_o.jpg?resize=525%2C300 1.5x, https:\/\/i0.wp.com\/www.grieta.org.mx\/wp-content\/uploads\/2018\/03\/14524434_1106112876131411_958039263622046936_o.jpg?resize=700%2C400 2x"},"classes":[]},{"id":29005,"url":"http:\/\/www.grieta.org.mx\/index.php\/2019\/02\/09\/asesinan-al-periodista-jesus-ramos-rodriguez-en-tabasco\/","url_meta":{"origin":23231,"position":2},"title":"Asesinan al periodista Jes\u00fas Ramos Rodr\u00edguez en Tabasco","author":"grieta","date":"9 febrero, 2019","format":false,"excerpt":"Redacci\u00f3n\/ADN Pol\u00edtico Villahermosa, TABASCO.- El periodista y locutor de radio Jes\u00fas \"Chuch\u00edn\" Ramos Rodr\u00edguez fue asesinado este s\u00e1bado en Tabasco, informaron fuentes oficiales. El crimen fue cometido por un hombre no identificado cuando el periodista estaba desayunando en un hotel del municipio de Emiliano Zapata, localidad en la frontera entre\u2026","rel":"","context":"En &quot;CINTILLO&quot;","block_context":{"text":"CINTILLO","link":"http:\/\/www.grieta.org.mx\/index.php\/category\/cintillo\/"},"img":{"alt_text":"","src":"https:\/\/i0.wp.com\/www.grieta.org.mx\/wp-content\/uploads\/2019\/02\/2095995.jpg?resize=350%2C200","width":350,"height":200,"srcset":"https:\/\/i0.wp.com\/www.grieta.org.mx\/wp-content\/uploads\/2019\/02\/2095995.jpg?resize=350%2C200 1x, https:\/\/i0.wp.com\/www.grieta.org.mx\/wp-content\/uploads\/2019\/02\/2095995.jpg?resize=525%2C300 1.5x"},"classes":[]},{"id":23917,"url":"http:\/\/www.grieta.org.mx\/index.php\/2018\/05\/29\/asesinan-a-golpes-a-hector-gonzalez-antonio-corresponsal-de-excelsior-en-tamaulipas\/","url_meta":{"origin":23231,"position":3},"title":"Asesinan a golpes a H\u00e9ctor Gonz\u00e1lez Antonio, corresponsal de Exc\u00e9lsior en Tamaulipas","author":"grieta","date":"29 mayo, 2018","format":false,"excerpt":"Redacci\u00f3n\/Proceso CIUDAD DE M\u00c9XICO (apro).- La ma\u00f1ana de este martes fue localizado en Ciudad Victoria, Tamaulipas el cad\u00e1ver del periodista H\u00e9ctor Gonz\u00e1lez Antonio, corresponsal del diario Exc\u00e9lsior y Grupo Imagen, adem\u00e1s de medios locales, quien presuntamente fue asesinado a golpes. De acuerdo con el conteo en medios de comunicaci\u00f3n, Gonz\u00e1lez\u2026","rel":"","context":"En &quot;CINTILLO&quot;","block_context":{"text":"CINTILLO","link":"http:\/\/www.grieta.org.mx\/index.php\/category\/cintillo\/"},"img":{"alt_text":"","src":"https:\/\/i0.wp.com\/www.grieta.org.mx\/wp-content\/uploads\/2018\/06\/Hector-Gonzalez-Antonio-1078x804.jpg?resize=350%2C200","width":350,"height":200,"srcset":"https:\/\/i0.wp.com\/www.grieta.org.mx\/wp-content\/uploads\/2018\/06\/Hector-Gonzalez-Antonio-1078x804.jpg?resize=350%2C200 1x, https:\/\/i0.wp.com\/www.grieta.org.mx\/wp-content\/uploads\/2018\/06\/Hector-Gonzalez-Antonio-1078x804.jpg?resize=525%2C300 1.5x, https:\/\/i0.wp.com\/www.grieta.org.mx\/wp-content\/uploads\/2018\/06\/Hector-Gonzalez-Antonio-1078x804.jpg?resize=700%2C400 2x, https:\/\/i0.wp.com\/www.grieta.org.mx\/wp-content\/uploads\/2018\/06\/Hector-Gonzalez-Antonio-1078x804.jpg?resize=1050%2C600 3x"},"classes":[]},{"id":6306,"url":"http:\/\/www.grieta.org.mx\/index.php\/2015\/06\/18\/ismael-diaz-periodista-de-tabasco-hoy-es-asesinado-articulo-19-pide-no-descartar-su-labor-periodistica\/","url_meta":{"origin":23231,"position":4},"title":"Ismael D\u00edaz, periodista de Tabasco Hoy, es asesinado; Art\u00edculo 19 pide no descartar su labor period\u00edstica","author":"grieta","date":"18 junio, 2015","format":false,"excerpt":"Redacci\u00f3n SinEmbargo Ciudad de M\u00e9xico, 18 de junio (SinEmbargo).\u2013 Ismael D\u00edaz L\u00f3pez, reportero de los diarios El Criollo y Tabasco HOY, fue asesinado el d\u00eda de hoy en el municipio de Teapa, inform\u00f3 la Fiscal\u00eda General del Estado. \u201cLa FGE Tabasco informa que se encuentra realizando investigaci\u00f3n sobre el homicio\u2026","rel":"","context":"En &quot;CINTILLO&quot;","block_context":{"text":"CINTILLO","link":"http:\/\/www.grieta.org.mx\/index.php\/category\/cintillo\/"},"img":{"alt_text":"","src":"https:\/\/i0.wp.com\/www.grieta.org.mx\/wp-content\/uploads\/2018\/03\/14524434_1106112876131411_958039263622046936_o.jpg?resize=350%2C200","width":350,"height":200,"srcset":"https:\/\/i0.wp.com\/www.grieta.org.mx\/wp-content\/uploads\/2018\/03\/14524434_1106112876131411_958039263622046936_o.jpg?resize=350%2C200 1x, https:\/\/i0.wp.com\/www.grieta.org.mx\/wp-content\/uploads\/2018\/03\/14524434_1106112876131411_958039263622046936_o.jpg?resize=525%2C300 1.5x, https:\/\/i0.wp.com\/www.grieta.org.mx\/wp-content\/uploads\/2018\/03\/14524434_1106112876131411_958039263622046936_o.jpg?resize=700%2C400 2x"},"classes":[]},{"id":70912,"url":"http:\/\/www.grieta.org.mx\/index.php\/2025\/01\/25\/hallan-sin-vida-a-periodista-y-catedratico-alejandro-gallegos-tabasco\/","url_meta":{"origin":23231,"position":5},"title":"Hallan sin vida a periodista y catedr\u00e1tico Alejandro Gallegos (Tabasco)","author":"grieta","date":"25 enero, 2025","format":false,"excerpt":"El Heraldo de Tabasco Alejandro Gallegos Le\u00f3n estaba desaparecido desde la tarde del viernes 24 de enero en el municipio de Centro Luego de ser reportado como desaparecido, este s\u00e1bado 25 de enero fue localizado sin vida el catedr\u00e1tico y periodista Alejandro Gallegos Le\u00f3n dentro de cultivos de ma\u00edz del\u2026","rel":"","context":"En &quot;CINTILLO&quot;","block_context":{"text":"CINTILLO","link":"http:\/\/www.grieta.org.mx\/index.php\/category\/cintillo\/"},"img":{"alt_text":"","src":"https:\/\/i0.wp.com\/www.grieta.org.mx\/wp-content\/uploads\/2025\/01\/Periodista-e1738109186795.jpg?resize=350%2C200","width":350,"height":200,"srcset":"https:\/\/i0.wp.com\/www.grieta.org.mx\/wp-content\/uploads\/2025\/01\/Periodista-e1738109186795.jpg?resize=350%2C200 1x, https:\/\/i0.wp.com\/www.grieta.org.mx\/wp-content\/uploads\/2025\/01\/Periodista-e1738109186795.jpg?resize=525%2C300 1.5x, https:\/\/i0.wp.com\/www.grieta.org.mx\/wp-content\/uploads\/2025\/01\/Periodista-e1738109186795.jpg?resize=700%2C400 2x"},"classes":[]}],"_links":{"self":[{"href":"http:\/\/www.grieta.org.mx\/index.php\/wp-json\/wp\/v2\/posts\/23231","targetHints":{"allow":["GET"]}}],"collection":[{"href":"http:\/\/www.grieta.org.mx\/index.php\/wp-json\/wp\/v2\/posts"}],"about":[{"href":"http:\/\/www.grieta.org.mx\/index.php\/wp-json\/wp\/v2\/types\/post"}],"author":[{"embeddable":true,"href":"http:\/\/www.grieta.org.mx\/index.php\/wp-json\/wp\/v2\/users\/2"}],"replies":[{"embeddable":true,"href":"http:\/\/www.grieta.org.mx\/index.php\/wp-json\/wp\/v2\/comments?post=23231"}],"version-history":[{"count":1,"href":"http:\/\/www.grieta.org.mx\/index.php\/wp-json\/wp\/v2\/posts\/23231\/revisions"}],"predecessor-version":[{"id":23233,"href":"http:\/\/www.grieta.org.mx\/index.php\/wp-json\/wp\/v2\/posts\/23231\/revisions\/23233"}],"wp:featuredmedia":[{"embeddable":true,"href":"http:\/\/www.grieta.org.mx\/index.php\/wp-json\/wp\/v2\/media\/23232"}],"wp:attachment":[{"href":"http:\/\/www.grieta.org.mx\/index.php\/wp-json\/wp\/v2\/media?parent=23231"}],"wp:term":[{"taxonomy":"category","embeddable":true,"href":"http:\/\/www.grieta.org.mx\/index.php\/wp-json\/wp\/v2\/categories?post=23231"},{"taxonomy":"post_tag","embeddable":true,"href":"http:\/\/www.grieta.org.mx\/index.php\/wp-json\/wp\/v2\/tags?post=23231"}],"curies":[{"name":"wp","href":"https:\/\/api.w.org\/{rel}","templated":true}]}}