{"id":23228,"date":"2018-05-15T19:28:53","date_gmt":"2018-05-16T00:28:53","guid":{"rendered":"http:\/\/www.grieta.org.mx\/?p=23228"},"modified":"2019-02-14T19:30:35","modified_gmt":"2019-02-15T01:30:35","slug":"ejecutan-al-periodista-juan-carlos-huerta-tabasco","status":"publish","type":"post","link":"http:\/\/www.grieta.org.mx\/index.php\/2018\/05\/15\/ejecutan-al-periodista-juan-carlos-huerta-tabasco\/","title":{"rendered":"Ejecutan al periodista Juan Carlos Huerta (Tabasco)"},"content":{"rendered":"<p><img loading=\"lazy\" decoding=\"async\" data-attachment-id=\"29008\" data-permalink=\"http:\/\/www.grieta.org.mx\/index.php\/2018\/05\/15\/ejecutan-al-periodista-juan-carlos-huerta-tabasco\/439683_grande_77f9xd1w-1\/\" data-orig-file=\"http:\/\/www.grieta.org.mx\/wp-content\/uploads\/2018\/05\/439683_grande_77f9Xd1w-1.jpg\" data-orig-size=\"702,439\" data-comments-opened=\"0\" data-image-meta=\"{&quot;aperture&quot;:&quot;0&quot;,&quot;credit&quot;:&quot;&quot;,&quot;camera&quot;:&quot;&quot;,&quot;caption&quot;:&quot;&quot;,&quot;created_timestamp&quot;:&quot;0&quot;,&quot;copyright&quot;:&quot;&quot;,&quot;focal_length&quot;:&quot;0&quot;,&quot;iso&quot;:&quot;0&quot;,&quot;shutter_speed&quot;:&quot;0&quot;,&quot;title&quot;:&quot;&quot;,&quot;orientation&quot;:&quot;0&quot;}\" data-image-title=\"439683_grande_77f9Xd1w (1)\" data-image-description=\"\" data-image-caption=\"\" data-medium-file=\"http:\/\/www.grieta.org.mx\/wp-content\/uploads\/2018\/05\/439683_grande_77f9Xd1w-1-300x188.jpg\" data-large-file=\"http:\/\/www.grieta.org.mx\/wp-content\/uploads\/2018\/05\/439683_grande_77f9Xd1w-1.jpg\" src=\"http:\/\/www.grieta.org.mx\/wp-content\/uploads\/2018\/05\/439683_grande_77f9Xd1w-1-300x188.jpg\" alt=\"\" width=\"300\" height=\"188\" class=\"aligncenter size-medium wp-image-29008\" srcset=\"http:\/\/www.grieta.org.mx\/wp-content\/uploads\/2018\/05\/439683_grande_77f9Xd1w-1-300x188.jpg 300w, http:\/\/www.grieta.org.mx\/wp-content\/uploads\/2018\/05\/439683_grande_77f9Xd1w-1.jpg 702w\" sizes=\"auto, (max-width: 300px) 100vw, 300px\" \/><br \/>\nRedacci\u00f3n\/Tabasco Hoy<\/p>\n<p>Una movilizaci\u00f3n polic\u00edaca en fraccionamiento Flor del Tr\u00f3pico se dio esta ma\u00f1ana por el asesinato del periodista Juan Carlos Huerta.<\/p>\n<p>De acuerdo a los primeros reportes, Juan Carlos Huerta iba saliendo del fraccionamiento en su veh\u00edculo, un BMW color gris placas WUB-9999, cuando sujetos que arribaron en una camioneta y un auto negro le cerraron el paso.<\/p>\n<p>A continuaci\u00f3n, hicieron disparos, acertando en cuando menos cuatro ocasiones en el cuerpo del periodista.<\/p>\n<p>Al lugar arrib\u00f3 el fiscal del estado Fernando Valenzuela Pernas, en tanto que el gobernador confirm\u00f3 hace algunos momentos los hechos, asegurando que &#8220;llegaron para asesinarlo&#8221;.<\/p>\n<p>Elementos de la Secretar\u00eda de Seguridad P\u00fablica (SSP) resguardan la zona.<\/p>\n<p><a href=\"http:\/\/www.tabascohoy.com\/nota\/439683\/ejecutan-al-periodista-juan-carlos-huerta\" rel=\"noopener\" target=\"_blank\">http:\/\/www.tabascohoy.com\/nota\/439683\/ejecutan-al-periodista-juan-carlos-huerta<\/a><\/p>\n","protected":false},"excerpt":{"rendered":"<p>Redacci\u00f3n\/Tabasco Hoy Una movilizaci\u00f3n polic\u00edaca en fraccionamiento Flor del Tr\u00f3pico se dio esta ma\u00f1ana por el asesinato del periodista Juan Carlos Huerta. De acuerdo a los primeros reportes, Juan Carlos &hellip; <a href=\"http:\/\/www.grieta.org.mx\/index.php\/2018\/05\/15\/ejecutan-al-periodista-juan-carlos-huerta-tabasco\/\" class=\"more-link\">Leer m\u00e1s<\/a><\/p>\n","protected":false},"author":2,"featured_media":29008,"comment_status":"closed","ping_status":"closed","sticky":false,"template":"","format":"standard","meta":{"ngg_post_thumbnail":0,"_jetpack_newsletter_access":"","_jetpack_dont_email_post_to_subs":false,"_jetpack_newsletter_tier_id":0,"_jetpack_memberships_contains_paywalled_content":false,"_jetpack_memberships_contains_paid_content":false,"footnotes":""},"categories":[80,2,32,83,88,1263],"tags":[120],"class_list":["post-23228","post","type-post","status-publish","format-standard","has-post-thumbnail","hentry","category-cintillo","category-noticias-nacionales","category-tabasco","category-temas-nacionales","category-violencia-contra-periodistas","category-violencia-contra-periodistas-en-tabasco","tag-violencia-contra-periodistas","entry"],"jetpack_featured_media_url":"http:\/\/www.grieta.org.mx\/wp-content\/uploads\/2018\/05\/439683_grande_77f9Xd1w-1.jpg","jetpack_sharing_enabled":true,"jetpack_shortlink":"https:\/\/wp.me\/p7ZJR4-62E","jetpack_likes_enabled":false,"jetpack-related-posts":[{"id":23231,"url":"http:\/\/www.grieta.org.mx\/index.php\/2018\/05\/15\/otro-periodista-asesinado-ejecutan-a-juan-carlos-huerta-en-tabasco-2\/","url_meta":{"origin":23228,"position":0},"title":"OTRO PERIODISTA ASESINADO: EJECUTAN A JUAN CARLOS HUERTA EN TABASCO","author":"grieta","date":"15 mayo, 2018","format":false,"excerpt":"J. de Jes\u00fas Lemus, Reporte Indigo Apenas el pasado mes de diciembre este comunicador fue reconocido en su labor profesional por el Senado de la Rep\u00fablica, en donde recibi\u00f3 el Premio Nacional de Locuci\u00f3n 2017 en el g\u00e9nero de noticias, el que otorga la Asociaci\u00f3n Nacional de Locutores El periodista\u2026","rel":"","context":"En &quot;CINTILLO&quot;","block_context":{"text":"CINTILLO","link":"http:\/\/www.grieta.org.mx\/index.php\/category\/cintillo\/"},"img":{"alt_text":"","src":"https:\/\/i0.wp.com\/www.grieta.org.mx\/wp-content\/uploads\/2018\/05\/asesinan-al-periodista-juan-carlos-huerta-1024x598-1.jpg?resize=350%2C200","width":350,"height":200,"srcset":"https:\/\/i0.wp.com\/www.grieta.org.mx\/wp-content\/uploads\/2018\/05\/asesinan-al-periodista-juan-carlos-huerta-1024x598-1.jpg?resize=350%2C200 1x, https:\/\/i0.wp.com\/www.grieta.org.mx\/wp-content\/uploads\/2018\/05\/asesinan-al-periodista-juan-carlos-huerta-1024x598-1.jpg?resize=525%2C300 1.5x, https:\/\/i0.wp.com\/www.grieta.org.mx\/wp-content\/uploads\/2018\/05\/asesinan-al-periodista-juan-carlos-huerta-1024x598-1.jpg?resize=700%2C400 2x"},"classes":[]},{"id":6279,"url":"http:\/\/www.grieta.org.mx\/index.php\/2016\/02\/23\/violencia-contra-periodistas-en-tabasco\/","url_meta":{"origin":23228,"position":1},"title":"Violencia contra periodistas en Tabasco","author":"grieta","date":"23 febrero, 2016","format":false,"excerpt":"23\/02\/16. Asesinan a locutor de radio en TabascoVoces 11\/02\/16. La violencia en contra de periodistas sigue: un reportero de Tabasco es agredido en su casaSin Embargo 02\/10\/15. Tabasco, una zona del silencio m\u00e1s en M\u00e9xico por impunidad ante cr\u00edmenes contra periodistas: CDPP\u00e1gina 3 25\/09\/15. Se investigan muertes de periodistas en\u2026","rel":"","context":"En &quot;NOTICIAS NACIONALES&quot;","block_context":{"text":"NOTICIAS NACIONALES","link":"http:\/\/www.grieta.org.mx\/index.php\/category\/noticias-nacionales\/"},"img":{"alt_text":"","src":"https:\/\/i0.wp.com\/www.grieta.org.mx\/wp-content\/uploads\/2018\/03\/14524434_1106112876131411_958039263622046936_o.jpg?resize=350%2C200","width":350,"height":200,"srcset":"https:\/\/i0.wp.com\/www.grieta.org.mx\/wp-content\/uploads\/2018\/03\/14524434_1106112876131411_958039263622046936_o.jpg?resize=350%2C200 1x, https:\/\/i0.wp.com\/www.grieta.org.mx\/wp-content\/uploads\/2018\/03\/14524434_1106112876131411_958039263622046936_o.jpg?resize=525%2C300 1.5x, https:\/\/i0.wp.com\/www.grieta.org.mx\/wp-content\/uploads\/2018\/03\/14524434_1106112876131411_958039263622046936_o.jpg?resize=700%2C400 2x"},"classes":[]},{"id":29005,"url":"http:\/\/www.grieta.org.mx\/index.php\/2019\/02\/09\/asesinan-al-periodista-jesus-ramos-rodriguez-en-tabasco\/","url_meta":{"origin":23228,"position":2},"title":"Asesinan al periodista Jes\u00fas Ramos Rodr\u00edguez en Tabasco","author":"grieta","date":"9 febrero, 2019","format":false,"excerpt":"Redacci\u00f3n\/ADN Pol\u00edtico Villahermosa, TABASCO.- El periodista y locutor de radio Jes\u00fas \"Chuch\u00edn\" Ramos Rodr\u00edguez fue asesinado este s\u00e1bado en Tabasco, informaron fuentes oficiales. El crimen fue cometido por un hombre no identificado cuando el periodista estaba desayunando en un hotel del municipio de Emiliano Zapata, localidad en la frontera entre\u2026","rel":"","context":"En &quot;CINTILLO&quot;","block_context":{"text":"CINTILLO","link":"http:\/\/www.grieta.org.mx\/index.php\/category\/cintillo\/"},"img":{"alt_text":"","src":"https:\/\/i0.wp.com\/www.grieta.org.mx\/wp-content\/uploads\/2019\/02\/2095995.jpg?resize=350%2C200","width":350,"height":200,"srcset":"https:\/\/i0.wp.com\/www.grieta.org.mx\/wp-content\/uploads\/2019\/02\/2095995.jpg?resize=350%2C200 1x, https:\/\/i0.wp.com\/www.grieta.org.mx\/wp-content\/uploads\/2019\/02\/2095995.jpg?resize=525%2C300 1.5x"},"classes":[]},{"id":23917,"url":"http:\/\/www.grieta.org.mx\/index.php\/2018\/05\/29\/asesinan-a-golpes-a-hector-gonzalez-antonio-corresponsal-de-excelsior-en-tamaulipas\/","url_meta":{"origin":23228,"position":3},"title":"Asesinan a golpes a H\u00e9ctor Gonz\u00e1lez Antonio, corresponsal de Exc\u00e9lsior en Tamaulipas","author":"grieta","date":"29 mayo, 2018","format":false,"excerpt":"Redacci\u00f3n\/Proceso CIUDAD DE M\u00c9XICO (apro).- La ma\u00f1ana de este martes fue localizado en Ciudad Victoria, Tamaulipas el cad\u00e1ver del periodista H\u00e9ctor Gonz\u00e1lez Antonio, corresponsal del diario Exc\u00e9lsior y Grupo Imagen, adem\u00e1s de medios locales, quien presuntamente fue asesinado a golpes. De acuerdo con el conteo en medios de comunicaci\u00f3n, Gonz\u00e1lez\u2026","rel":"","context":"En &quot;CINTILLO&quot;","block_context":{"text":"CINTILLO","link":"http:\/\/www.grieta.org.mx\/index.php\/category\/cintillo\/"},"img":{"alt_text":"","src":"https:\/\/i0.wp.com\/www.grieta.org.mx\/wp-content\/uploads\/2018\/06\/Hector-Gonzalez-Antonio-1078x804.jpg?resize=350%2C200","width":350,"height":200,"srcset":"https:\/\/i0.wp.com\/www.grieta.org.mx\/wp-content\/uploads\/2018\/06\/Hector-Gonzalez-Antonio-1078x804.jpg?resize=350%2C200 1x, https:\/\/i0.wp.com\/www.grieta.org.mx\/wp-content\/uploads\/2018\/06\/Hector-Gonzalez-Antonio-1078x804.jpg?resize=525%2C300 1.5x, https:\/\/i0.wp.com\/www.grieta.org.mx\/wp-content\/uploads\/2018\/06\/Hector-Gonzalez-Antonio-1078x804.jpg?resize=700%2C400 2x, https:\/\/i0.wp.com\/www.grieta.org.mx\/wp-content\/uploads\/2018\/06\/Hector-Gonzalez-Antonio-1078x804.jpg?resize=1050%2C600 3x"},"classes":[]},{"id":70912,"url":"http:\/\/www.grieta.org.mx\/index.php\/2025\/01\/25\/hallan-sin-vida-a-periodista-y-catedratico-alejandro-gallegos-tabasco\/","url_meta":{"origin":23228,"position":4},"title":"Hallan sin vida a periodista y catedr\u00e1tico Alejandro Gallegos (Tabasco)","author":"grieta","date":"25 enero, 2025","format":false,"excerpt":"El Heraldo de Tabasco Alejandro Gallegos Le\u00f3n estaba desaparecido desde la tarde del viernes 24 de enero en el municipio de Centro Luego de ser reportado como desaparecido, este s\u00e1bado 25 de enero fue localizado sin vida el catedr\u00e1tico y periodista Alejandro Gallegos Le\u00f3n dentro de cultivos de ma\u00edz del\u2026","rel":"","context":"En &quot;CINTILLO&quot;","block_context":{"text":"CINTILLO","link":"http:\/\/www.grieta.org.mx\/index.php\/category\/cintillo\/"},"img":{"alt_text":"","src":"https:\/\/i0.wp.com\/www.grieta.org.mx\/wp-content\/uploads\/2025\/01\/Periodista-e1738109186795.jpg?resize=350%2C200","width":350,"height":200,"srcset":"https:\/\/i0.wp.com\/www.grieta.org.mx\/wp-content\/uploads\/2025\/01\/Periodista-e1738109186795.jpg?resize=350%2C200 1x, https:\/\/i0.wp.com\/www.grieta.org.mx\/wp-content\/uploads\/2025\/01\/Periodista-e1738109186795.jpg?resize=525%2C300 1.5x, https:\/\/i0.wp.com\/www.grieta.org.mx\/wp-content\/uploads\/2025\/01\/Periodista-e1738109186795.jpg?resize=700%2C400 2x"},"classes":[]},{"id":37155,"url":"http:\/\/www.grieta.org.mx\/index.php\/2019\/06\/12\/asesinada-la-periodista-norma-sarabia-en-el-estado-mexicano-de-tabasco\/","url_meta":{"origin":23228,"position":5},"title":"Asesinada la periodista Norma Sarabia en el Estado mexicano de Tabasco","author":"grieta","date":"12 junio, 2019","format":false,"excerpt":"V. U.\/El Pa\u00eds Sarabia, corresponsal del diario 'Tabasco hoy' en Huimanguillo, ha recibido varios disparos en la puerta de su casa M\u00e9xico suma ya seis periodistas asesinados en lo que va de 2019. La reportera Norma Sarabia ha fallecido este martes tras ser tiroteada en la puerta de su casa\u2026","rel":"","context":"En &quot;CINTILLO&quot;","block_context":{"text":"CINTILLO","link":"http:\/\/www.grieta.org.mx\/index.php\/category\/cintillo\/"},"img":{"alt_text":"","src":"https:\/\/i0.wp.com\/www.grieta.org.mx\/wp-content\/uploads\/2019\/07\/1560314858_853856_1560315974_noticia_normal_recorte1-e1564453213666.jpg?resize=350%2C200","width":350,"height":200,"srcset":"https:\/\/i0.wp.com\/www.grieta.org.mx\/wp-content\/uploads\/2019\/07\/1560314858_853856_1560315974_noticia_normal_recorte1-e1564453213666.jpg?resize=350%2C200 1x, https:\/\/i0.wp.com\/www.grieta.org.mx\/wp-content\/uploads\/2019\/07\/1560314858_853856_1560315974_noticia_normal_recorte1-e1564453213666.jpg?resize=525%2C300 1.5x, https:\/\/i0.wp.com\/www.grieta.org.mx\/wp-content\/uploads\/2019\/07\/1560314858_853856_1560315974_noticia_normal_recorte1-e1564453213666.jpg?resize=700%2C400 2x"},"classes":[]}],"_links":{"self":[{"href":"http:\/\/www.grieta.org.mx\/index.php\/wp-json\/wp\/v2\/posts\/23228","targetHints":{"allow":["GET"]}}],"collection":[{"href":"http:\/\/www.grieta.org.mx\/index.php\/wp-json\/wp\/v2\/posts"}],"about":[{"href":"http:\/\/www.grieta.org.mx\/index.php\/wp-json\/wp\/v2\/types\/post"}],"author":[{"embeddable":true,"href":"http:\/\/www.grieta.org.mx\/index.php\/wp-json\/wp\/v2\/users\/2"}],"replies":[{"embeddable":true,"href":"http:\/\/www.grieta.org.mx\/index.php\/wp-json\/wp\/v2\/comments?post=23228"}],"version-history":[{"count":1,"href":"http:\/\/www.grieta.org.mx\/index.php\/wp-json\/wp\/v2\/posts\/23228\/revisions"}],"predecessor-version":[{"id":29009,"href":"http:\/\/www.grieta.org.mx\/index.php\/wp-json\/wp\/v2\/posts\/23228\/revisions\/29009"}],"wp:featuredmedia":[{"embeddable":true,"href":"http:\/\/www.grieta.org.mx\/index.php\/wp-json\/wp\/v2\/media\/29008"}],"wp:attachment":[{"href":"http:\/\/www.grieta.org.mx\/index.php\/wp-json\/wp\/v2\/media?parent=23228"}],"wp:term":[{"taxonomy":"category","embeddable":true,"href":"http:\/\/www.grieta.org.mx\/index.php\/wp-json\/wp\/v2\/categories?post=23228"},{"taxonomy":"post_tag","embeddable":true,"href":"http:\/\/www.grieta.org.mx\/index.php\/wp-json\/wp\/v2\/tags?post=23228"}],"curies":[{"name":"wp","href":"https:\/\/api.w.org\/{rel}","templated":true}]}}