{"id":23214,"date":"2018-05-15T12:28:52","date_gmt":"2018-05-15T17:28:52","guid":{"rendered":"http:\/\/www.grieta.org.mx\/?p=23214"},"modified":"2018-05-20T12:53:52","modified_gmt":"2018-05-20T17:53:52","slug":"protestan-en-festejo-del-dia-del-maestro-por-servicios-medicos-nuevo-leon","status":"publish","type":"post","link":"http:\/\/www.grieta.org.mx\/index.php\/2018\/05\/15\/protestan-en-festejo-del-dia-del-maestro-por-servicios-medicos-nuevo-leon\/","title":{"rendered":"Protestan en festejo del D\u00eda del Maestro por servicios m\u00e9dicos (Nuevo Le\u00f3n)"},"content":{"rendered":"<p><img decoding=\"async\" data-attachment-id=\"23217\" data-permalink=\"http:\/\/www.grieta.org.mx\/index.php\/2018\/05\/15\/protestan-en-festejo-del-dia-del-maestro-por-servicios-medicos-nuevo-leon\/maestros-servicio\/\" data-orig-file=\"http:\/\/www.grieta.org.mx\/wp-content\/uploads\/2018\/05\/maestros-servicio.jpeg\" data-orig-size=\"626,353\" data-comments-opened=\"0\" data-image-meta=\"{&quot;aperture&quot;:&quot;0&quot;,&quot;credit&quot;:&quot;&quot;,&quot;camera&quot;:&quot;&quot;,&quot;caption&quot;:&quot;&quot;,&quot;created_timestamp&quot;:&quot;0&quot;,&quot;copyright&quot;:&quot;&quot;,&quot;focal_length&quot;:&quot;0&quot;,&quot;iso&quot;:&quot;0&quot;,&quot;shutter_speed&quot;:&quot;0&quot;,&quot;title&quot;:&quot;&quot;,&quot;orientation&quot;:&quot;0&quot;}\" data-image-title=\"maestros servicio\" data-image-description=\"\" data-image-caption=\"\" data-medium-file=\"http:\/\/www.grieta.org.mx\/wp-content\/uploads\/2018\/05\/maestros-servicio-300x169.jpeg\" data-large-file=\"http:\/\/www.grieta.org.mx\/wp-content\/uploads\/2018\/05\/maestros-servicio.jpeg\" class=\"aligncenter size-full wp-image-23217\" src=\"http:\/\/www.grieta.org.mx\/wp-content\/uploads\/2018\/05\/maestros-servicio.jpeg\" alt=\"\" width=\"100%\" srcset=\"http:\/\/www.grieta.org.mx\/wp-content\/uploads\/2018\/05\/maestros-servicio.jpeg 626w, http:\/\/www.grieta.org.mx\/wp-content\/uploads\/2018\/05\/maestros-servicio-300x169.jpeg 300w\" sizes=\"(max-width: 626px) 100vw, 626px\" \/><\/p>\n<p>Sandra Gonz\u00e1lez \/ Multimedios Digital<\/p>\n<blockquote><p>Alrededor de 15 docentes se plantaron sobre la avenida Fundidora para exigir que se mejore el servicio de salud.<\/p><\/blockquote>\n<p>MONTERREY.- Mientras el festejo por el D\u00eda del Maestro se realizaba en Cintermex, al exterior, sobre la avenida Fundidora un peque\u00f1o grupo realiz\u00f3 un plant\u00f3n para exigir un servicio m\u00e9dico digno y la abrogaci\u00f3n de la Reforma Educativa.<\/p>\n<p>Docentes del colectivo Coordinadora de Regiones se apostaron con mantas afuera del recinto y repartieron volantes a los asistentes al festejo en donde expresaban su rechazo a las acciones emprendidas por autoridades federales y estatales.<br \/>\nEl maestro Abel Villarreal, inspector de la Secci\u00f3n 50 se\u00f1al\u00f3 que casi 70 mil derechohabitentes han batallado para atender su salud por falta de presupuesto.<\/p>\n<p>En tanto, Antonio Cota, jubilado de la Secci\u00f3n 21 dijo que a nivel nacional contin\u00faa la lucha de los docentes contra la reforma educativa que elimin\u00f3 a m\u00e1s de 500 maestros en Nuevo Le\u00f3n<\/p>\n<p>Por momentos el tr\u00e1fico de la avenida Fundidora se vio lento ante la afluencia de veh\u00edculos que dejaban gente en Cintermex, mientras que los maestros que protestaron guardaron el orden.<\/p>\n<p><a href=\"http:\/\/www.multimedios.com\/telediario\/local\/protestan-maestros-monterrey.html\" target=\"_blank\" rel=\"noopener\">http:\/\/www.multimedios.com\/telediario\/local\/protestan-maestros-monterrey.html<\/a><\/p>\n","protected":false},"excerpt":{"rendered":"<p>Sandra Gonz\u00e1lez \/ Multimedios Digital Alrededor de 15 docentes se plantaron sobre la avenida Fundidora para exigir que se mejore el servicio de salud. MONTERREY.- Mientras el festejo por el &hellip; <a href=\"http:\/\/www.grieta.org.mx\/index.php\/2018\/05\/15\/protestan-en-festejo-del-dia-del-maestro-por-servicios-medicos-nuevo-leon\/\" class=\"more-link\">Leer m\u00e1s<\/a><\/p>\n","protected":false},"author":2,"featured_media":23217,"comment_status":"closed","ping_status":"closed","sticky":false,"template":"","format":"standard","meta":{"ngg_post_thumbnail":0,"_jetpack_newsletter_access":"","_jetpack_dont_email_post_to_subs":false,"_jetpack_newsletter_tier_id":0,"_jetpack_memberships_contains_paywalled_content":false,"_jetpack_memberships_contains_paid_content":false,"footnotes":""},"categories":[80,910,1250,2,24,83],"tags":[113,805,135],"class_list":["post-23214","post","type-post","status-publish","format-standard","has-post-thumbnail","hentry","category-cintillo","category-explotacion-y-precariedad-laboral","category-movilizaciones-contra-la-reforma-educativa-en-nuevo-leon","category-noticias-nacionales","category-nuevo-leon","category-temas-nacionales","tag-conflictos-laborales","tag-magisterio","tag-reforma-educativa","entry"],"jetpack_featured_media_url":"http:\/\/www.grieta.org.mx\/wp-content\/uploads\/2018\/05\/maestros-servicio.jpeg","jetpack_sharing_enabled":true,"jetpack_shortlink":"https:\/\/wp.me\/p7ZJR4-62q","jetpack_likes_enabled":false,"jetpack-related-posts":[{"id":14805,"url":"http:\/\/www.grieta.org.mx\/index.php\/2016\/06\/22\/protestan-maestros-en-monterrey-por-la-reforma-educativa\/","url_meta":{"origin":23214,"position":0},"title":"Protestan maestros en Monterrey por la Reforma Educativa","author":"grieta","date":"22 junio, 2016","format":false,"excerpt":"Nacional 22 Jun 2016 En medio de empujones, miles de maestros de Nuevo Le\u00f3n tomaron las calles del centro de Monterrey para protestar, \u00e9ste mi\u00e9rcoles, por la Reforma Educativa y los sucesos registrados en Oaxaca, que costaron la vida de varias personas Monterrey, Nuevo Le\u00f3n.- En medio de empujones, miles\u2026","rel":"","context":"En &quot;CINTILLO&quot;","block_context":{"text":"CINTILLO","link":"http:\/\/www.grieta.org.mx\/index.php\/category\/cintillo\/"},"img":{"alt_text":"","src":"https:\/\/i0.wp.com\/www.grieta.org.mx\/wp-content\/uploads\/2018\/03\/14524434_1106112876131411_958039263622046936_o.jpg?resize=350%2C200","width":350,"height":200,"srcset":"https:\/\/i0.wp.com\/www.grieta.org.mx\/wp-content\/uploads\/2018\/03\/14524434_1106112876131411_958039263622046936_o.jpg?resize=350%2C200 1x, https:\/\/i0.wp.com\/www.grieta.org.mx\/wp-content\/uploads\/2018\/03\/14524434_1106112876131411_958039263622046936_o.jpg?resize=525%2C300 1.5x, https:\/\/i0.wp.com\/www.grieta.org.mx\/wp-content\/uploads\/2018\/03\/14524434_1106112876131411_958039263622046936_o.jpg?resize=700%2C400 2x"},"classes":[]},{"id":21338,"url":"http:\/\/www.grieta.org.mx\/index.php\/2016\/09\/10\/marchan-maestros-al-aeropuerto-de-nuevo-leon\/","url_meta":{"origin":23214,"position":1},"title":"Marchan maestros al aeropuerto de Nuevo Le\u00f3n","author":"grieta","date":"10 septiembre, 2016","format":false,"excerpt":"Aracely Chantaka Los maestros de Nuevo Le\u00f3n inauguraron una nueva forma de protestar por la Reforma Educativa, en esta ocasi\u00f3n llevaron su inconformidad hasta el Aeropuerto Internacional de Monterrey MONTERREY.- Los maestros de Nuevo Le\u00f3n inauguraron una nueva forma de protestar por la Reforma Educativa, en esta ocasi\u00f3n llevaron su\u2026","rel":"","context":"En &quot;CINTILLO&quot;","block_context":{"text":"CINTILLO","link":"http:\/\/www.grieta.org.mx\/index.php\/category\/cintillo\/"},"img":{"alt_text":"","src":"https:\/\/i0.wp.com\/www.grieta.org.mx\/wp-content\/uploads\/2018\/03\/14524434_1106112876131411_958039263622046936_o.jpg?resize=350%2C200","width":350,"height":200,"srcset":"https:\/\/i0.wp.com\/www.grieta.org.mx\/wp-content\/uploads\/2018\/03\/14524434_1106112876131411_958039263622046936_o.jpg?resize=350%2C200 1x, https:\/\/i0.wp.com\/www.grieta.org.mx\/wp-content\/uploads\/2018\/03\/14524434_1106112876131411_958039263622046936_o.jpg?resize=525%2C300 1.5x, https:\/\/i0.wp.com\/www.grieta.org.mx\/wp-content\/uploads\/2018\/03\/14524434_1106112876131411_958039263622046936_o.jpg?resize=700%2C400 2x"},"classes":[]},{"id":14808,"url":"http:\/\/www.grieta.org.mx\/index.php\/2016\/09\/11\/movilizaciones-contra-la-reforma-educativa-y-evaluacion-magisterial-2\/","url_meta":{"origin":23214,"position":2},"title":"Movilizaciones contra la Reforma Educativa en Nuevo Le\u00f3n","author":"grieta","date":"11 septiembre, 2016","format":false,"excerpt":"10\/09\/16. Marchan maestros al aeropuerto de Nuevo Le\u00f3nVanguardia Mx 18\/08\/16. Vuelven marchas de maestros; analizan paro de labores (NL) Milenio Monterrey 10\/08\/16. Maestros de Nuevo Le\u00f3n realizan 'funeral de pol\u00edticos' El Horizonte 22\/07\/16. Nuevo Le\u00f3n tambi\u00e9n es M\u00e9xico: \u00a1Chiapas, Aguanta, Nuevo Le\u00f3n se levanta! Centro de Medios Libres 19\/07\/16. Hacen\u2026","rel":"","context":"En &quot;NOTICIAS NACIONALES&quot;","block_context":{"text":"NOTICIAS NACIONALES","link":"http:\/\/www.grieta.org.mx\/index.php\/category\/noticias-nacionales\/"},"img":{"alt_text":"","src":"https:\/\/i0.wp.com\/www.grieta.org.mx\/wp-content\/uploads\/2018\/03\/14524434_1106112876131411_958039263622046936_o.jpg?resize=350%2C200","width":350,"height":200,"srcset":"https:\/\/i0.wp.com\/www.grieta.org.mx\/wp-content\/uploads\/2018\/03\/14524434_1106112876131411_958039263622046936_o.jpg?resize=350%2C200 1x, https:\/\/i0.wp.com\/www.grieta.org.mx\/wp-content\/uploads\/2018\/03\/14524434_1106112876131411_958039263622046936_o.jpg?resize=525%2C300 1.5x, https:\/\/i0.wp.com\/www.grieta.org.mx\/wp-content\/uploads\/2018\/03\/14524434_1106112876131411_958039263622046936_o.jpg?resize=700%2C400 2x"},"classes":[]},{"id":12335,"url":"http:\/\/www.grieta.org.mx\/index.php\/2016\/05\/15\/docentes-protestan-contra-reforma-educativa-en-yucatan\/","url_meta":{"origin":23214,"position":3},"title":"Docentes protestan contra reforma educativa en Yucat\u00e1n","author":"grieta","date":"15 mayo, 2016","format":false,"excerpt":"Los inconformes se\u00f1alaron que la reforma en realidad no es educativa, m\u00e1s bien es laboral y administrativa, pues no se ocupa de temas como planes de estudio y m\u00e9todos de ense\u00f1anza Foto: Lorenzo Hern\u00e1ndez P\u00e9rez Yazm\u00edn Rodr\u00edguez \/ corresponsal M\u00e9rida, Yucat\u00e1n Aproximadamente 100 docentes pertenecientes al sindicato de la Coordinadora\u2026","rel":"","context":"En &quot;CINTILLO&quot;","block_context":{"text":"CINTILLO","link":"http:\/\/www.grieta.org.mx\/index.php\/category\/cintillo\/"},"img":{"alt_text":"","src":"https:\/\/i0.wp.com\/www.grieta.org.mx\/wp-content\/uploads\/2018\/03\/14524434_1106112876131411_958039263622046936_o.jpg?resize=350%2C200","width":350,"height":200,"srcset":"https:\/\/i0.wp.com\/www.grieta.org.mx\/wp-content\/uploads\/2018\/03\/14524434_1106112876131411_958039263622046936_o.jpg?resize=350%2C200 1x, https:\/\/i0.wp.com\/www.grieta.org.mx\/wp-content\/uploads\/2018\/03\/14524434_1106112876131411_958039263622046936_o.jpg?resize=525%2C300 1.5x, https:\/\/i0.wp.com\/www.grieta.org.mx\/wp-content\/uploads\/2018\/03\/14524434_1106112876131411_958039263622046936_o.jpg?resize=700%2C400 2x"},"classes":[]},{"id":12529,"url":"http:\/\/www.grieta.org.mx\/index.php\/2016\/05\/16\/magisterio-se-moviliza-en-guerrero-en-repudio-a-la-reforma\/","url_meta":{"origin":23214,"position":4},"title":"Magisterio se moviliza en Guerrero en repudio a la reforma","author":"grieta","date":"16 mayo, 2016","format":false,"excerpt":"Proceso Ezequiel Flores Contreras Chilpancingo (apro). Integrantes del magisterio disidente marcharon este d\u00eda en diferentes partes de la entidad y anunciaron el cierre de planteles escolares para exigir la derogaci\u00f3n de la reforma educativa y expresar su rechazo contra la evaluaci\u00f3n. En la capital, al menos mil docentes marcharon y\u2026","rel":"","context":"En &quot;CINTILLO&quot;","block_context":{"text":"CINTILLO","link":"http:\/\/www.grieta.org.mx\/index.php\/category\/cintillo\/"},"img":{"alt_text":"","src":"https:\/\/i0.wp.com\/www.grieta.org.mx\/wp-content\/uploads\/2018\/03\/14524434_1106112876131411_958039263622046936_o.jpg?resize=350%2C200","width":350,"height":200,"srcset":"https:\/\/i0.wp.com\/www.grieta.org.mx\/wp-content\/uploads\/2018\/03\/14524434_1106112876131411_958039263622046936_o.jpg?resize=350%2C200 1x, https:\/\/i0.wp.com\/www.grieta.org.mx\/wp-content\/uploads\/2018\/03\/14524434_1106112876131411_958039263622046936_o.jpg?resize=525%2C300 1.5x, https:\/\/i0.wp.com\/www.grieta.org.mx\/wp-content\/uploads\/2018\/03\/14524434_1106112876131411_958039263622046936_o.jpg?resize=700%2C400 2x"},"classes":[]},{"id":12554,"url":"http:\/\/www.grieta.org.mx\/index.php\/2016\/05\/15\/marchan-maestros-contra-reforma-educativa-tabasco\/","url_meta":{"origin":23214,"position":5},"title":"Marchan maestros contra reforma educativa (Tabasco)","author":"grieta","date":"15 mayo, 2016","format":false,"excerpt":"Fernando Chabl\u00e9 Este domingo maestros de los 17 municipios realizan una marcha desde la deportiva con direcci\u00f3n a la Plaza de Arma para exigir en el d\u00eda de maestro, no a la Reforma Educativa, pues son maestros con plazas y se\u00f1alan que con el examen que est\u00e1n aplicando es proactivamente\u2026","rel":"","context":"En &quot;CINTILLO&quot;","block_context":{"text":"CINTILLO","link":"http:\/\/www.grieta.org.mx\/index.php\/category\/cintillo\/"},"img":{"alt_text":"","src":"https:\/\/i0.wp.com\/www.grieta.org.mx\/wp-content\/uploads\/2018\/03\/14524434_1106112876131411_958039263622046936_o.jpg?resize=350%2C200","width":350,"height":200,"srcset":"https:\/\/i0.wp.com\/www.grieta.org.mx\/wp-content\/uploads\/2018\/03\/14524434_1106112876131411_958039263622046936_o.jpg?resize=350%2C200 1x, https:\/\/i0.wp.com\/www.grieta.org.mx\/wp-content\/uploads\/2018\/03\/14524434_1106112876131411_958039263622046936_o.jpg?resize=525%2C300 1.5x, https:\/\/i0.wp.com\/www.grieta.org.mx\/wp-content\/uploads\/2018\/03\/14524434_1106112876131411_958039263622046936_o.jpg?resize=700%2C400 2x"},"classes":[]}],"_links":{"self":[{"href":"http:\/\/www.grieta.org.mx\/index.php\/wp-json\/wp\/v2\/posts\/23214","targetHints":{"allow":["GET"]}}],"collection":[{"href":"http:\/\/www.grieta.org.mx\/index.php\/wp-json\/wp\/v2\/posts"}],"about":[{"href":"http:\/\/www.grieta.org.mx\/index.php\/wp-json\/wp\/v2\/types\/post"}],"author":[{"embeddable":true,"href":"http:\/\/www.grieta.org.mx\/index.php\/wp-json\/wp\/v2\/users\/2"}],"replies":[{"embeddable":true,"href":"http:\/\/www.grieta.org.mx\/index.php\/wp-json\/wp\/v2\/comments?post=23214"}],"version-history":[{"count":1,"href":"http:\/\/www.grieta.org.mx\/index.php\/wp-json\/wp\/v2\/posts\/23214\/revisions"}],"predecessor-version":[{"id":23226,"href":"http:\/\/www.grieta.org.mx\/index.php\/wp-json\/wp\/v2\/posts\/23214\/revisions\/23226"}],"wp:featuredmedia":[{"embeddable":true,"href":"http:\/\/www.grieta.org.mx\/index.php\/wp-json\/wp\/v2\/media\/23217"}],"wp:attachment":[{"href":"http:\/\/www.grieta.org.mx\/index.php\/wp-json\/wp\/v2\/media?parent=23214"}],"wp:term":[{"taxonomy":"category","embeddable":true,"href":"http:\/\/www.grieta.org.mx\/index.php\/wp-json\/wp\/v2\/categories?post=23214"},{"taxonomy":"post_tag","embeddable":true,"href":"http:\/\/www.grieta.org.mx\/index.php\/wp-json\/wp\/v2\/tags?post=23214"}],"curies":[{"name":"wp","href":"https:\/\/api.w.org\/{rel}","templated":true}]}}