{"id":23197,"date":"2018-05-17T17:07:50","date_gmt":"2018-05-17T22:07:50","guid":{"rendered":"http:\/\/www.grieta.org.mx\/?p=23197"},"modified":"2018-05-17T17:07:50","modified_gmt":"2018-05-17T22:07:50","slug":"por-contaminacion-visual-ordenan-retirar-mantas-de-desaparecidos-en-ensenada-baja-california","status":"publish","type":"post","link":"http:\/\/www.grieta.org.mx\/index.php\/2018\/05\/17\/por-contaminacion-visual-ordenan-retirar-mantas-de-desaparecidos-en-ensenada-baja-california\/","title":{"rendered":"Por &#8220;contaminaci\u00f3n visual&#8221;, ordenan retirar mantas de desaparecidos en Ensenada (Baja California)"},"content":{"rendered":"<p><img decoding=\"async\" data-attachment-id=\"23198\" data-permalink=\"http:\/\/www.grieta.org.mx\/index.php\/2018\/05\/17\/por-contaminacion-visual-ordenan-retirar-mantas-de-desaparecidos-en-ensenada-baja-california\/mantas_0\/\" data-orig-file=\"http:\/\/www.grieta.org.mx\/wp-content\/uploads\/2018\/05\/mantas_0.png\" data-orig-size=\"660,440\" data-comments-opened=\"0\" data-image-meta=\"{&quot;aperture&quot;:&quot;0&quot;,&quot;credit&quot;:&quot;&quot;,&quot;camera&quot;:&quot;&quot;,&quot;caption&quot;:&quot;&quot;,&quot;created_timestamp&quot;:&quot;0&quot;,&quot;copyright&quot;:&quot;&quot;,&quot;focal_length&quot;:&quot;0&quot;,&quot;iso&quot;:&quot;0&quot;,&quot;shutter_speed&quot;:&quot;0&quot;,&quot;title&quot;:&quot;&quot;,&quot;orientation&quot;:&quot;0&quot;}\" data-image-title=\"mantas_0\" data-image-description=\"\" data-image-caption=\"\" data-medium-file=\"http:\/\/www.grieta.org.mx\/wp-content\/uploads\/2018\/05\/mantas_0-300x200.png\" data-large-file=\"http:\/\/www.grieta.org.mx\/wp-content\/uploads\/2018\/05\/mantas_0.png\" src=\"http:\/\/www.grieta.org.mx\/wp-content\/uploads\/2018\/05\/mantas_0.png\" alt=\"\" width=\"100%\" class=\"aligncenter size-full wp-image-23198\" srcset=\"http:\/\/www.grieta.org.mx\/wp-content\/uploads\/2018\/05\/mantas_0.png 660w, http:\/\/www.grieta.org.mx\/wp-content\/uploads\/2018\/05\/mantas_0-300x200.png 300w\" sizes=\"(max-width: 660px) 100vw, 660px\" \/><\/p>\n<p>Por Redacci\u00f3n<\/p>\n<p>Ensenada, 17 de mayo.- Familiares de personas desaparecidas de Ensenada denunciaron que el alcalde, Marco Antonio Novelo, bajo el argumento de que son &#8220;contaminaci\u00f3n visual&#8221; y deben pagar por el espacio, orden\u00f3 retirar lonas con los rostros y datos de las v\u00edctimas que colocaron en puentes p\u00fablicos para pedir la colaboraci\u00f3n de la comunidad.<\/p>\n<p>En una carta p\u00fablica condenan que la administraci\u00f3n municipal -en la cual, afirman, se &#8220;ha desatado inusitadamente&#8221; la violencia e inseguridad- y el resto de autoridades no solo no ha hecho nada por ubicar a sus seres queridos, sino que bloquean la posibilidad de que los familiares hagan sus propias investigaciones.<\/p>\n<p>Reportan que 10 de cada 100 desaparecidos en Baja California son de Ensenada -120 de mil 200-, y el hallazgo reciente de fosas clandestinas en Valle de la Trinidad y el fraccionamiento El Roble solo incrementa la zozobra de quienes buscan a seres queridos.<\/p>\n<p>Reproducimos la carta textual:<\/p>\n<p>A la opini\u00f3n p\u00fablica en general <\/p>\n<p>En M\u00e9xico el gobierno en todos sus niveles ha fracasado en su funci\u00f3n b\u00e1sica de brindar justicia y seguridad a la poblaci\u00f3n, as\u00ed lo demuestran los m\u00e1s de 35, 424 casos de personas desaparecidas a nivel nacional (hasta marzo del 2018). <\/p>\n<p>Contrario a lo que debiera ocurrir, las autoridades responden con desinter\u00e9s y simulaci\u00f3n en las investigaciones, perpetrando a\u00fan m\u00e1s la impunidad y ocasionando con ello un gran dolor a los familiares de desaparecidos, tambi\u00e9n v\u00edctimas de este atroz crimen. <\/p>\n<p>Desafortunadamente nuestra entidad, Baja California, y nuestro municipio, Ensenada, no son ajenos a dicha situaci\u00f3n. Sabemos de la existencia de m\u00e1s de 1200 personas desaparecidas en el estado y alrededor de 120 en Ensenada. Quienes vivimos el calvario de tener un familiar desaparecido hemos despertado, en fechas recientes, con la terrible noticia de hallazgos de restos humanos en fosas clandestinas, la primera en diciembre de 2017 en el valle de la Trinidad y la segunda en abril del presente a\u00f1o en el fraccionamiento el Roble en Ensenada, BC. <\/p>\n<p>En ese contexto y desde la desaparici\u00f3n de nuestros hijos hemos acudido a todas las instancias de procuraci\u00f3n de justicia en busca de ellos, preguntando qu\u00e9 hacer, a donde m\u00e1s acudir, solicitando informaci\u00f3n sobre los hallazgos encontrados, sin recibir respuestas favorables. Hemos pr\u00e1cticamente suplicado a las autoridades locales y estatales que busquen a nuestros seres queridos, la respuesta ha sido la dilaci\u00f3n en las investigaciones, la prepotencia de funcionarios p\u00fablicos, el desinter\u00e9s por resolver los casos, la mentira, el ocultamiento de informaci\u00f3n y la revictimizaci\u00f3n de nosotros como familiares que lo \u00fanico que queremos es saber \u00bfD\u00f3nde est\u00e1n nuestros hijos? <\/p>\n<p>Un ejemplo de dicha situaci\u00f3n son las recientes declaraciones del alcalde municipal Marco Antonio Novelo cuando afirma que las &#8220;Mantas de desaparecidos son contaminaci\u00f3n visual&#8221; y que si los familiares quieren ponerlas deben pagar como los dem\u00e1s. Ante ello nosotros como familiares de desaparecidos declaramos que es lamentable e indignante que la m\u00e1xima autoridad en Ensenada, lejos de investigar los casos de desapariciones y garantizar la seguridad de las y los ciudadanos para que nadie desaparezca, nos impida buscar por nuestra cuenta a nuestros desaparecidos. <\/p>\n<p>Estamos en una situaci\u00f3n en la que las autoridades no solo no buscan a nuestros desaparecidos, sino que al quitar las mantas, tirarlas a la basura y ocultarnos informaci\u00f3n impiden que nosotros mismos los busquemos, sin hablar ya de nuestro derecho a la libertad de expresi\u00f3n que tambi\u00e9n ha sido coartado. <\/p>\n<p>Si para usted Marco Antonio Novelo, presidente municipal de Ensenada, las mantas con los rostros y se\u00f1as particulares de nuestros hijos son contaminaci\u00f3n visual, para nosotros representan la \u00fanica alternativa para obtener alg\u00fan tipo de informaci\u00f3n sobre el paradero de nuestros familiares, ya que usted no solo no ha sido capaz de garantizar que las personas no desaparezcan, sino que tampoco ha hecho ni dicho absolutamente nada para acelerar las investigaciones de los casos. <\/p>\n<p>Le recordamos que ha sido precisamente bajo su gesti\u00f3n que la violencia e inseguridad se ha desatado inusitadamente en nuestro municipio y que al no actuar en consecuencia es usted tambi\u00e9n parte el de problema. <\/p>\n<p>Por lo anterior exigimos a las autoridades: <\/p>\n<p>&#8211; La presentaci\u00f3n inmediata de nuestros hijos desaparecidos <\/p>\n<p>&#8211; Se garantice nuestro derecho a buscar a nuestros hijos sin que se ponga en riesgo nuestra integridad f\u00edsica o psicol\u00f3gica. <\/p>\n<p>&#8211; Alto a la re-victimizaci\u00f3n de las familias de desaparecidos. <\/p>\n<p>&#8211; Justicia y verdad para las familias de desaparecidos <\/p>\n<p>Atentamente Familiares de desaparecidos en Ensenada <\/p>\n<p>Fuerzas Unidos por Nuestros Desaparecidos en Coahuila y en M\u00e9xico (Fuundecfundem) <\/p>\n<p>Centro Diocesano de los Derechos Humanos Fray Juan Larios \u00a1Porque vivos se los llevaron, vivos los queremos!<\/p>\n<p><a href=\"http:\/\/jornadabc.mx\/tijuana\/17-05-2018\/por-contaminacion-visual-ordenan-retirar-mantas-de-desaparecidos-en-ensenada\" rel=\"noopener\" target=\"_blank\">http:\/\/jornadabc.mx\/tijuana\/17-05-2018\/por-contaminacion-visual-ordenan-retirar-mantas-de-desaparecidos-en-ensenada<\/a><\/p>\n","protected":false},"excerpt":{"rendered":"<p>Por Redacci\u00f3n Ensenada, 17 de mayo.- Familiares de personas desaparecidas de Ensenada denunciaron que el alcalde, Marco Antonio Novelo, bajo el argumento de que son &#8220;contaminaci\u00f3n visual&#8221; y deben pagar &hellip; <a href=\"http:\/\/www.grieta.org.mx\/index.php\/2018\/05\/17\/por-contaminacion-visual-ordenan-retirar-mantas-de-desaparecidos-en-ensenada-baja-california\/\" class=\"more-link\">Leer m\u00e1s<\/a><\/p>\n","protected":false},"author":2,"featured_media":23198,"comment_status":"closed","ping_status":"closed","sticky":false,"template":"","format":"standard","meta":{"ngg_post_thumbnail":0,"_jetpack_newsletter_access":"","_jetpack_dont_email_post_to_subs":false,"_jetpack_newsletter_tier_id":0,"_jetpack_memberships_contains_paywalled_content":false,"_jetpack_memberships_contains_paid_content":false,"footnotes":""},"categories":[5,80,87,1073,2],"tags":[1242,1241,121,772],"class_list":["post-23197","post","type-post","status-publish","format-standard","has-post-thumbnail","hentry","category-baja-california","category-cintillo","category-desaparecidos","category-protestas-contra-la-desaparicion-de-personas-en-baja-california","category-noticias-nacionales","tag-autoridades-impiden-investigaciones-de-familiares","tag-autoridades-no-investigan","tag-desaparecidos","tag-ensenada","entry"],"jetpack_featured_media_url":"http:\/\/www.grieta.org.mx\/wp-content\/uploads\/2018\/05\/mantas_0.png","jetpack_sharing_enabled":true,"jetpack_shortlink":"https:\/\/wp.me\/p7ZJR4-629","jetpack_likes_enabled":false,"jetpack-related-posts":[{"id":25807,"url":"http:\/\/www.grieta.org.mx\/index.php\/2018\/08\/21\/hallan-muerto-a-raymundo-bautista-otro-desaparecido-en-ensenada-baja-california\/","url_meta":{"origin":23197,"position":0},"title":"Hallan muerto a Raymundo Bautista, otro desaparecido en Ensenada (Baja California)","author":"grieta","date":"21 agosto, 2018","format":false,"excerpt":"\u00a0 Lorena Lamas El cuerpo de Raymundo Bautista Morones, de 27 a\u00f1os de edad, fue entregado este martes a sus familiares tras casi un a\u00f1o de b\u00fasqueda en Ensenada. La \u00faltima vez que vieron a Raymundo fue la ma\u00f1ana del 8 de septiembre del 2017 cuando se encontraba junto con\u2026","rel":"","context":"En &quot;Baja California&quot;","block_context":{"text":"Baja California","link":"http:\/\/www.grieta.org.mx\/index.php\/category\/noticias-nacionales\/baja-california\/"},"img":{"alt_text":"","src":"https:\/\/i0.wp.com\/www.grieta.org.mx\/wp-content\/uploads\/2018\/08\/223EFF6D-7000-4F84-A899-9A527FD1E201-535x500.jpeg?resize=350%2C200","width":350,"height":200,"srcset":"https:\/\/i0.wp.com\/www.grieta.org.mx\/wp-content\/uploads\/2018\/08\/223EFF6D-7000-4F84-A899-9A527FD1E201-535x500.jpeg?resize=350%2C200 1x, https:\/\/i0.wp.com\/www.grieta.org.mx\/wp-content\/uploads\/2018\/08\/223EFF6D-7000-4F84-A899-9A527FD1E201-535x500.jpeg?resize=525%2C300 1.5x"},"classes":[]},{"id":23200,"url":"http:\/\/www.grieta.org.mx\/index.php\/2018\/05\/17\/buscan-fosas-clandestinas-en-ensenada-baja-california\/","url_meta":{"origin":23197,"position":1},"title":"Buscan fosas clandestinas en Ensenada (Baja California)","author":"grieta","date":"17 mayo, 2018","format":false,"excerpt":"","rel":"","context":"En &quot;Baja California&quot;","block_context":{"text":"Baja California","link":"http:\/\/www.grieta.org.mx\/index.php\/category\/noticias-nacionales\/baja-california\/"},"img":{"alt_text":"","src":"https:\/\/i0.wp.com\/www.grieta.org.mx\/wp-content\/uploads\/2018\/05\/busqueda_de_restos.jpg?resize=350%2C200","width":350,"height":200,"srcset":"https:\/\/i0.wp.com\/www.grieta.org.mx\/wp-content\/uploads\/2018\/05\/busqueda_de_restos.jpg?resize=350%2C200 1x, https:\/\/i0.wp.com\/www.grieta.org.mx\/wp-content\/uploads\/2018\/05\/busqueda_de_restos.jpg?resize=525%2C300 1.5x"},"classes":[]},{"id":54063,"url":"http:\/\/www.grieta.org.mx\/index.php\/2020\/10\/10\/familias-de-siguiendo-tus-pasos-localizan-restos-humanos-en-el-roble-ensenada-baja-california\/","url_meta":{"origin":23197,"position":2},"title":"Familias de Siguiendo tus pasos localizan restos humanos en El Roble, Ensenada (Baja California)","author":"grieta","date":"10 octubre, 2020","format":false,"excerpt":"Zeta Tijuana \/ Lorena Lamas. Ensenada.- Integrantes de la agrupaci\u00f3n Siguiendo tus pasos y agentes de la Fiscal\u00eda Especializada en Desapariciones, llevaron a cabo una prospecci\u00f3n en una fosa ubicada en las inmediaciones del fraccionamiento El Roble, en Ensenada, donde localizaron restos humanos. El hallazgo fue el viernes 9 de\u2026","rel":"","context":"En &quot;Baja California&quot;","block_context":{"text":"Baja California","link":"http:\/\/www.grieta.org.mx\/index.php\/category\/noticias-nacionales\/baja-california\/"},"img":{"alt_text":"","src":"https:\/\/i0.wp.com\/www.grieta.org.mx\/wp-content\/uploads\/2020\/10\/3-1.jpg?resize=350%2C200","width":350,"height":200,"srcset":"https:\/\/i0.wp.com\/www.grieta.org.mx\/wp-content\/uploads\/2020\/10\/3-1.jpg?resize=350%2C200 1x, https:\/\/i0.wp.com\/www.grieta.org.mx\/wp-content\/uploads\/2020\/10\/3-1.jpg?resize=525%2C300 1.5x, https:\/\/i0.wp.com\/www.grieta.org.mx\/wp-content\/uploads\/2020\/10\/3-1.jpg?resize=700%2C400 2x"},"classes":[]},{"id":53777,"url":"http:\/\/www.grieta.org.mx\/index.php\/2020\/09\/24\/familiares-de-desaparecidos-en-tijuana-buscan-reunion-con-el-gobernador-baja-california\/","url_meta":{"origin":23197,"position":3},"title":"Familiares de desaparecidos en Tijuana buscan reuni\u00f3n con el gobernador (Baja California)","author":"grieta","date":"24 septiembre, 2020","format":false,"excerpt":"La Jornada Baja California \/ Juan Pablo Guerra Cu\u00e9llar. Los grupos aseguran estar desesperados por recibir una audiencia con el gobernador. Foto Juan Pablo Guerra Cu\u00e9llar. Tijuana, 24 de septiembre.- Tres colectivos que buscan a sus familiares desaparecidos se reunieron a las afueras de la oficina del gobernador Jaime Bonilla\u2026","rel":"","context":"En &quot;Baja California&quot;","block_context":{"text":"Baja California","link":"http:\/\/www.grieta.org.mx\/index.php\/category\/noticias-nacionales\/baja-california\/"},"img":{"alt_text":"","src":"https:\/\/i0.wp.com\/www.grieta.org.mx\/wp-content\/uploads\/2020\/09\/1.png?resize=350%2C200","width":350,"height":200,"srcset":"https:\/\/i0.wp.com\/www.grieta.org.mx\/wp-content\/uploads\/2020\/09\/1.png?resize=350%2C200 1x, https:\/\/i0.wp.com\/www.grieta.org.mx\/wp-content\/uploads\/2020\/09\/1.png?resize=525%2C300 1.5x"},"classes":[]},{"id":55596,"url":"http:\/\/www.grieta.org.mx\/index.php\/2020\/11\/30\/ensenada-resiste-entrega-documento-a-amlo-baja-california\/","url_meta":{"origin":23197,"position":4},"title":"Ensenada Resiste entrega documento a AMLO (Baja California)","author":"grieta","date":"30 noviembre, 2020","format":false,"excerpt":"4 Vientos \/ Por Ensenada Resiste \/ Fotos por Jazm\u00edn F\u00e9lix y Ensenada Resiste. El pasado s\u00e1bado 28 de noviembre del 2020 el colectivo Ensenada Resiste realiz\u00f3 una manifestaci\u00f3n en el Centro de Gobierno de Ensenada por motivo de la gira del presidente Andr\u00e9s Manuel L\u00f3pez Obrador en el estado.\u2026","rel":"","context":"En &quot;Baja California&quot;","block_context":{"text":"Baja California","link":"http:\/\/www.grieta.org.mx\/index.php\/category\/noticias-nacionales\/baja-california\/"},"img":{"alt_text":"","src":"https:\/\/i0.wp.com\/www.grieta.org.mx\/wp-content\/uploads\/2018\/03\/14524434_1106112876131411_958039263622046936_o.jpg?resize=350%2C200","width":350,"height":200,"srcset":"https:\/\/i0.wp.com\/www.grieta.org.mx\/wp-content\/uploads\/2018\/03\/14524434_1106112876131411_958039263622046936_o.jpg?resize=350%2C200 1x, https:\/\/i0.wp.com\/www.grieta.org.mx\/wp-content\/uploads\/2018\/03\/14524434_1106112876131411_958039263622046936_o.jpg?resize=525%2C300 1.5x, https:\/\/i0.wp.com\/www.grieta.org.mx\/wp-content\/uploads\/2018\/03\/14524434_1106112876131411_958039263622046936_o.jpg?resize=700%2C400 2x"},"classes":[]},{"id":54726,"url":"http:\/\/www.grieta.org.mx\/index.php\/2020\/10\/24\/protestan-contra-eca-y-sempra-en-ensenada-baja-california\/","url_meta":{"origin":23197,"position":5},"title":"Protestan contra ECA y SEMPRA en Ensenada (Baja California)","author":"grieta","date":"24 octubre, 2020","format":false,"excerpt":"Zeta Tijuana \/ Lorena Lamas. Foto y video: Lorena Lamas Un grupo de ciudadanos realiz\u00f3 una manifestaci\u00f3n en contra de la ampliaci\u00f3n de la planta regasificadora Energ\u00eda Costa Azul (ECA) subsidiaria de SEMPRA Energy en el corredor costero Tijuana-Ensenada. A las 16:00 horas de este s\u00e1bado 24 de octubre los\u2026","rel":"","context":"En &quot;Baja California&quot;","block_context":{"text":"Baja California","link":"http:\/\/www.grieta.org.mx\/index.php\/category\/noticias-nacionales\/baja-california\/"},"img":{"alt_text":"","src":"https:\/\/i0.wp.com\/www.grieta.org.mx\/wp-content\/uploads\/2020\/11\/1-1.jpg?resize=350%2C200","width":350,"height":200,"srcset":"https:\/\/i0.wp.com\/www.grieta.org.mx\/wp-content\/uploads\/2020\/11\/1-1.jpg?resize=350%2C200 1x, https:\/\/i0.wp.com\/www.grieta.org.mx\/wp-content\/uploads\/2020\/11\/1-1.jpg?resize=525%2C300 1.5x, https:\/\/i0.wp.com\/www.grieta.org.mx\/wp-content\/uploads\/2020\/11\/1-1.jpg?resize=700%2C400 2x"},"classes":[]}],"_links":{"self":[{"href":"http:\/\/www.grieta.org.mx\/index.php\/wp-json\/wp\/v2\/posts\/23197","targetHints":{"allow":["GET"]}}],"collection":[{"href":"http:\/\/www.grieta.org.mx\/index.php\/wp-json\/wp\/v2\/posts"}],"about":[{"href":"http:\/\/www.grieta.org.mx\/index.php\/wp-json\/wp\/v2\/types\/post"}],"author":[{"embeddable":true,"href":"http:\/\/www.grieta.org.mx\/index.php\/wp-json\/wp\/v2\/users\/2"}],"replies":[{"embeddable":true,"href":"http:\/\/www.grieta.org.mx\/index.php\/wp-json\/wp\/v2\/comments?post=23197"}],"version-history":[{"count":1,"href":"http:\/\/www.grieta.org.mx\/index.php\/wp-json\/wp\/v2\/posts\/23197\/revisions"}],"predecessor-version":[{"id":23199,"href":"http:\/\/www.grieta.org.mx\/index.php\/wp-json\/wp\/v2\/posts\/23197\/revisions\/23199"}],"wp:featuredmedia":[{"embeddable":true,"href":"http:\/\/www.grieta.org.mx\/index.php\/wp-json\/wp\/v2\/media\/23198"}],"wp:attachment":[{"href":"http:\/\/www.grieta.org.mx\/index.php\/wp-json\/wp\/v2\/media?parent=23197"}],"wp:term":[{"taxonomy":"category","embeddable":true,"href":"http:\/\/www.grieta.org.mx\/index.php\/wp-json\/wp\/v2\/categories?post=23197"},{"taxonomy":"post_tag","embeddable":true,"href":"http:\/\/www.grieta.org.mx\/index.php\/wp-json\/wp\/v2\/tags?post=23197"}],"curies":[{"name":"wp","href":"https:\/\/api.w.org\/{rel}","templated":true}]}}