{"id":23163,"date":"2018-05-15T11:32:48","date_gmt":"2018-05-15T16:32:48","guid":{"rendered":"http:\/\/www.grieta.org.mx\/?p=23163"},"modified":"2018-05-16T11:37:13","modified_gmt":"2018-05-16T16:37:13","slug":"amenazan-con-armas-a-reporteros-campeche","status":"publish","type":"post","link":"http:\/\/www.grieta.org.mx\/index.php\/2018\/05\/15\/amenazan-con-armas-a-reporteros-campeche\/","title":{"rendered":"Amenazan con armas a reporteros (Campeche)"},"content":{"rendered":"<p><img loading=\"lazy\" decoding=\"async\" data-attachment-id=\"23164\" data-permalink=\"http:\/\/www.grieta.org.mx\/index.php\/2018\/05\/15\/amenazan-con-armas-a-reporteros-campeche\/campeche-hoy-amenaza\/\" data-orig-file=\"http:\/\/www.grieta.org.mx\/wp-content\/uploads\/2018\/05\/Campeche-Hoy-Amenaza.jpg\" data-orig-size=\"640,427\" data-comments-opened=\"0\" data-image-meta=\"{&quot;aperture&quot;:&quot;0&quot;,&quot;credit&quot;:&quot;&quot;,&quot;camera&quot;:&quot;&quot;,&quot;caption&quot;:&quot;&quot;,&quot;created_timestamp&quot;:&quot;0&quot;,&quot;copyright&quot;:&quot;&quot;,&quot;focal_length&quot;:&quot;0&quot;,&quot;iso&quot;:&quot;0&quot;,&quot;shutter_speed&quot;:&quot;0&quot;,&quot;title&quot;:&quot;&quot;,&quot;orientation&quot;:&quot;0&quot;}\" data-image-title=\"Campeche-Hoy-Amenaza\" data-image-description=\"\" data-image-caption=\"\" data-medium-file=\"http:\/\/www.grieta.org.mx\/wp-content\/uploads\/2018\/05\/Campeche-Hoy-Amenaza-300x200.jpg\" data-large-file=\"http:\/\/www.grieta.org.mx\/wp-content\/uploads\/2018\/05\/Campeche-Hoy-Amenaza.jpg\" src=\"http:\/\/www.grieta.org.mx\/wp-content\/uploads\/2018\/05\/Campeche-Hoy-Amenaza.jpg\" alt=\"\" width=\"640\" height=\"427\" class=\"aligncenter size-full wp-image-23164\" srcset=\"http:\/\/www.grieta.org.mx\/wp-content\/uploads\/2018\/05\/Campeche-Hoy-Amenaza.jpg 640w, http:\/\/www.grieta.org.mx\/wp-content\/uploads\/2018\/05\/Campeche-Hoy-Amenaza-300x200.jpg 300w\" sizes=\"auto, (max-width: 640px) 100vw, 640px\" \/><\/p>\n<p>CD DEL CARMEN. Reporteros, fot\u00f3grafos y camar\u00f3grafos fueron severamente agredidos f\u00edsica y verbalmente, adem\u00e1s que fueron amenazados con un arma de fuego por Jos\u00e9 Luis Fonseca Valencia, militante del partido Movimiento de Regeneraci\u00f3n Nacional (Morena) y delegado de Trabajadores de la Construcci\u00f3n de la CTM.<\/p>\n<p>Lo anterior sucedi\u00f3 en una rueda de prensa de aquel partido en la colonia Volcanes, en punto de las 10:30 de la ma\u00f1ana, en donde presentaron a Manuel de Atocha Novelo como coordinador de la campa\u00f1a del candidato por el Distrito XI Ricardo S\u00e1nchez Cerino. Debido a esta situaci\u00f3n algunos militantes se mostraron inconformes, pues Atocha Novelo fue candidato del Partido de la Revoluci\u00f3n Democr\u00e1tica (PRD) a la diputaci\u00f3n del Distrito XX, m\u00e1s tarde renunci\u00f3 a la candidatura y ahora brind\u00f3 su apoyo de Ram\u00f3n Ochoa y de los candidatos de Morena.<\/p>\n<p>Posterior a ello, el agresor acudi\u00f3 a la rueda de prensa en donde encar\u00f3 a S\u00e1nchez Cerino a quien le reclam\u00f3 por no cumplir con el trato de volverlo su coordinador de campa\u00f1a y poner a Atocha Novelo, a quien lo se\u00f1al\u00f3 de ratero y convenenciero, \u201cYo muevo mucha gente y lo que hiciste conmigo no se vale\u201d.<\/p>\n<p>Seguido de esto, retiraron al quejoso, que iba acompa\u00f1ado de sus hijos, mientras era corrido, segu\u00eda peleando y reclamando a los morenistas, mientras que los reporteros y fot\u00f3grafos tomaban graficas del hecho.<\/p>\n<p>El inconforme, entonces inici\u00f3 una serie de ataques en insultos en contra de los morenistas quienes le respond\u00edan, para que luego atacar\u00e1 a uno de los compa\u00f1eros del medio, a quien le exig\u00eda eliminar las gr\u00e1ficas, para que luego los dem\u00e1s llegaran en la defensa del compa\u00f1ero amedrentado.<\/p>\n<p>Entre gritos, empujones, agresiones f\u00edsicas, verbales, fue que se desarroll\u00f3 la trifulca, en la que salieron golpeados varios compa\u00f1eros de los medios; entonces Fonseca Valencia, de su pantal\u00f3n desenfund\u00f3 un arma de fuego y amenaz\u00f3 a varios de los compa\u00f1eros a lo que les dijo, \u201csi no se calman, los calmo de un plomazo\u201d, apuntando con el arma al grupo de reporteros.<\/p>\n<p>Adem\u00e1s de ello, resultaron rotas c\u00e1maras fotogr\u00e1ficas y de video y varios compa\u00f1eros golpeados, adem\u00e1s del susto que recibieron todos los presentes, en donde adem\u00e1s se encontraban menores de edad.<\/p>\n<p>Luego de percatarse de la acci\u00f3n en donde pudo haber herido y hasta matado a cualquier persona en el lugar decidi\u00f3 guardar el arma dentro de su camioneta, mientras que sus hijos segu\u00edan atacando a las personas que se encontraban en el lugar. Pronto y apunta de empujones, los agresores se retiraron del lugar.<\/p>\n<p>Seg\u00fan lo declarado par Elidier Contreras, coordinador de la campa\u00f1a de Ram\u00f3n Ochoa, este personaje nunca ha sido militante del partido Morena, pese a que en reiteradas ocasiones \u00e9l aseguraba estar inscrito dentro de sus filas, \u201cYo no lo ubico como militante, no est\u00e1 afiliado\u201d. Mientras que el profesor S\u00e1nchez Cerino lo contrar\u00edo al decir que s\u00ed es militante registrado \u201cEs militante de Morena, est\u00e1 registrado, ha participado, pero no es un militante activo\u201d.<\/p>\n<p>Los medios de comunicaci\u00f3n afectados acudieron a las instalaciones de la Vicefiscal\u00eda, para levantar una denuncia en contra de Jos\u00e9 Luis Fonseca Valencia y sus dos hijos, quienes amenazaron en reiteradas ocasiones a los medios de comunicaci\u00f3n y que adem\u00e1s los golpearon y da\u00f1aron sus equipos de trabajo.<\/p>\n<p>Al poco tiempo, un grupo de militantes morenistas  acompa\u00f1ados de Manuel de Atocha y los dos hijos agresores, acudieron con el grupo de periodistas; el primero, lleg\u00f3 a ofrecer sus disculpas mientras que el segundo lleg\u00f3 a seguir amedrentando a los afectados, burl\u00e1ndose de ellos y asegurando nunca sacaron un arma, adem\u00e1s que los sigui\u00f3 amenazando, al decirles que no levantaran su denuncia si no les pesar\u00eda.<\/p>\n<p><a href=\"http:\/\/campechehoy.mx\/2018\/05\/15\/amenazan-con-armas-a-reporteros\/\" rel=\"noopener\" target=\"_blank\">http:\/\/campechehoy.mx\/2018\/05\/15\/amenazan-con-armas-a-reporteros\/<\/a><\/p>\n","protected":false},"excerpt":{"rendered":"<p>CD DEL CARMEN. Reporteros, fot\u00f3grafos y camar\u00f3grafos fueron severamente agredidos f\u00edsica y verbalmente, adem\u00e1s que fueron amenazados con un arma de fuego por Jos\u00e9 Luis Fonseca Valencia, militante del partido &hellip; <a href=\"http:\/\/www.grieta.org.mx\/index.php\/2018\/05\/15\/amenazan-con-armas-a-reporteros-campeche\/\" class=\"more-link\">Leer m\u00e1s<\/a><\/p>\n","protected":false},"author":2,"featured_media":23164,"comment_status":"closed","ping_status":"closed","sticky":false,"template":"","format":"standard","meta":{"ngg_post_thumbnail":0,"_jetpack_newsletter_access":"","_jetpack_dont_email_post_to_subs":false,"_jetpack_newsletter_tier_id":0,"_jetpack_memberships_contains_paywalled_content":false,"_jetpack_memberships_contains_paid_content":false,"footnotes":""},"categories":[11,80,1149],"tags":[120],"class_list":["post-23163","post","type-post","status-publish","format-standard","has-post-thumbnail","hentry","category-campeche","category-cintillo","category-violencia-contra-periodistas-en-campeche","tag-violencia-contra-periodistas","entry"],"jetpack_featured_media_url":"http:\/\/www.grieta.org.mx\/wp-content\/uploads\/2018\/05\/Campeche-Hoy-Amenaza.jpg","jetpack_sharing_enabled":true,"jetpack_shortlink":"https:\/\/wp.me\/p7ZJR4-61B","jetpack_likes_enabled":false,"jetpack-related-posts":[{"id":17953,"url":"http:\/\/www.grieta.org.mx\/index.php\/2016\/07\/26\/violencia-contra-periodistas-en-campeche\/","url_meta":{"origin":23163,"position":0},"title":"Violencia contra periodistas en Campeche","author":"grieta","date":"26 julio, 2016","format":false,"excerpt":"26\/06\/16. Reportero denuncia agresi\u00f3n (Campeche) Tribuna","rel":"","context":"En &quot;Campeche&quot;","block_context":{"text":"Campeche","link":"http:\/\/www.grieta.org.mx\/index.php\/category\/noticias-nacionales\/campeche\/"},"img":{"alt_text":"","src":"https:\/\/i0.wp.com\/www.grieta.org.mx\/wp-content\/uploads\/2018\/03\/14524434_1106112876131411_958039263622046936_o.jpg?resize=350%2C200","width":350,"height":200,"srcset":"https:\/\/i0.wp.com\/www.grieta.org.mx\/wp-content\/uploads\/2018\/03\/14524434_1106112876131411_958039263622046936_o.jpg?resize=350%2C200 1x, https:\/\/i0.wp.com\/www.grieta.org.mx\/wp-content\/uploads\/2018\/03\/14524434_1106112876131411_958039263622046936_o.jpg?resize=525%2C300 1.5x, https:\/\/i0.wp.com\/www.grieta.org.mx\/wp-content\/uploads\/2018\/03\/14524434_1106112876131411_958039263622046936_o.jpg?resize=700%2C400 2x"},"classes":[]},{"id":25202,"url":"http:\/\/www.grieta.org.mx\/index.php\/2018\/07\/14\/nuevamente-alcalde-ordena-agredir-a-periodistascampeche\/","url_meta":{"origin":23163,"position":1},"title":"Nuevamente alcalde ordena agredir a periodistas(Campeche)","author":"grieta","date":"14 julio, 2018","format":false,"excerpt":"Ciudad del Carmen, Cam, 14 Jul (El Voceador).- Dos miembros de este medio informativo fueron agredidos verbal y f\u00edsicamente por simpatizantes panistas y funcionarios del Ayuntamiento de Carmen, que se encontraban manifest\u00e1ndose en las afueras del Consejo Electoral Municipal, por instrucciones del alcalde municipal Pablo Guti\u00e9rrez Lazarus tras ser descubierto\u2026","rel":"","context":"En &quot;Campeche&quot;","block_context":{"text":"Campeche","link":"http:\/\/www.grieta.org.mx\/index.php\/category\/noticias-nacionales\/campeche\/"},"img":{"alt_text":"","src":"https:\/\/i0.wp.com\/www.grieta.org.mx\/wp-content\/uploads\/2018\/07\/agreden-a-periodistas-por-ordenes-del-alcalde.jpg?resize=350%2C200","width":350,"height":200,"srcset":"https:\/\/i0.wp.com\/www.grieta.org.mx\/wp-content\/uploads\/2018\/07\/agreden-a-periodistas-por-ordenes-del-alcalde.jpg?resize=350%2C200 1x, https:\/\/i0.wp.com\/www.grieta.org.mx\/wp-content\/uploads\/2018\/07\/agreden-a-periodistas-por-ordenes-del-alcalde.jpg?resize=525%2C300 1.5x"},"classes":[]},{"id":2819,"url":"http:\/\/www.grieta.org.mx\/index.php\/2015\/08\/10\/claman-justicia-en-yucatan-y-campeche-por-nadia-vera-y-ruben-espinosa\/","url_meta":{"origin":23163,"position":2},"title":"Claman justicia en Yucat\u00e1n y Campeche por Nadia Vera y Rub\u00e9n Espinosa","author":"grieta","date":"10 agosto, 2015","format":false,"excerpt":"M\u00c9RIDA, Yuc. (apro).- Decenas de trabajadores de diversos medios de comunicaci\u00f3n marcharon esta noche por el Paseo Montejo para sumarse al reclamo de justicia por los asesinatos del fotoperiodista Rub\u00e9n Espinosa Becerril, la activista Nadia Vera P\u00e9rez y otras tres mujeres en el Distrito Federal. Vestidos de blanco, y portando\u2026","rel":"","context":"En &quot;campeche&quot;","block_context":{"text":"campeche","link":"http:\/\/www.grieta.org.mx\/index.php\/category\/campeche\/"},"img":{"alt_text":"","src":"https:\/\/i0.wp.com\/www.grieta.org.mx\/wp-content\/uploads\/2018\/03\/14524434_1106112876131411_958039263622046936_o.jpg?resize=350%2C200","width":350,"height":200,"srcset":"https:\/\/i0.wp.com\/www.grieta.org.mx\/wp-content\/uploads\/2018\/03\/14524434_1106112876131411_958039263622046936_o.jpg?resize=350%2C200 1x, https:\/\/i0.wp.com\/www.grieta.org.mx\/wp-content\/uploads\/2018\/03\/14524434_1106112876131411_958039263622046936_o.jpg?resize=525%2C300 1.5x, https:\/\/i0.wp.com\/www.grieta.org.mx\/wp-content\/uploads\/2018\/03\/14524434_1106112876131411_958039263622046936_o.jpg?resize=700%2C400 2x"},"classes":[]},{"id":66210,"url":"http:\/\/www.grieta.org.mx\/index.php\/2023\/02\/08\/intentan-incendiar-casa-de-periodista-en-campeche\/","url_meta":{"origin":23163,"position":3},"title":"Intentan incendiar casa de periodista en Campeche","author":"grieta","date":"8 febrero, 2023","format":false,"excerpt":"UnoTv En Campeche, el periodista Luis Armando Mendoza denunci\u00f3, a trav\u00e9s de redes sociales, que intentaron incendiar su casa la madrugada del martes; el comunicador sali\u00f3 ileso porque logr\u00f3 apagar las llamas. Mediante su cuenta de Facebook, Luis Armando Mendoza coloc\u00f3 unos videos en donde mostr\u00f3 los restos del fuego\u2026","rel":"","context":"En &quot;Campeche&quot;","block_context":{"text":"Campeche","link":"http:\/\/www.grieta.org.mx\/index.php\/category\/noticias-nacionales\/campeche\/"},"img":{"alt_text":"","src":"https:\/\/i0.wp.com\/www.grieta.org.mx\/wp-content\/uploads\/2023\/02\/Periodista-e1676148199999.jpg?resize=350%2C200","width":350,"height":200,"srcset":"https:\/\/i0.wp.com\/www.grieta.org.mx\/wp-content\/uploads\/2023\/02\/Periodista-e1676148199999.jpg?resize=350%2C200 1x, https:\/\/i0.wp.com\/www.grieta.org.mx\/wp-content\/uploads\/2023\/02\/Periodista-e1676148199999.jpg?resize=525%2C300 1.5x, https:\/\/i0.wp.com\/www.grieta.org.mx\/wp-content\/uploads\/2023\/02\/Periodista-e1676148199999.jpg?resize=700%2C400 2x"},"classes":[]},{"id":72130,"url":"http:\/\/www.grieta.org.mx\/index.php\/2025\/07\/16\/jueza-impone-censor-oficial-para-que-el-periodista-jorge-gonzalez-y-tribuna-no-hablen-de-sansores-campeche\/","url_meta":{"origin":23163,"position":4},"title":"Jueza impone censor oficial para que el periodista Jorge Gonz\u00e1lez y &#8220;Tribuna&#8221; no hablen de Sansores (Campeche)","author":"grieta","date":"16 julio, 2025","format":false,"excerpt":"Claudia V. Arriaga Dur\u00e1n \/ Revista Proceso SAN FRANCISCO, Camp., (apro) .- El periodista Jorge Luis Gonz\u00e1lez Valdez y el medio de comunicaci\u00f3n \u201cTribuna\u201d deber\u00e1n tener un censor oficial, que no es otra cosa, que una persona que designe el Tribunal Superior de Justicia (TSJ) de Campeche y supervise su\u2026","rel":"","context":"En &quot;Abuso de autoridad en Campeche&quot;","block_context":{"text":"Abuso de autoridad en Campeche","link":"http:\/\/www.grieta.org.mx\/index.php\/category\/noticias-nacionales\/campeche\/abuso-de-autoridad-en-campeche\/"},"img":{"alt_text":"","src":"https:\/\/i0.wp.com\/www.grieta.org.mx\/wp-content\/uploads\/2025\/07\/CensuraSansores-e1754679327289.jpg?resize=350%2C200","width":350,"height":200,"srcset":"https:\/\/i0.wp.com\/www.grieta.org.mx\/wp-content\/uploads\/2025\/07\/CensuraSansores-e1754679327289.jpg?resize=350%2C200 1x, https:\/\/i0.wp.com\/www.grieta.org.mx\/wp-content\/uploads\/2025\/07\/CensuraSansores-e1754679327289.jpg?resize=525%2C300 1.5x, https:\/\/i0.wp.com\/www.grieta.org.mx\/wp-content\/uploads\/2025\/07\/CensuraSansores-e1754679327289.jpg?resize=700%2C400 2x"},"classes":[]},{"id":66428,"url":"http:\/\/www.grieta.org.mx\/index.php\/2023\/02\/28\/reportero-denuncia-a-policias-de-campeche-ante-codhecam\/","url_meta":{"origin":23163,"position":5},"title":"Reportero denuncia a polic\u00edas de Campeche ante Codhecam","author":"grieta","date":"28 febrero, 2023","format":false,"excerpt":"Jairo Maga\u00f1a \/ Foto: Fernando Eloy Archivo \/ La Jornada Maya Juan Pablo C\u00fa sostuvo que un agente lo someti\u00f3 y lo provoc\u00f3 Juan Pablo C\u00fa Soberano, reportero detenido el pasado viernes 24 de febrero luego de la conmemoraci\u00f3n del D\u00eda de la Bandera, acudi\u00f3 a la Comisi\u00f3n de Derechos\u2026","rel":"","context":"En &quot;Campeche&quot;","block_context":{"text":"Campeche","link":"http:\/\/www.grieta.org.mx\/index.php\/category\/noticias-nacionales\/campeche\/"},"img":{"alt_text":"","src":"https:\/\/i0.wp.com\/www.grieta.org.mx\/wp-content\/uploads\/2023\/03\/Reportero-e1678066934660.jpg?resize=350%2C200","width":350,"height":200,"srcset":"https:\/\/i0.wp.com\/www.grieta.org.mx\/wp-content\/uploads\/2023\/03\/Reportero-e1678066934660.jpg?resize=350%2C200 1x, https:\/\/i0.wp.com\/www.grieta.org.mx\/wp-content\/uploads\/2023\/03\/Reportero-e1678066934660.jpg?resize=525%2C300 1.5x, https:\/\/i0.wp.com\/www.grieta.org.mx\/wp-content\/uploads\/2023\/03\/Reportero-e1678066934660.jpg?resize=700%2C400 2x"},"classes":[]}],"_links":{"self":[{"href":"http:\/\/www.grieta.org.mx\/index.php\/wp-json\/wp\/v2\/posts\/23163","targetHints":{"allow":["GET"]}}],"collection":[{"href":"http:\/\/www.grieta.org.mx\/index.php\/wp-json\/wp\/v2\/posts"}],"about":[{"href":"http:\/\/www.grieta.org.mx\/index.php\/wp-json\/wp\/v2\/types\/post"}],"author":[{"embeddable":true,"href":"http:\/\/www.grieta.org.mx\/index.php\/wp-json\/wp\/v2\/users\/2"}],"replies":[{"embeddable":true,"href":"http:\/\/www.grieta.org.mx\/index.php\/wp-json\/wp\/v2\/comments?post=23163"}],"version-history":[{"count":1,"href":"http:\/\/www.grieta.org.mx\/index.php\/wp-json\/wp\/v2\/posts\/23163\/revisions"}],"predecessor-version":[{"id":23165,"href":"http:\/\/www.grieta.org.mx\/index.php\/wp-json\/wp\/v2\/posts\/23163\/revisions\/23165"}],"wp:featuredmedia":[{"embeddable":true,"href":"http:\/\/www.grieta.org.mx\/index.php\/wp-json\/wp\/v2\/media\/23164"}],"wp:attachment":[{"href":"http:\/\/www.grieta.org.mx\/index.php\/wp-json\/wp\/v2\/media?parent=23163"}],"wp:term":[{"taxonomy":"category","embeddable":true,"href":"http:\/\/www.grieta.org.mx\/index.php\/wp-json\/wp\/v2\/categories?post=23163"},{"taxonomy":"post_tag","embeddable":true,"href":"http:\/\/www.grieta.org.mx\/index.php\/wp-json\/wp\/v2\/tags?post=23163"}],"curies":[{"name":"wp","href":"https:\/\/api.w.org\/{rel}","templated":true}]}}