{"id":23158,"date":"2018-05-15T13:09:35","date_gmt":"2018-05-15T18:09:35","guid":{"rendered":"http:\/\/www.grieta.org.mx\/?p=23158"},"modified":"2018-06-07T16:34:39","modified_gmt":"2018-06-07T21:34:39","slug":"en-huelga-de-hambre-obreros-de-barcaza-sin-pagos-desde-2017-campeche","status":"publish","type":"post","link":"http:\/\/www.grieta.org.mx\/index.php\/2018\/05\/15\/en-huelga-de-hambre-obreros-de-barcaza-sin-pagos-desde-2017-campeche\/","title":{"rendered":"En huelga de hambre obreros de barcaza; sin pagos desde 2017 (Campeche)"},"content":{"rendered":"<p><img loading=\"lazy\" decoding=\"async\" data-attachment-id=\"23159\" data-permalink=\"http:\/\/www.grieta.org.mx\/index.php\/2018\/05\/15\/en-huelga-de-hambre-obreros-de-barcaza-sin-pagos-desde-2017-campeche\/huelgahambre-2\/\" data-orig-file=\"http:\/\/www.grieta.org.mx\/wp-content\/uploads\/2018\/05\/HuelgaHambre.png\" data-orig-size=\"653,374\" data-comments-opened=\"0\" data-image-meta=\"{&quot;aperture&quot;:&quot;0&quot;,&quot;credit&quot;:&quot;&quot;,&quot;camera&quot;:&quot;&quot;,&quot;caption&quot;:&quot;&quot;,&quot;created_timestamp&quot;:&quot;0&quot;,&quot;copyright&quot;:&quot;&quot;,&quot;focal_length&quot;:&quot;0&quot;,&quot;iso&quot;:&quot;0&quot;,&quot;shutter_speed&quot;:&quot;0&quot;,&quot;title&quot;:&quot;&quot;,&quot;orientation&quot;:&quot;0&quot;}\" data-image-title=\"HuelgaHambre\" data-image-description=\"\" data-image-caption=\"\" data-medium-file=\"http:\/\/www.grieta.org.mx\/wp-content\/uploads\/2018\/05\/HuelgaHambre-300x172.png\" data-large-file=\"http:\/\/www.grieta.org.mx\/wp-content\/uploads\/2018\/05\/HuelgaHambre.png\" src=\"http:\/\/www.grieta.org.mx\/wp-content\/uploads\/2018\/05\/HuelgaHambre.png\" alt=\"\" width=\"653\" height=\"374\" class=\"aligncenter size-full wp-image-23159\" srcset=\"http:\/\/www.grieta.org.mx\/wp-content\/uploads\/2018\/05\/HuelgaHambre.png 653w, http:\/\/www.grieta.org.mx\/wp-content\/uploads\/2018\/05\/HuelgaHambre-300x172.png 300w\" sizes=\"auto, (max-width: 653px) 100vw, 653px\" \/><\/p>\n<p>Ante el riesgo de corren sus vidas por la falta de alimentos y agua y el ingreso de agua por el mal estado del casco de la barcaza DLB-801, propiedad de  Oceanograf\u00eda, y para exigir el pago de salarios que no perciben desde abril de 2017, cuatro de los nueve tripulantes se declararon ayer en huelga de hambre.<\/p>\n<p>Daniel Jer\u00f3nimo Hern\u00e1ndez, Ifra\u00edn Gonz\u00e1lez L\u00f3pez, Hugo Morales Carrillo y Mardonio Flores Almanza, se armaron de valor y denunciaron las condiciones infrahumanas en que viven, y del trato que reciben de la naviera.<\/p>\n<p>Aprovechando que TRIBUNA Carmen abord\u00f3 la embarcaci\u00f3n, expusieron el grave problema que padecen. Iniciaron su huelga en su lugar de reclusi\u00f3n, ubicado frente al malec\u00f3n tur\u00edstico, donde est\u00e1 anclada desde el 2014, cuando la PGR la asegur\u00f3 a Oceanograf\u00eda.<\/p>\n<p>Mostraron las condiciones precarias e infrahumanas a bordo del barco, que carece de di\u00e9sel, adem\u00e1s de la falta de energ\u00eda el\u00e9ctrica, alimentos y agua para beber y\/o asearse. Ellos compraron lo poco que tienen. Y revelaron: \u201cLos directivos amenazan con boletinarnos como empleados problem\u00e1ticos y ponernos en listas negras para que ninguna compa\u00f1\u00eda nos contrate, en caso que queramos abandonar la fuente de trabajo flotante\u201d.<\/p>\n<p>La estructura de acero esta corro\u00edda por el \u00f3xido, incluso desde la lancha se observan tubos rotos y l\u00e1minas levantadas. Flores Almanza fue contundente: \u201cTememos por sus vidas\u201d.  La nave, con clave 8756825, de 5 mil 812 toneladas, 114 metros de largo y anclada a 0.9 millas del puerto carmelita, presenta l\u00ednea de agua que inunda poco a poco uno de los tanques, lo que han logrado controlar pese a no tener di\u00e9sel para las bombas de achique.<\/p>\n<p>Para informar a la ciudadan\u00eda, en el barandal del barco colocaron mantas donde anuncian la huelga. Pidieron intervenci\u00f3n de Derechos Humanos y otras instancias para que atiendan su problem\u00e1tica, antes de que muera alguien.<\/p>\n<p><a href=\"http:\/\/tribunacampeche.com\/carmen\/2018\/05\/15\/381816\/\" rel=\"noopener\" target=\"_blank\">http:\/\/tribunacampeche.com\/carmen\/2018\/05\/15\/381816\/<\/a><\/p>\n","protected":false},"excerpt":{"rendered":"<p>Ante el riesgo de corren sus vidas por la falta de alimentos y agua y el ingreso de agua por el mal estado del casco de la barcaza DLB-801, propiedad &hellip; <a href=\"http:\/\/www.grieta.org.mx\/index.php\/2018\/05\/15\/en-huelga-de-hambre-obreros-de-barcaza-sin-pagos-desde-2017-campeche\/\" class=\"more-link\">Leer m\u00e1s<\/a><\/p>\n","protected":false},"author":2,"featured_media":23159,"comment_status":"closed","ping_status":"closed","sticky":false,"template":"","format":"standard","meta":{"ngg_post_thumbnail":0,"_jetpack_newsletter_access":"","_jetpack_dont_email_post_to_subs":false,"_jetpack_newsletter_tier_id":0,"_jetpack_memberships_contains_paywalled_content":false,"_jetpack_memberships_contains_paid_content":false,"footnotes":""},"categories":[11,80,1040,2,1312],"tags":[113,105,1235],"class_list":["post-23158","post","type-post","status-publish","format-standard","has-post-thumbnail","hentry","category-campeche","category-cintillo","category-conflictos-laborales-en-campeche","category-noticias-nacionales","category-oceanografia","tag-conflictos-laborales","tag-derechos-laborales","tag-oceanografia","entry"],"jetpack_featured_media_url":"http:\/\/www.grieta.org.mx\/wp-content\/uploads\/2018\/05\/HuelgaHambre.png","jetpack_sharing_enabled":true,"jetpack_shortlink":"https:\/\/wp.me\/p7ZJR4-61w","jetpack_likes_enabled":false,"jetpack-related-posts":[{"id":28575,"url":"http:\/\/www.grieta.org.mx\/index.php\/2019\/01\/04\/siguen-los-acosos-y-despidos-laborales-en-oceanografia-campeche\/","url_meta":{"origin":23158,"position":0},"title":"Siguen los acosos y despidos laborales en Oceanograf\u00eda (Campeche)","author":"grieta","date":"4 enero, 2019","format":false,"excerpt":"Redacci\u00f3n\/Campeche Hoy CD DEL CARMEN. Contin\u00faan las denuncias en contra de la empresa petrolera Oceanograf\u00eda por abusos laborales, ahora 21 trabajadores activos fueron dados de baja como derechohabientes del Instituto Mexicano del Seguro Social (IMSS) sin previo aviso y a\u00fan les debe ocho meses de salario, pero Jorge Betancourt M\u00e9ndez\u2026","rel":"","context":"En &quot;Campeche&quot;","block_context":{"text":"Campeche","link":"http:\/\/www.grieta.org.mx\/index.php\/category\/noticias-nacionales\/campeche\/"},"img":{"alt_text":"","src":"https:\/\/i0.wp.com\/www.grieta.org.mx\/wp-content\/uploads\/2019\/01\/FOTO-1-6-640x427.jpg?resize=350%2C200","width":350,"height":200,"srcset":"https:\/\/i0.wp.com\/www.grieta.org.mx\/wp-content\/uploads\/2019\/01\/FOTO-1-6-640x427.jpg?resize=350%2C200 1x, https:\/\/i0.wp.com\/www.grieta.org.mx\/wp-content\/uploads\/2019\/01\/FOTO-1-6-640x427.jpg?resize=525%2C300 1.5x"},"classes":[]},{"id":2919,"url":"http:\/\/www.grieta.org.mx\/index.php\/2015\/05\/18\/ex-empleados-de-oceanografia-exigen-el-pago-de-sus-salarios-en-yucatan\/","url_meta":{"origin":23158,"position":1},"title":"Ex empleados de Oceanograf\u00eda exigen el pago de sus salarios en Yucat\u00e1n","author":"grieta","date":"18 mayo, 2015","format":false,"excerpt":"De nueva cuenta ex obreros de la empresa Oceanograf\u00eda realizaron un plant\u00f3n frente a las oficinas de la empresa para exigir el pago de sus salarios y su liquidaci\u00f3n. Los ex empleados aseguran que el Servicio de Administraci\u00f3n y Enajenaci\u00f3n de Bienes (SAE) no est\u00e1 realizando los dep\u00f3sitos correspondientes alegando\u2026","rel":"","context":"En &quot;campeche&quot;","block_context":{"text":"campeche","link":"http:\/\/www.grieta.org.mx\/index.php\/category\/campeche\/"},"img":{"alt_text":"","src":"https:\/\/i0.wp.com\/www.grieta.org.mx\/wp-content\/uploads\/2018\/03\/14524434_1106112876131411_958039263622046936_o.jpg?resize=350%2C200","width":350,"height":200,"srcset":"https:\/\/i0.wp.com\/www.grieta.org.mx\/wp-content\/uploads\/2018\/03\/14524434_1106112876131411_958039263622046936_o.jpg?resize=350%2C200 1x, https:\/\/i0.wp.com\/www.grieta.org.mx\/wp-content\/uploads\/2018\/03\/14524434_1106112876131411_958039263622046936_o.jpg?resize=525%2C300 1.5x, https:\/\/i0.wp.com\/www.grieta.org.mx\/wp-content\/uploads\/2018\/03\/14524434_1106112876131411_958039263622046936_o.jpg?resize=700%2C400 2x"},"classes":[]},{"id":23155,"url":"http:\/\/www.grieta.org.mx\/index.php\/2018\/05\/15\/protestan-extrabajadores-en-contra-de-yanez-osuna-campeche\/","url_meta":{"origin":23158,"position":2},"title":"Protestan extrabajadores en contra de Y\u00e1\u00f1ez Osuna (Campeche)","author":"grieta","date":"15 mayo, 2018","format":false,"excerpt":"Alrededor de 50 extrabajadores de Oceanograf\u00eda se manifestaron con mantas en plena calle 24 de la colonia Centro, para protestar en contra del empresario Amado Y\u00e1\u00f1ez Osuna, quien les niega el pago de sus liquidaciones y de Julio C\u00e9sar \u00c1valos, representante del Sindicato Secci\u00f3n 15 Pit\u00e1goras, quien pretende afiliarlos como\u2026","rel":"","context":"En &quot;Campeche&quot;","block_context":{"text":"Campeche","link":"http:\/\/www.grieta.org.mx\/index.php\/category\/noticias-nacionales\/campeche\/"},"img":{"alt_text":"","src":"https:\/\/i0.wp.com\/www.grieta.org.mx\/wp-content\/uploads\/2018\/05\/Oceanografiamayo18.png?resize=350%2C200","width":350,"height":200,"srcset":"https:\/\/i0.wp.com\/www.grieta.org.mx\/wp-content\/uploads\/2018\/05\/Oceanografiamayo18.png?resize=350%2C200 1x, https:\/\/i0.wp.com\/www.grieta.org.mx\/wp-content\/uploads\/2018\/05\/Oceanografiamayo18.png?resize=525%2C300 1.5x"},"classes":[]},{"id":63058,"url":"http:\/\/www.grieta.org.mx\/index.php\/2021\/05\/21\/acribillan-a-lider-de-extrabajadores-que-mantienen-un-pleito-laboral-con-oceanografia-campeche\/","url_meta":{"origin":23158,"position":3},"title":"Acribillan a l\u00edder de extrabajadores que mantienen un pleito laboral con Oceanograf\u00eda (Campeche)","author":"grieta","date":"21 mayo, 2021","format":false,"excerpt":"Rosa Santana \/ Proceso CD. DEL CARMEN, Cam. (apro).- Homero Ter\u00e1n Vanoye, uno de los l\u00edderes de extrabajadores de Oceanograf\u00eda (OSA), que desde hace m\u00e1s de siete a\u00f1os libran un juicio laboral contra la naviera y su propietario Amado Y\u00e1\u00f1ez Osuna, fue acribillado en la colonia Bur\u00f3cratas de esta ciudad.\u2026","rel":"","context":"En &quot;Campeche&quot;","block_context":{"text":"Campeche","link":"http:\/\/www.grieta.org.mx\/index.php\/category\/noticias-nacionales\/campeche\/"},"img":{"alt_text":"","src":"https:\/\/i0.wp.com\/www.grieta.org.mx\/wp-content\/uploads\/2018\/03\/14524434_1106112876131411_958039263622046936_o.jpg?resize=350%2C200","width":350,"height":200,"srcset":"https:\/\/i0.wp.com\/www.grieta.org.mx\/wp-content\/uploads\/2018\/03\/14524434_1106112876131411_958039263622046936_o.jpg?resize=350%2C200 1x, https:\/\/i0.wp.com\/www.grieta.org.mx\/wp-content\/uploads\/2018\/03\/14524434_1106112876131411_958039263622046936_o.jpg?resize=525%2C300 1.5x, https:\/\/i0.wp.com\/www.grieta.org.mx\/wp-content\/uploads\/2018\/03\/14524434_1106112876131411_958039263622046936_o.jpg?resize=700%2C400 2x"},"classes":[]},{"id":53143,"url":"http:\/\/www.grieta.org.mx\/index.php\/2020\/09\/08\/obreros-de-plataformas-de-la-sonda-de-campeche-inician-huelga-de-hambre\/","url_meta":{"origin":23158,"position":4},"title":"Obreros de plataformas de la Sonda de Campeche inician huelga de hambre","author":"grieta","date":"8 septiembre, 2020","format":false,"excerpt":"Rosa Santana \/ Proceso CIUDAD DEL CARMEN, Cam. (apro).- Cientos de obreros abordo de las plataformas petroleras Abkat\u00fan Alfa, Pool Alfa y N1, en la Sonda de Campeche, se declararon en huelga de hambre en protesta por el deficiente servicio de alimentaci\u00f3n que reciben de la empresa Topqual Food 365.\u2026","rel":"","context":"En &quot;Campeche&quot;","block_context":{"text":"Campeche","link":"http:\/\/www.grieta.org.mx\/index.php\/category\/noticias-nacionales\/campeche\/"},"img":{"alt_text":"","src":"https:\/\/i0.wp.com\/www.grieta.org.mx\/wp-content\/uploads\/2020\/09\/sonda-campec-he-e1599675029340.jpg?resize=350%2C200","width":350,"height":200,"srcset":"https:\/\/i0.wp.com\/www.grieta.org.mx\/wp-content\/uploads\/2020\/09\/sonda-campec-he-e1599675029340.jpg?resize=350%2C200 1x, https:\/\/i0.wp.com\/www.grieta.org.mx\/wp-content\/uploads\/2020\/09\/sonda-campec-he-e1599675029340.jpg?resize=525%2C300 1.5x, https:\/\/i0.wp.com\/www.grieta.org.mx\/wp-content\/uploads\/2020\/09\/sonda-campec-he-e1599675029340.jpg?resize=700%2C400 2x"},"classes":[]},{"id":2909,"url":"http:\/\/www.grieta.org.mx\/index.php\/2016\/08\/16\/trabajadores-de-la-empresa-oceanografia-exigen-su-liquidacion-en-yucatan\/","url_meta":{"origin":23158,"position":5},"title":"Trabajadores de la empresa \u201cOceanograf\u00eda\u201d exigen su liquidaci\u00f3n.","author":"grieta","date":"16 agosto, 2016","format":false,"excerpt":"16\/08\/16. Exobreros de naviera exigen cese de P\u00e9rez (Campeche)Tribuna 11\/08\/16. Afectados 4,500; no los liquid\u00f3 Oceanograf\u00eda (Campeche)Tribuna 25\/09\/15. Campeche: exigen trabajadores de Oceanograf\u00eda pago quincenal.La Jornada 18\/05\/15. Ex empleados de Oceanograf\u00eda exigen el pago de sus salarios en Yucat\u00e1n.El diario de Yucat\u00e1n 29\/01\/15. 32 detenidos en desalojo de ex empleados\u2026","rel":"","context":"En &quot;Campeche&quot;","block_context":{"text":"Campeche","link":"http:\/\/www.grieta.org.mx\/index.php\/category\/noticias-nacionales\/campeche\/"},"img":{"alt_text":"","src":"https:\/\/i0.wp.com\/www.grieta.org.mx\/wp-content\/uploads\/2018\/03\/14524434_1106112876131411_958039263622046936_o.jpg?resize=350%2C200","width":350,"height":200,"srcset":"https:\/\/i0.wp.com\/www.grieta.org.mx\/wp-content\/uploads\/2018\/03\/14524434_1106112876131411_958039263622046936_o.jpg?resize=350%2C200 1x, https:\/\/i0.wp.com\/www.grieta.org.mx\/wp-content\/uploads\/2018\/03\/14524434_1106112876131411_958039263622046936_o.jpg?resize=525%2C300 1.5x, https:\/\/i0.wp.com\/www.grieta.org.mx\/wp-content\/uploads\/2018\/03\/14524434_1106112876131411_958039263622046936_o.jpg?resize=700%2C400 2x"},"classes":[]}],"_links":{"self":[{"href":"http:\/\/www.grieta.org.mx\/index.php\/wp-json\/wp\/v2\/posts\/23158","targetHints":{"allow":["GET"]}}],"collection":[{"href":"http:\/\/www.grieta.org.mx\/index.php\/wp-json\/wp\/v2\/posts"}],"about":[{"href":"http:\/\/www.grieta.org.mx\/index.php\/wp-json\/wp\/v2\/types\/post"}],"author":[{"embeddable":true,"href":"http:\/\/www.grieta.org.mx\/index.php\/wp-json\/wp\/v2\/users\/2"}],"replies":[{"embeddable":true,"href":"http:\/\/www.grieta.org.mx\/index.php\/wp-json\/wp\/v2\/comments?post=23158"}],"version-history":[{"count":1,"href":"http:\/\/www.grieta.org.mx\/index.php\/wp-json\/wp\/v2\/posts\/23158\/revisions"}],"predecessor-version":[{"id":23160,"href":"http:\/\/www.grieta.org.mx\/index.php\/wp-json\/wp\/v2\/posts\/23158\/revisions\/23160"}],"wp:featuredmedia":[{"embeddable":true,"href":"http:\/\/www.grieta.org.mx\/index.php\/wp-json\/wp\/v2\/media\/23159"}],"wp:attachment":[{"href":"http:\/\/www.grieta.org.mx\/index.php\/wp-json\/wp\/v2\/media?parent=23158"}],"wp:term":[{"taxonomy":"category","embeddable":true,"href":"http:\/\/www.grieta.org.mx\/index.php\/wp-json\/wp\/v2\/categories?post=23158"},{"taxonomy":"post_tag","embeddable":true,"href":"http:\/\/www.grieta.org.mx\/index.php\/wp-json\/wp\/v2\/tags?post=23158"}],"curies":[{"name":"wp","href":"https:\/\/api.w.org\/{rel}","templated":true}]}}