{"id":22975,"date":"2017-10-23T20:25:23","date_gmt":"2017-10-24T01:25:23","guid":{"rendered":"http:\/\/www.grieta.org.mx\/?p=22975"},"modified":"2018-05-08T20:27:39","modified_gmt":"2018-05-09T01:27:39","slug":"crean-ley-para-desaparecidos-pero-sin-recursos-tamaulipas","status":"publish","type":"post","link":"http:\/\/www.grieta.org.mx\/index.php\/2017\/10\/23\/crean-ley-para-desaparecidos-pero-sin-recursos-tamaulipas\/","title":{"rendered":"Crean ley para desaparecidos&#8230; pero sin recursos (Tamaulipas)"},"content":{"rendered":"<p>Redacci\u00f3n\/Expreso Press<br \/>\nCIUDAD VICTORIA.- La Ley contra la Desaparici\u00f3n Forzada aprobada por la C\u00e1mara de Diputados, no cuenta con recursos para ser aplicada.<\/p>\n<p>Despu\u00e9s de tres a\u00f1os de discusiones y de una fuerte presi\u00f3n de las organizaciones de v\u00edctimas, el Congreso aprob\u00f3 la legislaci\u00f3n, pero el proyecto del Presupuesto de Egresos de la Federaci\u00f3n 2018, no contempla gasto espec\u00edfico para esta tarea, que tan solo en Tamaulipas implica la b\u00fasqueda de m\u00e1s de 7 mil personas desaparecidas.<\/p>\n<p>Hay otro problema: si el presidente Enrique Pe\u00f1a Nieto no la promulga antes del 15 de noviembre -la fecha l\u00edmite para que los diputados aprueben el Presupuesto de Egresos 2018- no habr\u00e1 manera de etiquetar los recursos necesarios.<\/p>\n<p>El diputado federal C\u00e9sar Rend\u00f3n, quien destaca las bondades de la nueva legislaci\u00f3n y su trascendencia para Tamaulipas, reconoce tambi\u00e9n que su implementaci\u00f3n se trata de un reto.<\/p>\n<p>\u201cEl jueves pasado aprobamos la Ley de Ingresos que ahora est\u00e1 en el Senado. De no haber modificaciones se aprobar\u00e1 en Senado en pr\u00f3ximos d\u00edas. De ah\u00ed nos toca exclusivamente a Diputados aprobar el Presupuesto de Egresos. Eso ser\u00e1 el 15 de noviembre vamos a trabajar para conseguir que est\u00e9 fondeada esa partida una vez que el Presidente la promulgue, si no la ha promulgado no se puede presupuestar\u201d, se\u00f1ala.<\/p>\n<p>De acuerdo al Centro de Estudios de las Finanzas P\u00fablicas de la C\u00e1mara de Diputados, la aplicaci\u00f3n de la ley requiere por lo menos de 440 millones de pesos, la mayor parte de esa cifra para la creaci\u00f3n y operaci\u00f3n de la Comisi\u00f3n Nacional de B\u00fasqueda, que a su vez incluye la formaci\u00f3n de 32 comisiones estatales. Esto significar\u00eda un gasto de 362.7 millones de pesos en su primer a\u00f1o.<\/p>\n<p>Adem\u00e1s, se formar\u00e1n grupos de b\u00fasqueda, integrados por tres investigadores para cada estado, con un presupuesto anual de 82 millones de pesos.<\/p>\n<p>El problema -se\u00f1alan las ong\u2019s involucradas- es que en algunos estados como Tamaulipas, la tarea es tit\u00e1nica, y sin gasto etiquetado, no pasar\u00e1 de un carta de buenas intenciones.<\/p>\n<p>Un ejemplo: la reci\u00e9n creada Fiscal\u00eda de Especializada en Personas No Localizadas (FEPNL) cuenta actualmente con nueve agentes que buscan el paradero de 7 mil personas, y la identificaci\u00f3n de 2 mil cuerpos que han sido inhumados en fosas comunes como \u201cno identificados\u201d.<\/p>\n<p>Esta misi\u00f3n se complica a\u00fan m\u00e1s porque en el pasado no se tomaron muestras gen\u00e9ticas de los cad\u00e1veres enterrados, algo que ha sido se\u00f1alado una y otra vez por la Procuradur\u00eda General de Justicia y por los familiares de las v\u00edctimas.<\/p>\n<p>Los hallazgos son m\u00ednimos y los expedientes se acumulan porque las cifras son abrumadoras.<\/p>\n<p>Tamaulipas, de acuerdo a las estad\u00edsticas oficiales de la Secretar\u00eda de Gobernaci\u00f3n, es la entidad con m\u00e1s casos de desaparecidos (5,943), luego le siguen el Estado de M\u00e9xico (3,832) y Sinaloa (2,852). Sin embargo, de acuerdo a un reporte de la Comisi\u00f3n Nacional de Derechos Humanos, en la entidad hay reportes de 7,486 hombres y mujeres desaparecidos, casi 2 mil casos m\u00e1s de los registrados por la Segob.<\/p>\n<p>Y el presupuesto no alcanza.<\/p>\n<p>Tan solo los programas de denuncia que propone la nueva ley para ayudar a que la poblaci\u00f3n brinde informaci\u00f3n sobre el paradero de las v\u00edctimas, costar\u00edan<\/p>\n<p>en un a\u00f1o 39.5 millones de pesos, m\u00e1s otros 31 millones de pesos para las campa\u00f1as de difusi\u00f3n.<\/p>\n<p>A nivel local, la PGJ ya cuenta con un programa de recompensas para obtener informaci\u00f3n sobre el paradero de 35 personas desaparecidas del 2012 a la fecha.<\/p>\n<p>El monto ofrecido es de hasta un mill\u00f3n de pesos, lo que en conjunto significar\u00eda un gasto de 35 millones de pesos, s\u00f3lo por conocer informaci\u00f3n de ese peque\u00f1o grupo de v\u00edctimas.<\/p>\n<p>Tambi\u00e9n se propone la creaci\u00f3n de un Registro Nacional de Fosas (comunes y clandestinas) que requerir\u00eda un monto m\u00ednimo de 3.8 millones de pesos.<\/p>\n<p>La autoridad local tambi\u00e9n ha comenzado a invertir en este campo, y no es para menos, en ninguna otra entidad como Tamaulipas se han encontrado tantas fosas clandestinas.<\/p>\n<p>Actualmente en Miguel Alem\u00e1n se invierten 5,5 millones de pesos en el primer pante\u00f3n forense que tendr\u00e1 espacio para 500 cad\u00e1veres, que ser\u00e1n ocupados en una primera etapa por 324 cuerpos depositados actualmente en el cementerio \u201cUnidos por el recuerdo\u201d, de esa misma poblaci\u00f3n.<\/p>\n<p>Llaman a promulgarla<\/p>\n<p>Algunas de las organizaciones ciudadanas que impulsaron su aprobaci\u00f3n, reconocieron el hecho de que se haya votado, pero coincidieron en que no servir\u00e1 de<\/p>\n<p>nada si las autoridades no procuran su correcta implementaci\u00f3n y sobre todo, destinan recursos p\u00fablicos para que funcione.<\/p>\n<p>Amnist\u00eda Internacional insisti\u00f3 en que \u201cfalta mucho, incluyendo el aseguramiento de que la Ley y las instituciones de b\u00fasqueda que cre\u00f3 cuenten con recursos suficientes para su implementaci\u00f3n\u201d.<\/p>\n<p>Mientras que la Oficina en M\u00e9xico del Alto Comisionado de las Naciones Unidas para los Derechos Humanos (ONU-DH), que ha estado presente en Tamaulipas para conocer de cerca la lucha de los familiares de desaparecidos, destac\u00f3 que a partir de ahora, \u201cla voluntad del Estado mexicano para enfrentar el flagelo de la desaparici\u00f3n s\u00ed contar\u00e1 con referentes medibles, uno de los cuales ser\u00e1 los recursos que se asignen para la implementaci\u00f3n de la Ley en los pr\u00f3ximos presupuestos de egresos de la federaci\u00f3n y de las entidades federativas\u201d.<\/p>\n<p><a href=\"http:\/\/elmanana.com.mx\/noticia\/151139\/Crean-ley-para-desaparecidos-pero-sin-recursos.html\" rel=\"noopener\" target=\"_blank\">http:\/\/elmanana.com.mx\/noticia\/151139\/Crean-ley-para-desaparecidos-pero-sin-recursos.html<\/a><\/p>\n","protected":false},"excerpt":{"rendered":"<p>Redacci\u00f3n\/Expreso Press CIUDAD VICTORIA.- La Ley contra la Desaparici\u00f3n Forzada aprobada por la C\u00e1mara de Diputados, no cuenta con recursos para ser aplicada. Despu\u00e9s de tres a\u00f1os de discusiones y &hellip; <a href=\"http:\/\/www.grieta.org.mx\/index.php\/2017\/10\/23\/crean-ley-para-desaparecidos-pero-sin-recursos-tamaulipas\/\" class=\"more-link\">Leer m\u00e1s<\/a><\/p>\n","protected":false},"author":2,"featured_media":21928,"comment_status":"closed","ping_status":"closed","sticky":false,"template":"","format":"standard","meta":{"ngg_post_thumbnail":0,"_jetpack_newsletter_access":"","_jetpack_dont_email_post_to_subs":false,"_jetpack_newsletter_tier_id":0,"_jetpack_memberships_contains_paywalled_content":false,"_jetpack_memberships_contains_paid_content":false,"footnotes":""},"categories":[80,87,1197,33],"tags":[121],"class_list":["post-22975","post","type-post","status-publish","format-standard","has-post-thumbnail","hentry","category-cintillo","category-desaparecidos","category-desaparecidos-en-tamaulipas","category-tamaulipas","tag-desaparecidos","entry"],"jetpack_featured_media_url":"http:\/\/www.grieta.org.mx\/wp-content\/uploads\/2018\/03\/14524434_1106112876131411_958039263622046936_o.jpg","jetpack_sharing_enabled":true,"jetpack_shortlink":"https:\/\/wp.me\/p7ZJR4-5Yz","jetpack_likes_enabled":false,"jetpack-related-posts":[{"id":43027,"url":"http:\/\/www.grieta.org.mx\/index.php\/2020\/01\/05\/tamaulipas-requiere-mas-forenses-para-localizar-a-desaparecidos\/","url_meta":{"origin":22975,"position":0},"title":"&#8220;Tamaulipas requiere m\u00e1s forenses para localizar a desaparecidos&#8221;","author":"grieta","date":"5 enero, 2020","format":false,"excerpt":"Colectivo de Familiares y Amigos de Desaparecidos en Tamaulipas, aseguran que es necesario sumar m\u00e1s especialistas en el tema, toda vez que la falta de ello, los limita a dar resultados. Antonio Hern\u00e1ndez\/Milenio 5 enero 2020 Falta presupuesto para b\u00fasqueda de desaparecidos y la Comisi\u00f3n Nacional de B\u00fasqueda se da\u2026","rel":"","context":"En &quot;CINTILLO&quot;","block_context":{"text":"CINTILLO","link":"http:\/\/www.grieta.org.mx\/index.php\/category\/cintillo\/"},"img":{"alt_text":"","src":"https:\/\/i0.wp.com\/www.grieta.org.mx\/wp-content\/uploads\/2020\/01\/operativo-busqueda-desaparecidos-fosas-clandestinas_111_0_1028_640.jpg?resize=350%2C200","width":350,"height":200,"srcset":"https:\/\/i0.wp.com\/www.grieta.org.mx\/wp-content\/uploads\/2020\/01\/operativo-busqueda-desaparecidos-fosas-clandestinas_111_0_1028_640.jpg?resize=350%2C200 1x, https:\/\/i0.wp.com\/www.grieta.org.mx\/wp-content\/uploads\/2020\/01\/operativo-busqueda-desaparecidos-fosas-clandestinas_111_0_1028_640.jpg?resize=525%2C300 1.5x, https:\/\/i0.wp.com\/www.grieta.org.mx\/wp-content\/uploads\/2020\/01\/operativo-busqueda-desaparecidos-fosas-clandestinas_111_0_1028_640.jpg?resize=700%2C400 2x"},"classes":[]},{"id":42416,"url":"http:\/\/www.grieta.org.mx\/index.php\/2019\/12\/12\/tamaulipas-comision-de-busqueda-de-desaparecidos-sin-fondos-para-2020\/","url_meta":{"origin":22975,"position":1},"title":"Tamaulipas: Comisi\u00f3n de b\u00fasqueda de desaparecidos sin fondos para 2020","author":"grieta","date":"12 diciembre, 2019","format":false,"excerpt":"El activista Geovanni Barrios Moreno declar\u00f3 que ante la situaci\u00f3n, buscan proponer que Ayuntamientos donen un mill\u00f3n de pesos, a fin de dar continuidad a esta labor. Notimex\/Milenio 12 diciembre 2019 La Comisi\u00f3n Estatal de B\u00fasqueda de personas desaparecidas de Tamaulipas no cuenta con recursos propios para operar en 2020.\u2026","rel":"","context":"En &quot;CINTILLO&quot;","block_context":{"text":"CINTILLO","link":"http:\/\/www.grieta.org.mx\/index.php\/category\/cintillo\/"},"img":{"alt_text":"","src":"https:\/\/i0.wp.com\/www.grieta.org.mx\/wp-content\/uploads\/2019\/12\/operativo-busqueda-desaparecidos-fosas-clandestinas_111_0_1028_640.jpg?resize=350%2C200","width":350,"height":200,"srcset":"https:\/\/i0.wp.com\/www.grieta.org.mx\/wp-content\/uploads\/2019\/12\/operativo-busqueda-desaparecidos-fosas-clandestinas_111_0_1028_640.jpg?resize=350%2C200 1x, https:\/\/i0.wp.com\/www.grieta.org.mx\/wp-content\/uploads\/2019\/12\/operativo-busqueda-desaparecidos-fosas-clandestinas_111_0_1028_640.jpg?resize=525%2C300 1.5x, https:\/\/i0.wp.com\/www.grieta.org.mx\/wp-content\/uploads\/2019\/12\/operativo-busqueda-desaparecidos-fosas-clandestinas_111_0_1028_640.jpg?resize=700%2C400 2x"},"classes":[]},{"id":43008,"url":"http:\/\/www.grieta.org.mx\/index.php\/2020\/01\/08\/hay-en-tamaulipas-7-mil-desaparecidos-irving-barrios\/","url_meta":{"origin":22975,"position":2},"title":"Hay en Tamaulipas 7 mil desaparecidos: Irving Barrios","author":"grieta","date":"8 enero, 2020","format":false,"excerpt":"Se trabaja en coordinaci\u00f3n con la Comisi\u00f3n Estatal de B\u00fasqueda y de los colectivos Ram\u00f3n Mendoza S.\/La Capital 8 enero 2019 CIUDAD VICTORIA, TAMAULIPAS.- La Fiscal\u00eda General del Estado de Tamaulipas report\u00f3 de manera oficial tener un registro de 7 mil personas desaparecidas, as\u00ed lo indic\u00f3 su titular, Irving Barrios\u2026","rel":"","context":"En &quot;CINTILLO&quot;","block_context":{"text":"CINTILLO","link":"http:\/\/www.grieta.org.mx\/index.php\/category\/cintillo\/"},"img":{"alt_text":"","src":"https:\/\/i0.wp.com\/www.grieta.org.mx\/wp-content\/uploads\/2020\/01\/f9b8c5cd-feb9-4ec9-8799-ca5f360f2647.jpg?resize=350%2C200","width":350,"height":200,"srcset":"https:\/\/i0.wp.com\/www.grieta.org.mx\/wp-content\/uploads\/2020\/01\/f9b8c5cd-feb9-4ec9-8799-ca5f360f2647.jpg?resize=350%2C200 1x, https:\/\/i0.wp.com\/www.grieta.org.mx\/wp-content\/uploads\/2020\/01\/f9b8c5cd-feb9-4ec9-8799-ca5f360f2647.jpg?resize=525%2C300 1.5x, https:\/\/i0.wp.com\/www.grieta.org.mx\/wp-content\/uploads\/2020\/01\/f9b8c5cd-feb9-4ec9-8799-ca5f360f2647.jpg?resize=700%2C400 2x"},"classes":[]},{"id":2410,"url":"http:\/\/www.grieta.org.mx\/index.php\/2016\/09\/10\/desaparecidos-en-tamaulipas\/","url_meta":{"origin":22975,"position":3},"title":"Desaparecidos en Tamaulipas","author":"grieta","date":"10 septiembre, 2016","format":false,"excerpt":"06\/09\/16. Abrir\u00e1n fosas en Reynosa; buscan a desaparecidosEl Debate 02\/08\/16. Desaparecen en Tamaulipas 6 mil personasMilenio Tamaulipas 22\/07\/16. Registra Tamaulipas 6 mil desaparecidosCentro Noticias Tamaulipas 09\/06\/16. Carta abierta al gobernador de Tamaulipas: En busca de Luis Alberto Cer\u00f3n Hern\u00e1ndezM\u00e1s de 131 31\/05\/16. En Tamaulipas, la mayor cifra de desaparecidos Milenio\u2026","rel":"","context":"En &quot;Desaparecidos&quot;","block_context":{"text":"Desaparecidos","link":"http:\/\/www.grieta.org.mx\/index.php\/category\/temas-nacionales\/desaparecidos\/"},"img":{"alt_text":"","src":"https:\/\/i0.wp.com\/www.grieta.org.mx\/wp-content\/uploads\/2018\/03\/14524434_1106112876131411_958039263622046936_o.jpg?resize=350%2C200","width":350,"height":200,"srcset":"https:\/\/i0.wp.com\/www.grieta.org.mx\/wp-content\/uploads\/2018\/03\/14524434_1106112876131411_958039263622046936_o.jpg?resize=350%2C200 1x, https:\/\/i0.wp.com\/www.grieta.org.mx\/wp-content\/uploads\/2018\/03\/14524434_1106112876131411_958039263622046936_o.jpg?resize=525%2C300 1.5x, https:\/\/i0.wp.com\/www.grieta.org.mx\/wp-content\/uploads\/2018\/03\/14524434_1106112876131411_958039263622046936_o.jpg?resize=700%2C400 2x"},"classes":[]},{"id":39534,"url":"http:\/\/www.grieta.org.mx\/index.php\/2019\/08\/30\/exigen-en-tamaulipas-no-mas-simulaciones-en-la-busqueda-de-desaparecidos\/","url_meta":{"origin":22975,"position":4},"title":"Exigen en Tamaulipas no m\u00e1s simulaciones en la b\u00fasqueda de desaparecidos","author":"grieta","date":"30 agosto, 2019","format":false,"excerpt":"Carlos Pineda \/ Hoy Tamaulipas Ciudad Victoria, Tamaulipas. - Dejar de lado la simulaci\u00f3n y destinar mayores recursos para atenci\u00f3n de v\u00edctimas del delito, exigi\u00f3 hoy el Colectivo de Amigos y Familiares de Desaparecidos en Tamaulipas, en el marco del D\u00eda Internacional de Desaparici\u00f3n Forzada. \u201cHasta ahorita las autoridades han\u2026","rel":"","context":"En &quot;CINTILLO&quot;","block_context":{"text":"CINTILLO","link":"http:\/\/www.grieta.org.mx\/index.php\/category\/cintillo\/"},"img":{"alt_text":"","src":"https:\/\/i0.wp.com\/www.grieta.org.mx\/wp-content\/uploads\/2019\/09\/Exigen-en-Tamaulipas-no-mas-simulaciones-en-la-busqueda-de-desaparecidos.jpg?resize=350%2C200","width":350,"height":200,"srcset":"https:\/\/i0.wp.com\/www.grieta.org.mx\/wp-content\/uploads\/2019\/09\/Exigen-en-Tamaulipas-no-mas-simulaciones-en-la-busqueda-de-desaparecidos.jpg?resize=350%2C200 1x, https:\/\/i0.wp.com\/www.grieta.org.mx\/wp-content\/uploads\/2019\/09\/Exigen-en-Tamaulipas-no-mas-simulaciones-en-la-busqueda-de-desaparecidos.jpg?resize=525%2C300 1.5x, https:\/\/i0.wp.com\/www.grieta.org.mx\/wp-content\/uploads\/2019\/09\/Exigen-en-Tamaulipas-no-mas-simulaciones-en-la-busqueda-de-desaparecidos.jpg?resize=700%2C400 2x"},"classes":[]},{"id":60069,"url":"http:\/\/www.grieta.org.mx\/index.php\/2021\/06\/17\/familias-urgen-al-ejecutivo-a-garantizar-recursos-para-implementar-ley-de-desaparecidos-jalisco\/","url_meta":{"origin":22975,"position":5},"title":"Familias urgen al Ejecutivo a garantizar recursos para implementar Ley de Desaparecidos (Jalisco)","author":"grieta","date":"17 junio, 2021","format":false,"excerpt":"Foto: F\u00e1tima Aguilar (Archivo) Guadalajara, Jalisco.\u00a0Las familias cumplieron con su parte al trabajar para construir la mejor Ley Estatal de Desaparecidos en el pa\u00eds, as\u00ed como una m\u00e1s sobre Declaraci\u00f3n Especial de Ausencia, pero el gobierno no hace su parte al dejar la implementaci\u00f3n de las mismas sin presupuesto suficiente,\u2026","rel":"","context":"En &quot;CINTILLO&quot;","block_context":{"text":"CINTILLO","link":"http:\/\/www.grieta.org.mx\/index.php\/category\/cintillo\/"},"img":{"alt_text":"","src":"https:\/\/i0.wp.com\/www.grieta.org.mx\/wp-content\/uploads\/2021\/06\/Madres-de-desaparecidos-Fatima-Aguilar-560x420-1.jpeg?resize=350%2C200","width":350,"height":200,"srcset":"https:\/\/i0.wp.com\/www.grieta.org.mx\/wp-content\/uploads\/2021\/06\/Madres-de-desaparecidos-Fatima-Aguilar-560x420-1.jpeg?resize=350%2C200 1x, https:\/\/i0.wp.com\/www.grieta.org.mx\/wp-content\/uploads\/2021\/06\/Madres-de-desaparecidos-Fatima-Aguilar-560x420-1.jpeg?resize=525%2C300 1.5x"},"classes":[]}],"_links":{"self":[{"href":"http:\/\/www.grieta.org.mx\/index.php\/wp-json\/wp\/v2\/posts\/22975","targetHints":{"allow":["GET"]}}],"collection":[{"href":"http:\/\/www.grieta.org.mx\/index.php\/wp-json\/wp\/v2\/posts"}],"about":[{"href":"http:\/\/www.grieta.org.mx\/index.php\/wp-json\/wp\/v2\/types\/post"}],"author":[{"embeddable":true,"href":"http:\/\/www.grieta.org.mx\/index.php\/wp-json\/wp\/v2\/users\/2"}],"replies":[{"embeddable":true,"href":"http:\/\/www.grieta.org.mx\/index.php\/wp-json\/wp\/v2\/comments?post=22975"}],"version-history":[{"count":1,"href":"http:\/\/www.grieta.org.mx\/index.php\/wp-json\/wp\/v2\/posts\/22975\/revisions"}],"predecessor-version":[{"id":22976,"href":"http:\/\/www.grieta.org.mx\/index.php\/wp-json\/wp\/v2\/posts\/22975\/revisions\/22976"}],"wp:featuredmedia":[{"embeddable":true,"href":"http:\/\/www.grieta.org.mx\/index.php\/wp-json\/wp\/v2\/media\/21928"}],"wp:attachment":[{"href":"http:\/\/www.grieta.org.mx\/index.php\/wp-json\/wp\/v2\/media?parent=22975"}],"wp:term":[{"taxonomy":"category","embeddable":true,"href":"http:\/\/www.grieta.org.mx\/index.php\/wp-json\/wp\/v2\/categories?post=22975"},{"taxonomy":"post_tag","embeddable":true,"href":"http:\/\/www.grieta.org.mx\/index.php\/wp-json\/wp\/v2\/tags?post=22975"}],"curies":[{"name":"wp","href":"https:\/\/api.w.org\/{rel}","templated":true}]}}