{"id":22882,"date":"2017-10-20T23:07:59","date_gmt":"2017-10-21T04:07:59","guid":{"rendered":"http:\/\/www.grieta.org.mx\/?p=22882"},"modified":"2018-05-05T23:17:26","modified_gmt":"2018-05-06T04:17:26","slug":"con-pistoleros-particulares-buscan-despojar-de-sus-tierras-a-comunidades-indigenas-de-chihuahua","status":"publish","type":"post","link":"http:\/\/www.grieta.org.mx\/index.php\/2017\/10\/20\/con-pistoleros-particulares-buscan-despojar-de-sus-tierras-a-comunidades-indigenas-de-chihuahua\/","title":{"rendered":"Con pistoleros, particulares buscan despojar de sus tierras a comunidades ind\u00edgenas de Chihuahua"},"content":{"rendered":"<p>CHIHUAHUA, Chih. (apro).- Casi 30 familias ind\u00edgenas del municipio de Guadalupe y Calvo han sido desplazadas o amenazadas con el despojo de sus tierras por dos particulares identificados como Cornelio y Aurelio Alderete, quienes han movilizado a hombres armados para intimidar a las comunidades de origen tepehuano u \u00f3dami.<\/p>\n<p>La Red en Defensa de los Territorios Ind\u00edgenas de la Sierra Tarahumara aclar\u00f3 que las comunidades Cord\u00f3n de la Cruz, Mesa Colorada, Tepoz\u00e1n y Tu\u00e1ripa est\u00e1n en posesi\u00f3n de 3 mil 500 hect\u00e1reas desde antes del reparto agrario.<\/p>\n<p>Sin embargo, Cornelio y Aurelio Alderete Arciniega solicitaron a la Sedatu la enajenaci\u00f3n de esos terrenos de \u201cpropiedad nacional\u201d, pues aseguraron que son ellos quienes tienen la posesi\u00f3n, por lo que \u201cinvisibilizaron\u201d y desconocieron a las familias ind\u00edgenas que viven ah\u00ed desde hace varias generaciones.<\/p>\n<p>Los Alderete, denunciaron, han movilizado a sus familias, trabajadores y pistoleros, quienes \u201cact\u00faan bajo el cobijo de las autoridades locales, despojando de territorio y ganado, y desplazando a familias enteras y agrediendo a menores de edad en represalia por denunciar sus cr\u00edmenes\u201d.<\/p>\n<p>En julio de 2016, Cornelio Alderete moviliz\u00f3 a los hombres armados a su cargo y a su familia para cercar los terrenos de los cuales se considera \u201cdue\u00f1o\u201d, y con ello despojaron a las familias ind\u00edgenas de sus territorios, donde cercaron caminos y senderos.<\/p>\n<p>Las comunidades interpusieron denuncias ante la Fiscal\u00eda General del Estado (FGE), asentadas en la averiguaci\u00f3n previa 19-2016-0031544 registrada ante la Fiscal\u00eda de la Zona Sur con sede en Parral.<\/p>\n<p>Tras la denuncia, incrementaron las agresiones, amenazas y da\u00f1os a las familias ind\u00edgenas, al grado de que ni\u00f1as y ni\u00f1os han sido agredidos por los sicarios de los Alderete.<\/p>\n<p>Habitantes de Cord\u00f3n de la Cruz, Mesa Colorada, El Tepoz\u00e1n y Tu\u00e1ripa, as\u00ed como la comunidad mestiza El Sucepe, se inconformaron tambi\u00e9n ante la Sedatu por la solicitud de enajenaci\u00f3n de terrenos nacionales que solicit\u00f3 Cornelio Alderete; y ante la Profepa, las comunidades repudiaron la construcci\u00f3n de un camino de 8 kil\u00f3metros y 6 metros de ancho que atraviesa el territorio ind\u00edgena.<\/p>\n<p>Esa construcci\u00f3n represent\u00f3 un cambio de uso de suelo y un grave da\u00f1o contra el medio ambiente, ya que se talaron m\u00e1s de mil 800 pinos, encinos, t\u00e1scate, madro\u00f1os y dem\u00e1s vegetaci\u00f3n de la regi\u00f3n. Los habitantes de aquella regi\u00f3n exigieron que no quede impune ese delito ambiental.<\/p>\n<p>Los pobladores han sido amenazados e intimidados \u201cen un constante clima de inseguridad para las familias ind\u00edgenas que, con valent\u00eda, han denunciado los il\u00edcitos mencionados y defienden su territorio y sus posesiones, pues hasta han sido v\u00edctimas de robo de ganado por parte de Alderete Arciniega\u201d, sostuvo la Red conformada por varias organizaciones que defienden a los pueblos ind\u00edgenas de la Tarahumara.<\/p>\n<p>Y advirtieron:<\/p>\n<p>\u201cTodos estos cr\u00edmenes se han ejecutado bajo el cobijo de las autoridades locales, pues los Alderete Arciniega tienen parentesco pol\u00edtico con el presidente seccional, e incluso, amenazas contra los habitantes de las comunidades se han proferido a trav\u00e9s de los mismos polic\u00edas municipales destacamentados en Baborigame.<\/p>\n<p>La Red exigi\u00f3 que las autoridades correspondientes reconozcan sus derechos a los posesionarios ind\u00edgenas y se castigue a los agresores, a la par que se ejecuten las \u00f3rdenes de aprehensi\u00f3n por los delitos contra los menores, robo de ganado y otros.<\/p>\n<p><a href=\"https:\/\/www.proceso.com.mx\/508245\/pistoleros-particulares-buscan-despojar-sus-tierras-a-comunidades-indigenas-chihuahua\" rel=\"noopener\" target=\"_blank\">https:\/\/www.proceso.com.mx\/508245\/pistoleros-particulares-buscan-despojar-sus-tierras-a-comunidades-indigenas-chihuahua<\/a><\/p>\n","protected":false},"excerpt":{"rendered":"<p>CHIHUAHUA, Chih. (apro).- Casi 30 familias ind\u00edgenas del municipio de Guadalupe y Calvo han sido desplazadas o amenazadas con el despojo de sus tierras por dos particulares identificados como Cornelio &hellip; <a href=\"http:\/\/www.grieta.org.mx\/index.php\/2017\/10\/20\/con-pistoleros-particulares-buscan-despojar-de-sus-tierras-a-comunidades-indigenas-de-chihuahua\/\" class=\"more-link\">Leer m\u00e1s<\/a><\/p>\n","protected":false},"author":2,"featured_media":21928,"comment_status":"closed","ping_status":"closed","sticky":false,"template":"","format":"standard","meta":{"ngg_post_thumbnail":0,"_jetpack_newsletter_access":"","_jetpack_dont_email_post_to_subs":false,"_jetpack_newsletter_tier_id":0,"_jetpack_memberships_contains_paywalled_content":false,"_jetpack_memberships_contains_paid_content":false,"footnotes":""},"categories":[12,80,1029,2],"tags":[1182,591,1181],"class_list":["post-22882","post","type-post","status-publish","format-standard","has-post-thumbnail","hentry","category-chihuahua","category-cintillo","category-conflictos-y-resistencias-del-pueblo-raramuri","category-noticias-nacionales","tag-odami","tag-sierra-tarahumara","tag-tepehuanos","entry"],"jetpack_featured_media_url":"http:\/\/www.grieta.org.mx\/wp-content\/uploads\/2018\/03\/14524434_1106112876131411_958039263622046936_o.jpg","jetpack_sharing_enabled":true,"jetpack_shortlink":"https:\/\/wp.me\/p7ZJR4-5X4","jetpack_likes_enabled":false,"jetpack-related-posts":[{"id":52083,"url":"http:\/\/www.grieta.org.mx\/index.php\/2020\/07\/15\/denuncian-amenazas-de-caciques-contra-comunidades-odami-en-chihuahua\/","url_meta":{"origin":22882,"position":0},"title":"Denuncian amenazas de caciques contra comunidades \u00f3dami, en Chihuahua","author":"grieta","date":"15 julio, 2020","format":false,"excerpt":"Proceso Patricia Mayorga Mesa Colorada, en Chihuahua. Foto: Especial Proceso CIUDAD DE M\u00c9XICO (apro).- La comunidad Mesa Colorada, localizada en el municipio de Guadalupe y Calvo, Chihuahua, denunci\u00f3 que a base de amenazas los hermanos Cornelio y Aurelio Alderete Arciniega pretenden despojarlos de su territorio, sin que las autoridades estatales\u2026","rel":"","context":"En &quot;Chihuahua&quot;","block_context":{"text":"Chihuahua","link":"http:\/\/www.grieta.org.mx\/index.php\/category\/noticias-nacionales\/chihuahua\/"},"img":{"alt_text":"","src":"https:\/\/i0.wp.com\/www.grieta.org.mx\/wp-content\/uploads\/2018\/03\/14524434_1106112876131411_958039263622046936_o.jpg?resize=350%2C200","width":350,"height":200,"srcset":"https:\/\/i0.wp.com\/www.grieta.org.mx\/wp-content\/uploads\/2018\/03\/14524434_1106112876131411_958039263622046936_o.jpg?resize=350%2C200 1x, https:\/\/i0.wp.com\/www.grieta.org.mx\/wp-content\/uploads\/2018\/03\/14524434_1106112876131411_958039263622046936_o.jpg?resize=525%2C300 1.5x, https:\/\/i0.wp.com\/www.grieta.org.mx\/wp-content\/uploads\/2018\/03\/14524434_1106112876131411_958039263622046936_o.jpg?resize=700%2C400 2x"},"classes":[]},{"id":35688,"url":"http:\/\/www.grieta.org.mx\/index.php\/2019\/06\/23\/sin-territorio-no-somos-nada-sierra-tarahumara-chihuahua\/","url_meta":{"origin":22882,"position":1},"title":"Sin territorio no somos nada (Sierra Tarahumara, Chihuahua)","author":"grieta","date":"23 junio, 2019","format":false,"excerpt":"Quienes defienden la Sierra Tarahumara, una de las zonas boscosas m\u00e1s importantes de M\u00e9xico, se enfrentan al narcotr\u00e1fico, a caciques locales, a la imposici\u00f3n de proyectos extractivos y a la indiferencia gubernamental. Esos defensores son, en su mayor\u00eda, ind\u00edgenas cuya identidad se forj\u00f3 entre monta\u00f1as, barrancos, pinos y manantiales. Sin\u2026","rel":"","context":"En &quot;Chihuahua&quot;","block_context":{"text":"Chihuahua","link":"http:\/\/www.grieta.org.mx\/index.php\/category\/noticias-nacionales\/chihuahua\/"},"img":{"alt_text":"","src":"https:\/\/i0.wp.com\/www.grieta.org.mx\/wp-content\/uploads\/2019\/06\/IMAGEN-13-Hombre-de-Coloradas-de-la-Virgen_Cr%C3%A9dito-Ginnette-Riquelme.jpg?resize=350%2C200","width":350,"height":200},"classes":[]},{"id":63899,"url":"http:\/\/www.grieta.org.mx\/index.php\/2022\/03\/27\/coloradas-de-la-virgen-la-comunidad-de-la-sierra-tarahumara-con-defensores-asesinados-y-familias-desplazadas\/","url_meta":{"origin":22882,"position":2},"title":"Coloradas de la Virgen, la comunidad de la Sierra Tarahumara con defensores asesinados y familias desplazadas","author":"grieta","date":"27 marzo, 2022","format":false,"excerpt":"Thelma G\u00f3mez Dur\u00e1n \/ Mongabay Latinoam\u00e9rica Animal Pol\u00edtica Jos\u00e9 Trinidad Baldenegro ten\u00eda 11 a\u00f1os cuando se qued\u00f3 hu\u00e9rfano de padre. Fue\u00a0en 1986 cuando asesinaron a Julio Baldenegro, ind\u00edgena rar\u00e1muri y gobernador tradicional de Coloradas de la Virgen que se opon\u00eda a que despojaran a su comunidad de su bosque y\u2026","rel":"","context":"En &quot;Chihuahua&quot;","block_context":{"text":"Chihuahua","link":"http:\/\/www.grieta.org.mx\/index.php\/category\/noticias-nacionales\/chihuahua\/"},"img":{"alt_text":"","src":"https:\/\/i0.wp.com\/www.grieta.org.mx\/wp-content\/uploads\/2022\/04\/Isidro-Baldenegro-Goldman-Prize-768x511-1.jpg?resize=350%2C200","width":350,"height":200,"srcset":"https:\/\/i0.wp.com\/www.grieta.org.mx\/wp-content\/uploads\/2022\/04\/Isidro-Baldenegro-Goldman-Prize-768x511-1.jpg?resize=350%2C200 1x, https:\/\/i0.wp.com\/www.grieta.org.mx\/wp-content\/uploads\/2022\/04\/Isidro-Baldenegro-Goldman-Prize-768x511-1.jpg?resize=525%2C300 1.5x, https:\/\/i0.wp.com\/www.grieta.org.mx\/wp-content\/uploads\/2022\/04\/Isidro-Baldenegro-Goldman-Prize-768x511-1.jpg?resize=700%2C400 2x"},"classes":[]},{"id":51598,"url":"http:\/\/www.grieta.org.mx\/index.php\/2020\/07\/04\/nueva-normalidad-en-la-sierra-tarahumara-desigual-y-deshumanizante-chihuahua\/","url_meta":{"origin":22882,"position":3},"title":"\u2018Nueva normalidad\u2019 en la Sierra Tarahumara, desigual y deshumanizante (Chihuahua)","author":"grieta","date":"4 julio, 2020","format":false,"excerpt":"Texto y foto: Adriana Esquivel\/Ra\u00edchali Chihuahua.- La contingencia por Covid-19 y su consecuente \u201cnueva normalidad\u201d evidenci\u00f3 las profundas desigualdades que, hist\u00f3ricamente, han sido denunciadas e ignoradas en la Sierra Tarahumara. Los pueblos y comunidades ind\u00edgenas que ancestralmente habitan en los 22 municipios que conforman esta regi\u00f3n de Chihuahua, enfrentan hoy\u2026","rel":"","context":"En &quot;Chihuahua&quot;","block_context":{"text":"Chihuahua","link":"http:\/\/www.grieta.org.mx\/index.php\/category\/noticias-nacionales\/chihuahua\/"},"img":{"alt_text":"","src":"https:\/\/i0.wp.com\/www.grieta.org.mx\/wp-content\/uploads\/2020\/07\/Foto-comunidad_Sierra-tarahurama.jpeg?resize=350%2C200","width":350,"height":200,"srcset":"https:\/\/i0.wp.com\/www.grieta.org.mx\/wp-content\/uploads\/2020\/07\/Foto-comunidad_Sierra-tarahurama.jpeg?resize=350%2C200 1x, https:\/\/i0.wp.com\/www.grieta.org.mx\/wp-content\/uploads\/2020\/07\/Foto-comunidad_Sierra-tarahurama.jpeg?resize=525%2C300 1.5x"},"classes":[]},{"id":29881,"url":"http:\/\/www.grieta.org.mx\/index.php\/2019\/02\/02\/denuncian-ecocidio-en-la-sierra-tarahumara-chihuahua\/","url_meta":{"origin":22882,"position":4},"title":"Denuncian ecocidio en la sierra tarahumara (Chihuahua)","author":"grieta","date":"2 febrero, 2019","format":false,"excerpt":"La Opci\u00f3n de Chihuahua Chihuahua.- La destrucci\u00f3n de la Sierra Tarahumara contin\u00faa; a trav\u00e9s de fotograf\u00edas que circulan en redes sociales se muestran numerosos \u00e1rboles cortados. De acuerdo con la publicaci\u00f3n Semarnat, Profepa y Desarrollo Forestal del Estado no hacen nada para detener la tala ilegal de \u00e1rboles de la\u2026","rel":"","context":"En &quot;Chihuahua&quot;","block_context":{"text":"Chihuahua","link":"http:\/\/www.grieta.org.mx\/index.php\/category\/noticias-nacionales\/chihuahua\/"},"img":{"alt_text":"","src":"https:\/\/i0.wp.com\/www.grieta.org.mx\/wp-content\/uploads\/2019\/03\/Sierra-Tarahu.jpeg?resize=350%2C200","width":350,"height":200,"srcset":"https:\/\/i0.wp.com\/www.grieta.org.mx\/wp-content\/uploads\/2019\/03\/Sierra-Tarahu.jpeg?resize=350%2C200 1x, https:\/\/i0.wp.com\/www.grieta.org.mx\/wp-content\/uploads\/2019\/03\/Sierra-Tarahu.jpeg?resize=525%2C300 1.5x, https:\/\/i0.wp.com\/www.grieta.org.mx\/wp-content\/uploads\/2019\/03\/Sierra-Tarahu.jpeg?resize=700%2C400 2x"},"classes":[]},{"id":22839,"url":"http:\/\/www.grieta.org.mx\/index.php\/2014\/10\/31\/repudian-raramuris-proyecto-de-gasoducto-en-chihuahua\/","url_meta":{"origin":22882,"position":5},"title":"Repudian rar\u00e1muris proyecto de gasoducto en Chihuahua","author":"grieta","date":"31 octubre, 2014","format":false,"excerpt":"Patricia Mayorga CHIHUAHUA, Chih. (apro).- Las organizaciones que acompa\u00f1an a las comunidades ind\u00edgenas por donde pasar\u00e1 el gasoducto El Encino-Topolobampo pidieron seguridad para los rar\u00e1muri, quienes han exigido consulta previa para que avance el proyecto, debido a que est\u00e1n siendo intimidados para desistir y aceptar la construcci\u00f3n de la obra.\u2026","rel":"","context":"En &quot;Chihuahua&quot;","block_context":{"text":"Chihuahua","link":"http:\/\/www.grieta.org.mx\/index.php\/category\/noticias-nacionales\/chihuahua\/"},"img":{"alt_text":"","src":"https:\/\/i0.wp.com\/www.grieta.org.mx\/wp-content\/uploads\/2018\/03\/14524434_1106112876131411_958039263622046936_o.jpg?resize=350%2C200","width":350,"height":200,"srcset":"https:\/\/i0.wp.com\/www.grieta.org.mx\/wp-content\/uploads\/2018\/03\/14524434_1106112876131411_958039263622046936_o.jpg?resize=350%2C200 1x, https:\/\/i0.wp.com\/www.grieta.org.mx\/wp-content\/uploads\/2018\/03\/14524434_1106112876131411_958039263622046936_o.jpg?resize=525%2C300 1.5x, https:\/\/i0.wp.com\/www.grieta.org.mx\/wp-content\/uploads\/2018\/03\/14524434_1106112876131411_958039263622046936_o.jpg?resize=700%2C400 2x"},"classes":[]}],"_links":{"self":[{"href":"http:\/\/www.grieta.org.mx\/index.php\/wp-json\/wp\/v2\/posts\/22882","targetHints":{"allow":["GET"]}}],"collection":[{"href":"http:\/\/www.grieta.org.mx\/index.php\/wp-json\/wp\/v2\/posts"}],"about":[{"href":"http:\/\/www.grieta.org.mx\/index.php\/wp-json\/wp\/v2\/types\/post"}],"author":[{"embeddable":true,"href":"http:\/\/www.grieta.org.mx\/index.php\/wp-json\/wp\/v2\/users\/2"}],"replies":[{"embeddable":true,"href":"http:\/\/www.grieta.org.mx\/index.php\/wp-json\/wp\/v2\/comments?post=22882"}],"version-history":[{"count":1,"href":"http:\/\/www.grieta.org.mx\/index.php\/wp-json\/wp\/v2\/posts\/22882\/revisions"}],"predecessor-version":[{"id":22883,"href":"http:\/\/www.grieta.org.mx\/index.php\/wp-json\/wp\/v2\/posts\/22882\/revisions\/22883"}],"wp:featuredmedia":[{"embeddable":true,"href":"http:\/\/www.grieta.org.mx\/index.php\/wp-json\/wp\/v2\/media\/21928"}],"wp:attachment":[{"href":"http:\/\/www.grieta.org.mx\/index.php\/wp-json\/wp\/v2\/media?parent=22882"}],"wp:term":[{"taxonomy":"category","embeddable":true,"href":"http:\/\/www.grieta.org.mx\/index.php\/wp-json\/wp\/v2\/categories?post=22882"},{"taxonomy":"post_tag","embeddable":true,"href":"http:\/\/www.grieta.org.mx\/index.php\/wp-json\/wp\/v2\/tags?post=22882"}],"curies":[{"name":"wp","href":"https:\/\/api.w.org\/{rel}","templated":true}]}}