{"id":22831,"date":"2018-04-30T21:47:49","date_gmt":"2018-05-01T02:47:49","guid":{"rendered":"http:\/\/www.grieta.org.mx\/?p=22831"},"modified":"2018-05-01T22:09:44","modified_gmt":"2018-05-02T03:09:44","slug":"strike-3-al-proyecto-de-mineria-submarina-don-diego-bcs-un-triunfo-para-la-naturaleza","status":"publish","type":"post","link":"http:\/\/www.grieta.org.mx\/index.php\/2018\/04\/30\/strike-3-al-proyecto-de-mineria-submarina-don-diego-bcs-un-triunfo-para-la-naturaleza\/","title":{"rendered":"\u2018Strike\u2019 3 al proyecto de miner\u00eda submarina \u201cDon Diego\u201d (BCS): un triunfo para la naturaleza"},"content":{"rendered":"<p><img decoding=\"async\" data-attachment-id=\"22832\" data-permalink=\"http:\/\/www.grieta.org.mx\/index.php\/2018\/04\/30\/strike-3-al-proyecto-de-mineria-submarina-don-diego-bcs-un-triunfo-para-la-naturaleza\/mineria-dragado-amsterdam-1\/\" data-orig-file=\"http:\/\/www.grieta.org.mx\/wp-content\/uploads\/2018\/05\/MINERIA-DRAGADO-AMSTERDAM-1.png\" data-orig-size=\"798,433\" data-comments-opened=\"0\" data-image-meta=\"{&quot;aperture&quot;:&quot;0&quot;,&quot;credit&quot;:&quot;&quot;,&quot;camera&quot;:&quot;&quot;,&quot;caption&quot;:&quot;&quot;,&quot;created_timestamp&quot;:&quot;0&quot;,&quot;copyright&quot;:&quot;&quot;,&quot;focal_length&quot;:&quot;0&quot;,&quot;iso&quot;:&quot;0&quot;,&quot;shutter_speed&quot;:&quot;0&quot;,&quot;title&quot;:&quot;&quot;,&quot;orientation&quot;:&quot;0&quot;}\" data-image-title=\"MINERIA-DRAGADO-AMSTERDAM-1\" data-image-description=\"\" data-image-caption=\"\" data-medium-file=\"http:\/\/www.grieta.org.mx\/wp-content\/uploads\/2018\/05\/MINERIA-DRAGADO-AMSTERDAM-1-300x163.png\" data-large-file=\"http:\/\/www.grieta.org.mx\/wp-content\/uploads\/2018\/05\/MINERIA-DRAGADO-AMSTERDAM-1.png\" src=\"http:\/\/www.grieta.org.mx\/wp-content\/uploads\/2018\/05\/MINERIA-DRAGADO-AMSTERDAM-1.png\" alt=\"\" width=\"100%\" class=\"aligncenter size-full wp-image-22832\" srcset=\"http:\/\/www.grieta.org.mx\/wp-content\/uploads\/2018\/05\/MINERIA-DRAGADO-AMSTERDAM-1.png 798w, http:\/\/www.grieta.org.mx\/wp-content\/uploads\/2018\/05\/MINERIA-DRAGADO-AMSTERDAM-1-300x163.png 300w, http:\/\/www.grieta.org.mx\/wp-content\/uploads\/2018\/05\/MINERIA-DRAGADO-AMSTERDAM-1-768x417.png 768w\" sizes=\"(max-width: 798px) 100vw, 798px\" \/><\/p>\n<blockquote><p>Hace unos d\u00edas se dio a conocer la noticia de que despu\u00e9s de un fallo judicial, la Secretar\u00eda de Medio Ambiente y Recursos Naturales (Semarnat) volver\u00e1 a negar la Manifestaci\u00f3n de Impacto Ambiental (MIA) al proyecto Don Diego, el cual pretende extraer m\u00e1s de 300 millones de toneladas de fosforita del fondo submarino en el Golfo de Ulloa, Baja California Sur.<\/p><\/blockquote>\n<p>Alejandro Olvera \/ Huffpost \/ 4 Vientos \/ Foto principal: barco minero frente a las costas de Amsterdam (wordminero.blogspot)<\/p>\n<p>Dado que se trata de un proyecto de enormes consecuencias ambientales y que ha tenido mucha oposici\u00f3n, vale la pena recapitular las razones por las cuales no ha sido ni deber\u00eda ser autorizado.<\/p>\n<p>La empresa Exploraciones Oce\u00e1nicas, filial de la transnacional estadounidense  Odyssey Marine Explorations (OMEX), promovente del proyecto Don Diego, someti\u00f3 una MIA ante Semarnat en 2014. Sin embargo, justo una semana antes de que la dependencia emitiera un resolutivo negativo, en un primer strike, fue la compa\u00f1\u00eda quien decidi\u00f3 retirar el proyecto para maquillarlo y someterlo de nuevo al gobierno federal, a la semana siguiente.<\/p>\n<p>Esto no fue porque hubieran hecho nuevos estudios ambientales o porque se hayan mejorado sustancialmente los existentes, sino porque tal y como lo anuncio la empresa a sus inversionistas, acord\u00f3 con Alonso Ancira Elizondo, presidente del consejo de administraci\u00f3n de Altos Hornos de M\u00e9xico (AHMSA) y subsidiarias, una inversi\u00f3n y participaci\u00f3n en Don Diego ante la deuda que ya arrastraban.<\/p>\n<p>Adem\u00e1s porque Ancira ten\u00eda conexiones con el presidente Enrique Pe\u00f1a Nieto.<\/p>\n<p>Al mismo tiempo, Exploraciones Oce\u00e1nicas estaba en pl\u00e1ticas con Pemex, a trav\u00e9s de su divisi\u00f3n de Fertilizantes, para buscar una participaci\u00f3n de la paraestatal en el proyecto minero subterr\u00e1neo. En otras palabras, apostaron a las influencias y alianzas pol\u00edticas en lugar de mejorar los estudios ambientales.<\/p>\n<p><img decoding=\"async\" data-attachment-id=\"22833\" data-permalink=\"http:\/\/www.grieta.org.mx\/index.php\/2018\/04\/30\/strike-3-al-proyecto-de-mineria-submarina-don-diego-bcs-un-triunfo-para-la-naturaleza\/mina-submarina-dragado-don-diego\/\" data-orig-file=\"http:\/\/www.grieta.org.mx\/wp-content\/uploads\/2018\/05\/MINA-SUBMARINA-DRAGADO-DON-DIEGO.jpg\" data-orig-size=\"780,520\" data-comments-opened=\"0\" data-image-meta=\"{&quot;aperture&quot;:&quot;0&quot;,&quot;credit&quot;:&quot;&quot;,&quot;camera&quot;:&quot;&quot;,&quot;caption&quot;:&quot;&quot;,&quot;created_timestamp&quot;:&quot;0&quot;,&quot;copyright&quot;:&quot;&quot;,&quot;focal_length&quot;:&quot;0&quot;,&quot;iso&quot;:&quot;0&quot;,&quot;shutter_speed&quot;:&quot;0&quot;,&quot;title&quot;:&quot;&quot;,&quot;orientation&quot;:&quot;0&quot;}\" data-image-title=\"MINA-SUBMARINA-DRAGADO-DON-DIEGO\" data-image-description=\"\" data-image-caption=\"\" data-medium-file=\"http:\/\/www.grieta.org.mx\/wp-content\/uploads\/2018\/05\/MINA-SUBMARINA-DRAGADO-DON-DIEGO-300x200.jpg\" data-large-file=\"http:\/\/www.grieta.org.mx\/wp-content\/uploads\/2018\/05\/MINA-SUBMARINA-DRAGADO-DON-DIEGO.jpg\" src=\"http:\/\/www.grieta.org.mx\/wp-content\/uploads\/2018\/05\/MINA-SUBMARINA-DRAGADO-DON-DIEGO.jpg\" alt=\"\" width=\"100%\" class=\"aligncenter size-full wp-image-22833\" srcset=\"http:\/\/www.grieta.org.mx\/wp-content\/uploads\/2018\/05\/MINA-SUBMARINA-DRAGADO-DON-DIEGO.jpg 780w, http:\/\/www.grieta.org.mx\/wp-content\/uploads\/2018\/05\/MINA-SUBMARINA-DRAGADO-DON-DIEGO-300x200.jpg 300w, http:\/\/www.grieta.org.mx\/wp-content\/uploads\/2018\/05\/MINA-SUBMARINA-DRAGADO-DON-DIEGO-768x512.jpg 768w, http:\/\/www.grieta.org.mx\/wp-content\/uploads\/2018\/05\/MINA-SUBMARINA-DRAGADO-DON-DIEGO-750x500.jpg 750w\" sizes=\"(max-width: 780px) 100vw, 780px\" \/><\/p>\n<p>As\u00ed, la segunda MIA ingres\u00f3 a la Semarnat el 26 de junio del 2015. En esa nueva informaci\u00f3n ambiental se reconoci\u00f3 que el proyecto se traslapaba con las concesiones de langosta y abul\u00f3n de los pescadores del Golfo de Ulloa quienes no han sido los \u00fanicos opositores. Los concesionarios se suman al gobierno de Baja California Sur al reconocer que el proyecto se presenta en una zona donde hay un grave conflicto de \u00edndole internacional con respecto a la protecci\u00f3n de la tortuga caguama, y que aprobar Don Diego significaba exacerbar de manera significativa esta problem\u00e1tica de conservaci\u00f3n.<\/p>\n<p>Por su parte, la Comisi\u00f3n Nacional para el Conocimiento y Uso de la Biodiversidad (Conabio) dijo que si el proyecto se lleva a cabo afectar\u00eda gravemente la biodiversidad del Golfo de Ulloa y Bah\u00eda Magdalena, y la Comisi\u00f3n Nacional de \u00c1reas Naturales Protegidas (Conanp) afirm\u00f3, entre muchos otros argumentos, que las medidas de mitigaci\u00f3n para no afectar las tortugas eran \u201cinadecuadas\u201d.<\/p>\n<p>Y as\u00ed hay m\u00e1s opiniones, como la del Instituto de Ciencias del Mar y Limnolog\u00eda de la UNAM, del Centro de Investigaciones Biol\u00f3gicas del Noroeste, de la Sociedad Internacional de Mastozoolog\u00eda Marina -la cual agrupa a los mejores expertos a nivel mundial en mam\u00edferos marinos-, del Instituto Nacional de la Pesca, y de la cooperativa de pescadores de Puerto Chale. Tambi\u00e9n de organizaciones no gubernamentales y dem\u00e1s ciudadanos. Todas se\u00f1alando graves deficiencias al proyecto minero.<\/p>\n<p>Finalmente, casi un a\u00f1o despu\u00e9s de iniciado el tr\u00e1mite, en un segundo strike a los promotores del proyecto, la Semarnat decidi\u00f3 negar la autorizaci\u00f3n.<\/p>\n<p>La Secretar\u00eda del Medio Ambiente argument\u00f3 que el proyecto podr\u00eda ocasionar da\u00f1os irreversibles al fondo submarino y afectar\u00eda a especies en peligro de extinci\u00f3n -refiri\u00e9ndose en espec\u00edfico a la tortuga caguama-, toda vez que la ley en la materia establece que una MIA se debe negar cuando el proyecto pueda afectar a especies en riesgo.<\/p>\n<p><img decoding=\"async\" data-attachment-id=\"22834\" data-permalink=\"http:\/\/www.grieta.org.mx\/index.php\/2018\/04\/30\/strike-3-al-proyecto-de-mineria-submarina-don-diego-bcs-un-triunfo-para-la-naturaleza\/mina-don-diego-por-que-no-1\/\" data-orig-file=\"http:\/\/www.grieta.org.mx\/wp-content\/uploads\/2018\/05\/MINA-DON-DIEGO-POR-QUE-NO-1.jpg\" data-orig-size=\"630,1022\" data-comments-opened=\"0\" data-image-meta=\"{&quot;aperture&quot;:&quot;0&quot;,&quot;credit&quot;:&quot;&quot;,&quot;camera&quot;:&quot;&quot;,&quot;caption&quot;:&quot;&quot;,&quot;created_timestamp&quot;:&quot;0&quot;,&quot;copyright&quot;:&quot;&quot;,&quot;focal_length&quot;:&quot;0&quot;,&quot;iso&quot;:&quot;0&quot;,&quot;shutter_speed&quot;:&quot;0&quot;,&quot;title&quot;:&quot;&quot;,&quot;orientation&quot;:&quot;0&quot;}\" data-image-title=\"MINA-DON-DIEGO-POR-QUE-NO-1\" data-image-description=\"\" data-image-caption=\"\" data-medium-file=\"http:\/\/www.grieta.org.mx\/wp-content\/uploads\/2018\/05\/MINA-DON-DIEGO-POR-QUE-NO-1-185x300.jpg\" data-large-file=\"http:\/\/www.grieta.org.mx\/wp-content\/uploads\/2018\/05\/MINA-DON-DIEGO-POR-QUE-NO-1.jpg\" src=\"http:\/\/www.grieta.org.mx\/wp-content\/uploads\/2018\/05\/MINA-DON-DIEGO-POR-QUE-NO-1.jpg\" alt=\"\" width=\"100%\" class=\"aligncenter size-full wp-image-22834\" srcset=\"http:\/\/www.grieta.org.mx\/wp-content\/uploads\/2018\/05\/MINA-DON-DIEGO-POR-QUE-NO-1.jpg 630w, http:\/\/www.grieta.org.mx\/wp-content\/uploads\/2018\/05\/MINA-DON-DIEGO-POR-QUE-NO-1-185x300.jpg 185w, http:\/\/www.grieta.org.mx\/wp-content\/uploads\/2018\/05\/MINA-DON-DIEGO-POR-QUE-NO-1-308x500.jpg 308w\" sizes=\"(max-width: 630px) 100vw, 630px\" \/><\/p>\n<p>Por su parte Odyssey Marine Explorations, representado por Hamdan, Manzanero &#038; Asociados, apel\u00f3 la decisi\u00f3n a trav\u00e9s de un recurso de revisi\u00f3n ante la misma Semarnat y entabl\u00f3 un juicio de nulidad ante el Tribunal Federal de Justicia Fiscal y Administrativa.<\/p>\n<p>Fue hasta hace poco que se dict\u00f3 sentencia por parte del tribunal, la cual fue comunicada de forma muy positiva a sus inversionistas. Fue tan alentadora esa notificaci\u00f3n, que las acciones de OMEX triplicaron su valor despu\u00e9s del anuncio; sin embargo, a pesar del fallo un\u00e1nime del tribunal, la sentencia \u00fanicamente obliga a la Semarnat a emitir un nuevo resolutivo, mejor fundamentado, pero no precisa si este debe ser positivo o negativo. Por ello, adelant\u00e1ndose a toda especulaci\u00f3n generada por Odyssey, fue la Semarnat quien recientemente, en un tercer strike, comunic\u00f3 que volver\u00e1 a negar el proyecto.<\/p>\n<p>Por ahora las acciones de Odyssey -que tiene como principal ingreso la recuperaci\u00f3n de tesoros en barcos hundidos- tienen una tendencia a la baja, y mientras no haya una comunicaci\u00f3n formal sobre el fin del proyecto se sigue especulando con los accionistas.<\/p>\n<p>Lo cierto es que Exploraciones Oce\u00e1nicas debe respetar la ley y no apostar a las conexiones pol\u00edticas, influencias y especulaci\u00f3n.<\/p>\n<p>La Semarnat por su parte debe formalizar su promesa en menos de cuatro meses y as\u00ed \u201cponchar\u201d definitivamente a Don Diego, con lo que se salvar\u00e1n para el pa\u00eds importantes recursos biol\u00f3gicos del Golfo de Ulloa y Bah\u00eda Magdalena.<\/p>\n<p>* Bi\u00f3logo marino, ambientalista, profesor, triatleta.<\/p>\n<p><a href=\"http:\/\/www.4vientos.net\/2018\/04\/30\/strike-3-al-proyecto-de-mineria-submarina-don-diego-bcs-un-triunfo-para-la-naturaleza\/\" rel=\"noopener\" target=\"_blank\">http:\/\/www.4vientos.net\/2018\/04\/30\/strike-3-al-proyecto-de-mineria-submarina-don-diego-bcs-un-triunfo-para-la-naturaleza\/<\/a><\/p>\n","protected":false},"excerpt":{"rendered":"<p>Hace unos d\u00edas se dio a conocer la noticia de que despu\u00e9s de un fallo judicial, la Secretar\u00eda de Medio Ambiente y Recursos Naturales (Semarnat) volver\u00e1 a negar la Manifestaci\u00f3n &hellip; <a href=\"http:\/\/www.grieta.org.mx\/index.php\/2018\/04\/30\/strike-3-al-proyecto-de-mineria-submarina-don-diego-bcs-un-triunfo-para-la-naturaleza\/\" class=\"more-link\">Leer m\u00e1s<\/a><\/p>\n","protected":false},"author":2,"featured_media":22832,"comment_status":"closed","ping_status":"closed","sticky":false,"template":"","format":"standard","meta":{"ngg_post_thumbnail":0,"_jetpack_newsletter_access":"","_jetpack_dont_email_post_to_subs":false,"_jetpack_newsletter_tier_id":0,"_jetpack_memberships_contains_paywalled_content":false,"_jetpack_memberships_contains_paid_content":false,"footnotes":""},"categories":[10,80,1154,2,46],"tags":[1178,1176,1177],"class_list":["post-22831","post","type-post","status-publish","format-standard","has-post-thumbnail","hentry","category-baja-california-sur","category-cintillo","category-conflictos-por-mineria-submarina-en-baja-california-sur","category-noticias-nacionales","category-zonas-de-desarrollo-economico-y-social-zodes","tag-destruccion-de-la-naturaleza","tag-mineria-submarina","tag-proyecto-don-diego","entry"],"jetpack_featured_media_url":"http:\/\/www.grieta.org.mx\/wp-content\/uploads\/2018\/05\/MINERIA-DRAGADO-AMSTERDAM-1.png","jetpack_sharing_enabled":true,"jetpack_shortlink":"https:\/\/wp.me\/p7ZJR4-5Wf","jetpack_likes_enabled":false,"jetpack-related-posts":[{"id":21151,"url":"http:\/\/www.grieta.org.mx\/index.php\/2016\/08\/26\/veda-a-pescadores-en-golfo-de-ulloa-relacionada-con-consecion-a-mineria-submarina\/","url_meta":{"origin":22831,"position":0},"title":"Veda a pescadores en Golfo de Ulloa relacionada con concesi\u00f3n a proyecto de miner\u00eda submarina Don Diego","author":"grieta","date":"26 agosto, 2016","format":false,"excerpt":"26\/08\/16. Veda en golfo de Ulloa es para establecer minera submarina Don Diego, asegura V\u00edctor Castro BCS Noticias 18\/08\/16. Pescadores del Golfo de Ulloa se amparan ante Sagarpa por veda de pesca en Comond\u00fa BCS Noticias Empresa minera (Minera Don Diego) busca extraer minerales del oc\u00e9ano 03\/06\/16. M\u00e9xico, el pa\u00eds\u2026","rel":"","context":"En &quot;Baja California Sur&quot;","block_context":{"text":"Baja California Sur","link":"http:\/\/www.grieta.org.mx\/index.php\/category\/noticias-nacionales\/baja-california-sur\/"},"img":{"alt_text":"","src":"https:\/\/i0.wp.com\/www.grieta.org.mx\/wp-content\/uploads\/2018\/03\/14524434_1106112876131411_958039263622046936_o.jpg?resize=350%2C200","width":350,"height":200,"srcset":"https:\/\/i0.wp.com\/www.grieta.org.mx\/wp-content\/uploads\/2018\/03\/14524434_1106112876131411_958039263622046936_o.jpg?resize=350%2C200 1x, https:\/\/i0.wp.com\/www.grieta.org.mx\/wp-content\/uploads\/2018\/03\/14524434_1106112876131411_958039263622046936_o.jpg?resize=525%2C300 1.5x, https:\/\/i0.wp.com\/www.grieta.org.mx\/wp-content\/uploads\/2018\/03\/14524434_1106112876131411_958039263622046936_o.jpg?resize=700%2C400 2x"},"classes":[]},{"id":9315,"url":"http:\/\/www.grieta.org.mx\/index.php\/2015\/03\/04\/demanda-empresa-de-mineria-submarina-a-reportero\/","url_meta":{"origin":22831,"position":1},"title":"Demanda empresa de miner\u00eda submarina a reportero","author":"grieta","date":"4 marzo, 2015","format":false,"excerpt":"La Paz, Baja California Sur Como un atentado a la libertad de expresi\u00f3n consider\u00f3 el reportero Carlos Ibarra el haber sido demandado ante la Procuradur\u00eda General de Rep\u00fablica junto con la cooperativa Puerto Chale \u201cpor atentar contra del consumo y riquezas naturales\u201d efectuado por la empresa de Miner\u00eda submarina Exploraciones\u2026","rel":"","context":"En &quot;CINTILLO&quot;","block_context":{"text":"CINTILLO","link":"http:\/\/www.grieta.org.mx\/index.php\/category\/cintillo\/"},"img":{"alt_text":"","src":"https:\/\/i0.wp.com\/www.grieta.org.mx\/wp-content\/uploads\/2018\/03\/14524434_1106112876131411_958039263622046936_o.jpg?resize=350%2C200","width":350,"height":200,"srcset":"https:\/\/i0.wp.com\/www.grieta.org.mx\/wp-content\/uploads\/2018\/03\/14524434_1106112876131411_958039263622046936_o.jpg?resize=350%2C200 1x, https:\/\/i0.wp.com\/www.grieta.org.mx\/wp-content\/uploads\/2018\/03\/14524434_1106112876131411_958039263622046936_o.jpg?resize=525%2C300 1.5x, https:\/\/i0.wp.com\/www.grieta.org.mx\/wp-content\/uploads\/2018\/03\/14524434_1106112876131411_958039263622046936_o.jpg?resize=700%2C400 2x"},"classes":[]},{"id":21144,"url":"http:\/\/www.grieta.org.mx\/index.php\/2016\/08\/26\/veda-en-golfo-de-ulloa-es-para-establecer-minera-submarina-don-diego-asegura-victor-castro\/","url_meta":{"origin":22831,"position":2},"title":"Veda en golfo de Ulloa es para establecer minera submarina Don Diego, asegura V\u00edctor Castro","author":"grieta","date":"26 agosto, 2016","format":false,"excerpt":"a Paz, Baja California Sur (BCS). El coordinador de Comit\u00e9s Municipales del Movimiento de Regeneraci\u00f3n Nacional (Morena) en Baja California Sur, V\u00edctor Castro Cos\u00edo, asever\u00f3 que el \u00fanico inter\u00e9s de imponer la veda a los pescadores del Golfo de Ulloa es el establecimiento de la minera submarina \u2018Don Diego\u2019. \u201cQuiero\u2026","rel":"","context":"En &quot;CINTILLO&quot;","block_context":{"text":"CINTILLO","link":"http:\/\/www.grieta.org.mx\/index.php\/category\/cintillo\/"},"img":{"alt_text":"","src":"https:\/\/i0.wp.com\/www.grieta.org.mx\/wp-content\/uploads\/2018\/03\/14524434_1106112876131411_958039263622046936_o.jpg?resize=350%2C200","width":350,"height":200,"srcset":"https:\/\/i0.wp.com\/www.grieta.org.mx\/wp-content\/uploads\/2018\/03\/14524434_1106112876131411_958039263622046936_o.jpg?resize=350%2C200 1x, https:\/\/i0.wp.com\/www.grieta.org.mx\/wp-content\/uploads\/2018\/03\/14524434_1106112876131411_958039263622046936_o.jpg?resize=525%2C300 1.5x, https:\/\/i0.wp.com\/www.grieta.org.mx\/wp-content\/uploads\/2018\/03\/14524434_1106112876131411_958039263622046936_o.jpg?resize=700%2C400 2x"},"classes":[]},{"id":12388,"url":"http:\/\/www.grieta.org.mx\/index.php\/2016\/05\/12\/minera-don-diego-intentara-por-tercera-vez-dragar-el-fosfato-del-mar-baja-california-sur\/","url_meta":{"origin":22831,"position":3},"title":"Minera Don Diego intentar\u00e1 por tercera vez dragar el fosfato del mar (Baja California Sur)","author":"grieta","date":"12 mayo, 2016","format":false,"excerpt":"Por Redacci\u00f3n, BCS NOticias La Paz, Baja California Sur (BCS). La empresa denominada Exploraciones Oce\u00e1nicas (filial de Oddysser Marine Exploration), en conjunto con Altos Hornos de M\u00e9xico anunciaron que, por tercera vez, elaborar\u00e1n una manifestaci\u00f3n de impacto ambiental para conseguir la autorizaci\u00f3n para dragar las aguas sudcalifornianas, a trav\u00e9s su\u2026","rel":"","context":"En &quot;CINTILLO&quot;","block_context":{"text":"CINTILLO","link":"http:\/\/www.grieta.org.mx\/index.php\/category\/cintillo\/"},"img":{"alt_text":"","src":"https:\/\/i0.wp.com\/www.grieta.org.mx\/wp-content\/uploads\/2018\/03\/14524434_1106112876131411_958039263622046936_o.jpg?resize=350%2C200","width":350,"height":200,"srcset":"https:\/\/i0.wp.com\/www.grieta.org.mx\/wp-content\/uploads\/2018\/03\/14524434_1106112876131411_958039263622046936_o.jpg?resize=350%2C200 1x, https:\/\/i0.wp.com\/www.grieta.org.mx\/wp-content\/uploads\/2018\/03\/14524434_1106112876131411_958039263622046936_o.jpg?resize=525%2C300 1.5x, https:\/\/i0.wp.com\/www.grieta.org.mx\/wp-content\/uploads\/2018\/03\/14524434_1106112876131411_958039263622046936_o.jpg?resize=700%2C400 2x"},"classes":[]},{"id":21154,"url":"http:\/\/www.grieta.org.mx\/index.php\/2016\/05\/12\/minera-submarina-don-diego-insiste-en-dragar-el-fondo-marino-de-bcs\/","url_meta":{"origin":22831,"position":4},"title":"Minera submarina \u2018Don Diego\u2019 insiste en dragar el fondo marino de BCS","author":"grieta","date":"12 mayo, 2016","format":false,"excerpt":"La informaci\u00f3n apareci\u00f3 en Seekingalpha.com, portal especializado en temas de negocios e inversiones de todo tipo. La Paz, BCS. Exploraciones Oce\u00e1nicas (filial de Oddysser Marine Exploration) y Altos Hornos de M\u00e9xico anunciaron que volver\u00e1n elaborar, por tercera vez, una manifestaci\u00f3n de impacto ambiental para conseguir la autorizaci\u00f3n a su proyecto\u2026","rel":"","context":"En &quot;CINTILLO&quot;","block_context":{"text":"CINTILLO","link":"http:\/\/www.grieta.org.mx\/index.php\/category\/cintillo\/"},"img":{"alt_text":"","src":"https:\/\/i0.wp.com\/www.grieta.org.mx\/wp-content\/uploads\/2018\/03\/14524434_1106112876131411_958039263622046936_o.jpg?resize=350%2C200","width":350,"height":200,"srcset":"https:\/\/i0.wp.com\/www.grieta.org.mx\/wp-content\/uploads\/2018\/03\/14524434_1106112876131411_958039263622046936_o.jpg?resize=350%2C200 1x, https:\/\/i0.wp.com\/www.grieta.org.mx\/wp-content\/uploads\/2018\/03\/14524434_1106112876131411_958039263622046936_o.jpg?resize=525%2C300 1.5x, https:\/\/i0.wp.com\/www.grieta.org.mx\/wp-content\/uploads\/2018\/03\/14524434_1106112876131411_958039263622046936_o.jpg?resize=700%2C400 2x"},"classes":[]},{"id":21147,"url":"http:\/\/www.grieta.org.mx\/index.php\/2016\/05\/12\/minera-don-diego-intentara-por-tercera-vez-dragar-el-fosfato-del-mar-baja-california-sur-2\/","url_meta":{"origin":22831,"position":5},"title":"Minera Don Diego intentar\u00e1 por tercera vez dragar el fosfato del mar Baja California Sur","author":"grieta","date":"12 mayo, 2016","format":false,"excerpt":"La Paz, Baja California Sur (BCS). La empresa denominada Exploraciones Oce\u00e1nicas (filial de Oddysser Marine Exploration), en conjunto con Altos Hornos de M\u00e9xico anunciaron que, por tercera vez, elaborar\u00e1n una manifestaci\u00f3n de impacto ambiental para conseguir la autorizaci\u00f3n para dragar las aguas sudcalifornianas, a trav\u00e9s su proyecto de miner\u00eda submarina\u2026","rel":"","context":"En &quot;CINTILLO&quot;","block_context":{"text":"CINTILLO","link":"http:\/\/www.grieta.org.mx\/index.php\/category\/cintillo\/"},"img":{"alt_text":"","src":"https:\/\/i0.wp.com\/www.grieta.org.mx\/wp-content\/uploads\/2018\/03\/14524434_1106112876131411_958039263622046936_o.jpg?resize=350%2C200","width":350,"height":200,"srcset":"https:\/\/i0.wp.com\/www.grieta.org.mx\/wp-content\/uploads\/2018\/03\/14524434_1106112876131411_958039263622046936_o.jpg?resize=350%2C200 1x, https:\/\/i0.wp.com\/www.grieta.org.mx\/wp-content\/uploads\/2018\/03\/14524434_1106112876131411_958039263622046936_o.jpg?resize=525%2C300 1.5x, https:\/\/i0.wp.com\/www.grieta.org.mx\/wp-content\/uploads\/2018\/03\/14524434_1106112876131411_958039263622046936_o.jpg?resize=700%2C400 2x"},"classes":[]}],"_links":{"self":[{"href":"http:\/\/www.grieta.org.mx\/index.php\/wp-json\/wp\/v2\/posts\/22831","targetHints":{"allow":["GET"]}}],"collection":[{"href":"http:\/\/www.grieta.org.mx\/index.php\/wp-json\/wp\/v2\/posts"}],"about":[{"href":"http:\/\/www.grieta.org.mx\/index.php\/wp-json\/wp\/v2\/types\/post"}],"author":[{"embeddable":true,"href":"http:\/\/www.grieta.org.mx\/index.php\/wp-json\/wp\/v2\/users\/2"}],"replies":[{"embeddable":true,"href":"http:\/\/www.grieta.org.mx\/index.php\/wp-json\/wp\/v2\/comments?post=22831"}],"version-history":[{"count":1,"href":"http:\/\/www.grieta.org.mx\/index.php\/wp-json\/wp\/v2\/posts\/22831\/revisions"}],"predecessor-version":[{"id":22835,"href":"http:\/\/www.grieta.org.mx\/index.php\/wp-json\/wp\/v2\/posts\/22831\/revisions\/22835"}],"wp:featuredmedia":[{"embeddable":true,"href":"http:\/\/www.grieta.org.mx\/index.php\/wp-json\/wp\/v2\/media\/22832"}],"wp:attachment":[{"href":"http:\/\/www.grieta.org.mx\/index.php\/wp-json\/wp\/v2\/media?parent=22831"}],"wp:term":[{"taxonomy":"category","embeddable":true,"href":"http:\/\/www.grieta.org.mx\/index.php\/wp-json\/wp\/v2\/categories?post=22831"},{"taxonomy":"post_tag","embeddable":true,"href":"http:\/\/www.grieta.org.mx\/index.php\/wp-json\/wp\/v2\/tags?post=22831"}],"curies":[{"name":"wp","href":"https:\/\/api.w.org\/{rel}","templated":true}]}}